{"id":155553,"date":"2026-01-20T07:09:14","date_gmt":"2026-01-20T10:09:14","guid":{"rendered":"https:\/\/portaltela.pt\/noticias\/2026\/01\/20\/34-arguidos-e-varios-detidos-em-megaoperacao-contra-grupo-extremista-1143\/"},"modified":"2026-01-20T07:09:14","modified_gmt":"2026-01-20T10:09:14","slug":"34-arguidos-e-varios-detidos-em-megaoperacao-contra-grupo-extremista-1143","status":"publish","type":"post","link":"https:\/\/portaltela.pt\/noticias\/2026\/01\/20\/34-arguidos-e-varios-detidos-em-megaoperacao-contra-grupo-extremista-1143\/","title":{"rendered":"34 arguidos e v\u00e1rios detidos em megaopera\u00e7\u00e3o contra grupo extremista 1143"},"content":{"rendered":"<p>A Pol\u00edcia Judici\u00e1ria (PJ) est\u00e1 a realizar hoje uma megaopera\u00e7\u00e3o de combate ao grupo extremista 1143, liderado pelo neonazi M\u00e1rio Machado. Est\u00e3o a decorrer dilig\u00eancias desde as 7h00, com cerca de 50 buscas em v\u00e1rios pontos do pa\u00eds. V\u00e1rios detenidos j\u00e1 foram contabilizados.<\/p>\n<p>No total, 34 arguidos integram este processo relacionado com crimes de discrimina\u00e7\u00e3o e incitamento ao \u00f3dio contra imigrantes. A investiga\u00e7\u00e3o centra-se na atua\u00e7\u00e3o do grupo e nas suas liga\u00e7\u00f5es a estruturas extremistas presentes em Portugal.<\/p>\n<p>Alguns visados pela opera\u00e7\u00e3o dever\u00e3o ter liga\u00e7\u00f5es a clubes de apoio de futebol, nomeadamente \u00e0 claque Super Drag\u00f5es, incluindo Hugo Carneiro, conhecido por Polaco, apontado como segundo no grupo. Existem tamb\u00e9m liga\u00e7\u00f5es com a claque Juventude Leonina.<\/p>\n<h3>Desdobramentos<\/h3>\n<p>Os detidos est\u00e3o a ser encaminhados para Lisboa pela PJ e pelo Departamento de Investiga\u00e7\u00e3o e A\u00e7\u00e3o Penal (DIAP). A opera\u00e7\u00e3o envolve a unidade de combate ao terrorismo e prossegue com outras dilig\u00eancias para esclarecer todos os factos relevantes.<\/p>\n","protected":false},"excerpt":{"rendered":"<ul>\n<li>A Pol\u00edcia Judici\u00e1ria realiza, nesta segunda-feira, uma megaopera\u00e7\u00e3o de combate ao grupo extremista 1143, com cerca de cinquenta buscas em v\u00e1rios pontos do pa\u00eds, a partir das sete da manh\u00e3.<\/li>\n<li>Do total de arguidos, s\u00e3o 34 no processo relacionado com o grupo liderado pelo neonazi M\u00e1rio Machado, j\u00e1 a cumprir pena de pris\u00e3o.<\/li>\n<li>Em causa est\u00e3o crimes de discrimina\u00e7\u00e3o e incitamento ao \u00f3dio contra imigrantes.<\/li>\n<li>Alguns visados ter\u00e3o liga\u00e7\u00f5es \u00e0 claque Super Drag\u00f5es, incluindo Hugo Carneiro, conhecido por \u201cPolaco\u201d, sendo tamb\u00e9m mencionados elementos ligados \u00e0 claque Juventude Leonina.<\/li>\n<li>Os detidos est\u00e3o a ser encaminhados para Lisboa pela PJ e pelo Departamento de Investiga\u00e7\u00e3o e A\u00e7\u00e3o Penal.<\/li>\n<\/ul>\n","protected":false},"author":2,"featured_media":155573,"comment_status":"closed","ping_status":"closed","sticky":false,"template":"","format":"standard","meta":{"footnotes":""},"categories":[1],"tags":[1695,3446,712,217,3524,1802],"class_list":["post-155553","post","type-post","status-publish","format-standard","has-post-thumbnail","hentry","category-noticias","tag-discriminacao","tag-extremismo","tag-imigracao","tag-investigacao-criminal","tag-juventude-leonina","tag-policia-judiciaria"],"yoast_head":"<!-- This site is optimized with the Yoast SEO plugin v27.2 - https:\/\/yoast.com\/product\/yoast-seo-wordpress\/ -->\n<title>34 arguidos e v\u00e1rios detidos em megaopera\u00e7\u00e3o contra grupo extremista 1143 - Portal Tela Portugal<\/title>\n<meta name=\"robots\" content=\"index, follow, max-snippet:-1, max-image-preview:large, max-video-preview:-1\" \/>\n<meta property=\"og:locale\" content=\"pt_PT\" \/>\n<meta property=\"og:type\" content=\"article\" \/>\n<meta property=\"og:title\" content=\"34 arguidos e v\u00e1rios detidos em megaopera\u00e7\u00e3o contra grupo extremista 1143 - Portal Tela Portugal\" \/>\n<meta property=\"og:description\" content=\"A Pol\u00edcia Judici\u00e1ria realiza, nesta segunda-feira, uma megaopera\u00e7\u00e3o de combate ao grupo extremista 1143, com cerca de cinquenta buscas em v\u00e1rios pontos do pa\u00eds, a partir das sete da manh\u00e3. Do total de arguidos, s\u00e3o 34 no processo relacionado com o grupo liderado pelo neonazi M\u00e1rio Machado, j\u00e1 a cumprir pena de pris\u00e3o. Em causa est\u00e3o crimes de discrimina\u00e7\u00e3o e incitamento ao \u00f3dio contra imigrantes. Alguns visados ter\u00e3o liga\u00e7\u00f5es \u00e0 claque Super Drag\u00f5es, incluindo Hugo Carneiro, conhecido por \u201cPolaco\u201d, sendo tamb\u00e9m mencionados elementos ligados \u00e0 claque Juventude Leonina. Os detidos est\u00e3o a ser encaminhados para Lisboa pela PJ e pelo Departamento de Investiga\u00e7\u00e3o e A\u00e7\u00e3o Penal.\" \/>\n<meta property=\"og:url\" content=\"https:\/\/portaltela.pt\/noticias\/2026\/01\/20\/34-arguidos-e-varios-detidos-em-megaoperacao-contra-grupo-extremista-1143\/\" \/>\n<meta property=\"og:site_name\" content=\"Portal Tela Portugal\" \/>\n<meta property=\"article:published_time\" content=\"2026-01-20T10:09:14+00:00\" \/>\n<meta name=\"author\" content=\"Telinha\" \/>\n<meta name=\"twitter:card\" content=\"summary_large_image\" \/>\n<meta name=\"twitter:label1\" content=\"Escrito por\" \/>\n\t<meta name=\"twitter:data1\" content=\"Telinha\" \/>\n\t<meta name=\"twitter:label2\" content=\"Tempo estimado de leitura\" \/>\n\t<meta name=\"twitter:data2\" content=\"1 minuto\" \/>\n<script type=\"application\/ld+json\" class=\"yoast-schema-graph\">{\"@context\":\"https:\/\/schema.org\",\"@graph\":[{\"@type\":\"Article\",\"@id\":\"https:\/\/portaltela.pt\/noticias\/2026\/01\/20\/34-arguidos-e-varios-detidos-em-megaoperacao-contra-grupo-extremista-1143\/#article\",\"isPartOf\":{\"@id\":\"https:\/\/portaltela.pt\/noticias\/2026\/01\/20\/34-arguidos-e-varios-detidos-em-megaoperacao-contra-grupo-extremista-1143\/\"},\"author\":{\"name\":\"Telinha\",\"@id\":\"https:\/\/portaltela.pt\/#\/schema\/person\/c4278d4a6028830caff9ee44b42d32ed\"},\"headline\":\"34 arguidos e v\u00e1rios detidos em megaopera\u00e7\u00e3o contra grupo extremista 1143\",\"datePublished\":\"2026-01-20T10:09:14+00:00\",\"mainEntityOfPage\":{\"@id\":\"https:\/\/portaltela.pt\/noticias\/2026\/01\/20\/34-arguidos-e-varios-detidos-em-megaoperacao-contra-grupo-extremista-1143\/\"},\"wordCount\":186,\"image\":{\"@id\":\"https:\/\/portaltela.pt\/noticias\/2026\/01\/20\/34-arguidos-e-varios-detidos-em-megaoperacao-contra-grupo-extremista-1143\/#primaryimage\"},\"thumbnailUrl\":\"https:\/\/portaltela.pt\/s.01k8rhncp4jt1\/2026\/01\/img_1200x721uu2026-01-20-10-06-21-2415882.jpg\",\"keywords\":[\"discrimina\u00e7\u00e3o\",\"extremismo\",\"imigra\u00e7\u00e3o\",\"investiga\u00e7\u00e3o criminal\",\"Juventude Leonina\",\"Pol\u00edcia Judici\u00e1ria\"],\"articleSection\":[\"Not\u00edcias\"],\"inLanguage\":\"pt-PT\"},{\"@type\":\"WebPage\",\"@id\":\"https:\/\/portaltela.pt\/noticias\/2026\/01\/20\/34-arguidos-e-varios-detidos-em-megaoperacao-contra-grupo-extremista-1143\/\",\"url\":\"https:\/\/portaltela.pt\/noticias\/2026\/01\/20\/34-arguidos-e-varios-detidos-em-megaoperacao-contra-grupo-extremista-1143\/\",\"name\":\"34 arguidos e v\u00e1rios detidos em megaopera\u00e7\u00e3o contra grupo extremista 1143 - Portal Tela Portugal\",\"isPartOf\":{\"@id\":\"https:\/\/portaltela.pt\/#website\"},\"primaryImageOfPage\":{\"@id\":\"https:\/\/portaltela.pt\/noticias\/2026\/01\/20\/34-arguidos-e-varios-detidos-em-megaoperacao-contra-grupo-extremista-1143\/#primaryimage\"},\"image\":{\"@id\":\"https:\/\/portaltela.pt\/noticias\/2026\/01\/20\/34-arguidos-e-varios-detidos-em-megaoperacao-contra-grupo-extremista-1143\/#primaryimage\"},\"thumbnailUrl\":\"https:\/\/portaltela.pt\/s.01k8rhncp4jt1\/2026\/01\/img_1200x721uu2026-01-20-10-06-21-2415882.jpg\",\"datePublished\":\"2026-01-20T10:09:14+00:00\",\"author\":{\"@id\":\"https:\/\/portaltela.pt\/#\/schema\/person\/c4278d4a6028830caff9ee44b42d32ed\"},\"breadcrumb\":{\"@id\":\"https:\/\/portaltela.pt\/noticias\/2026\/01\/20\/34-arguidos-e-varios-detidos-em-megaoperacao-contra-grupo-extremista-1143\/#breadcrumb\"},\"inLanguage\":\"pt-PT\",\"potentialAction\":[{\"@type\":\"ReadAction\",\"target\":[\"https:\/\/portaltela.pt\/noticias\/2026\/01\/20\/34-arguidos-e-varios-detidos-em-megaoperacao-contra-grupo-extremista-1143\/\"]}]},{\"@type\":\"ImageObject\",\"inLanguage\":\"pt-PT\",\"@id\":\"https:\/\/portaltela.pt\/noticias\/2026\/01\/20\/34-arguidos-e-varios-detidos-em-megaoperacao-contra-grupo-extremista-1143\/#primaryimage\",\"url\":\"https:\/\/portaltela.pt\/s.01k8rhncp4jt1\/2026\/01\/img_1200x721uu2026-01-20-10-06-21-2415882.jpg\",\"contentUrl\":\"https:\/\/portaltela.pt\/s.01k8rhncp4jt1\/2026\/01\/img_1200x721uu2026-01-20-10-06-21-2415882.jpg\",\"width\":796,\"height\":448,\"caption\":\"Photo\"},{\"@type\":\"BreadcrumbList\",\"@id\":\"https:\/\/portaltela.pt\/noticias\/2026\/01\/20\/34-arguidos-e-varios-detidos-em-megaoperacao-contra-grupo-extremista-1143\/#breadcrumb\",\"itemListElement\":[{\"@type\":\"ListItem\",\"position\":1,\"name\":\"In\u00edcio\",\"item\":\"https:\/\/portaltela.pt\/\"},{\"@type\":\"ListItem\",\"position\":2,\"name\":\"34 arguidos e v\u00e1rios detidos em megaopera\u00e7\u00e3o contra grupo extremista 1143\"}]},{\"@type\":\"WebSite\",\"@id\":\"https:\/\/portaltela.pt\/#website\",\"url\":\"https:\/\/portaltela.pt\/\",\"name\":\"Portal Tela Portugal\",\"description\":\"\",\"potentialAction\":[{\"@type\":\"SearchAction\",\"target\":{\"@type\":\"EntryPoint\",\"urlTemplate\":\"https:\/\/portaltela.pt\/?s={search_term_string}\"},\"query-input\":{\"@type\":\"PropertyValueSpecification\",\"valueRequired\":true,\"valueName\":\"search_term_string\"}}],\"inLanguage\":\"pt-PT\"},{\"@type\":\"Person\",\"@id\":\"https:\/\/portaltela.pt\/#\/schema\/person\/c4278d4a6028830caff9ee44b42d32ed\",\"name\":\"Telinha\",\"image\":{\"@type\":\"ImageObject\",\"inLanguage\":\"pt-PT\",\"@id\":\"https:\/\/portaltela.pt\/s.01k8rhncp4jt1\/2025\/11\/talking-bot-125x125.png\",\"url\":\"https:\/\/portaltela.pt\/s.01k8rhncp4jt1\/2025\/11\/talking-bot-125x125.png\",\"contentUrl\":\"https:\/\/portaltela.pt\/s.01k8rhncp4jt1\/2025\/11\/talking-bot-125x125.png\",\"caption\":\"Telinha\"},\"sameAs\":[\"https:\/\/portaltela.pt\/\"],\"url\":\"https:\/\/portaltela.pt\/por\/367410592786\/\"}]}<\/script>\n<!-- \/ Yoast SEO plugin. -->","yoast_head_json":{"title":"34 arguidos e v\u00e1rios detidos em megaopera\u00e7\u00e3o contra grupo extremista 1143 - Portal Tela Portugal","robots":{"index":"index","follow":"follow","max-snippet":"max-snippet:-1","max-image-preview":"max-image-preview:large","max-video-preview":"max-video-preview:-1"},"og_locale":"pt_PT","og_type":"article","og_title":"34 arguidos e v\u00e1rios detidos em megaopera\u00e7\u00e3o contra grupo extremista 1143 - Portal Tela Portugal","og_description":"A Pol\u00edcia Judici\u00e1ria realiza, nesta segunda-feira, uma megaopera\u00e7\u00e3o de combate ao grupo extremista 1143, com cerca de cinquenta buscas em v\u00e1rios pontos do pa\u00eds, a partir das sete da manh\u00e3. Do total de arguidos, s\u00e3o 34 no processo relacionado com o grupo liderado pelo neonazi M\u00e1rio Machado, j\u00e1 a cumprir pena de pris\u00e3o. Em causa est\u00e3o crimes de discrimina\u00e7\u00e3o e incitamento ao \u00f3dio contra imigrantes. Alguns visados ter\u00e3o liga\u00e7\u00f5es \u00e0 claque Super Drag\u00f5es, incluindo Hugo Carneiro, conhecido por \u201cPolaco\u201d, sendo tamb\u00e9m mencionados elementos ligados \u00e0 claque Juventude Leonina. Os detidos est\u00e3o a ser encaminhados para Lisboa pela PJ e pelo Departamento de Investiga\u00e7\u00e3o e A\u00e7\u00e3o Penal.","og_url":"https:\/\/portaltela.pt\/noticias\/2026\/01\/20\/34-arguidos-e-varios-detidos-em-megaoperacao-contra-grupo-extremista-1143\/","og_site_name":"Portal Tela Portugal","article_published_time":"2026-01-20T10:09:14+00:00","author":"Telinha","twitter_card":"summary_large_image","twitter_misc":{"Escrito por":"Telinha","Tempo estimado de leitura":"1 minuto"},"schema":{"@context":"https:\/\/schema.org","@graph":[{"@type":"Article","@id":"https:\/\/portaltela.pt\/noticias\/2026\/01\/20\/34-arguidos-e-varios-detidos-em-megaoperacao-contra-grupo-extremista-1143\/#article","isPartOf":{"@id":"https:\/\/portaltela.pt\/noticias\/2026\/01\/20\/34-arguidos-e-varios-detidos-em-megaoperacao-contra-grupo-extremista-1143\/"},"author":{"name":"Telinha","@id":"https:\/\/portaltela.pt\/#\/schema\/person\/c4278d4a6028830caff9ee44b42d32ed"},"headline":"34 arguidos e v\u00e1rios detidos em megaopera\u00e7\u00e3o contra grupo extremista 1143","datePublished":"2026-01-20T10:09:14+00:00","mainEntityOfPage":{"@id":"https:\/\/portaltela.pt\/noticias\/2026\/01\/20\/34-arguidos-e-varios-detidos-em-megaoperacao-contra-grupo-extremista-1143\/"},"wordCount":186,"image":{"@id":"https:\/\/portaltela.pt\/noticias\/2026\/01\/20\/34-arguidos-e-varios-detidos-em-megaoperacao-contra-grupo-extremista-1143\/#primaryimage"},"thumbnailUrl":"https:\/\/portaltela.pt\/s.01k8rhncp4jt1\/2026\/01\/img_1200x721uu2026-01-20-10-06-21-2415882.jpg","keywords":["discrimina\u00e7\u00e3o","extremismo","imigra\u00e7\u00e3o","investiga\u00e7\u00e3o criminal","Juventude Leonina","Pol\u00edcia Judici\u00e1ria"],"articleSection":["Not\u00edcias"],"inLanguage":"pt-PT"},{"@type":"WebPage","@id":"https:\/\/portaltela.pt\/noticias\/2026\/01\/20\/34-arguidos-e-varios-detidos-em-megaoperacao-contra-grupo-extremista-1143\/","url":"https:\/\/portaltela.pt\/noticias\/2026\/01\/20\/34-arguidos-e-varios-detidos-em-megaoperacao-contra-grupo-extremista-1143\/","name":"34 arguidos e v\u00e1rios detidos em megaopera\u00e7\u00e3o contra grupo extremista 1143 - Portal Tela Portugal","isPartOf":{"@id":"https:\/\/portaltela.pt\/#website"},"primaryImageOfPage":{"@id":"https:\/\/portaltela.pt\/noticias\/2026\/01\/20\/34-arguidos-e-varios-detidos-em-megaoperacao-contra-grupo-extremista-1143\/#primaryimage"},"image":{"@id":"https:\/\/portaltela.pt\/noticias\/2026\/01\/20\/34-arguidos-e-varios-detidos-em-megaoperacao-contra-grupo-extremista-1143\/#primaryimage"},"thumbnailUrl":"https:\/\/portaltela.pt\/s.01k8rhncp4jt1\/2026\/01\/img_1200x721uu2026-01-20-10-06-21-2415882.jpg","datePublished":"2026-01-20T10:09:14+00:00","author":{"@id":"https:\/\/portaltela.pt\/#\/schema\/person\/c4278d4a6028830caff9ee44b42d32ed"},"breadcrumb":{"@id":"https:\/\/portaltela.pt\/noticias\/2026\/01\/20\/34-arguidos-e-varios-detidos-em-megaoperacao-contra-grupo-extremista-1143\/#breadcrumb"},"inLanguage":"pt-PT","potentialAction":[{"@type":"ReadAction","target":["https:\/\/portaltela.pt\/noticias\/2026\/01\/20\/34-arguidos-e-varios-detidos-em-megaoperacao-contra-grupo-extremista-1143\/"]}]},{"@type":"ImageObject","inLanguage":"pt-PT","@id":"https:\/\/portaltela.pt\/noticias\/2026\/01\/20\/34-arguidos-e-varios-detidos-em-megaoperacao-contra-grupo-extremista-1143\/#primaryimage","url":"https:\/\/portaltela.pt\/s.01k8rhncp4jt1\/2026\/01\/img_1200x721uu2026-01-20-10-06-21-2415882.jpg","contentUrl":"https:\/\/portaltela.pt\/s.01k8rhncp4jt1\/2026\/01\/img_1200x721uu2026-01-20-10-06-21-2415882.jpg","width":796,"height":448,"caption":"Photo"},{"@type":"BreadcrumbList","@id":"https:\/\/portaltela.pt\/noticias\/2026\/01\/20\/34-arguidos-e-varios-detidos-em-megaoperacao-contra-grupo-extremista-1143\/#breadcrumb","itemListElement":[{"@type":"ListItem","position":1,"name":"In\u00edcio","item":"https:\/\/portaltela.pt\/"},{"@type":"ListItem","position":2,"name":"34 arguidos e v\u00e1rios detidos em megaopera\u00e7\u00e3o contra grupo extremista 1143"}]},{"@type":"WebSite","@id":"https:\/\/portaltela.pt\/#website","url":"https:\/\/portaltela.pt\/","name":"Portal Tela Portugal","description":"","potentialAction":[{"@type":"SearchAction","target":{"@type":"EntryPoint","urlTemplate":"https:\/\/portaltela.pt\/?s={search_term_string}"},"query-input":{"@type":"PropertyValueSpecification","valueRequired":true,"valueName":"search_term_string"}}],"inLanguage":"pt-PT"},{"@type":"Person","@id":"https:\/\/portaltela.pt\/#\/schema\/person\/c4278d4a6028830caff9ee44b42d32ed","name":"Telinha","image":{"@type":"ImageObject","inLanguage":"pt-PT","@id":"https:\/\/portaltela.pt\/s.01k8rhncp4jt1\/2025\/11\/talking-bot-125x125.png","url":"https:\/\/portaltela.pt\/s.01k8rhncp4jt1\/2025\/11\/talking-bot-125x125.png","contentUrl":"https:\/\/portaltela.pt\/s.01k8rhncp4jt1\/2025\/11\/talking-bot-125x125.png","caption":"Telinha"},"sameAs":["https:\/\/portaltela.pt\/"],"url":"https:\/\/portaltela.pt\/por\/367410592786\/"}]}},"_links":{"self":[{"href":"https:\/\/portaltela.pt\/api\/wp\/v2\/posts\/155553","targetHints":{"allow":["GET"]}}],"collection":[{"href":"https:\/\/portaltela.pt\/api\/wp\/v2\/posts"}],"about":[{"href":"https:\/\/portaltela.pt\/api\/wp\/v2\/types\/post"}],"author":[{"embeddable":true,"href":"https:\/\/portaltela.pt\/api\/wp\/v2\/users\/2"}],"replies":[{"embeddable":true,"href":"https:\/\/portaltela.pt\/api\/wp\/v2\/comments?post=155553"}],"version-history":[{"count":0,"href":"https:\/\/portaltela.pt\/api\/wp\/v2\/posts\/155553\/revisions"}],"wp:featuredmedia":[{"embeddable":true,"href":"https:\/\/portaltela.pt\/api\/wp\/v2\/media\/155573"}],"wp:attachment":[{"href":"https:\/\/portaltela.pt\/api\/wp\/v2\/media?parent=155553"}],"wp:term":[{"taxonomy":"category","embeddable":true,"href":"https:\/\/portaltela.pt\/api\/wp\/v2\/categories?post=155553"},{"taxonomy":"post_tag","embeddable":true,"href":"https:\/\/portaltela.pt\/api\/wp\/v2\/tags?post=155553"}],"curies":[{"name":"wp","href":"https:\/\/api.w.org\/{rel}","templated":true}]}}