{"id":155455,"date":"2026-01-20T06:20:57","date_gmt":"2026-01-20T09:20:57","guid":{"rendered":"https:\/\/portaltela.pt\/noticias\/2026\/01\/20\/fc-porto-sub-18-sagra-se-campeao-distrital-de-basquetebol-2\/"},"modified":"2026-01-20T06:20:57","modified_gmt":"2026-01-20T09:20:57","slug":"fc-porto-sub-18-sagra-se-campeao-distrital-de-basquetebol-2","status":"publish","type":"post","link":"https:\/\/portaltela.pt\/desporto\/2026\/01\/20\/fc-porto-sub-18-sagra-se-campeao-distrital-de-basquetebol-2\/","title":{"rendered":"FC Porto Sub-18 sagra-se campe\u00e3o distrital de basquetebol"},"content":{"rendered":"<p>O FC Porto sub-18 sagrou-se campe\u00e3o distrital da Associa\u00e7\u00e3o de Basquetebol do Porto, consolidando uma temporada sem derrotas. A equipa azul e branca confirmou a lideran\u00e7a ao longo de toda a competi\u00e7\u00e3o.<\/p>\n<p>Na Final Four, disputada no Pavilh\u00e3o Municipal de Cust\u00f3ias, o Porto venceu a meia-final frente ao Maia Basket Clube por 61-58, num jogo decidido nos detalhes. A vit\u00f3ria deu o acesso \u00e0 final.<\/p>\n<p>Na decis\u00e3o, os jovens Drag\u00f5es alcan\u00e7aram o t\u00edtulo ao derrotar o 5Basket por 84-65, mantendo o ritmo desde o in\u00edcio. O triunfo completou o percurso invicto do conjunto ao longo do campeonato.<\/p>\n<h3>Desempenho e destaque individual<\/h3>\n<p>Francisco Faria destacou-se ao integrar o quinteto ideal da fase final, reconhecendo o seu rendimento ao longo da competi\u00e7\u00e3o e ajudando o conjunto a manter o elevado n\u00edvel.<\/p>\n<p>Fonte\/Foto: FC Porto<\/p>\n","protected":false},"excerpt":{"rendered":"<ul>\n<li>O FC Porto Sub-18 sagrou-se campe\u00f5es distritais da Associa\u00e7\u00e3o de Basquetebol do Porto, mantendo o percurso sem derrotas na temporada.<\/li>\n<li>Na meia-final da Final Four, os drag\u00f5es venceram o Maia Basket Clube por 61-58 no Pavilh\u00e3o Municipal de Cust\u00f3ias.<\/li>\n<li>Na final, a equipa azul e branca derrotou o 5Basket por 84-65 para conquistar o t\u00edtulo distrital.<\/li>\n<li>Francisco Faria foi nomeado para o five ideal da fase final.<\/li>\n<li>Fonte\/Foto: FC Porto.<\/li>\n<\/ul>\n","protected":false},"author":2,"featured_media":155490,"comment_status":"closed","ping_status":"closed","sticky":false,"template":"","format":"standard","meta":{"footnotes":""},"categories":[21],"tags":[3522,392,227,2028,1743,982],"class_list":["post-155455","post","type-post","status-publish","format-standard","has-post-thumbnail","hentry","category-desporto","tag-5basket","tag-basquetebol","tag-campeonato","tag-fc-porto","tag-maia","tag-porto"],"yoast_head":"<!-- This site is optimized with the Yoast SEO plugin v27.2 - https:\/\/yoast.com\/product\/yoast-seo-wordpress\/ -->\n<title>FC Porto Sub-18 sagra-se campe\u00e3o distrital de basquetebol - Portal Tela Portugal<\/title>\n<meta name=\"robots\" content=\"index, follow, max-snippet:-1, max-image-preview:large, max-video-preview:-1\" \/>\n<meta property=\"og:locale\" content=\"pt_PT\" \/>\n<meta property=\"og:type\" content=\"article\" \/>\n<meta property=\"og:title\" content=\"FC Porto Sub-18 sagra-se campe\u00e3o distrital de basquetebol - Portal Tela Portugal\" \/>\n<meta property=\"og:description\" content=\"O FC Porto Sub-18 sagrou-se campe\u00f5es distritais da Associa\u00e7\u00e3o de Basquetebol do Porto, mantendo o percurso sem derrotas na temporada. Na meia-final da Final Four, os drag\u00f5es venceram o Maia Basket Clube por 61-58 no Pavilh\u00e3o Municipal de Cust\u00f3ias. Na final, a equipa azul e branca derrotou o 5Basket por 84-65 para conquistar o t\u00edtulo distrital. Francisco Faria foi nomeado para o five ideal da fase final. Fonte\/Foto: FC Porto.\" \/>\n<meta property=\"og:url\" content=\"https:\/\/portaltela.pt\/noticias\/2026\/01\/20\/fc-porto-sub-18-sagra-se-campeao-distrital-de-basquetebol-2\/\" \/>\n<meta property=\"og:site_name\" content=\"Portal Tela Portugal\" \/>\n<meta property=\"article:published_time\" content=\"2026-01-20T09:20:57+00:00\" \/>\n<meta name=\"author\" content=\"Telinha\" \/>\n<meta name=\"twitter:card\" content=\"summary_large_image\" \/>\n<meta name=\"twitter:label1\" content=\"Escrito por\" \/>\n\t<meta name=\"twitter:data1\" content=\"Telinha\" \/>\n\t<meta name=\"twitter:label2\" content=\"Tempo estimado de leitura\" \/>\n\t<meta name=\"twitter:data2\" content=\"1 minuto\" \/>\n<script type=\"application\/ld+json\" class=\"yoast-schema-graph\">{\"@context\":\"https:\/\/schema.org\",\"@graph\":[{\"@type\":\"Article\",\"@id\":\"https:\/\/portaltela.pt\/noticias\/2026\/01\/20\/fc-porto-sub-18-sagra-se-campeao-distrital-de-basquetebol-2\/#article\",\"isPartOf\":{\"@id\":\"https:\/\/portaltela.pt\/noticias\/2026\/01\/20\/fc-porto-sub-18-sagra-se-campeao-distrital-de-basquetebol-2\/\"},\"author\":{\"name\":\"Telinha\",\"@id\":\"https:\/\/portaltela.pt\/#\/schema\/person\/c4278d4a6028830caff9ee44b42d32ed\"},\"headline\":\"FC Porto Sub-18 sagra-se campe\u00e3o distrital de basquetebol\",\"datePublished\":\"2026-01-20T09:20:57+00:00\",\"mainEntityOfPage\":{\"@id\":\"https:\/\/portaltela.pt\/noticias\/2026\/01\/20\/fc-porto-sub-18-sagra-se-campeao-distrital-de-basquetebol-2\/\"},\"wordCount\":155,\"image\":{\"@id\":\"https:\/\/portaltela.pt\/noticias\/2026\/01\/20\/fc-porto-sub-18-sagra-se-campeao-distrital-de-basquetebol-2\/#primaryimage\"},\"thumbnailUrl\":\"https:\/\/portaltela.pt\/s.01k8rhncp4jt1\/2026\/01\/unnamed-file-4041.jpg\",\"keywords\":[\"5Basket\",\"basquetebol\",\"campeonato\",\"FC Porto\",\"Maia\",\"Porto\"],\"articleSection\":[\"Desporto\"],\"inLanguage\":\"pt-PT\"},{\"@type\":\"WebPage\",\"@id\":\"https:\/\/portaltela.pt\/noticias\/2026\/01\/20\/fc-porto-sub-18-sagra-se-campeao-distrital-de-basquetebol-2\/\",\"url\":\"https:\/\/portaltela.pt\/noticias\/2026\/01\/20\/fc-porto-sub-18-sagra-se-campeao-distrital-de-basquetebol-2\/\",\"name\":\"FC Porto Sub-18 sagra-se campe\u00e3o distrital de basquetebol - Portal Tela Portugal\",\"isPartOf\":{\"@id\":\"https:\/\/portaltela.pt\/#website\"},\"primaryImageOfPage\":{\"@id\":\"https:\/\/portaltela.pt\/noticias\/2026\/01\/20\/fc-porto-sub-18-sagra-se-campeao-distrital-de-basquetebol-2\/#primaryimage\"},\"image\":{\"@id\":\"https:\/\/portaltela.pt\/noticias\/2026\/01\/20\/fc-porto-sub-18-sagra-se-campeao-distrital-de-basquetebol-2\/#primaryimage\"},\"thumbnailUrl\":\"https:\/\/portaltela.pt\/s.01k8rhncp4jt1\/2026\/01\/unnamed-file-4041.jpg\",\"datePublished\":\"2026-01-20T09:20:57+00:00\",\"author\":{\"@id\":\"https:\/\/portaltela.pt\/#\/schema\/person\/c4278d4a6028830caff9ee44b42d32ed\"},\"breadcrumb\":{\"@id\":\"https:\/\/portaltela.pt\/noticias\/2026\/01\/20\/fc-porto-sub-18-sagra-se-campeao-distrital-de-basquetebol-2\/#breadcrumb\"},\"inLanguage\":\"pt-PT\",\"potentialAction\":[{\"@type\":\"ReadAction\",\"target\":[\"https:\/\/portaltela.pt\/noticias\/2026\/01\/20\/fc-porto-sub-18-sagra-se-campeao-distrital-de-basquetebol-2\/\"]}]},{\"@type\":\"ImageObject\",\"inLanguage\":\"pt-PT\",\"@id\":\"https:\/\/portaltela.pt\/noticias\/2026\/01\/20\/fc-porto-sub-18-sagra-se-campeao-distrital-de-basquetebol-2\/#primaryimage\",\"url\":\"https:\/\/portaltela.pt\/s.01k8rhncp4jt1\/2026\/01\/unnamed-file-4041.jpg\",\"contentUrl\":\"https:\/\/portaltela.pt\/s.01k8rhncp4jt1\/2026\/01\/unnamed-file-4041.jpg\",\"width\":796,\"height\":448,\"caption\":\"FC Porto: Sub-18 sagram-se campe\u00f5es distritais de basquetebol\"},{\"@type\":\"BreadcrumbList\",\"@id\":\"https:\/\/portaltela.pt\/noticias\/2026\/01\/20\/fc-porto-sub-18-sagra-se-campeao-distrital-de-basquetebol-2\/#breadcrumb\",\"itemListElement\":[{\"@type\":\"ListItem\",\"position\":1,\"name\":\"In\u00edcio\",\"item\":\"https:\/\/portaltela.pt\/\"},{\"@type\":\"ListItem\",\"position\":2,\"name\":\"FC Porto Sub-18 sagra-se campe\u00e3o distrital de basquetebol\"}]},{\"@type\":\"WebSite\",\"@id\":\"https:\/\/portaltela.pt\/#website\",\"url\":\"https:\/\/portaltela.pt\/\",\"name\":\"Portal Tela Portugal\",\"description\":\"\",\"potentialAction\":[{\"@type\":\"SearchAction\",\"target\":{\"@type\":\"EntryPoint\",\"urlTemplate\":\"https:\/\/portaltela.pt\/?s={search_term_string}\"},\"query-input\":{\"@type\":\"PropertyValueSpecification\",\"valueRequired\":true,\"valueName\":\"search_term_string\"}}],\"inLanguage\":\"pt-PT\"},{\"@type\":\"Person\",\"@id\":\"https:\/\/portaltela.pt\/#\/schema\/person\/c4278d4a6028830caff9ee44b42d32ed\",\"name\":\"Telinha\",\"image\":{\"@type\":\"ImageObject\",\"inLanguage\":\"pt-PT\",\"@id\":\"https:\/\/portaltela.pt\/s.01k8rhncp4jt1\/2025\/11\/talking-bot-125x125.png\",\"url\":\"https:\/\/portaltela.pt\/s.01k8rhncp4jt1\/2025\/11\/talking-bot-125x125.png\",\"contentUrl\":\"https:\/\/portaltela.pt\/s.01k8rhncp4jt1\/2025\/11\/talking-bot-125x125.png\",\"caption\":\"Telinha\"},\"sameAs\":[\"https:\/\/portaltela.pt\/\"],\"url\":\"https:\/\/portaltela.pt\/por\/367410592786\/\"}]}<\/script>\n<!-- \/ Yoast SEO plugin. -->","yoast_head_json":{"title":"FC Porto Sub-18 sagra-se campe\u00e3o distrital de basquetebol - Portal Tela Portugal","robots":{"index":"index","follow":"follow","max-snippet":"max-snippet:-1","max-image-preview":"max-image-preview:large","max-video-preview":"max-video-preview:-1"},"og_locale":"pt_PT","og_type":"article","og_title":"FC Porto Sub-18 sagra-se campe\u00e3o distrital de basquetebol - Portal Tela Portugal","og_description":"O FC Porto Sub-18 sagrou-se campe\u00f5es distritais da Associa\u00e7\u00e3o de Basquetebol do Porto, mantendo o percurso sem derrotas na temporada. Na meia-final da Final Four, os drag\u00f5es venceram o Maia Basket Clube por 61-58 no Pavilh\u00e3o Municipal de Cust\u00f3ias. Na final, a equipa azul e branca derrotou o 5Basket por 84-65 para conquistar o t\u00edtulo distrital. Francisco Faria foi nomeado para o five ideal da fase final. Fonte\/Foto: FC Porto.","og_url":"https:\/\/portaltela.pt\/noticias\/2026\/01\/20\/fc-porto-sub-18-sagra-se-campeao-distrital-de-basquetebol-2\/","og_site_name":"Portal Tela Portugal","article_published_time":"2026-01-20T09:20:57+00:00","author":"Telinha","twitter_card":"summary_large_image","twitter_misc":{"Escrito por":"Telinha","Tempo estimado de leitura":"1 minuto"},"schema":{"@context":"https:\/\/schema.org","@graph":[{"@type":"Article","@id":"https:\/\/portaltela.pt\/noticias\/2026\/01\/20\/fc-porto-sub-18-sagra-se-campeao-distrital-de-basquetebol-2\/#article","isPartOf":{"@id":"https:\/\/portaltela.pt\/noticias\/2026\/01\/20\/fc-porto-sub-18-sagra-se-campeao-distrital-de-basquetebol-2\/"},"author":{"name":"Telinha","@id":"https:\/\/portaltela.pt\/#\/schema\/person\/c4278d4a6028830caff9ee44b42d32ed"},"headline":"FC Porto Sub-18 sagra-se campe\u00e3o distrital de basquetebol","datePublished":"2026-01-20T09:20:57+00:00","mainEntityOfPage":{"@id":"https:\/\/portaltela.pt\/noticias\/2026\/01\/20\/fc-porto-sub-18-sagra-se-campeao-distrital-de-basquetebol-2\/"},"wordCount":155,"image":{"@id":"https:\/\/portaltela.pt\/noticias\/2026\/01\/20\/fc-porto-sub-18-sagra-se-campeao-distrital-de-basquetebol-2\/#primaryimage"},"thumbnailUrl":"https:\/\/portaltela.pt\/s.01k8rhncp4jt1\/2026\/01\/unnamed-file-4041.jpg","keywords":["5Basket","basquetebol","campeonato","FC Porto","Maia","Porto"],"articleSection":["Desporto"],"inLanguage":"pt-PT"},{"@type":"WebPage","@id":"https:\/\/portaltela.pt\/noticias\/2026\/01\/20\/fc-porto-sub-18-sagra-se-campeao-distrital-de-basquetebol-2\/","url":"https:\/\/portaltela.pt\/noticias\/2026\/01\/20\/fc-porto-sub-18-sagra-se-campeao-distrital-de-basquetebol-2\/","name":"FC Porto Sub-18 sagra-se campe\u00e3o distrital de basquetebol - Portal Tela Portugal","isPartOf":{"@id":"https:\/\/portaltela.pt\/#website"},"primaryImageOfPage":{"@id":"https:\/\/portaltela.pt\/noticias\/2026\/01\/20\/fc-porto-sub-18-sagra-se-campeao-distrital-de-basquetebol-2\/#primaryimage"},"image":{"@id":"https:\/\/portaltela.pt\/noticias\/2026\/01\/20\/fc-porto-sub-18-sagra-se-campeao-distrital-de-basquetebol-2\/#primaryimage"},"thumbnailUrl":"https:\/\/portaltela.pt\/s.01k8rhncp4jt1\/2026\/01\/unnamed-file-4041.jpg","datePublished":"2026-01-20T09:20:57+00:00","author":{"@id":"https:\/\/portaltela.pt\/#\/schema\/person\/c4278d4a6028830caff9ee44b42d32ed"},"breadcrumb":{"@id":"https:\/\/portaltela.pt\/noticias\/2026\/01\/20\/fc-porto-sub-18-sagra-se-campeao-distrital-de-basquetebol-2\/#breadcrumb"},"inLanguage":"pt-PT","potentialAction":[{"@type":"ReadAction","target":["https:\/\/portaltela.pt\/noticias\/2026\/01\/20\/fc-porto-sub-18-sagra-se-campeao-distrital-de-basquetebol-2\/"]}]},{"@type":"ImageObject","inLanguage":"pt-PT","@id":"https:\/\/portaltela.pt\/noticias\/2026\/01\/20\/fc-porto-sub-18-sagra-se-campeao-distrital-de-basquetebol-2\/#primaryimage","url":"https:\/\/portaltela.pt\/s.01k8rhncp4jt1\/2026\/01\/unnamed-file-4041.jpg","contentUrl":"https:\/\/portaltela.pt\/s.01k8rhncp4jt1\/2026\/01\/unnamed-file-4041.jpg","width":796,"height":448,"caption":"FC Porto: Sub-18 sagram-se campe\u00f5es distritais de basquetebol"},{"@type":"BreadcrumbList","@id":"https:\/\/portaltela.pt\/noticias\/2026\/01\/20\/fc-porto-sub-18-sagra-se-campeao-distrital-de-basquetebol-2\/#breadcrumb","itemListElement":[{"@type":"ListItem","position":1,"name":"In\u00edcio","item":"https:\/\/portaltela.pt\/"},{"@type":"ListItem","position":2,"name":"FC Porto Sub-18 sagra-se campe\u00e3o distrital de basquetebol"}]},{"@type":"WebSite","@id":"https:\/\/portaltela.pt\/#website","url":"https:\/\/portaltela.pt\/","name":"Portal Tela Portugal","description":"","potentialAction":[{"@type":"SearchAction","target":{"@type":"EntryPoint","urlTemplate":"https:\/\/portaltela.pt\/?s={search_term_string}"},"query-input":{"@type":"PropertyValueSpecification","valueRequired":true,"valueName":"search_term_string"}}],"inLanguage":"pt-PT"},{"@type":"Person","@id":"https:\/\/portaltela.pt\/#\/schema\/person\/c4278d4a6028830caff9ee44b42d32ed","name":"Telinha","image":{"@type":"ImageObject","inLanguage":"pt-PT","@id":"https:\/\/portaltela.pt\/s.01k8rhncp4jt1\/2025\/11\/talking-bot-125x125.png","url":"https:\/\/portaltela.pt\/s.01k8rhncp4jt1\/2025\/11\/talking-bot-125x125.png","contentUrl":"https:\/\/portaltela.pt\/s.01k8rhncp4jt1\/2025\/11\/talking-bot-125x125.png","caption":"Telinha"},"sameAs":["https:\/\/portaltela.pt\/"],"url":"https:\/\/portaltela.pt\/por\/367410592786\/"}]}},"_links":{"self":[{"href":"https:\/\/portaltela.pt\/api\/wp\/v2\/posts\/155455","targetHints":{"allow":["GET"]}}],"collection":[{"href":"https:\/\/portaltela.pt\/api\/wp\/v2\/posts"}],"about":[{"href":"https:\/\/portaltela.pt\/api\/wp\/v2\/types\/post"}],"author":[{"embeddable":true,"href":"https:\/\/portaltela.pt\/api\/wp\/v2\/users\/2"}],"replies":[{"embeddable":true,"href":"https:\/\/portaltela.pt\/api\/wp\/v2\/comments?post=155455"}],"version-history":[{"count":0,"href":"https:\/\/portaltela.pt\/api\/wp\/v2\/posts\/155455\/revisions"}],"wp:featuredmedia":[{"embeddable":true,"href":"https:\/\/portaltela.pt\/api\/wp\/v2\/media\/155490"}],"wp:attachment":[{"href":"https:\/\/portaltela.pt\/api\/wp\/v2\/media?parent=155455"}],"wp:term":[{"taxonomy":"category","embeddable":true,"href":"https:\/\/portaltela.pt\/api\/wp\/v2\/categories?post=155455"},{"taxonomy":"post_tag","embeddable":true,"href":"https:\/\/portaltela.pt\/api\/wp\/v2\/tags?post=155455"}],"curies":[{"name":"wp","href":"https:\/\/api.w.org\/{rel}","templated":true}]}}