{"id":155386,"date":"2026-01-20T06:11:54","date_gmt":"2026-01-20T09:11:54","guid":{"rendered":"https:\/\/portaltela.pt\/noticias\/2026\/01\/20\/setubal-17-automoveis-e-motociclos-apreendidos\/"},"modified":"2026-01-20T06:11:54","modified_gmt":"2026-01-20T09:11:54","slug":"setubal-17-automoveis-e-motociclos-apreendidos","status":"publish","type":"post","link":"https:\/\/portaltela.pt\/noticias\/2026\/01\/20\/setubal-17-automoveis-e-motociclos-apreendidos\/","title":{"rendered":"Set\u00fabal: 17 autom\u00f3veis e motociclos apreendidos"},"content":{"rendered":"<p>A Guarda Nacional Republicana (GNR) apreendeu 17 ve\u00edculos, incluindo dois motociclos, no concelho de Set\u00fabal, na sequ\u00eancia de uma opera\u00e7\u00e3o dirigida a uma concentra\u00e7\u00e3o de carros com condutores a realizar manobras perigosas na Zona Industrial da Mitrena. A a\u00e7\u00e3o ocorreu no domingo, no \u00e2mbito de uma den\u00fancia que alertou para o risco \u00e0 seguran\u00e7a rodovi\u00e1ria.<\/p>\n<p>Durante a opera\u00e7\u00e3o, os militares identificaram 70 pessoas e fiscalizaram 43 ve\u00edculos. Da a\u00e7\u00e3o resultaram 44 autos de contraordena\u00e7\u00e3o, entre eles por altera\u00e7\u00f5es \u00e0s caracter\u00edsticas dos ve\u00edculos e por infra\u00e7\u00f5es diversas.<\/p>\n<p>Dos autos, destacam-se seis por altera\u00e7\u00f5es \u00e0s caracter\u00edsticas, um por aus\u00eancia de seguro, um por uso indevido de telem\u00f3vel, um por desobedi\u00eancia ao sinal de paragem, um por condu\u00e7\u00e3o em sentido oposto, um por n\u00e3o uso do cinto e 23 por outras infra\u00e7\u00f5es rodovi\u00e1rias.<\/p>\n<p>A opera\u00e7\u00e3o contou com o refor\u00e7o do Destacamento de Interven\u00e7\u00e3o de Set\u00fabal e dos Postos Territoriais de Palmela e Set\u00fabal, visando claramente reduzir pr\u00e1ticas perigosas que colocam em risco a circula\u00e7\u00e3o na regi\u00e3o.<\/p>\n","protected":false},"excerpt":{"rendered":"<ul>\n<li>A GNR apreendeu dezassete ve\u00edculos, incluindo dois motociclos, no concelho de Set\u00fabal, por altera\u00e7\u00f5es \u00e0s caracter\u00edsticas dos autom\u00f3veis.<\/li>\n<li>A opera\u00e7\u00e3o visou uma concentra\u00e7\u00e3o de carros cujos condutores faziam manobras perigosas, na Zona Industrial da Mitrena.<\/li>\n<li>Foram identificadas setenta pessoas e fiscalizados quarenta e tr\u00eas ve\u00edculos durante a a\u00e7\u00e3o.<\/li>\n<li>Al\u00e9m das apreens\u00f5es, foram lavrados quarenta e quatro autos de contraordena\u00e7\u00e3o, com itens que v\u00e3o desde altera\u00e7\u00f5es de caracter\u00edsticas a uso indevido do telem\u00f3vel.<\/li>\n<li>A a\u00e7\u00e3o contou com o refor\u00e7o do Destacamento de Interven\u00e7\u00e3o de Set\u00fabal e dos Postos Territoriais de Palmela e Set\u00fabal.<\/li>\n<\/ul>\n","protected":false},"author":2,"featured_media":155393,"comment_status":"closed","ping_status":"closed","sticky":false,"template":"","format":"standard","meta":{"footnotes":""},"categories":[1],"tags":[211,990,1124,1066,994,986],"class_list":["post-155386","post","type-post","status-publish","format-standard","has-post-thumbnail","hentry","category-noticias","tag-desobediencia","tag-falta-de-seguro-de-responsabilidade-civil","tag-infracoes-de-transito","tag-palmela","tag-setubal","tag-uso-do-telemovel"],"yoast_head":"<!-- This site is optimized with the Yoast SEO plugin v27.2 - https:\/\/yoast.com\/product\/yoast-seo-wordpress\/ -->\n<title>Set\u00fabal: 17 autom\u00f3veis e motociclos apreendidos - Portal Tela Portugal<\/title>\n<meta name=\"robots\" content=\"index, follow, max-snippet:-1, max-image-preview:large, max-video-preview:-1\" \/>\n<meta property=\"og:locale\" content=\"pt_PT\" \/>\n<meta property=\"og:type\" content=\"article\" \/>\n<meta property=\"og:title\" content=\"Set\u00fabal: 17 autom\u00f3veis e motociclos apreendidos - Portal Tela Portugal\" \/>\n<meta property=\"og:description\" content=\"A GNR apreendeu dezassete ve\u00edculos, incluindo dois motociclos, no concelho de Set\u00fabal, por altera\u00e7\u00f5es \u00e0s caracter\u00edsticas dos autom\u00f3veis. A opera\u00e7\u00e3o visou uma concentra\u00e7\u00e3o de carros cujos condutores faziam manobras perigosas, na Zona Industrial da Mitrena. Foram identificadas setenta pessoas e fiscalizados quarenta e tr\u00eas ve\u00edculos durante a a\u00e7\u00e3o. Al\u00e9m das apreens\u00f5es, foram lavrados quarenta e quatro autos de contraordena\u00e7\u00e3o, com itens que v\u00e3o desde altera\u00e7\u00f5es de caracter\u00edsticas a uso indevido do telem\u00f3vel. A a\u00e7\u00e3o contou com o refor\u00e7o do Destacamento de Interven\u00e7\u00e3o de Set\u00fabal e dos Postos Territoriais de Palmela e Set\u00fabal.\" \/>\n<meta property=\"og:url\" content=\"https:\/\/portaltela.pt\/noticias\/2026\/01\/20\/setubal-17-automoveis-e-motociclos-apreendidos\/\" \/>\n<meta property=\"og:site_name\" content=\"Portal Tela Portugal\" \/>\n<meta property=\"article:published_time\" content=\"2026-01-20T09:11:54+00:00\" \/>\n<meta name=\"author\" content=\"Telinha\" \/>\n<meta name=\"twitter:card\" content=\"summary_large_image\" \/>\n<meta name=\"twitter:label1\" content=\"Escrito por\" \/>\n\t<meta name=\"twitter:data1\" content=\"Telinha\" \/>\n\t<meta name=\"twitter:label2\" content=\"Tempo estimado de leitura\" \/>\n\t<meta name=\"twitter:data2\" content=\"1 minuto\" \/>\n<script type=\"application\/ld+json\" class=\"yoast-schema-graph\">{\"@context\":\"https:\/\/schema.org\",\"@graph\":[{\"@type\":\"Article\",\"@id\":\"https:\/\/portaltela.pt\/noticias\/2026\/01\/20\/setubal-17-automoveis-e-motociclos-apreendidos\/#article\",\"isPartOf\":{\"@id\":\"https:\/\/portaltela.pt\/noticias\/2026\/01\/20\/setubal-17-automoveis-e-motociclos-apreendidos\/\"},\"author\":{\"name\":\"Telinha\",\"@id\":\"https:\/\/portaltela.pt\/#\/schema\/person\/c4278d4a6028830caff9ee44b42d32ed\"},\"headline\":\"Set\u00fabal: 17 autom\u00f3veis e motociclos apreendidos\",\"datePublished\":\"2026-01-20T09:11:54+00:00\",\"mainEntityOfPage\":{\"@id\":\"https:\/\/portaltela.pt\/noticias\/2026\/01\/20\/setubal-17-automoveis-e-motociclos-apreendidos\/\"},\"wordCount\":198,\"image\":{\"@id\":\"https:\/\/portaltela.pt\/noticias\/2026\/01\/20\/setubal-17-automoveis-e-motociclos-apreendidos\/#primaryimage\"},\"thumbnailUrl\":\"https:\/\/portaltela.pt\/s.01k8rhncp4jt1\/2026\/01\/img_1500x1000uu2025-08-22-14-53-00-2230709.jpg\",\"keywords\":[\"desobedi\u00eancia\",\"falta de seguro de responsabilidade civil\",\"infra\u00e7\u00f5es de tr\u00e2nsito\",\"Palmela\",\"Set\u00fabal\",\"uso do telem\u00f3vel\"],\"articleSection\":[\"Not\u00edcias\"],\"inLanguage\":\"pt-PT\"},{\"@type\":\"WebPage\",\"@id\":\"https:\/\/portaltela.pt\/noticias\/2026\/01\/20\/setubal-17-automoveis-e-motociclos-apreendidos\/\",\"url\":\"https:\/\/portaltela.pt\/noticias\/2026\/01\/20\/setubal-17-automoveis-e-motociclos-apreendidos\/\",\"name\":\"Set\u00fabal: 17 autom\u00f3veis e motociclos apreendidos - Portal Tela Portugal\",\"isPartOf\":{\"@id\":\"https:\/\/portaltela.pt\/#website\"},\"primaryImageOfPage\":{\"@id\":\"https:\/\/portaltela.pt\/noticias\/2026\/01\/20\/setubal-17-automoveis-e-motociclos-apreendidos\/#primaryimage\"},\"image\":{\"@id\":\"https:\/\/portaltela.pt\/noticias\/2026\/01\/20\/setubal-17-automoveis-e-motociclos-apreendidos\/#primaryimage\"},\"thumbnailUrl\":\"https:\/\/portaltela.pt\/s.01k8rhncp4jt1\/2026\/01\/img_1500x1000uu2025-08-22-14-53-00-2230709.jpg\",\"datePublished\":\"2026-01-20T09:11:54+00:00\",\"author\":{\"@id\":\"https:\/\/portaltela.pt\/#\/schema\/person\/c4278d4a6028830caff9ee44b42d32ed\"},\"breadcrumb\":{\"@id\":\"https:\/\/portaltela.pt\/noticias\/2026\/01\/20\/setubal-17-automoveis-e-motociclos-apreendidos\/#breadcrumb\"},\"inLanguage\":\"pt-PT\",\"potentialAction\":[{\"@type\":\"ReadAction\",\"target\":[\"https:\/\/portaltela.pt\/noticias\/2026\/01\/20\/setubal-17-automoveis-e-motociclos-apreendidos\/\"]}]},{\"@type\":\"ImageObject\",\"inLanguage\":\"pt-PT\",\"@id\":\"https:\/\/portaltela.pt\/noticias\/2026\/01\/20\/setubal-17-automoveis-e-motociclos-apreendidos\/#primaryimage\",\"url\":\"https:\/\/portaltela.pt\/s.01k8rhncp4jt1\/2026\/01\/img_1500x1000uu2025-08-22-14-53-00-2230709.jpg\",\"contentUrl\":\"https:\/\/portaltela.pt\/s.01k8rhncp4jt1\/2026\/01\/img_1500x1000uu2025-08-22-14-53-00-2230709.jpg\",\"width\":796,\"height\":448,\"caption\":\"Opera\u00e7\u00e3o resultou na identifica\u00e7\u00e3o de 70 pessoas e na fiscaliza\u00e7\u00e3o de 43 ve\u00edculos\"},{\"@type\":\"BreadcrumbList\",\"@id\":\"https:\/\/portaltela.pt\/noticias\/2026\/01\/20\/setubal-17-automoveis-e-motociclos-apreendidos\/#breadcrumb\",\"itemListElement\":[{\"@type\":\"ListItem\",\"position\":1,\"name\":\"In\u00edcio\",\"item\":\"https:\/\/portaltela.pt\/\"},{\"@type\":\"ListItem\",\"position\":2,\"name\":\"Set\u00fabal: 17 autom\u00f3veis e motociclos apreendidos\"}]},{\"@type\":\"WebSite\",\"@id\":\"https:\/\/portaltela.pt\/#website\",\"url\":\"https:\/\/portaltela.pt\/\",\"name\":\"Portal Tela Portugal\",\"description\":\"\",\"potentialAction\":[{\"@type\":\"SearchAction\",\"target\":{\"@type\":\"EntryPoint\",\"urlTemplate\":\"https:\/\/portaltela.pt\/?s={search_term_string}\"},\"query-input\":{\"@type\":\"PropertyValueSpecification\",\"valueRequired\":true,\"valueName\":\"search_term_string\"}}],\"inLanguage\":\"pt-PT\"},{\"@type\":\"Person\",\"@id\":\"https:\/\/portaltela.pt\/#\/schema\/person\/c4278d4a6028830caff9ee44b42d32ed\",\"name\":\"Telinha\",\"image\":{\"@type\":\"ImageObject\",\"inLanguage\":\"pt-PT\",\"@id\":\"https:\/\/portaltela.pt\/s.01k8rhncp4jt1\/2025\/11\/talking-bot-125x125.png\",\"url\":\"https:\/\/portaltela.pt\/s.01k8rhncp4jt1\/2025\/11\/talking-bot-125x125.png\",\"contentUrl\":\"https:\/\/portaltela.pt\/s.01k8rhncp4jt1\/2025\/11\/talking-bot-125x125.png\",\"caption\":\"Telinha\"},\"sameAs\":[\"https:\/\/portaltela.pt\/\"],\"url\":\"https:\/\/portaltela.pt\/por\/367410592786\/\"}]}<\/script>\n<!-- \/ Yoast SEO plugin. -->","yoast_head_json":{"title":"Set\u00fabal: 17 autom\u00f3veis e motociclos apreendidos - Portal Tela Portugal","robots":{"index":"index","follow":"follow","max-snippet":"max-snippet:-1","max-image-preview":"max-image-preview:large","max-video-preview":"max-video-preview:-1"},"og_locale":"pt_PT","og_type":"article","og_title":"Set\u00fabal: 17 autom\u00f3veis e motociclos apreendidos - Portal Tela Portugal","og_description":"A GNR apreendeu dezassete ve\u00edculos, incluindo dois motociclos, no concelho de Set\u00fabal, por altera\u00e7\u00f5es \u00e0s caracter\u00edsticas dos autom\u00f3veis. A opera\u00e7\u00e3o visou uma concentra\u00e7\u00e3o de carros cujos condutores faziam manobras perigosas, na Zona Industrial da Mitrena. Foram identificadas setenta pessoas e fiscalizados quarenta e tr\u00eas ve\u00edculos durante a a\u00e7\u00e3o. Al\u00e9m das apreens\u00f5es, foram lavrados quarenta e quatro autos de contraordena\u00e7\u00e3o, com itens que v\u00e3o desde altera\u00e7\u00f5es de caracter\u00edsticas a uso indevido do telem\u00f3vel. A a\u00e7\u00e3o contou com o refor\u00e7o do Destacamento de Interven\u00e7\u00e3o de Set\u00fabal e dos Postos Territoriais de Palmela e Set\u00fabal.","og_url":"https:\/\/portaltela.pt\/noticias\/2026\/01\/20\/setubal-17-automoveis-e-motociclos-apreendidos\/","og_site_name":"Portal Tela Portugal","article_published_time":"2026-01-20T09:11:54+00:00","author":"Telinha","twitter_card":"summary_large_image","twitter_misc":{"Escrito por":"Telinha","Tempo estimado de leitura":"1 minuto"},"schema":{"@context":"https:\/\/schema.org","@graph":[{"@type":"Article","@id":"https:\/\/portaltela.pt\/noticias\/2026\/01\/20\/setubal-17-automoveis-e-motociclos-apreendidos\/#article","isPartOf":{"@id":"https:\/\/portaltela.pt\/noticias\/2026\/01\/20\/setubal-17-automoveis-e-motociclos-apreendidos\/"},"author":{"name":"Telinha","@id":"https:\/\/portaltela.pt\/#\/schema\/person\/c4278d4a6028830caff9ee44b42d32ed"},"headline":"Set\u00fabal: 17 autom\u00f3veis e motociclos apreendidos","datePublished":"2026-01-20T09:11:54+00:00","mainEntityOfPage":{"@id":"https:\/\/portaltela.pt\/noticias\/2026\/01\/20\/setubal-17-automoveis-e-motociclos-apreendidos\/"},"wordCount":198,"image":{"@id":"https:\/\/portaltela.pt\/noticias\/2026\/01\/20\/setubal-17-automoveis-e-motociclos-apreendidos\/#primaryimage"},"thumbnailUrl":"https:\/\/portaltela.pt\/s.01k8rhncp4jt1\/2026\/01\/img_1500x1000uu2025-08-22-14-53-00-2230709.jpg","keywords":["desobedi\u00eancia","falta de seguro de responsabilidade civil","infra\u00e7\u00f5es de tr\u00e2nsito","Palmela","Set\u00fabal","uso do telem\u00f3vel"],"articleSection":["Not\u00edcias"],"inLanguage":"pt-PT"},{"@type":"WebPage","@id":"https:\/\/portaltela.pt\/noticias\/2026\/01\/20\/setubal-17-automoveis-e-motociclos-apreendidos\/","url":"https:\/\/portaltela.pt\/noticias\/2026\/01\/20\/setubal-17-automoveis-e-motociclos-apreendidos\/","name":"Set\u00fabal: 17 autom\u00f3veis e motociclos apreendidos - Portal Tela Portugal","isPartOf":{"@id":"https:\/\/portaltela.pt\/#website"},"primaryImageOfPage":{"@id":"https:\/\/portaltela.pt\/noticias\/2026\/01\/20\/setubal-17-automoveis-e-motociclos-apreendidos\/#primaryimage"},"image":{"@id":"https:\/\/portaltela.pt\/noticias\/2026\/01\/20\/setubal-17-automoveis-e-motociclos-apreendidos\/#primaryimage"},"thumbnailUrl":"https:\/\/portaltela.pt\/s.01k8rhncp4jt1\/2026\/01\/img_1500x1000uu2025-08-22-14-53-00-2230709.jpg","datePublished":"2026-01-20T09:11:54+00:00","author":{"@id":"https:\/\/portaltela.pt\/#\/schema\/person\/c4278d4a6028830caff9ee44b42d32ed"},"breadcrumb":{"@id":"https:\/\/portaltela.pt\/noticias\/2026\/01\/20\/setubal-17-automoveis-e-motociclos-apreendidos\/#breadcrumb"},"inLanguage":"pt-PT","potentialAction":[{"@type":"ReadAction","target":["https:\/\/portaltela.pt\/noticias\/2026\/01\/20\/setubal-17-automoveis-e-motociclos-apreendidos\/"]}]},{"@type":"ImageObject","inLanguage":"pt-PT","@id":"https:\/\/portaltela.pt\/noticias\/2026\/01\/20\/setubal-17-automoveis-e-motociclos-apreendidos\/#primaryimage","url":"https:\/\/portaltela.pt\/s.01k8rhncp4jt1\/2026\/01\/img_1500x1000uu2025-08-22-14-53-00-2230709.jpg","contentUrl":"https:\/\/portaltela.pt\/s.01k8rhncp4jt1\/2026\/01\/img_1500x1000uu2025-08-22-14-53-00-2230709.jpg","width":796,"height":448,"caption":"Opera\u00e7\u00e3o resultou na identifica\u00e7\u00e3o de 70 pessoas e na fiscaliza\u00e7\u00e3o de 43 ve\u00edculos"},{"@type":"BreadcrumbList","@id":"https:\/\/portaltela.pt\/noticias\/2026\/01\/20\/setubal-17-automoveis-e-motociclos-apreendidos\/#breadcrumb","itemListElement":[{"@type":"ListItem","position":1,"name":"In\u00edcio","item":"https:\/\/portaltela.pt\/"},{"@type":"ListItem","position":2,"name":"Set\u00fabal: 17 autom\u00f3veis e motociclos apreendidos"}]},{"@type":"WebSite","@id":"https:\/\/portaltela.pt\/#website","url":"https:\/\/portaltela.pt\/","name":"Portal Tela Portugal","description":"","potentialAction":[{"@type":"SearchAction","target":{"@type":"EntryPoint","urlTemplate":"https:\/\/portaltela.pt\/?s={search_term_string}"},"query-input":{"@type":"PropertyValueSpecification","valueRequired":true,"valueName":"search_term_string"}}],"inLanguage":"pt-PT"},{"@type":"Person","@id":"https:\/\/portaltela.pt\/#\/schema\/person\/c4278d4a6028830caff9ee44b42d32ed","name":"Telinha","image":{"@type":"ImageObject","inLanguage":"pt-PT","@id":"https:\/\/portaltela.pt\/s.01k8rhncp4jt1\/2025\/11\/talking-bot-125x125.png","url":"https:\/\/portaltela.pt\/s.01k8rhncp4jt1\/2025\/11\/talking-bot-125x125.png","contentUrl":"https:\/\/portaltela.pt\/s.01k8rhncp4jt1\/2025\/11\/talking-bot-125x125.png","caption":"Telinha"},"sameAs":["https:\/\/portaltela.pt\/"],"url":"https:\/\/portaltela.pt\/por\/367410592786\/"}]}},"_links":{"self":[{"href":"https:\/\/portaltela.pt\/api\/wp\/v2\/posts\/155386","targetHints":{"allow":["GET"]}}],"collection":[{"href":"https:\/\/portaltela.pt\/api\/wp\/v2\/posts"}],"about":[{"href":"https:\/\/portaltela.pt\/api\/wp\/v2\/types\/post"}],"author":[{"embeddable":true,"href":"https:\/\/portaltela.pt\/api\/wp\/v2\/users\/2"}],"replies":[{"embeddable":true,"href":"https:\/\/portaltela.pt\/api\/wp\/v2\/comments?post=155386"}],"version-history":[{"count":0,"href":"https:\/\/portaltela.pt\/api\/wp\/v2\/posts\/155386\/revisions"}],"wp:featuredmedia":[{"embeddable":true,"href":"https:\/\/portaltela.pt\/api\/wp\/v2\/media\/155393"}],"wp:attachment":[{"href":"https:\/\/portaltela.pt\/api\/wp\/v2\/media?parent=155386"}],"wp:term":[{"taxonomy":"category","embeddable":true,"href":"https:\/\/portaltela.pt\/api\/wp\/v2\/categories?post=155386"},{"taxonomy":"post_tag","embeddable":true,"href":"https:\/\/portaltela.pt\/api\/wp\/v2\/tags?post=155386"}],"curies":[{"name":"wp","href":"https:\/\/api.w.org\/{rel}","templated":true}]}}