{"id":155365,"date":"2026-01-20T05:51:39","date_gmt":"2026-01-20T08:51:39","guid":{"rendered":"https:\/\/portaltela.pt\/noticias\/2026\/01\/20\/ex-treinador-de-marrocos-critica-brahim-diaz-por-falta-de-respeito\/"},"modified":"2026-01-20T05:51:39","modified_gmt":"2026-01-20T08:51:39","slug":"ex-treinador-de-marrocos-critica-brahim-diaz-por-falta-de-respeito","status":"publish","type":"post","link":"https:\/\/portaltela.pt\/desporto\/futebol\/2026\/01\/20\/ex-treinador-de-marrocos-critica-brahim-diaz-por-falta-de-respeito\/","title":{"rendered":"Ex-treinador de Marrocos critica Brahim D\u00edaz por falta de respeito"},"content":{"rendered":"<p>Continuam as cr\u00edticas a Brahim D\u00edaz ap\u00f3s a panenkada na final da CAN. O ex-treinador Herv\u00e9 Renard, que orientou Marrocos entre 2016 e 2019 e hoje comanda a sele\u00e7\u00e3o da Ar\u00e1bia Saudita, comentou o pen\u00e1lti falhado de D\u00edaz de forma inequ\u00edvoca. Renard afirmou que n\u00e3o houve compaix\u00e3o e que o lance foi visto como falta de respeito para com o pa\u00eds e o povo marroquino, que h\u00e1 d\u00e9cadas busca o sucesso no futebol.<\/p>\n<p>Renard recordou ainda uma situa\u00e7\u00e3o semelhante ocorrida numa Ta\u00e7a \u00c1rabe, envolvendo o m\u00e9dio Abdullah Al-Hamdan. Segundo o treinador, o jogador converteu o pen\u00e1lti de Panenka, mas falhou de forma clara e acabou por pedir desculpas publicamente na presen\u00e7a dele, como parte da estrat\u00e9gia de responsabilidade e respeito com o p\u00fablico.<\/p>\n<p>O epis\u00f3dio da panenka na final da CAN gerou um debate entre adeptos e especialistas. Renard deixa a sua perspetiva com base no hist\u00f3rico recente de Marrocos, que guiou ao Mundial de 2018, destacando que a cultura de responsabilidade pode ter impacto na perce\u00e7\u00e3o p\u00fablica de falhas individuais de jogadores.<\/p>\n<p>Contexto: a CAN, o papel de D\u00edaz e a resposta da equipa t\u00e9cnica de D\u00edaz continuam a sustentar o foco medi\u00e1tico sobre a postura disciplinar dos jogadores. Renard, com passagem pelo canvas marroquino, aponta para a necessidade de equil\u00edbrio entre ambi\u00e7\u00e3o desportiva e responsabilidade coletiva.<\/p>\n","protected":false},"excerpt":{"rendered":"<ul>\n<li>Herv\u00e9 Renard, ex-selecionador de Marrocos, critica Brahim D\u00edaz pela Panenka na final da CAN, dizendo que n\u00e3o tem compaix\u00e3o e que \u00e9 uma falta de respeito.<\/li>\n<li>Renard, atual selecionador da Ar\u00e1bia Saudita, recorda ter vivido situa\u00e7\u00e3o semelhante na Ta\u00e7a \u00c1rabe com o jogador Abdullah Al-Hamdan.<\/li>\n<li>Contou que pediu ao jogador que o acompanhasse \u00e0 confer\u00eancia de imprensa para pedir desculpa.<\/li>\n<li>O treinador destacou que, apesar de ser permitida a falha, n\u00e3o pode haver falta de respeito para com o pa\u00eds e o povo que procura o sucesso h\u00e1 50 anos.<\/li>\n<li>Renard j\u00e1 orientou Marrocos entre 2016 e 2019 e conduziu a equipa ao Mundial de 2018; as declara\u00e7\u00f5es foram citadas pelo jornal espanhol AS.<\/li>\n<\/ul>\n","protected":false},"author":2,"featured_media":155368,"comment_status":"closed","ping_status":"closed","sticky":false,"template":"","format":"standard","meta":{"footnotes":""},"categories":[21,24],"tags":[1016,2997,32,3338,1885,2057],"class_list":["post-155365","post","type-post","status-publish","format-standard","has-post-thumbnail","hentry","category-desporto","category-futebol","tag-arabia-saudita","tag-brahim-diaz","tag-futebol","tag-futebol-internacional","tag-penalti","tag-selecao-nacional"],"yoast_head":"<!-- This site is optimized with the Yoast SEO plugin v27.2 - https:\/\/yoast.com\/product\/yoast-seo-wordpress\/ -->\n<title>Ex-treinador de Marrocos critica Brahim D\u00edaz por falta de respeito - Portal Tela Portugal<\/title>\n<meta name=\"robots\" content=\"index, follow, max-snippet:-1, max-image-preview:large, max-video-preview:-1\" \/>\n<meta property=\"og:locale\" content=\"pt_PT\" \/>\n<meta property=\"og:type\" content=\"article\" \/>\n<meta property=\"og:title\" content=\"Ex-treinador de Marrocos critica Brahim D\u00edaz por falta de respeito - Portal Tela Portugal\" \/>\n<meta property=\"og:description\" content=\"Herv\u00e9 Renard, ex-selecionador de Marrocos, critica Brahim D\u00edaz pela Panenka na final da CAN, dizendo que n\u00e3o tem compaix\u00e3o e que \u00e9 uma falta de respeito. Renard, atual selecionador da Ar\u00e1bia Saudita, recorda ter vivido situa\u00e7\u00e3o semelhante na Ta\u00e7a \u00c1rabe com o jogador Abdullah Al-Hamdan. Contou que pediu ao jogador que o acompanhasse \u00e0 confer\u00eancia de imprensa para pedir desculpa. O treinador destacou que, apesar de ser permitida a falha, n\u00e3o pode haver falta de respeito para com o pa\u00eds e o povo que procura o sucesso h\u00e1 50 anos. Renard j\u00e1 orientou Marrocos entre 2016 e 2019 e conduziu a equipa ao Mundial de 2018; as declara\u00e7\u00f5es foram citadas pelo jornal espanhol AS.\" \/>\n<meta property=\"og:url\" content=\"https:\/\/portaltela.pt\/noticias\/2026\/01\/20\/ex-treinador-de-marrocos-critica-brahim-diaz-por-falta-de-respeito\/\" \/>\n<meta property=\"og:site_name\" content=\"Portal Tela Portugal\" \/>\n<meta property=\"article:published_time\" content=\"2026-01-20T08:51:39+00:00\" \/>\n<meta name=\"author\" content=\"Telinha\" \/>\n<meta name=\"twitter:card\" content=\"summary_large_image\" \/>\n<meta name=\"twitter:label1\" content=\"Escrito por\" \/>\n\t<meta name=\"twitter:data1\" content=\"Telinha\" \/>\n\t<meta name=\"twitter:label2\" content=\"Tempo estimado de leitura\" \/>\n\t<meta name=\"twitter:data2\" content=\"1 minuto\" \/>\n<script type=\"application\/ld+json\" class=\"yoast-schema-graph\">{\"@context\":\"https:\/\/schema.org\",\"@graph\":[{\"@type\":\"Article\",\"@id\":\"https:\/\/portaltela.pt\/noticias\/2026\/01\/20\/ex-treinador-de-marrocos-critica-brahim-diaz-por-falta-de-respeito\/#article\",\"isPartOf\":{\"@id\":\"https:\/\/portaltela.pt\/noticias\/2026\/01\/20\/ex-treinador-de-marrocos-critica-brahim-diaz-por-falta-de-respeito\/\"},\"author\":{\"name\":\"Telinha\",\"@id\":\"https:\/\/portaltela.pt\/#\/schema\/person\/c4278d4a6028830caff9ee44b42d32ed\"},\"headline\":\"Ex-treinador de Marrocos critica Brahim D\u00edaz por falta de respeito\",\"datePublished\":\"2026-01-20T08:51:39+00:00\",\"mainEntityOfPage\":{\"@id\":\"https:\/\/portaltela.pt\/noticias\/2026\/01\/20\/ex-treinador-de-marrocos-critica-brahim-diaz-por-falta-de-respeito\/\"},\"wordCount\":255,\"image\":{\"@id\":\"https:\/\/portaltela.pt\/noticias\/2026\/01\/20\/ex-treinador-de-marrocos-critica-brahim-diaz-por-falta-de-respeito\/#primaryimage\"},\"thumbnailUrl\":\"https:\/\/portaltela.pt\/s.01k8rhncp4jt1\/2026\/01\/img_293x165uu2026-01-20-08-50-49-2415871-im-639044958616231284-1.jpg\",\"keywords\":[\"Ar\u00e1bia Saudita\",\"Brahim D\u00edaz\",\"futebol\",\"futebol internacional\",\"pen\u00e1lti\",\"Sele\u00e7\u00e3o Nacional\"],\"articleSection\":[\"Desporto\",\"Futebol\"],\"inLanguage\":\"pt-PT\"},{\"@type\":\"WebPage\",\"@id\":\"https:\/\/portaltela.pt\/noticias\/2026\/01\/20\/ex-treinador-de-marrocos-critica-brahim-diaz-por-falta-de-respeito\/\",\"url\":\"https:\/\/portaltela.pt\/noticias\/2026\/01\/20\/ex-treinador-de-marrocos-critica-brahim-diaz-por-falta-de-respeito\/\",\"name\":\"Ex-treinador de Marrocos critica Brahim D\u00edaz por falta de respeito - Portal Tela Portugal\",\"isPartOf\":{\"@id\":\"https:\/\/portaltela.pt\/#website\"},\"primaryImageOfPage\":{\"@id\":\"https:\/\/portaltela.pt\/noticias\/2026\/01\/20\/ex-treinador-de-marrocos-critica-brahim-diaz-por-falta-de-respeito\/#primaryimage\"},\"image\":{\"@id\":\"https:\/\/portaltela.pt\/noticias\/2026\/01\/20\/ex-treinador-de-marrocos-critica-brahim-diaz-por-falta-de-respeito\/#primaryimage\"},\"thumbnailUrl\":\"https:\/\/portaltela.pt\/s.01k8rhncp4jt1\/2026\/01\/img_293x165uu2026-01-20-08-50-49-2415871-im-639044958616231284-1.jpg\",\"datePublished\":\"2026-01-20T08:51:39+00:00\",\"author\":{\"@id\":\"https:\/\/portaltela.pt\/#\/schema\/person\/c4278d4a6028830caff9ee44b42d32ed\"},\"breadcrumb\":{\"@id\":\"https:\/\/portaltela.pt\/noticias\/2026\/01\/20\/ex-treinador-de-marrocos-critica-brahim-diaz-por-falta-de-respeito\/#breadcrumb\"},\"inLanguage\":\"pt-PT\",\"potentialAction\":[{\"@type\":\"ReadAction\",\"target\":[\"https:\/\/portaltela.pt\/noticias\/2026\/01\/20\/ex-treinador-de-marrocos-critica-brahim-diaz-por-falta-de-respeito\/\"]}]},{\"@type\":\"ImageObject\",\"inLanguage\":\"pt-PT\",\"@id\":\"https:\/\/portaltela.pt\/noticias\/2026\/01\/20\/ex-treinador-de-marrocos-critica-brahim-diaz-por-falta-de-respeito\/#primaryimage\",\"url\":\"https:\/\/portaltela.pt\/s.01k8rhncp4jt1\/2026\/01\/img_293x165uu2026-01-20-08-50-49-2415871-im-639044958616231284-1.jpg\",\"contentUrl\":\"https:\/\/portaltela.pt\/s.01k8rhncp4jt1\/2026\/01\/img_293x165uu2026-01-20-08-50-49-2415871-im-639044958616231284-1.jpg\",\"width\":796,\"height\":448,\"caption\":\"Ex-selecionador de Marrocos arrasa Brahim D\u00edaz: \u00abN\u00e3o tenho compaix\u00e3o. \u00c9 uma falta de respeito...\u00bb\"},{\"@type\":\"BreadcrumbList\",\"@id\":\"https:\/\/portaltela.pt\/noticias\/2026\/01\/20\/ex-treinador-de-marrocos-critica-brahim-diaz-por-falta-de-respeito\/#breadcrumb\",\"itemListElement\":[{\"@type\":\"ListItem\",\"position\":1,\"name\":\"In\u00edcio\",\"item\":\"https:\/\/portaltela.pt\/\"},{\"@type\":\"ListItem\",\"position\":2,\"name\":\"Ex-treinador de Marrocos critica Brahim D\u00edaz por falta de respeito\"}]},{\"@type\":\"WebSite\",\"@id\":\"https:\/\/portaltela.pt\/#website\",\"url\":\"https:\/\/portaltela.pt\/\",\"name\":\"Portal Tela Portugal\",\"description\":\"\",\"potentialAction\":[{\"@type\":\"SearchAction\",\"target\":{\"@type\":\"EntryPoint\",\"urlTemplate\":\"https:\/\/portaltela.pt\/?s={search_term_string}\"},\"query-input\":{\"@type\":\"PropertyValueSpecification\",\"valueRequired\":true,\"valueName\":\"search_term_string\"}}],\"inLanguage\":\"pt-PT\"},{\"@type\":\"Person\",\"@id\":\"https:\/\/portaltela.pt\/#\/schema\/person\/c4278d4a6028830caff9ee44b42d32ed\",\"name\":\"Telinha\",\"image\":{\"@type\":\"ImageObject\",\"inLanguage\":\"pt-PT\",\"@id\":\"https:\/\/portaltela.pt\/s.01k8rhncp4jt1\/2025\/11\/talking-bot-125x125.png\",\"url\":\"https:\/\/portaltela.pt\/s.01k8rhncp4jt1\/2025\/11\/talking-bot-125x125.png\",\"contentUrl\":\"https:\/\/portaltela.pt\/s.01k8rhncp4jt1\/2025\/11\/talking-bot-125x125.png\",\"caption\":\"Telinha\"},\"sameAs\":[\"https:\/\/portaltela.pt\/\"],\"url\":\"https:\/\/portaltela.pt\/por\/367410592786\/\"}]}<\/script>\n<!-- \/ Yoast SEO plugin. -->","yoast_head_json":{"title":"Ex-treinador de Marrocos critica Brahim D\u00edaz por falta de respeito - Portal Tela Portugal","robots":{"index":"index","follow":"follow","max-snippet":"max-snippet:-1","max-image-preview":"max-image-preview:large","max-video-preview":"max-video-preview:-1"},"og_locale":"pt_PT","og_type":"article","og_title":"Ex-treinador de Marrocos critica Brahim D\u00edaz por falta de respeito - Portal Tela Portugal","og_description":"Herv\u00e9 Renard, ex-selecionador de Marrocos, critica Brahim D\u00edaz pela Panenka na final da CAN, dizendo que n\u00e3o tem compaix\u00e3o e que \u00e9 uma falta de respeito. Renard, atual selecionador da Ar\u00e1bia Saudita, recorda ter vivido situa\u00e7\u00e3o semelhante na Ta\u00e7a \u00c1rabe com o jogador Abdullah Al-Hamdan. Contou que pediu ao jogador que o acompanhasse \u00e0 confer\u00eancia de imprensa para pedir desculpa. O treinador destacou que, apesar de ser permitida a falha, n\u00e3o pode haver falta de respeito para com o pa\u00eds e o povo que procura o sucesso h\u00e1 50 anos. Renard j\u00e1 orientou Marrocos entre 2016 e 2019 e conduziu a equipa ao Mundial de 2018; as declara\u00e7\u00f5es foram citadas pelo jornal espanhol AS.","og_url":"https:\/\/portaltela.pt\/noticias\/2026\/01\/20\/ex-treinador-de-marrocos-critica-brahim-diaz-por-falta-de-respeito\/","og_site_name":"Portal Tela Portugal","article_published_time":"2026-01-20T08:51:39+00:00","author":"Telinha","twitter_card":"summary_large_image","twitter_misc":{"Escrito por":"Telinha","Tempo estimado de leitura":"1 minuto"},"schema":{"@context":"https:\/\/schema.org","@graph":[{"@type":"Article","@id":"https:\/\/portaltela.pt\/noticias\/2026\/01\/20\/ex-treinador-de-marrocos-critica-brahim-diaz-por-falta-de-respeito\/#article","isPartOf":{"@id":"https:\/\/portaltela.pt\/noticias\/2026\/01\/20\/ex-treinador-de-marrocos-critica-brahim-diaz-por-falta-de-respeito\/"},"author":{"name":"Telinha","@id":"https:\/\/portaltela.pt\/#\/schema\/person\/c4278d4a6028830caff9ee44b42d32ed"},"headline":"Ex-treinador de Marrocos critica Brahim D\u00edaz por falta de respeito","datePublished":"2026-01-20T08:51:39+00:00","mainEntityOfPage":{"@id":"https:\/\/portaltela.pt\/noticias\/2026\/01\/20\/ex-treinador-de-marrocos-critica-brahim-diaz-por-falta-de-respeito\/"},"wordCount":255,"image":{"@id":"https:\/\/portaltela.pt\/noticias\/2026\/01\/20\/ex-treinador-de-marrocos-critica-brahim-diaz-por-falta-de-respeito\/#primaryimage"},"thumbnailUrl":"https:\/\/portaltela.pt\/s.01k8rhncp4jt1\/2026\/01\/img_293x165uu2026-01-20-08-50-49-2415871-im-639044958616231284-1.jpg","keywords":["Ar\u00e1bia Saudita","Brahim D\u00edaz","futebol","futebol internacional","pen\u00e1lti","Sele\u00e7\u00e3o Nacional"],"articleSection":["Desporto","Futebol"],"inLanguage":"pt-PT"},{"@type":"WebPage","@id":"https:\/\/portaltela.pt\/noticias\/2026\/01\/20\/ex-treinador-de-marrocos-critica-brahim-diaz-por-falta-de-respeito\/","url":"https:\/\/portaltela.pt\/noticias\/2026\/01\/20\/ex-treinador-de-marrocos-critica-brahim-diaz-por-falta-de-respeito\/","name":"Ex-treinador de Marrocos critica Brahim D\u00edaz por falta de respeito - Portal Tela Portugal","isPartOf":{"@id":"https:\/\/portaltela.pt\/#website"},"primaryImageOfPage":{"@id":"https:\/\/portaltela.pt\/noticias\/2026\/01\/20\/ex-treinador-de-marrocos-critica-brahim-diaz-por-falta-de-respeito\/#primaryimage"},"image":{"@id":"https:\/\/portaltela.pt\/noticias\/2026\/01\/20\/ex-treinador-de-marrocos-critica-brahim-diaz-por-falta-de-respeito\/#primaryimage"},"thumbnailUrl":"https:\/\/portaltela.pt\/s.01k8rhncp4jt1\/2026\/01\/img_293x165uu2026-01-20-08-50-49-2415871-im-639044958616231284-1.jpg","datePublished":"2026-01-20T08:51:39+00:00","author":{"@id":"https:\/\/portaltela.pt\/#\/schema\/person\/c4278d4a6028830caff9ee44b42d32ed"},"breadcrumb":{"@id":"https:\/\/portaltela.pt\/noticias\/2026\/01\/20\/ex-treinador-de-marrocos-critica-brahim-diaz-por-falta-de-respeito\/#breadcrumb"},"inLanguage":"pt-PT","potentialAction":[{"@type":"ReadAction","target":["https:\/\/portaltela.pt\/noticias\/2026\/01\/20\/ex-treinador-de-marrocos-critica-brahim-diaz-por-falta-de-respeito\/"]}]},{"@type":"ImageObject","inLanguage":"pt-PT","@id":"https:\/\/portaltela.pt\/noticias\/2026\/01\/20\/ex-treinador-de-marrocos-critica-brahim-diaz-por-falta-de-respeito\/#primaryimage","url":"https:\/\/portaltela.pt\/s.01k8rhncp4jt1\/2026\/01\/img_293x165uu2026-01-20-08-50-49-2415871-im-639044958616231284-1.jpg","contentUrl":"https:\/\/portaltela.pt\/s.01k8rhncp4jt1\/2026\/01\/img_293x165uu2026-01-20-08-50-49-2415871-im-639044958616231284-1.jpg","width":796,"height":448,"caption":"Ex-selecionador de Marrocos arrasa Brahim D\u00edaz: \u00abN\u00e3o tenho compaix\u00e3o. \u00c9 uma falta de respeito...\u00bb"},{"@type":"BreadcrumbList","@id":"https:\/\/portaltela.pt\/noticias\/2026\/01\/20\/ex-treinador-de-marrocos-critica-brahim-diaz-por-falta-de-respeito\/#breadcrumb","itemListElement":[{"@type":"ListItem","position":1,"name":"In\u00edcio","item":"https:\/\/portaltela.pt\/"},{"@type":"ListItem","position":2,"name":"Ex-treinador de Marrocos critica Brahim D\u00edaz por falta de respeito"}]},{"@type":"WebSite","@id":"https:\/\/portaltela.pt\/#website","url":"https:\/\/portaltela.pt\/","name":"Portal Tela Portugal","description":"","potentialAction":[{"@type":"SearchAction","target":{"@type":"EntryPoint","urlTemplate":"https:\/\/portaltela.pt\/?s={search_term_string}"},"query-input":{"@type":"PropertyValueSpecification","valueRequired":true,"valueName":"search_term_string"}}],"inLanguage":"pt-PT"},{"@type":"Person","@id":"https:\/\/portaltela.pt\/#\/schema\/person\/c4278d4a6028830caff9ee44b42d32ed","name":"Telinha","image":{"@type":"ImageObject","inLanguage":"pt-PT","@id":"https:\/\/portaltela.pt\/s.01k8rhncp4jt1\/2025\/11\/talking-bot-125x125.png","url":"https:\/\/portaltela.pt\/s.01k8rhncp4jt1\/2025\/11\/talking-bot-125x125.png","contentUrl":"https:\/\/portaltela.pt\/s.01k8rhncp4jt1\/2025\/11\/talking-bot-125x125.png","caption":"Telinha"},"sameAs":["https:\/\/portaltela.pt\/"],"url":"https:\/\/portaltela.pt\/por\/367410592786\/"}]}},"_links":{"self":[{"href":"https:\/\/portaltela.pt\/api\/wp\/v2\/posts\/155365","targetHints":{"allow":["GET"]}}],"collection":[{"href":"https:\/\/portaltela.pt\/api\/wp\/v2\/posts"}],"about":[{"href":"https:\/\/portaltela.pt\/api\/wp\/v2\/types\/post"}],"author":[{"embeddable":true,"href":"https:\/\/portaltela.pt\/api\/wp\/v2\/users\/2"}],"replies":[{"embeddable":true,"href":"https:\/\/portaltela.pt\/api\/wp\/v2\/comments?post=155365"}],"version-history":[{"count":0,"href":"https:\/\/portaltela.pt\/api\/wp\/v2\/posts\/155365\/revisions"}],"wp:featuredmedia":[{"embeddable":true,"href":"https:\/\/portaltela.pt\/api\/wp\/v2\/media\/155368"}],"wp:attachment":[{"href":"https:\/\/portaltela.pt\/api\/wp\/v2\/media?parent=155365"}],"wp:term":[{"taxonomy":"category","embeddable":true,"href":"https:\/\/portaltela.pt\/api\/wp\/v2\/categories?post=155365"},{"taxonomy":"post_tag","embeddable":true,"href":"https:\/\/portaltela.pt\/api\/wp\/v2\/tags?post=155365"}],"curies":[{"name":"wp","href":"https:\/\/api.w.org\/{rel}","templated":true}]}}