{"id":155354,"date":"2026-01-20T06:00:44","date_gmt":"2026-01-20T09:00:44","guid":{"rendered":"https:\/\/portaltela.pt\/noticias\/2026\/01\/20\/acidente-na-espanha-aumenta-para-41-mortos\/"},"modified":"2026-01-20T06:00:44","modified_gmt":"2026-01-20T09:00:44","slug":"acidente-na-espanha-aumenta-para-41-mortos","status":"publish","type":"post","link":"https:\/\/portaltela.pt\/noticias\/2026\/01\/20\/acidente-na-espanha-aumenta-para-41-mortos\/","title":{"rendered":"Acidente na Espanha aumenta para 41 mortos"},"content":{"rendered":"<p>O n\u00famero de mortos no acidente de comboio em Adamuz, C\u00f3rdoba, subiu para 41, segundo fontes pr\u00f3ximas da investiga\u00e7\u00e3o \u00e0 ag\u00eancia EFE. A v\u00edtima mais recente foi encontrada entre os destro\u00e7os do comboio Iryo, cujo derrame dos tr\u00eas \u00faltimos vag\u00f5es levou ao choque com o comboio Alvia, confirmou o Governo Regional da Andaluzia.<\/p>\n<p>O ministro do Interior, Fernando Grande-Marlaska, informou que tr\u00eas corpos foram localizados entre os destro\u00e7os do Alvia e dever\u00e3o ser retirados nas pr\u00f3ximas horas. Equipas de socorro mant\u00eam-se mobilizadas na \u00e1rea durante a noite, com foco na remo\u00e7\u00e3o dos vag\u00f5es destru\u00eddos do Alvia.<\/p>\n<p>No total, 39 feridos continuam hospitalizados, 13 em estado cr\u00edtico, incluindo um menor de idade, todos na Unidade de Cuidados Intensivos. Dois cidad\u00e3os portugueses envolvidos no acidente encontram-se bem, segundo o Minist\u00e9rio dos Neg\u00f3cios Estrangeiros.<\/p>\n<p>O acidente ocorreu pelas 19h45 locais de domingo, no apeadeiro de Adamuz, na prov\u00edncia de C\u00f3rdoba. Participaram dois comboios de alta velocidade: um da Iryo, que seguia de M\u00e1laga para Madrid, e outro da Renfe, de Madrid para Huelva.<\/p>\n<p>Os tr\u00eas \u00faltimos vag\u00f5es do Iryo derraparam para uma via onde circulava o Renfe, numa \u00e1rea com uma subesta\u00e7\u00e3o de manuten\u00e7\u00e3o e um ponto de mudan\u00e7a de agulhas. Os dois primeiros vag\u00f5es da Renfe ca\u00edram para um aterro de cerca de quatro metros.<\/p>\n<h3>Desdobramentos<\/h3>\n<p>O Governo espanhol decretou tr\u00eas dias de luto nacional. O primeiro-ministro Pedro S\u00e1nchez afirmou que as conclus\u00f5es da investiga\u00e7\u00e3o ser\u00e3o tornadas p\u00fablicas com transpar\u00eancia. A trag\u00e9dia \u00e9 reconhecida como uma dor partilhada por toda a Espanha.<\/p>\n","protected":false},"excerpt":{"rendered":"<ul>\n<li>O n\u00famero de mortos no acidente em Adamuz subiu para 41, com a v\u00edtima mais recente encontrada sob os destro\u00e7os do comboio Iryo, que teve tr\u00eas \u00faltimos vag\u00f5es a descarrilar ao colidir com o comboio Alvia.<\/li>\n<li>O ministro do Interior confirmou que tr\u00eas corpos foram localizados entre os destro\u00e7os do Alvia e dever\u00e3o ser retirados nas pr\u00f3ximas horas.<\/li>\n<li>As equipas de socorro trabalham durante a noite, concentradas na instala\u00e7\u00e3o de uma grua de grandes dimens\u00f5es para levantar os vag\u00f5es destru\u00eddos do Alvia.<\/li>\n<li>Existem 39 feridos hospitalizados, 13 em estado grave na Unidade de Cuidados Intensivos, incluindo um menor, e dois cidad\u00e3os portugueses envolvidos est\u00e3o bem, segundo o Minist\u00e9rio dos Neg\u00f3cios Estrangeiros.<\/li>\n<li>O Governo espanhol decretou tr\u00eas dias de luto nacional; o primeiro-ministro prometeu divulgar as conclus\u00f5es da investiga\u00e7\u00e3o com transpar\u00eancia.<\/li>\n<\/ul>\n","protected":false},"author":2,"featured_media":155362,"comment_status":"closed","ping_status":"closed","sticky":false,"template":"","format":"standard","meta":{"footnotes":""},"categories":[1],"tags":[3447,3465,2031,3449,1511],"class_list":["post-155354","post","type-post","status-publish","format-standard","has-post-thumbnail","hentry","category-noticias","tag-acidente-ferroviario","tag-adamuz","tag-espanha","tag-feridos","tag-ferimentos-graves"],"yoast_head":"<!-- This site is optimized with the Yoast SEO plugin v27.2 - https:\/\/yoast.com\/product\/yoast-seo-wordpress\/ -->\n<title>Acidente na Espanha aumenta para 41 mortos - Portal Tela Portugal<\/title>\n<meta name=\"robots\" content=\"index, follow, max-snippet:-1, max-image-preview:large, max-video-preview:-1\" \/>\n<meta property=\"og:locale\" content=\"pt_PT\" \/>\n<meta property=\"og:type\" content=\"article\" \/>\n<meta property=\"og:title\" content=\"Acidente na Espanha aumenta para 41 mortos - Portal Tela Portugal\" \/>\n<meta property=\"og:description\" content=\"O n\u00famero de mortos no acidente em Adamuz subiu para 41, com a v\u00edtima mais recente encontrada sob os destro\u00e7os do comboio Iryo, que teve tr\u00eas \u00faltimos vag\u00f5es a descarrilar ao colidir com o comboio Alvia. O ministro do Interior confirmou que tr\u00eas corpos foram localizados entre os destro\u00e7os do Alvia e dever\u00e3o ser retirados nas pr\u00f3ximas horas. As equipas de socorro trabalham durante a noite, concentradas na instala\u00e7\u00e3o de uma grua de grandes dimens\u00f5es para levantar os vag\u00f5es destru\u00eddos do Alvia. Existem 39 feridos hospitalizados, 13 em estado grave na Unidade de Cuidados Intensivos, incluindo um menor, e dois cidad\u00e3os portugueses envolvidos est\u00e3o bem, segundo o Minist\u00e9rio dos Neg\u00f3cios Estrangeiros. O Governo espanhol decretou tr\u00eas dias de luto nacional; o primeiro-ministro prometeu divulgar as conclus\u00f5es da investiga\u00e7\u00e3o com transpar\u00eancia.\" \/>\n<meta property=\"og:url\" content=\"https:\/\/portaltela.pt\/noticias\/2026\/01\/20\/acidente-na-espanha-aumenta-para-41-mortos\/\" \/>\n<meta property=\"og:site_name\" content=\"Portal Tela Portugal\" \/>\n<meta property=\"article:published_time\" content=\"2026-01-20T09:00:44+00:00\" \/>\n<meta name=\"author\" content=\"Telinha\" \/>\n<meta name=\"twitter:card\" content=\"summary_large_image\" \/>\n<meta name=\"twitter:label1\" content=\"Escrito por\" \/>\n\t<meta name=\"twitter:data1\" content=\"Telinha\" \/>\n\t<meta name=\"twitter:label2\" content=\"Tempo estimado de leitura\" \/>\n\t<meta name=\"twitter:data2\" content=\"1 minuto\" \/>\n<script type=\"application\/ld+json\" class=\"yoast-schema-graph\">{\"@context\":\"https:\/\/schema.org\",\"@graph\":[{\"@type\":\"Article\",\"@id\":\"https:\/\/portaltela.pt\/noticias\/2026\/01\/20\/acidente-na-espanha-aumenta-para-41-mortos\/#article\",\"isPartOf\":{\"@id\":\"https:\/\/portaltela.pt\/noticias\/2026\/01\/20\/acidente-na-espanha-aumenta-para-41-mortos\/\"},\"author\":{\"name\":\"Telinha\",\"@id\":\"https:\/\/portaltela.pt\/#\/schema\/person\/c4278d4a6028830caff9ee44b42d32ed\"},\"headline\":\"Acidente na Espanha aumenta para 41 mortos\",\"datePublished\":\"2026-01-20T09:00:44+00:00\",\"mainEntityOfPage\":{\"@id\":\"https:\/\/portaltela.pt\/noticias\/2026\/01\/20\/acidente-na-espanha-aumenta-para-41-mortos\/\"},\"wordCount\":290,\"image\":{\"@id\":\"https:\/\/portaltela.pt\/noticias\/2026\/01\/20\/acidente-na-espanha-aumenta-para-41-mortos\/#primaryimage\"},\"thumbnailUrl\":\"https:\/\/portaltela.pt\/s.01k8rhncp4jt1\/2026\/01\/img_1200x721uu2026-01-19-18-31-51-2415799-3.jpg\",\"keywords\":[\"acidente ferrovi\u00e1rio\",\"Adamuz\",\"Espanha\",\"feridos\",\"ferimentos graves\"],\"articleSection\":[\"Not\u00edcias\"],\"inLanguage\":\"pt-PT\"},{\"@type\":\"WebPage\",\"@id\":\"https:\/\/portaltela.pt\/noticias\/2026\/01\/20\/acidente-na-espanha-aumenta-para-41-mortos\/\",\"url\":\"https:\/\/portaltela.pt\/noticias\/2026\/01\/20\/acidente-na-espanha-aumenta-para-41-mortos\/\",\"name\":\"Acidente na Espanha aumenta para 41 mortos - Portal Tela Portugal\",\"isPartOf\":{\"@id\":\"https:\/\/portaltela.pt\/#website\"},\"primaryImageOfPage\":{\"@id\":\"https:\/\/portaltela.pt\/noticias\/2026\/01\/20\/acidente-na-espanha-aumenta-para-41-mortos\/#primaryimage\"},\"image\":{\"@id\":\"https:\/\/portaltela.pt\/noticias\/2026\/01\/20\/acidente-na-espanha-aumenta-para-41-mortos\/#primaryimage\"},\"thumbnailUrl\":\"https:\/\/portaltela.pt\/s.01k8rhncp4jt1\/2026\/01\/img_1200x721uu2026-01-19-18-31-51-2415799-3.jpg\",\"datePublished\":\"2026-01-20T09:00:44+00:00\",\"author\":{\"@id\":\"https:\/\/portaltela.pt\/#\/schema\/person\/c4278d4a6028830caff9ee44b42d32ed\"},\"breadcrumb\":{\"@id\":\"https:\/\/portaltela.pt\/noticias\/2026\/01\/20\/acidente-na-espanha-aumenta-para-41-mortos\/#breadcrumb\"},\"inLanguage\":\"pt-PT\",\"potentialAction\":[{\"@type\":\"ReadAction\",\"target\":[\"https:\/\/portaltela.pt\/noticias\/2026\/01\/20\/acidente-na-espanha-aumenta-para-41-mortos\/\"]}]},{\"@type\":\"ImageObject\",\"inLanguage\":\"pt-PT\",\"@id\":\"https:\/\/portaltela.pt\/noticias\/2026\/01\/20\/acidente-na-espanha-aumenta-para-41-mortos\/#primaryimage\",\"url\":\"https:\/\/portaltela.pt\/s.01k8rhncp4jt1\/2026\/01\/img_1200x721uu2026-01-19-18-31-51-2415799-3.jpg\",\"contentUrl\":\"https:\/\/portaltela.pt\/s.01k8rhncp4jt1\/2026\/01\/img_1200x721uu2026-01-19-18-31-51-2415799-3.jpg\",\"width\":796,\"height\":448,\"caption\":\"Photo\"},{\"@type\":\"BreadcrumbList\",\"@id\":\"https:\/\/portaltela.pt\/noticias\/2026\/01\/20\/acidente-na-espanha-aumenta-para-41-mortos\/#breadcrumb\",\"itemListElement\":[{\"@type\":\"ListItem\",\"position\":1,\"name\":\"In\u00edcio\",\"item\":\"https:\/\/portaltela.pt\/\"},{\"@type\":\"ListItem\",\"position\":2,\"name\":\"Acidente na Espanha aumenta para 41 mortos\"}]},{\"@type\":\"WebSite\",\"@id\":\"https:\/\/portaltela.pt\/#website\",\"url\":\"https:\/\/portaltela.pt\/\",\"name\":\"Portal Tela Portugal\",\"description\":\"\",\"potentialAction\":[{\"@type\":\"SearchAction\",\"target\":{\"@type\":\"EntryPoint\",\"urlTemplate\":\"https:\/\/portaltela.pt\/?s={search_term_string}\"},\"query-input\":{\"@type\":\"PropertyValueSpecification\",\"valueRequired\":true,\"valueName\":\"search_term_string\"}}],\"inLanguage\":\"pt-PT\"},{\"@type\":\"Person\",\"@id\":\"https:\/\/portaltela.pt\/#\/schema\/person\/c4278d4a6028830caff9ee44b42d32ed\",\"name\":\"Telinha\",\"image\":{\"@type\":\"ImageObject\",\"inLanguage\":\"pt-PT\",\"@id\":\"https:\/\/portaltela.pt\/s.01k8rhncp4jt1\/2025\/11\/talking-bot-125x125.png\",\"url\":\"https:\/\/portaltela.pt\/s.01k8rhncp4jt1\/2025\/11\/talking-bot-125x125.png\",\"contentUrl\":\"https:\/\/portaltela.pt\/s.01k8rhncp4jt1\/2025\/11\/talking-bot-125x125.png\",\"caption\":\"Telinha\"},\"sameAs\":[\"https:\/\/portaltela.pt\/\"],\"url\":\"https:\/\/portaltela.pt\/por\/367410592786\/\"}]}<\/script>\n<!-- \/ Yoast SEO plugin. -->","yoast_head_json":{"title":"Acidente na Espanha aumenta para 41 mortos - Portal Tela Portugal","robots":{"index":"index","follow":"follow","max-snippet":"max-snippet:-1","max-image-preview":"max-image-preview:large","max-video-preview":"max-video-preview:-1"},"og_locale":"pt_PT","og_type":"article","og_title":"Acidente na Espanha aumenta para 41 mortos - Portal Tela Portugal","og_description":"O n\u00famero de mortos no acidente em Adamuz subiu para 41, com a v\u00edtima mais recente encontrada sob os destro\u00e7os do comboio Iryo, que teve tr\u00eas \u00faltimos vag\u00f5es a descarrilar ao colidir com o comboio Alvia. O ministro do Interior confirmou que tr\u00eas corpos foram localizados entre os destro\u00e7os do Alvia e dever\u00e3o ser retirados nas pr\u00f3ximas horas. As equipas de socorro trabalham durante a noite, concentradas na instala\u00e7\u00e3o de uma grua de grandes dimens\u00f5es para levantar os vag\u00f5es destru\u00eddos do Alvia. Existem 39 feridos hospitalizados, 13 em estado grave na Unidade de Cuidados Intensivos, incluindo um menor, e dois cidad\u00e3os portugueses envolvidos est\u00e3o bem, segundo o Minist\u00e9rio dos Neg\u00f3cios Estrangeiros. O Governo espanhol decretou tr\u00eas dias de luto nacional; o primeiro-ministro prometeu divulgar as conclus\u00f5es da investiga\u00e7\u00e3o com transpar\u00eancia.","og_url":"https:\/\/portaltela.pt\/noticias\/2026\/01\/20\/acidente-na-espanha-aumenta-para-41-mortos\/","og_site_name":"Portal Tela Portugal","article_published_time":"2026-01-20T09:00:44+00:00","author":"Telinha","twitter_card":"summary_large_image","twitter_misc":{"Escrito por":"Telinha","Tempo estimado de leitura":"1 minuto"},"schema":{"@context":"https:\/\/schema.org","@graph":[{"@type":"Article","@id":"https:\/\/portaltela.pt\/noticias\/2026\/01\/20\/acidente-na-espanha-aumenta-para-41-mortos\/#article","isPartOf":{"@id":"https:\/\/portaltela.pt\/noticias\/2026\/01\/20\/acidente-na-espanha-aumenta-para-41-mortos\/"},"author":{"name":"Telinha","@id":"https:\/\/portaltela.pt\/#\/schema\/person\/c4278d4a6028830caff9ee44b42d32ed"},"headline":"Acidente na Espanha aumenta para 41 mortos","datePublished":"2026-01-20T09:00:44+00:00","mainEntityOfPage":{"@id":"https:\/\/portaltela.pt\/noticias\/2026\/01\/20\/acidente-na-espanha-aumenta-para-41-mortos\/"},"wordCount":290,"image":{"@id":"https:\/\/portaltela.pt\/noticias\/2026\/01\/20\/acidente-na-espanha-aumenta-para-41-mortos\/#primaryimage"},"thumbnailUrl":"https:\/\/portaltela.pt\/s.01k8rhncp4jt1\/2026\/01\/img_1200x721uu2026-01-19-18-31-51-2415799-3.jpg","keywords":["acidente ferrovi\u00e1rio","Adamuz","Espanha","feridos","ferimentos graves"],"articleSection":["Not\u00edcias"],"inLanguage":"pt-PT"},{"@type":"WebPage","@id":"https:\/\/portaltela.pt\/noticias\/2026\/01\/20\/acidente-na-espanha-aumenta-para-41-mortos\/","url":"https:\/\/portaltela.pt\/noticias\/2026\/01\/20\/acidente-na-espanha-aumenta-para-41-mortos\/","name":"Acidente na Espanha aumenta para 41 mortos - Portal Tela Portugal","isPartOf":{"@id":"https:\/\/portaltela.pt\/#website"},"primaryImageOfPage":{"@id":"https:\/\/portaltela.pt\/noticias\/2026\/01\/20\/acidente-na-espanha-aumenta-para-41-mortos\/#primaryimage"},"image":{"@id":"https:\/\/portaltela.pt\/noticias\/2026\/01\/20\/acidente-na-espanha-aumenta-para-41-mortos\/#primaryimage"},"thumbnailUrl":"https:\/\/portaltela.pt\/s.01k8rhncp4jt1\/2026\/01\/img_1200x721uu2026-01-19-18-31-51-2415799-3.jpg","datePublished":"2026-01-20T09:00:44+00:00","author":{"@id":"https:\/\/portaltela.pt\/#\/schema\/person\/c4278d4a6028830caff9ee44b42d32ed"},"breadcrumb":{"@id":"https:\/\/portaltela.pt\/noticias\/2026\/01\/20\/acidente-na-espanha-aumenta-para-41-mortos\/#breadcrumb"},"inLanguage":"pt-PT","potentialAction":[{"@type":"ReadAction","target":["https:\/\/portaltela.pt\/noticias\/2026\/01\/20\/acidente-na-espanha-aumenta-para-41-mortos\/"]}]},{"@type":"ImageObject","inLanguage":"pt-PT","@id":"https:\/\/portaltela.pt\/noticias\/2026\/01\/20\/acidente-na-espanha-aumenta-para-41-mortos\/#primaryimage","url":"https:\/\/portaltela.pt\/s.01k8rhncp4jt1\/2026\/01\/img_1200x721uu2026-01-19-18-31-51-2415799-3.jpg","contentUrl":"https:\/\/portaltela.pt\/s.01k8rhncp4jt1\/2026\/01\/img_1200x721uu2026-01-19-18-31-51-2415799-3.jpg","width":796,"height":448,"caption":"Photo"},{"@type":"BreadcrumbList","@id":"https:\/\/portaltela.pt\/noticias\/2026\/01\/20\/acidente-na-espanha-aumenta-para-41-mortos\/#breadcrumb","itemListElement":[{"@type":"ListItem","position":1,"name":"In\u00edcio","item":"https:\/\/portaltela.pt\/"},{"@type":"ListItem","position":2,"name":"Acidente na Espanha aumenta para 41 mortos"}]},{"@type":"WebSite","@id":"https:\/\/portaltela.pt\/#website","url":"https:\/\/portaltela.pt\/","name":"Portal Tela Portugal","description":"","potentialAction":[{"@type":"SearchAction","target":{"@type":"EntryPoint","urlTemplate":"https:\/\/portaltela.pt\/?s={search_term_string}"},"query-input":{"@type":"PropertyValueSpecification","valueRequired":true,"valueName":"search_term_string"}}],"inLanguage":"pt-PT"},{"@type":"Person","@id":"https:\/\/portaltela.pt\/#\/schema\/person\/c4278d4a6028830caff9ee44b42d32ed","name":"Telinha","image":{"@type":"ImageObject","inLanguage":"pt-PT","@id":"https:\/\/portaltela.pt\/s.01k8rhncp4jt1\/2025\/11\/talking-bot-125x125.png","url":"https:\/\/portaltela.pt\/s.01k8rhncp4jt1\/2025\/11\/talking-bot-125x125.png","contentUrl":"https:\/\/portaltela.pt\/s.01k8rhncp4jt1\/2025\/11\/talking-bot-125x125.png","caption":"Telinha"},"sameAs":["https:\/\/portaltela.pt\/"],"url":"https:\/\/portaltela.pt\/por\/367410592786\/"}]}},"_links":{"self":[{"href":"https:\/\/portaltela.pt\/api\/wp\/v2\/posts\/155354","targetHints":{"allow":["GET"]}}],"collection":[{"href":"https:\/\/portaltela.pt\/api\/wp\/v2\/posts"}],"about":[{"href":"https:\/\/portaltela.pt\/api\/wp\/v2\/types\/post"}],"author":[{"embeddable":true,"href":"https:\/\/portaltela.pt\/api\/wp\/v2\/users\/2"}],"replies":[{"embeddable":true,"href":"https:\/\/portaltela.pt\/api\/wp\/v2\/comments?post=155354"}],"version-history":[{"count":0,"href":"https:\/\/portaltela.pt\/api\/wp\/v2\/posts\/155354\/revisions"}],"wp:featuredmedia":[{"embeddable":true,"href":"https:\/\/portaltela.pt\/api\/wp\/v2\/media\/155362"}],"wp:attachment":[{"href":"https:\/\/portaltela.pt\/api\/wp\/v2\/media?parent=155354"}],"wp:term":[{"taxonomy":"category","embeddable":true,"href":"https:\/\/portaltela.pt\/api\/wp\/v2\/categories?post=155354"},{"taxonomy":"post_tag","embeddable":true,"href":"https:\/\/portaltela.pt\/api\/wp\/v2\/tags?post=155354"}],"curies":[{"name":"wp","href":"https:\/\/api.w.org\/{rel}","templated":true}]}}