{"id":155319,"date":"2026-01-20T04:52:00","date_gmt":"2026-01-20T07:52:00","guid":{"rendered":"https:\/\/portaltela.pt\/noticias\/2026\/01\/20\/dezassete-carros-e-motos-apreendidos-em-setubal\/"},"modified":"2026-01-20T04:52:00","modified_gmt":"2026-01-20T07:52:00","slug":"dezassete-carros-e-motos-apreendidos-em-setubal","status":"publish","type":"post","link":"https:\/\/portaltela.pt\/noticias\/2026\/01\/20\/dezassete-carros-e-motos-apreendidos-em-setubal\/","title":{"rendered":"Dezassete carros e motos apreendidos em Set\u00fabal"},"content":{"rendered":"<p>A Guarda Nacional Republicana (GNR) apreendeu 17 ve\u00edculos no domingo, no concelho de Set\u00fabal, na Zona Industrial da Mitrena. A opera\u00e7\u00e3o visou uma concentra\u00e7\u00e3o de carros cujos condutores faziam manobras perigosas.<\/p>\n<p>A GNR identificou 70 pessoas e fiscalizou 43 ve\u00edculos durante a a\u00e7\u00e3o. Em consequ\u00eancia, foram lavrados 44 autos de contraordena\u00e7\u00e3o, por v\u00e1rias infra\u00e7\u00f5es rodovi\u00e1rias.<\/p>\n<p>Dos autos, destaca-se a apreens\u00e3o de ve\u00edculos por altera\u00e7\u00f5es \u00e0s caracter\u00edsticas (6), falta de seguro de responsabilidade civil, uso indevido de telem\u00f3vel, desobedi\u00eancia ao sinal de paragem, condu\u00e7\u00e3o em sentido oposto, falta de cinto e outras infra\u00e7\u00f5es (23).<\/p>\n<p>A opera\u00e7\u00e3o contou com o refor\u00e7o do Destacamento de Interven\u00e7\u00e3o de Set\u00fabal e dos Postos Territoriais de Palmela e Set\u00fabal, em resposta a den\u00fancias sobre riscos \u00e0 seguran\u00e7a rodovi\u00e1ria na regi\u00e3o.<\/p>\n","protected":false},"excerpt":{"rendered":"<ul>\n<li>A Guarda Nacional Republicana apreendeu dezassete ve\u00edculos em Set\u00fabal, incluindo dois motociclos, devido a altera\u00e7\u00f5es \u00e0s caracter\u00edsticas, num esfor\u00e7o contra uma concentra\u00e7\u00e3o de carros e manobras perigosas na zona industrial da Mitrena.<\/li>\n<li>A opera\u00e7\u00e3o contou com o refor\u00e7o do Destacamento de Interven\u00e7\u00e3o de Set\u00fabal e dos Postos Territoriais de Palmela e Set\u00fabal.<\/li>\n<li>Foram identificadas setenta pessoas e fiscalizados quarenta e tr\u00eas ve\u00edculos durante a a\u00e7\u00e3o.<\/li>\n<li>No total, resultaram quarenta e quatro autos de contraordena\u00e7\u00e3o, entre eles seis por altera\u00e7\u00f5es \u00e0s caracter\u00edsticas dos ve\u00edculos, um por falta de seguro obrigat\u00f3rio, um por utiliza\u00e7\u00e3o indevida de telem\u00f3vel, um por desobedi\u00eancia ao sinal de paragem, um por condu\u00e7\u00e3o em sentido oposto, um por falta de cinto de seguran\u00e7a e vinte e tr\u00eas por outras infra\u00e7\u00f5es.<\/li>\n<li>A opera\u00e7\u00e3o foi desencadeada a partir de uma den\u00fancia sobre uma concentra\u00e7\u00e3o de cidad\u00e3os e ve\u00edculos que colocava em risco a seguran\u00e7a rodovi\u00e1ria.<\/li>\n<\/ul>\n","protected":false},"author":2,"featured_media":155334,"comment_status":"closed","ping_status":"closed","sticky":false,"template":"","format":"standard","meta":{"footnotes":""},"categories":[1],"tags":[2371,1953,1380,2285,994,1629],"class_list":["post-155319","post","type-post","status-publish","format-standard","has-post-thumbnail","hentry","category-noticias","tag-automoveis","tag-conducao-sob-a-influencia-de-alcool","tag-gnr","tag-infracoes-rodoviarias","tag-setubal","tag-transito"],"yoast_head":"<!-- This site is optimized with the Yoast SEO plugin v27.2 - https:\/\/yoast.com\/product\/yoast-seo-wordpress\/ -->\n<title>Dezassete carros e motos apreendidos em Set\u00fabal - Portal Tela Portugal<\/title>\n<meta name=\"robots\" content=\"index, follow, max-snippet:-1, max-image-preview:large, max-video-preview:-1\" \/>\n<meta property=\"og:locale\" content=\"pt_PT\" \/>\n<meta property=\"og:type\" content=\"article\" \/>\n<meta property=\"og:title\" content=\"Dezassete carros e motos apreendidos em Set\u00fabal - Portal Tela Portugal\" \/>\n<meta property=\"og:description\" content=\"A Guarda Nacional Republicana apreendeu dezassete ve\u00edculos em Set\u00fabal, incluindo dois motociclos, devido a altera\u00e7\u00f5es \u00e0s caracter\u00edsticas, num esfor\u00e7o contra uma concentra\u00e7\u00e3o de carros e manobras perigosas na zona industrial da Mitrena. A opera\u00e7\u00e3o contou com o refor\u00e7o do Destacamento de Interven\u00e7\u00e3o de Set\u00fabal e dos Postos Territoriais de Palmela e Set\u00fabal. Foram identificadas setenta pessoas e fiscalizados quarenta e tr\u00eas ve\u00edculos durante a a\u00e7\u00e3o. No total, resultaram quarenta e quatro autos de contraordena\u00e7\u00e3o, entre eles seis por altera\u00e7\u00f5es \u00e0s caracter\u00edsticas dos ve\u00edculos, um por falta de seguro obrigat\u00f3rio, um por utiliza\u00e7\u00e3o indevida de telem\u00f3vel, um por desobedi\u00eancia ao sinal de paragem, um por condu\u00e7\u00e3o em sentido oposto, um por falta de cinto de seguran\u00e7a e vinte e tr\u00eas por outras infra\u00e7\u00f5es. A opera\u00e7\u00e3o foi desencadeada a partir de uma den\u00fancia sobre uma concentra\u00e7\u00e3o de cidad\u00e3os e ve\u00edculos que colocava em risco a seguran\u00e7a rodovi\u00e1ria.\" \/>\n<meta property=\"og:url\" content=\"https:\/\/portaltela.pt\/noticias\/2026\/01\/20\/dezassete-carros-e-motos-apreendidos-em-setubal\/\" \/>\n<meta property=\"og:site_name\" content=\"Portal Tela Portugal\" \/>\n<meta property=\"article:published_time\" content=\"2026-01-20T07:52:00+00:00\" \/>\n<meta name=\"author\" content=\"Telinha\" \/>\n<meta name=\"twitter:card\" content=\"summary_large_image\" \/>\n<meta name=\"twitter:label1\" content=\"Escrito por\" \/>\n\t<meta name=\"twitter:data1\" content=\"Telinha\" \/>\n\t<meta name=\"twitter:label2\" content=\"Tempo estimado de leitura\" \/>\n\t<meta name=\"twitter:data2\" content=\"1 minuto\" \/>\n<script type=\"application\/ld+json\" class=\"yoast-schema-graph\">{\"@context\":\"https:\/\/schema.org\",\"@graph\":[{\"@type\":\"Article\",\"@id\":\"https:\/\/portaltela.pt\/noticias\/2026\/01\/20\/dezassete-carros-e-motos-apreendidos-em-setubal\/#article\",\"isPartOf\":{\"@id\":\"https:\/\/portaltela.pt\/noticias\/2026\/01\/20\/dezassete-carros-e-motos-apreendidos-em-setubal\/\"},\"author\":{\"name\":\"Telinha\",\"@id\":\"https:\/\/portaltela.pt\/#\/schema\/person\/c4278d4a6028830caff9ee44b42d32ed\"},\"headline\":\"Dezassete carros e motos apreendidos em Set\u00fabal\",\"datePublished\":\"2026-01-20T07:52:00+00:00\",\"mainEntityOfPage\":{\"@id\":\"https:\/\/portaltela.pt\/noticias\/2026\/01\/20\/dezassete-carros-e-motos-apreendidos-em-setubal\/\"},\"wordCount\":153,\"image\":{\"@id\":\"https:\/\/portaltela.pt\/noticias\/2026\/01\/20\/dezassete-carros-e-motos-apreendidos-em-setubal\/#primaryimage\"},\"thumbnailUrl\":\"https:\/\/portaltela.pt\/s.01k8rhncp4jt1\/2026\/01\/unnamed-file-4034.jpg\",\"keywords\":[\"Autom\u00f3veis\",\"condu\u00e7\u00e3o sob a influ\u00eancia de \u00e1lcool\",\"GNR\",\"infra\u00e7\u00f5es rodovi\u00e1rias\",\"Set\u00fabal\",\"tr\u00e2nsito\"],\"articleSection\":[\"Not\u00edcias\"],\"inLanguage\":\"pt-PT\"},{\"@type\":\"WebPage\",\"@id\":\"https:\/\/portaltela.pt\/noticias\/2026\/01\/20\/dezassete-carros-e-motos-apreendidos-em-setubal\/\",\"url\":\"https:\/\/portaltela.pt\/noticias\/2026\/01\/20\/dezassete-carros-e-motos-apreendidos-em-setubal\/\",\"name\":\"Dezassete carros e motos apreendidos em Set\u00fabal - Portal Tela Portugal\",\"isPartOf\":{\"@id\":\"https:\/\/portaltela.pt\/#website\"},\"primaryImageOfPage\":{\"@id\":\"https:\/\/portaltela.pt\/noticias\/2026\/01\/20\/dezassete-carros-e-motos-apreendidos-em-setubal\/#primaryimage\"},\"image\":{\"@id\":\"https:\/\/portaltela.pt\/noticias\/2026\/01\/20\/dezassete-carros-e-motos-apreendidos-em-setubal\/#primaryimage\"},\"thumbnailUrl\":\"https:\/\/portaltela.pt\/s.01k8rhncp4jt1\/2026\/01\/unnamed-file-4034.jpg\",\"datePublished\":\"2026-01-20T07:52:00+00:00\",\"author\":{\"@id\":\"https:\/\/portaltela.pt\/#\/schema\/person\/c4278d4a6028830caff9ee44b42d32ed\"},\"breadcrumb\":{\"@id\":\"https:\/\/portaltela.pt\/noticias\/2026\/01\/20\/dezassete-carros-e-motos-apreendidos-em-setubal\/#breadcrumb\"},\"inLanguage\":\"pt-PT\",\"potentialAction\":[{\"@type\":\"ReadAction\",\"target\":[\"https:\/\/portaltela.pt\/noticias\/2026\/01\/20\/dezassete-carros-e-motos-apreendidos-em-setubal\/\"]}]},{\"@type\":\"ImageObject\",\"inLanguage\":\"pt-PT\",\"@id\":\"https:\/\/portaltela.pt\/noticias\/2026\/01\/20\/dezassete-carros-e-motos-apreendidos-em-setubal\/#primaryimage\",\"url\":\"https:\/\/portaltela.pt\/s.01k8rhncp4jt1\/2026\/01\/unnamed-file-4034.jpg\",\"contentUrl\":\"https:\/\/portaltela.pt\/s.01k8rhncp4jt1\/2026\/01\/unnamed-file-4034.jpg\",\"width\":796,\"height\":448,\"caption\":\"Nove pessoas morreram em acidentes ocorridos nos distritos do Porto, Portalegre, Aveiro e Leiria\"},{\"@type\":\"BreadcrumbList\",\"@id\":\"https:\/\/portaltela.pt\/noticias\/2026\/01\/20\/dezassete-carros-e-motos-apreendidos-em-setubal\/#breadcrumb\",\"itemListElement\":[{\"@type\":\"ListItem\",\"position\":1,\"name\":\"In\u00edcio\",\"item\":\"https:\/\/portaltela.pt\/\"},{\"@type\":\"ListItem\",\"position\":2,\"name\":\"Dezassete carros e motos apreendidos em Set\u00fabal\"}]},{\"@type\":\"WebSite\",\"@id\":\"https:\/\/portaltela.pt\/#website\",\"url\":\"https:\/\/portaltela.pt\/\",\"name\":\"Portal Tela Portugal\",\"description\":\"\",\"potentialAction\":[{\"@type\":\"SearchAction\",\"target\":{\"@type\":\"EntryPoint\",\"urlTemplate\":\"https:\/\/portaltela.pt\/?s={search_term_string}\"},\"query-input\":{\"@type\":\"PropertyValueSpecification\",\"valueRequired\":true,\"valueName\":\"search_term_string\"}}],\"inLanguage\":\"pt-PT\"},{\"@type\":\"Person\",\"@id\":\"https:\/\/portaltela.pt\/#\/schema\/person\/c4278d4a6028830caff9ee44b42d32ed\",\"name\":\"Telinha\",\"image\":{\"@type\":\"ImageObject\",\"inLanguage\":\"pt-PT\",\"@id\":\"https:\/\/portaltela.pt\/s.01k8rhncp4jt1\/2025\/11\/talking-bot-125x125.png\",\"url\":\"https:\/\/portaltela.pt\/s.01k8rhncp4jt1\/2025\/11\/talking-bot-125x125.png\",\"contentUrl\":\"https:\/\/portaltela.pt\/s.01k8rhncp4jt1\/2025\/11\/talking-bot-125x125.png\",\"caption\":\"Telinha\"},\"sameAs\":[\"https:\/\/portaltela.pt\/\"],\"url\":\"https:\/\/portaltela.pt\/por\/367410592786\/\"}]}<\/script>\n<!-- \/ Yoast SEO plugin. -->","yoast_head_json":{"title":"Dezassete carros e motos apreendidos em Set\u00fabal - Portal Tela Portugal","robots":{"index":"index","follow":"follow","max-snippet":"max-snippet:-1","max-image-preview":"max-image-preview:large","max-video-preview":"max-video-preview:-1"},"og_locale":"pt_PT","og_type":"article","og_title":"Dezassete carros e motos apreendidos em Set\u00fabal - Portal Tela Portugal","og_description":"A Guarda Nacional Republicana apreendeu dezassete ve\u00edculos em Set\u00fabal, incluindo dois motociclos, devido a altera\u00e7\u00f5es \u00e0s caracter\u00edsticas, num esfor\u00e7o contra uma concentra\u00e7\u00e3o de carros e manobras perigosas na zona industrial da Mitrena. A opera\u00e7\u00e3o contou com o refor\u00e7o do Destacamento de Interven\u00e7\u00e3o de Set\u00fabal e dos Postos Territoriais de Palmela e Set\u00fabal. Foram identificadas setenta pessoas e fiscalizados quarenta e tr\u00eas ve\u00edculos durante a a\u00e7\u00e3o. No total, resultaram quarenta e quatro autos de contraordena\u00e7\u00e3o, entre eles seis por altera\u00e7\u00f5es \u00e0s caracter\u00edsticas dos ve\u00edculos, um por falta de seguro obrigat\u00f3rio, um por utiliza\u00e7\u00e3o indevida de telem\u00f3vel, um por desobedi\u00eancia ao sinal de paragem, um por condu\u00e7\u00e3o em sentido oposto, um por falta de cinto de seguran\u00e7a e vinte e tr\u00eas por outras infra\u00e7\u00f5es. A opera\u00e7\u00e3o foi desencadeada a partir de uma den\u00fancia sobre uma concentra\u00e7\u00e3o de cidad\u00e3os e ve\u00edculos que colocava em risco a seguran\u00e7a rodovi\u00e1ria.","og_url":"https:\/\/portaltela.pt\/noticias\/2026\/01\/20\/dezassete-carros-e-motos-apreendidos-em-setubal\/","og_site_name":"Portal Tela Portugal","article_published_time":"2026-01-20T07:52:00+00:00","author":"Telinha","twitter_card":"summary_large_image","twitter_misc":{"Escrito por":"Telinha","Tempo estimado de leitura":"1 minuto"},"schema":{"@context":"https:\/\/schema.org","@graph":[{"@type":"Article","@id":"https:\/\/portaltela.pt\/noticias\/2026\/01\/20\/dezassete-carros-e-motos-apreendidos-em-setubal\/#article","isPartOf":{"@id":"https:\/\/portaltela.pt\/noticias\/2026\/01\/20\/dezassete-carros-e-motos-apreendidos-em-setubal\/"},"author":{"name":"Telinha","@id":"https:\/\/portaltela.pt\/#\/schema\/person\/c4278d4a6028830caff9ee44b42d32ed"},"headline":"Dezassete carros e motos apreendidos em Set\u00fabal","datePublished":"2026-01-20T07:52:00+00:00","mainEntityOfPage":{"@id":"https:\/\/portaltela.pt\/noticias\/2026\/01\/20\/dezassete-carros-e-motos-apreendidos-em-setubal\/"},"wordCount":153,"image":{"@id":"https:\/\/portaltela.pt\/noticias\/2026\/01\/20\/dezassete-carros-e-motos-apreendidos-em-setubal\/#primaryimage"},"thumbnailUrl":"https:\/\/portaltela.pt\/s.01k8rhncp4jt1\/2026\/01\/unnamed-file-4034.jpg","keywords":["Autom\u00f3veis","condu\u00e7\u00e3o sob a influ\u00eancia de \u00e1lcool","GNR","infra\u00e7\u00f5es rodovi\u00e1rias","Set\u00fabal","tr\u00e2nsito"],"articleSection":["Not\u00edcias"],"inLanguage":"pt-PT"},{"@type":"WebPage","@id":"https:\/\/portaltela.pt\/noticias\/2026\/01\/20\/dezassete-carros-e-motos-apreendidos-em-setubal\/","url":"https:\/\/portaltela.pt\/noticias\/2026\/01\/20\/dezassete-carros-e-motos-apreendidos-em-setubal\/","name":"Dezassete carros e motos apreendidos em Set\u00fabal - Portal Tela Portugal","isPartOf":{"@id":"https:\/\/portaltela.pt\/#website"},"primaryImageOfPage":{"@id":"https:\/\/portaltela.pt\/noticias\/2026\/01\/20\/dezassete-carros-e-motos-apreendidos-em-setubal\/#primaryimage"},"image":{"@id":"https:\/\/portaltela.pt\/noticias\/2026\/01\/20\/dezassete-carros-e-motos-apreendidos-em-setubal\/#primaryimage"},"thumbnailUrl":"https:\/\/portaltela.pt\/s.01k8rhncp4jt1\/2026\/01\/unnamed-file-4034.jpg","datePublished":"2026-01-20T07:52:00+00:00","author":{"@id":"https:\/\/portaltela.pt\/#\/schema\/person\/c4278d4a6028830caff9ee44b42d32ed"},"breadcrumb":{"@id":"https:\/\/portaltela.pt\/noticias\/2026\/01\/20\/dezassete-carros-e-motos-apreendidos-em-setubal\/#breadcrumb"},"inLanguage":"pt-PT","potentialAction":[{"@type":"ReadAction","target":["https:\/\/portaltela.pt\/noticias\/2026\/01\/20\/dezassete-carros-e-motos-apreendidos-em-setubal\/"]}]},{"@type":"ImageObject","inLanguage":"pt-PT","@id":"https:\/\/portaltela.pt\/noticias\/2026\/01\/20\/dezassete-carros-e-motos-apreendidos-em-setubal\/#primaryimage","url":"https:\/\/portaltela.pt\/s.01k8rhncp4jt1\/2026\/01\/unnamed-file-4034.jpg","contentUrl":"https:\/\/portaltela.pt\/s.01k8rhncp4jt1\/2026\/01\/unnamed-file-4034.jpg","width":796,"height":448,"caption":"Nove pessoas morreram em acidentes ocorridos nos distritos do Porto, Portalegre, Aveiro e Leiria"},{"@type":"BreadcrumbList","@id":"https:\/\/portaltela.pt\/noticias\/2026\/01\/20\/dezassete-carros-e-motos-apreendidos-em-setubal\/#breadcrumb","itemListElement":[{"@type":"ListItem","position":1,"name":"In\u00edcio","item":"https:\/\/portaltela.pt\/"},{"@type":"ListItem","position":2,"name":"Dezassete carros e motos apreendidos em Set\u00fabal"}]},{"@type":"WebSite","@id":"https:\/\/portaltela.pt\/#website","url":"https:\/\/portaltela.pt\/","name":"Portal Tela Portugal","description":"","potentialAction":[{"@type":"SearchAction","target":{"@type":"EntryPoint","urlTemplate":"https:\/\/portaltela.pt\/?s={search_term_string}"},"query-input":{"@type":"PropertyValueSpecification","valueRequired":true,"valueName":"search_term_string"}}],"inLanguage":"pt-PT"},{"@type":"Person","@id":"https:\/\/portaltela.pt\/#\/schema\/person\/c4278d4a6028830caff9ee44b42d32ed","name":"Telinha","image":{"@type":"ImageObject","inLanguage":"pt-PT","@id":"https:\/\/portaltela.pt\/s.01k8rhncp4jt1\/2025\/11\/talking-bot-125x125.png","url":"https:\/\/portaltela.pt\/s.01k8rhncp4jt1\/2025\/11\/talking-bot-125x125.png","contentUrl":"https:\/\/portaltela.pt\/s.01k8rhncp4jt1\/2025\/11\/talking-bot-125x125.png","caption":"Telinha"},"sameAs":["https:\/\/portaltela.pt\/"],"url":"https:\/\/portaltela.pt\/por\/367410592786\/"}]}},"_links":{"self":[{"href":"https:\/\/portaltela.pt\/api\/wp\/v2\/posts\/155319","targetHints":{"allow":["GET"]}}],"collection":[{"href":"https:\/\/portaltela.pt\/api\/wp\/v2\/posts"}],"about":[{"href":"https:\/\/portaltela.pt\/api\/wp\/v2\/types\/post"}],"author":[{"embeddable":true,"href":"https:\/\/portaltela.pt\/api\/wp\/v2\/users\/2"}],"replies":[{"embeddable":true,"href":"https:\/\/portaltela.pt\/api\/wp\/v2\/comments?post=155319"}],"version-history":[{"count":0,"href":"https:\/\/portaltela.pt\/api\/wp\/v2\/posts\/155319\/revisions"}],"wp:featuredmedia":[{"embeddable":true,"href":"https:\/\/portaltela.pt\/api\/wp\/v2\/media\/155334"}],"wp:attachment":[{"href":"https:\/\/portaltela.pt\/api\/wp\/v2\/media?parent=155319"}],"wp:term":[{"taxonomy":"category","embeddable":true,"href":"https:\/\/portaltela.pt\/api\/wp\/v2\/categories?post=155319"},{"taxonomy":"post_tag","embeddable":true,"href":"https:\/\/portaltela.pt\/api\/wp\/v2\/tags?post=155319"}],"curies":[{"name":"wp","href":"https:\/\/api.w.org\/{rel}","templated":true}]}}