{"id":155285,"date":"2026-01-20T05:30:00","date_gmt":"2026-01-20T08:30:00","guid":{"rendered":"https:\/\/portaltela.pt\/noticias\/2026\/01\/20\/chef-ann-kristin-abre-pastelaria-na-avenida-da-liberdade-apos-catering-de-luxo\/"},"modified":"2026-01-20T05:30:00","modified_gmt":"2026-01-20T08:30:00","slug":"chef-ann-kristin-abre-pastelaria-na-avenida-da-liberdade-apos-catering-de-luxo","status":"publish","type":"post","link":"https:\/\/portaltela.pt\/noticias\/2026\/01\/20\/chef-ann-kristin-abre-pastelaria-na-avenida-da-liberdade-apos-catering-de-luxo\/","title":{"rendered":"Chef Ann-Kristin abre pastelaria na Avenida da Liberdade ap\u00f3s catering de luxo"},"content":{"rendered":"<p>A partir de uma cozinha de produ\u00e7\u00e3o dedicada ao catering, a empres\u00e1ria Ann-Kristin Wenzel criou uma pastelaria sofisticada na Avenida da Liberdade, em Lisboa. O espa\u00e7o diverte-se entre brownies de assinatura e bebidas quentes, com servi\u00e7o cuidando do detalhe.<\/p>\n<p>A transforma\u00e7\u00e3o do local mant\u00e9m o friso da antiga pastelaria Casa das Conchas, que funcionou no in\u00edcio do s\u00e9culo XX. Hoje, o espa\u00e7o brilha com nova ilumina\u00e7\u00e3o e uma est\u00e9tica cl\u00e1ssica, adaptada ao conceito de atelier de Ann-Kristin.<\/p>\n<p>Antes da abertura, o espa\u00e7o funcionava como antiqu\u00e1rio e loja de restauro. A empres\u00e1ria dinamarquesa de 35 anos pretende manter a heran\u00e7a do local, mantendo alguns tra\u00e7os hist\u00f3ricos enquanto investe numa cozinha de produ\u00e7\u00e3o para o seu catering.<\/p>\n<p>A nova pastelaria surge com a inten\u00e7\u00e3o de preservar a mem\u00f3ria do im\u00f3vel e oferecer uma experi\u00eancia integrada de confeitaria, bebidas e produtos regionais, potenciando o charme da zona hist\u00f3rica de Lisboa. O objetivo \u00e9 criar uma refer\u00eancia de qualidade na avenida.<\/p>\n","protected":false},"excerpt":{"rendered":"<ul>\n<li>Atelier AK, em Lisboa, transforma a cozinha de catering da chef Ann-Kristin Wenzel numa pastelaria sofisticada na Avenida da Liberdade.<\/li>\n<li>Para al\u00e9m dos brownies de assinatura, a pastelaria oferece bebidas quentes, servi\u00e7o cort\u00eas e uma est\u00e9tica cl\u00e1ssica.<\/li>\n<li>O espa\u00e7o manteve o friso da antiga pastelaria Casa das Conchas, agora reimaginado com a indica\u00e7\u00e3o \u201cVinhos, Pastelaria e Produtos Regionais\u201d.<\/li>\n<li>A propriet\u00e1ria, dinamarquesa de 35 anos, disse \u00e0 Evas\u00f5es que, inicialmente, a ideia era apenas instalar uma cozinha de produ\u00e7\u00e3o, n\u00e3o uma pastelaria.<\/li>\n<li>O local j\u00e1 funcionava como antiqu\u00e1rio e loja de restauro antes da mudan\u00e7a, com a empres\u00e1ria a adquirir lustres nas lojas da rua para preservar o ambiente hist\u00f3rico.<\/li>\n<\/ul>\n","protected":false},"author":2,"featured_media":155286,"comment_status":"closed","ping_status":"closed","sticky":false,"template":"","format":"standard","meta":{"footnotes":""},"categories":[1],"tags":[142,778,3220,145,299,981],"class_list":["post-155285","post","type-post","status-publish","format-standard","has-post-thumbnail","hentry","category-noticias","tag-arquitetura","tag-comida","tag-confeitaria","tag-cultura","tag-historia","tag-lisboa"],"yoast_head":"<!-- This site is optimized with the Yoast SEO plugin v27.2 - https:\/\/yoast.com\/product\/yoast-seo-wordpress\/ -->\n<title>Chef Ann-Kristin abre pastelaria na Avenida da Liberdade ap\u00f3s catering de luxo - Portal Tela Portugal<\/title>\n<meta name=\"robots\" content=\"index, follow, max-snippet:-1, max-image-preview:large, max-video-preview:-1\" \/>\n<meta property=\"og:locale\" content=\"pt_PT\" \/>\n<meta property=\"og:type\" content=\"article\" \/>\n<meta property=\"og:title\" content=\"Chef Ann-Kristin abre pastelaria na Avenida da Liberdade ap\u00f3s catering de luxo - Portal Tela Portugal\" \/>\n<meta property=\"og:description\" content=\"Atelier AK, em Lisboa, transforma a cozinha de catering da chef Ann-Kristin Wenzel numa pastelaria sofisticada na Avenida da Liberdade. Para al\u00e9m dos brownies de assinatura, a pastelaria oferece bebidas quentes, servi\u00e7o cort\u00eas e uma est\u00e9tica cl\u00e1ssica. O espa\u00e7o manteve o friso da antiga pastelaria Casa das Conchas, agora reimaginado com a indica\u00e7\u00e3o \u201cVinhos, Pastelaria e Produtos Regionais\u201d. A propriet\u00e1ria, dinamarquesa de 35 anos, disse \u00e0 Evas\u00f5es que, inicialmente, a ideia era apenas instalar uma cozinha de produ\u00e7\u00e3o, n\u00e3o uma pastelaria. O local j\u00e1 funcionava como antiqu\u00e1rio e loja de restauro antes da mudan\u00e7a, com a empres\u00e1ria a adquirir lustres nas lojas da rua para preservar o ambiente hist\u00f3rico.\" \/>\n<meta property=\"og:url\" content=\"https:\/\/portaltela.pt\/noticias\/2026\/01\/20\/chef-ann-kristin-abre-pastelaria-na-avenida-da-liberdade-apos-catering-de-luxo\/\" \/>\n<meta property=\"og:site_name\" content=\"Portal Tela Portugal\" \/>\n<meta property=\"article:published_time\" content=\"2026-01-20T08:30:00+00:00\" \/>\n<meta name=\"author\" content=\"Telinha\" \/>\n<meta name=\"twitter:card\" content=\"summary_large_image\" \/>\n<meta name=\"twitter:label1\" content=\"Escrito por\" \/>\n\t<meta name=\"twitter:data1\" content=\"Telinha\" \/>\n\t<meta name=\"twitter:label2\" content=\"Tempo estimado de leitura\" \/>\n\t<meta name=\"twitter:data2\" content=\"1 minuto\" \/>\n<script type=\"application\/ld+json\" class=\"yoast-schema-graph\">{\"@context\":\"https:\/\/schema.org\",\"@graph\":[{\"@type\":\"Article\",\"@id\":\"https:\/\/portaltela.pt\/noticias\/2026\/01\/20\/chef-ann-kristin-abre-pastelaria-na-avenida-da-liberdade-apos-catering-de-luxo\/#article\",\"isPartOf\":{\"@id\":\"https:\/\/portaltela.pt\/noticias\/2026\/01\/20\/chef-ann-kristin-abre-pastelaria-na-avenida-da-liberdade-apos-catering-de-luxo\/\"},\"author\":{\"name\":\"Telinha\",\"@id\":\"https:\/\/portaltela.pt\/#\/schema\/person\/c4278d4a6028830caff9ee44b42d32ed\"},\"headline\":\"Chef Ann-Kristin abre pastelaria na Avenida da Liberdade ap\u00f3s catering de luxo\",\"datePublished\":\"2026-01-20T08:30:00+00:00\",\"mainEntityOfPage\":{\"@id\":\"https:\/\/portaltela.pt\/noticias\/2026\/01\/20\/chef-ann-kristin-abre-pastelaria-na-avenida-da-liberdade-apos-catering-de-luxo\/\"},\"wordCount\":193,\"image\":{\"@id\":\"https:\/\/portaltela.pt\/noticias\/2026\/01\/20\/chef-ann-kristin-abre-pastelaria-na-avenida-da-liberdade-apos-catering-de-luxo\/#primaryimage\"},\"thumbnailUrl\":\"https:\/\/portaltela.pt\/s.01k8rhncp4jt1\/2026\/01\/image-1218.jpg\",\"keywords\":[\"arquitetura\",\"comida\",\"confeitaria\",\"cultura\",\"hist\u00f3ria\",\"Lisboa\"],\"articleSection\":[\"Not\u00edcias\"],\"inLanguage\":\"pt-PT\"},{\"@type\":\"WebPage\",\"@id\":\"https:\/\/portaltela.pt\/noticias\/2026\/01\/20\/chef-ann-kristin-abre-pastelaria-na-avenida-da-liberdade-apos-catering-de-luxo\/\",\"url\":\"https:\/\/portaltela.pt\/noticias\/2026\/01\/20\/chef-ann-kristin-abre-pastelaria-na-avenida-da-liberdade-apos-catering-de-luxo\/\",\"name\":\"Chef Ann-Kristin abre pastelaria na Avenida da Liberdade ap\u00f3s catering de luxo - Portal Tela Portugal\",\"isPartOf\":{\"@id\":\"https:\/\/portaltela.pt\/#website\"},\"primaryImageOfPage\":{\"@id\":\"https:\/\/portaltela.pt\/noticias\/2026\/01\/20\/chef-ann-kristin-abre-pastelaria-na-avenida-da-liberdade-apos-catering-de-luxo\/#primaryimage\"},\"image\":{\"@id\":\"https:\/\/portaltela.pt\/noticias\/2026\/01\/20\/chef-ann-kristin-abre-pastelaria-na-avenida-da-liberdade-apos-catering-de-luxo\/#primaryimage\"},\"thumbnailUrl\":\"https:\/\/portaltela.pt\/s.01k8rhncp4jt1\/2026\/01\/image-1218.jpg\",\"datePublished\":\"2026-01-20T08:30:00+00:00\",\"author\":{\"@id\":\"https:\/\/portaltela.pt\/#\/schema\/person\/c4278d4a6028830caff9ee44b42d32ed\"},\"breadcrumb\":{\"@id\":\"https:\/\/portaltela.pt\/noticias\/2026\/01\/20\/chef-ann-kristin-abre-pastelaria-na-avenida-da-liberdade-apos-catering-de-luxo\/#breadcrumb\"},\"inLanguage\":\"pt-PT\",\"potentialAction\":[{\"@type\":\"ReadAction\",\"target\":[\"https:\/\/portaltela.pt\/noticias\/2026\/01\/20\/chef-ann-kristin-abre-pastelaria-na-avenida-da-liberdade-apos-catering-de-luxo\/\"]}]},{\"@type\":\"ImageObject\",\"inLanguage\":\"pt-PT\",\"@id\":\"https:\/\/portaltela.pt\/noticias\/2026\/01\/20\/chef-ann-kristin-abre-pastelaria-na-avenida-da-liberdade-apos-catering-de-luxo\/#primaryimage\",\"url\":\"https:\/\/portaltela.pt\/s.01k8rhncp4jt1\/2026\/01\/image-1218.jpg\",\"contentUrl\":\"https:\/\/portaltela.pt\/s.01k8rhncp4jt1\/2026\/01\/image-1218.jpg\",\"width\":796,\"height\":448,\"caption\":\"Ann-Kristin \u00e9 a anfitri\u00e3 do Atelier AK, em Lisboa.\"},{\"@type\":\"BreadcrumbList\",\"@id\":\"https:\/\/portaltela.pt\/noticias\/2026\/01\/20\/chef-ann-kristin-abre-pastelaria-na-avenida-da-liberdade-apos-catering-de-luxo\/#breadcrumb\",\"itemListElement\":[{\"@type\":\"ListItem\",\"position\":1,\"name\":\"In\u00edcio\",\"item\":\"https:\/\/portaltela.pt\/\"},{\"@type\":\"ListItem\",\"position\":2,\"name\":\"Chef Ann-Kristin abre pastelaria na Avenida da Liberdade ap\u00f3s catering de luxo\"}]},{\"@type\":\"WebSite\",\"@id\":\"https:\/\/portaltela.pt\/#website\",\"url\":\"https:\/\/portaltela.pt\/\",\"name\":\"Portal Tela Portugal\",\"description\":\"\",\"potentialAction\":[{\"@type\":\"SearchAction\",\"target\":{\"@type\":\"EntryPoint\",\"urlTemplate\":\"https:\/\/portaltela.pt\/?s={search_term_string}\"},\"query-input\":{\"@type\":\"PropertyValueSpecification\",\"valueRequired\":true,\"valueName\":\"search_term_string\"}}],\"inLanguage\":\"pt-PT\"},{\"@type\":\"Person\",\"@id\":\"https:\/\/portaltela.pt\/#\/schema\/person\/c4278d4a6028830caff9ee44b42d32ed\",\"name\":\"Telinha\",\"image\":{\"@type\":\"ImageObject\",\"inLanguage\":\"pt-PT\",\"@id\":\"https:\/\/portaltela.pt\/s.01k8rhncp4jt1\/2025\/11\/talking-bot-125x125.png\",\"url\":\"https:\/\/portaltela.pt\/s.01k8rhncp4jt1\/2025\/11\/talking-bot-125x125.png\",\"contentUrl\":\"https:\/\/portaltela.pt\/s.01k8rhncp4jt1\/2025\/11\/talking-bot-125x125.png\",\"caption\":\"Telinha\"},\"sameAs\":[\"https:\/\/portaltela.pt\/\"],\"url\":\"https:\/\/portaltela.pt\/por\/367410592786\/\"}]}<\/script>\n<!-- \/ Yoast SEO plugin. -->","yoast_head_json":{"title":"Chef Ann-Kristin abre pastelaria na Avenida da Liberdade ap\u00f3s catering de luxo - Portal Tela Portugal","robots":{"index":"index","follow":"follow","max-snippet":"max-snippet:-1","max-image-preview":"max-image-preview:large","max-video-preview":"max-video-preview:-1"},"og_locale":"pt_PT","og_type":"article","og_title":"Chef Ann-Kristin abre pastelaria na Avenida da Liberdade ap\u00f3s catering de luxo - Portal Tela Portugal","og_description":"Atelier AK, em Lisboa, transforma a cozinha de catering da chef Ann-Kristin Wenzel numa pastelaria sofisticada na Avenida da Liberdade. Para al\u00e9m dos brownies de assinatura, a pastelaria oferece bebidas quentes, servi\u00e7o cort\u00eas e uma est\u00e9tica cl\u00e1ssica. O espa\u00e7o manteve o friso da antiga pastelaria Casa das Conchas, agora reimaginado com a indica\u00e7\u00e3o \u201cVinhos, Pastelaria e Produtos Regionais\u201d. A propriet\u00e1ria, dinamarquesa de 35 anos, disse \u00e0 Evas\u00f5es que, inicialmente, a ideia era apenas instalar uma cozinha de produ\u00e7\u00e3o, n\u00e3o uma pastelaria. O local j\u00e1 funcionava como antiqu\u00e1rio e loja de restauro antes da mudan\u00e7a, com a empres\u00e1ria a adquirir lustres nas lojas da rua para preservar o ambiente hist\u00f3rico.","og_url":"https:\/\/portaltela.pt\/noticias\/2026\/01\/20\/chef-ann-kristin-abre-pastelaria-na-avenida-da-liberdade-apos-catering-de-luxo\/","og_site_name":"Portal Tela Portugal","article_published_time":"2026-01-20T08:30:00+00:00","author":"Telinha","twitter_card":"summary_large_image","twitter_misc":{"Escrito por":"Telinha","Tempo estimado de leitura":"1 minuto"},"schema":{"@context":"https:\/\/schema.org","@graph":[{"@type":"Article","@id":"https:\/\/portaltela.pt\/noticias\/2026\/01\/20\/chef-ann-kristin-abre-pastelaria-na-avenida-da-liberdade-apos-catering-de-luxo\/#article","isPartOf":{"@id":"https:\/\/portaltela.pt\/noticias\/2026\/01\/20\/chef-ann-kristin-abre-pastelaria-na-avenida-da-liberdade-apos-catering-de-luxo\/"},"author":{"name":"Telinha","@id":"https:\/\/portaltela.pt\/#\/schema\/person\/c4278d4a6028830caff9ee44b42d32ed"},"headline":"Chef Ann-Kristin abre pastelaria na Avenida da Liberdade ap\u00f3s catering de luxo","datePublished":"2026-01-20T08:30:00+00:00","mainEntityOfPage":{"@id":"https:\/\/portaltela.pt\/noticias\/2026\/01\/20\/chef-ann-kristin-abre-pastelaria-na-avenida-da-liberdade-apos-catering-de-luxo\/"},"wordCount":193,"image":{"@id":"https:\/\/portaltela.pt\/noticias\/2026\/01\/20\/chef-ann-kristin-abre-pastelaria-na-avenida-da-liberdade-apos-catering-de-luxo\/#primaryimage"},"thumbnailUrl":"https:\/\/portaltela.pt\/s.01k8rhncp4jt1\/2026\/01\/image-1218.jpg","keywords":["arquitetura","comida","confeitaria","cultura","hist\u00f3ria","Lisboa"],"articleSection":["Not\u00edcias"],"inLanguage":"pt-PT"},{"@type":"WebPage","@id":"https:\/\/portaltela.pt\/noticias\/2026\/01\/20\/chef-ann-kristin-abre-pastelaria-na-avenida-da-liberdade-apos-catering-de-luxo\/","url":"https:\/\/portaltela.pt\/noticias\/2026\/01\/20\/chef-ann-kristin-abre-pastelaria-na-avenida-da-liberdade-apos-catering-de-luxo\/","name":"Chef Ann-Kristin abre pastelaria na Avenida da Liberdade ap\u00f3s catering de luxo - Portal Tela Portugal","isPartOf":{"@id":"https:\/\/portaltela.pt\/#website"},"primaryImageOfPage":{"@id":"https:\/\/portaltela.pt\/noticias\/2026\/01\/20\/chef-ann-kristin-abre-pastelaria-na-avenida-da-liberdade-apos-catering-de-luxo\/#primaryimage"},"image":{"@id":"https:\/\/portaltela.pt\/noticias\/2026\/01\/20\/chef-ann-kristin-abre-pastelaria-na-avenida-da-liberdade-apos-catering-de-luxo\/#primaryimage"},"thumbnailUrl":"https:\/\/portaltela.pt\/s.01k8rhncp4jt1\/2026\/01\/image-1218.jpg","datePublished":"2026-01-20T08:30:00+00:00","author":{"@id":"https:\/\/portaltela.pt\/#\/schema\/person\/c4278d4a6028830caff9ee44b42d32ed"},"breadcrumb":{"@id":"https:\/\/portaltela.pt\/noticias\/2026\/01\/20\/chef-ann-kristin-abre-pastelaria-na-avenida-da-liberdade-apos-catering-de-luxo\/#breadcrumb"},"inLanguage":"pt-PT","potentialAction":[{"@type":"ReadAction","target":["https:\/\/portaltela.pt\/noticias\/2026\/01\/20\/chef-ann-kristin-abre-pastelaria-na-avenida-da-liberdade-apos-catering-de-luxo\/"]}]},{"@type":"ImageObject","inLanguage":"pt-PT","@id":"https:\/\/portaltela.pt\/noticias\/2026\/01\/20\/chef-ann-kristin-abre-pastelaria-na-avenida-da-liberdade-apos-catering-de-luxo\/#primaryimage","url":"https:\/\/portaltela.pt\/s.01k8rhncp4jt1\/2026\/01\/image-1218.jpg","contentUrl":"https:\/\/portaltela.pt\/s.01k8rhncp4jt1\/2026\/01\/image-1218.jpg","width":796,"height":448,"caption":"Ann-Kristin \u00e9 a anfitri\u00e3 do Atelier AK, em Lisboa."},{"@type":"BreadcrumbList","@id":"https:\/\/portaltela.pt\/noticias\/2026\/01\/20\/chef-ann-kristin-abre-pastelaria-na-avenida-da-liberdade-apos-catering-de-luxo\/#breadcrumb","itemListElement":[{"@type":"ListItem","position":1,"name":"In\u00edcio","item":"https:\/\/portaltela.pt\/"},{"@type":"ListItem","position":2,"name":"Chef Ann-Kristin abre pastelaria na Avenida da Liberdade ap\u00f3s catering de luxo"}]},{"@type":"WebSite","@id":"https:\/\/portaltela.pt\/#website","url":"https:\/\/portaltela.pt\/","name":"Portal Tela Portugal","description":"","potentialAction":[{"@type":"SearchAction","target":{"@type":"EntryPoint","urlTemplate":"https:\/\/portaltela.pt\/?s={search_term_string}"},"query-input":{"@type":"PropertyValueSpecification","valueRequired":true,"valueName":"search_term_string"}}],"inLanguage":"pt-PT"},{"@type":"Person","@id":"https:\/\/portaltela.pt\/#\/schema\/person\/c4278d4a6028830caff9ee44b42d32ed","name":"Telinha","image":{"@type":"ImageObject","inLanguage":"pt-PT","@id":"https:\/\/portaltela.pt\/s.01k8rhncp4jt1\/2025\/11\/talking-bot-125x125.png","url":"https:\/\/portaltela.pt\/s.01k8rhncp4jt1\/2025\/11\/talking-bot-125x125.png","contentUrl":"https:\/\/portaltela.pt\/s.01k8rhncp4jt1\/2025\/11\/talking-bot-125x125.png","caption":"Telinha"},"sameAs":["https:\/\/portaltela.pt\/"],"url":"https:\/\/portaltela.pt\/por\/367410592786\/"}]}},"_links":{"self":[{"href":"https:\/\/portaltela.pt\/api\/wp\/v2\/posts\/155285","targetHints":{"allow":["GET"]}}],"collection":[{"href":"https:\/\/portaltela.pt\/api\/wp\/v2\/posts"}],"about":[{"href":"https:\/\/portaltela.pt\/api\/wp\/v2\/types\/post"}],"author":[{"embeddable":true,"href":"https:\/\/portaltela.pt\/api\/wp\/v2\/users\/2"}],"replies":[{"embeddable":true,"href":"https:\/\/portaltela.pt\/api\/wp\/v2\/comments?post=155285"}],"version-history":[{"count":0,"href":"https:\/\/portaltela.pt\/api\/wp\/v2\/posts\/155285\/revisions"}],"wp:featuredmedia":[{"embeddable":true,"href":"https:\/\/portaltela.pt\/api\/wp\/v2\/media\/155286"}],"wp:attachment":[{"href":"https:\/\/portaltela.pt\/api\/wp\/v2\/media?parent=155285"}],"wp:term":[{"taxonomy":"category","embeddable":true,"href":"https:\/\/portaltela.pt\/api\/wp\/v2\/categories?post=155285"},{"taxonomy":"post_tag","embeddable":true,"href":"https:\/\/portaltela.pt\/api\/wp\/v2\/tags?post=155285"}],"curies":[{"name":"wp","href":"https:\/\/api.w.org\/{rel}","templated":true}]}}