{"id":155249,"date":"2026-01-20T05:00:00","date_gmt":"2026-01-20T08:00:00","guid":{"rendered":"https:\/\/portaltela.pt\/noticias\/2026\/01\/20\/crise-em-madrid-expoe-problemas-na-administracao-local\/"},"modified":"2026-01-20T05:00:00","modified_gmt":"2026-01-20T08:00:00","slug":"crise-em-madrid-expoe-problemas-na-administracao-local","status":"publish","type":"post","link":"https:\/\/portaltela.pt\/desporto\/futebol\/2026\/01\/20\/crise-em-madrid-expoe-problemas-na-administracao-local\/","title":{"rendered":"Crise em Madrid exp\u00f5e problemas na administra\u00e7\u00e3o local"},"content":{"rendered":"<p>A equipa de opini\u00e3o de Carmen Garcia utiliza a met\u00e1fora de um observat\u00f3rio para descrever o Real Madrid. O texto compara egos e talentos excessivos com uma falha de coordena\u00e7\u00e3o entre especialistas que n\u00e3o consegue definir uma trajet\u00f3ria comum. O resultado \u00e9 relatado como um relat\u00f3rio incompleto e inconclusivo.<\/p>\n<p>A cr\u00f3nica sustenta que o problema n\u00e3o est\u00e1 na capacidade individual, mas no excesso de talento que impede o alinhamento de objetivos. A narrativa associa a falta de acordo entre lideran\u00e7as e jogadores a um desequil\u00edbrio que impede resultados consistentes.<\/p>\n<p>O autor revela identifica\u00e7\u00e3o com o clube espanhol, admitindo ser adepto, e aponta para sinais de tens\u00e3o no balne\u00e1rio, com dissid\u00eancias entre jogadores-chave e a equipa t\u00e9cnica. A situa\u00e7\u00e3o \u00e9 apresentada como indicadora de uma crise interna.<\/p>\n<p>Na an\u00e1lise, o texto menciona Xabi Alonso como exemplo de mudan\u00e7as que revelaram rupturas de entendimento dentro do conjunto. O regresso da figura de Alonso ao Real Madrid \u00e9 citado como elemento de ruptura com o passado, gerando controv\u00e9rsia entre a dire\u00e7\u00e3o e os jogadores.<\/p>\n<p>O relato descreve acusa\u00e7\u00f5es de resist\u00eancia a m\u00e9todos de treino e a escolhas t\u00e1ticas, bem como dist\u00e2ncias entre jogadores como Vini Jr., Jude Bellingham e Mbapp\u00e9. S\u00e3o descritos atrasos na comunica\u00e7\u00e3o de despedidas e mensagens p\u00fablicas que sugerem desfechos tensos no balne\u00e1rio.<\/p>\n<p>O artigo conclui com uma leitura cr\u00edtica sobre o atual equil\u00edbrio de poder no clube, onde os jogadores aparecem com influ\u00eancia excessiva, potencialmente a prejudicar a disciplina desportiva. O texto acrescenta que a atual gest\u00e3o pode n\u00e3o estar a corresponder \u00e0s expetativas internas.<\/p>\n<h3>O que aconteceu<\/h3>\n<p>O texto relata uma crise interna no Real Madrid, associada a conflitos entre jogadores e treinador, e a uma gest\u00e3o que n\u00e3o conseguiu impor um rumo \u00fanico. O resultado foi a aus\u00eancia de resultados consistentes em campo.<\/p>\n<h3>Quem est\u00e1 envolvido<\/h3>\n<p>Mencionam-se Xabi Alonso, Vini Jr., Jude Bellingham, Mbapp\u00e9 e a equipa t\u00e9cnica como figuras centrais na narrativa. O autor relaciona tamb\u00e9m a dire\u00e7\u00e3o do clube \u00e0s escolhas que gerem o ambiente interno.<\/p>\n<h3>Quando e onde<\/h3>\n<p>O cen\u00e1rio descreve a temporada atual do Real Madrid, com refer\u00eancias a acontecimentos recentes dentro do clube, em Madrid, Espanha. A linha temporal foca a fase de transi\u00e7\u00f5es e tens\u00f5es entre temporadas.<\/p>\n<h3>Porqu\u00ea<\/h3>\n<p>A explica\u00e7\u00e3o baseia-se na ideia de que a combina\u00e7\u00e3o de egos elevados, talentosos demais, dificulta a tomada de decis\u00f5es coletivas. O texto sugere que a disciplina e a coes\u00e3o s\u00e3o determinantes para o sucesso desportivo.<\/p>\n","protected":false},"excerpt":{"rendered":"<ul>\n<li>A cr\u00f3nica compara o Real Madrid a uma equipa de cientistas com egos elevados, incapaz de definir uma \u00f3rbita, resultando em relat\u00f3rios inconclusivos.<\/li>\n<li>A sa\u00edda de Xabi Alonso \u00e9 apresentada como sinal de problemas no reino de Madrid, apesar do in\u00edcio promissor da \u00e9poca.<\/li>\n<li>Existem relatos de tens\u00f5es no balne\u00e1rio, resist\u00eancia a m\u00e9todos t\u00e1ticos do treinador e reuni\u00f5es sem resultados significativos.<\/li>\n<li>Observa-se distanciamento entre jogadores-chave, com Vini Jr. e Jude Bellingham a demorar a publicar mensagens; Mbapp\u00e9 ter\u00e1 enviado uma mensagem amig\u00e1vel a Alonso.<\/li>\n<li>O jogo frente ao Albacete, na Ta\u00e7a do Rei, \u00e9 visto como exemplo de vulnerabilidade defensiva e de gest\u00e3o do fim de jogo, levantando d\u00favidas sobre a lideran\u00e7a do clube.<\/li>\n<\/ul>\n","protected":false},"author":2,"featured_media":155253,"comment_status":"closed","ping_status":"closed","sticky":false,"template":"","format":"standard","meta":{"footnotes":""},"categories":[21,24],"tags":[32,3338,2967,3375,2265,2664],"class_list":["post-155249","post","type-post","status-publish","format-standard","has-post-thumbnail","hentry","category-desporto","category-futebol","tag-futebol","tag-futebol-internacional","tag-jude-bellingham","tag-mbappe","tag-vinicius-junior","tag-xabi-alonso"],"yoast_head":"<!-- This site is optimized with the Yoast SEO plugin v27.2 - https:\/\/yoast.com\/product\/yoast-seo-wordpress\/ -->\n<title>Crise em Madrid exp\u00f5e problemas na administra\u00e7\u00e3o local - Portal Tela Portugal<\/title>\n<meta name=\"robots\" content=\"index, follow, max-snippet:-1, max-image-preview:large, max-video-preview:-1\" \/>\n<meta property=\"og:locale\" content=\"pt_PT\" \/>\n<meta property=\"og:type\" content=\"article\" \/>\n<meta property=\"og:title\" content=\"Crise em Madrid exp\u00f5e problemas na administra\u00e7\u00e3o local - Portal Tela Portugal\" \/>\n<meta property=\"og:description\" content=\"A cr\u00f3nica compara o Real Madrid a uma equipa de cientistas com egos elevados, incapaz de definir uma \u00f3rbita, resultando em relat\u00f3rios inconclusivos. A sa\u00edda de Xabi Alonso \u00e9 apresentada como sinal de problemas no reino de Madrid, apesar do in\u00edcio promissor da \u00e9poca. Existem relatos de tens\u00f5es no balne\u00e1rio, resist\u00eancia a m\u00e9todos t\u00e1ticos do treinador e reuni\u00f5es sem resultados significativos. Observa-se distanciamento entre jogadores-chave, com Vini Jr. e Jude Bellingham a demorar a publicar mensagens; Mbapp\u00e9 ter\u00e1 enviado uma mensagem amig\u00e1vel a Alonso. O jogo frente ao Albacete, na Ta\u00e7a do Rei, \u00e9 visto como exemplo de vulnerabilidade defensiva e de gest\u00e3o do fim de jogo, levantando d\u00favidas sobre a lideran\u00e7a do clube.\" \/>\n<meta property=\"og:url\" content=\"https:\/\/portaltela.pt\/noticias\/2026\/01\/20\/crise-em-madrid-expoe-problemas-na-administracao-local\/\" \/>\n<meta property=\"og:site_name\" content=\"Portal Tela Portugal\" \/>\n<meta property=\"article:published_time\" content=\"2026-01-20T08:00:00+00:00\" \/>\n<meta name=\"author\" content=\"Telinha\" \/>\n<meta name=\"twitter:card\" content=\"summary_large_image\" \/>\n<meta name=\"twitter:label1\" content=\"Escrito por\" \/>\n\t<meta name=\"twitter:data1\" content=\"Telinha\" \/>\n\t<meta name=\"twitter:label2\" content=\"Tempo estimado de leitura\" \/>\n\t<meta name=\"twitter:data2\" content=\"2 minutos\" \/>\n<script type=\"application\/ld+json\" class=\"yoast-schema-graph\">{\"@context\":\"https:\/\/schema.org\",\"@graph\":[{\"@type\":\"Article\",\"@id\":\"https:\/\/portaltela.pt\/noticias\/2026\/01\/20\/crise-em-madrid-expoe-problemas-na-administracao-local\/#article\",\"isPartOf\":{\"@id\":\"https:\/\/portaltela.pt\/noticias\/2026\/01\/20\/crise-em-madrid-expoe-problemas-na-administracao-local\/\"},\"author\":{\"name\":\"Telinha\",\"@id\":\"https:\/\/portaltela.pt\/#\/schema\/person\/c4278d4a6028830caff9ee44b42d32ed\"},\"headline\":\"Crise em Madrid exp\u00f5e problemas na administra\u00e7\u00e3o local\",\"datePublished\":\"2026-01-20T08:00:00+00:00\",\"mainEntityOfPage\":{\"@id\":\"https:\/\/portaltela.pt\/noticias\/2026\/01\/20\/crise-em-madrid-expoe-problemas-na-administracao-local\/\"},\"wordCount\":459,\"image\":{\"@id\":\"https:\/\/portaltela.pt\/noticias\/2026\/01\/20\/crise-em-madrid-expoe-problemas-na-administracao-local\/#primaryimage\"},\"thumbnailUrl\":\"https:\/\/portaltela.pt\/s.01k8rhncp4jt1\/2026\/01\/8abae700-4f4b-4371-9c85-b38e85920370.jpg\",\"keywords\":[\"futebol\",\"futebol internacional\",\"Jude Bellingham\",\"Mbapp\u00e9\",\"Vin\u00edcius J\u00fanior\",\"Xabi Alonso\"],\"articleSection\":[\"Desporto\",\"Futebol\"],\"inLanguage\":\"pt-PT\"},{\"@type\":\"WebPage\",\"@id\":\"https:\/\/portaltela.pt\/noticias\/2026\/01\/20\/crise-em-madrid-expoe-problemas-na-administracao-local\/\",\"url\":\"https:\/\/portaltela.pt\/noticias\/2026\/01\/20\/crise-em-madrid-expoe-problemas-na-administracao-local\/\",\"name\":\"Crise em Madrid exp\u00f5e problemas na administra\u00e7\u00e3o local - Portal Tela Portugal\",\"isPartOf\":{\"@id\":\"https:\/\/portaltela.pt\/#website\"},\"primaryImageOfPage\":{\"@id\":\"https:\/\/portaltela.pt\/noticias\/2026\/01\/20\/crise-em-madrid-expoe-problemas-na-administracao-local\/#primaryimage\"},\"image\":{\"@id\":\"https:\/\/portaltela.pt\/noticias\/2026\/01\/20\/crise-em-madrid-expoe-problemas-na-administracao-local\/#primaryimage\"},\"thumbnailUrl\":\"https:\/\/portaltela.pt\/s.01k8rhncp4jt1\/2026\/01\/8abae700-4f4b-4371-9c85-b38e85920370.jpg\",\"datePublished\":\"2026-01-20T08:00:00+00:00\",\"author\":{\"@id\":\"https:\/\/portaltela.pt\/#\/schema\/person\/c4278d4a6028830caff9ee44b42d32ed\"},\"breadcrumb\":{\"@id\":\"https:\/\/portaltela.pt\/noticias\/2026\/01\/20\/crise-em-madrid-expoe-problemas-na-administracao-local\/#breadcrumb\"},\"inLanguage\":\"pt-PT\",\"potentialAction\":[{\"@type\":\"ReadAction\",\"target\":[\"https:\/\/portaltela.pt\/noticias\/2026\/01\/20\/crise-em-madrid-expoe-problemas-na-administracao-local\/\"]}]},{\"@type\":\"ImageObject\",\"inLanguage\":\"pt-PT\",\"@id\":\"https:\/\/portaltela.pt\/noticias\/2026\/01\/20\/crise-em-madrid-expoe-problemas-na-administracao-local\/#primaryimage\",\"url\":\"https:\/\/portaltela.pt\/s.01k8rhncp4jt1\/2026\/01\/8abae700-4f4b-4371-9c85-b38e85920370.jpg\",\"contentUrl\":\"https:\/\/portaltela.pt\/s.01k8rhncp4jt1\/2026\/01\/8abae700-4f4b-4371-9c85-b38e85920370.jpg\",\"width\":796,\"height\":448,\"caption\":\"Real Madrid passou vergonha em Albacete, onde se despediu da Ta\u00e7a do Rei - Foto: Imago\"},{\"@type\":\"BreadcrumbList\",\"@id\":\"https:\/\/portaltela.pt\/noticias\/2026\/01\/20\/crise-em-madrid-expoe-problemas-na-administracao-local\/#breadcrumb\",\"itemListElement\":[{\"@type\":\"ListItem\",\"position\":1,\"name\":\"In\u00edcio\",\"item\":\"https:\/\/portaltela.pt\/\"},{\"@type\":\"ListItem\",\"position\":2,\"name\":\"Crise em Madrid exp\u00f5e problemas na administra\u00e7\u00e3o local\"}]},{\"@type\":\"WebSite\",\"@id\":\"https:\/\/portaltela.pt\/#website\",\"url\":\"https:\/\/portaltela.pt\/\",\"name\":\"Portal Tela Portugal\",\"description\":\"\",\"potentialAction\":[{\"@type\":\"SearchAction\",\"target\":{\"@type\":\"EntryPoint\",\"urlTemplate\":\"https:\/\/portaltela.pt\/?s={search_term_string}\"},\"query-input\":{\"@type\":\"PropertyValueSpecification\",\"valueRequired\":true,\"valueName\":\"search_term_string\"}}],\"inLanguage\":\"pt-PT\"},{\"@type\":\"Person\",\"@id\":\"https:\/\/portaltela.pt\/#\/schema\/person\/c4278d4a6028830caff9ee44b42d32ed\",\"name\":\"Telinha\",\"image\":{\"@type\":\"ImageObject\",\"inLanguage\":\"pt-PT\",\"@id\":\"https:\/\/portaltela.pt\/s.01k8rhncp4jt1\/2025\/11\/talking-bot-125x125.png\",\"url\":\"https:\/\/portaltela.pt\/s.01k8rhncp4jt1\/2025\/11\/talking-bot-125x125.png\",\"contentUrl\":\"https:\/\/portaltela.pt\/s.01k8rhncp4jt1\/2025\/11\/talking-bot-125x125.png\",\"caption\":\"Telinha\"},\"sameAs\":[\"https:\/\/portaltela.pt\/\"],\"url\":\"https:\/\/portaltela.pt\/por\/367410592786\/\"}]}<\/script>\n<!-- \/ Yoast SEO plugin. -->","yoast_head_json":{"title":"Crise em Madrid exp\u00f5e problemas na administra\u00e7\u00e3o local - Portal Tela Portugal","robots":{"index":"index","follow":"follow","max-snippet":"max-snippet:-1","max-image-preview":"max-image-preview:large","max-video-preview":"max-video-preview:-1"},"og_locale":"pt_PT","og_type":"article","og_title":"Crise em Madrid exp\u00f5e problemas na administra\u00e7\u00e3o local - Portal Tela Portugal","og_description":"A cr\u00f3nica compara o Real Madrid a uma equipa de cientistas com egos elevados, incapaz de definir uma \u00f3rbita, resultando em relat\u00f3rios inconclusivos. A sa\u00edda de Xabi Alonso \u00e9 apresentada como sinal de problemas no reino de Madrid, apesar do in\u00edcio promissor da \u00e9poca. Existem relatos de tens\u00f5es no balne\u00e1rio, resist\u00eancia a m\u00e9todos t\u00e1ticos do treinador e reuni\u00f5es sem resultados significativos. Observa-se distanciamento entre jogadores-chave, com Vini Jr. e Jude Bellingham a demorar a publicar mensagens; Mbapp\u00e9 ter\u00e1 enviado uma mensagem amig\u00e1vel a Alonso. O jogo frente ao Albacete, na Ta\u00e7a do Rei, \u00e9 visto como exemplo de vulnerabilidade defensiva e de gest\u00e3o do fim de jogo, levantando d\u00favidas sobre a lideran\u00e7a do clube.","og_url":"https:\/\/portaltela.pt\/noticias\/2026\/01\/20\/crise-em-madrid-expoe-problemas-na-administracao-local\/","og_site_name":"Portal Tela Portugal","article_published_time":"2026-01-20T08:00:00+00:00","author":"Telinha","twitter_card":"summary_large_image","twitter_misc":{"Escrito por":"Telinha","Tempo estimado de leitura":"2 minutos"},"schema":{"@context":"https:\/\/schema.org","@graph":[{"@type":"Article","@id":"https:\/\/portaltela.pt\/noticias\/2026\/01\/20\/crise-em-madrid-expoe-problemas-na-administracao-local\/#article","isPartOf":{"@id":"https:\/\/portaltela.pt\/noticias\/2026\/01\/20\/crise-em-madrid-expoe-problemas-na-administracao-local\/"},"author":{"name":"Telinha","@id":"https:\/\/portaltela.pt\/#\/schema\/person\/c4278d4a6028830caff9ee44b42d32ed"},"headline":"Crise em Madrid exp\u00f5e problemas na administra\u00e7\u00e3o local","datePublished":"2026-01-20T08:00:00+00:00","mainEntityOfPage":{"@id":"https:\/\/portaltela.pt\/noticias\/2026\/01\/20\/crise-em-madrid-expoe-problemas-na-administracao-local\/"},"wordCount":459,"image":{"@id":"https:\/\/portaltela.pt\/noticias\/2026\/01\/20\/crise-em-madrid-expoe-problemas-na-administracao-local\/#primaryimage"},"thumbnailUrl":"https:\/\/portaltela.pt\/s.01k8rhncp4jt1\/2026\/01\/8abae700-4f4b-4371-9c85-b38e85920370.jpg","keywords":["futebol","futebol internacional","Jude Bellingham","Mbapp\u00e9","Vin\u00edcius J\u00fanior","Xabi Alonso"],"articleSection":["Desporto","Futebol"],"inLanguage":"pt-PT"},{"@type":"WebPage","@id":"https:\/\/portaltela.pt\/noticias\/2026\/01\/20\/crise-em-madrid-expoe-problemas-na-administracao-local\/","url":"https:\/\/portaltela.pt\/noticias\/2026\/01\/20\/crise-em-madrid-expoe-problemas-na-administracao-local\/","name":"Crise em Madrid exp\u00f5e problemas na administra\u00e7\u00e3o local - Portal Tela Portugal","isPartOf":{"@id":"https:\/\/portaltela.pt\/#website"},"primaryImageOfPage":{"@id":"https:\/\/portaltela.pt\/noticias\/2026\/01\/20\/crise-em-madrid-expoe-problemas-na-administracao-local\/#primaryimage"},"image":{"@id":"https:\/\/portaltela.pt\/noticias\/2026\/01\/20\/crise-em-madrid-expoe-problemas-na-administracao-local\/#primaryimage"},"thumbnailUrl":"https:\/\/portaltela.pt\/s.01k8rhncp4jt1\/2026\/01\/8abae700-4f4b-4371-9c85-b38e85920370.jpg","datePublished":"2026-01-20T08:00:00+00:00","author":{"@id":"https:\/\/portaltela.pt\/#\/schema\/person\/c4278d4a6028830caff9ee44b42d32ed"},"breadcrumb":{"@id":"https:\/\/portaltela.pt\/noticias\/2026\/01\/20\/crise-em-madrid-expoe-problemas-na-administracao-local\/#breadcrumb"},"inLanguage":"pt-PT","potentialAction":[{"@type":"ReadAction","target":["https:\/\/portaltela.pt\/noticias\/2026\/01\/20\/crise-em-madrid-expoe-problemas-na-administracao-local\/"]}]},{"@type":"ImageObject","inLanguage":"pt-PT","@id":"https:\/\/portaltela.pt\/noticias\/2026\/01\/20\/crise-em-madrid-expoe-problemas-na-administracao-local\/#primaryimage","url":"https:\/\/portaltela.pt\/s.01k8rhncp4jt1\/2026\/01\/8abae700-4f4b-4371-9c85-b38e85920370.jpg","contentUrl":"https:\/\/portaltela.pt\/s.01k8rhncp4jt1\/2026\/01\/8abae700-4f4b-4371-9c85-b38e85920370.jpg","width":796,"height":448,"caption":"Real Madrid passou vergonha em Albacete, onde se despediu da Ta\u00e7a do Rei - Foto: Imago"},{"@type":"BreadcrumbList","@id":"https:\/\/portaltela.pt\/noticias\/2026\/01\/20\/crise-em-madrid-expoe-problemas-na-administracao-local\/#breadcrumb","itemListElement":[{"@type":"ListItem","position":1,"name":"In\u00edcio","item":"https:\/\/portaltela.pt\/"},{"@type":"ListItem","position":2,"name":"Crise em Madrid exp\u00f5e problemas na administra\u00e7\u00e3o local"}]},{"@type":"WebSite","@id":"https:\/\/portaltela.pt\/#website","url":"https:\/\/portaltela.pt\/","name":"Portal Tela Portugal","description":"","potentialAction":[{"@type":"SearchAction","target":{"@type":"EntryPoint","urlTemplate":"https:\/\/portaltela.pt\/?s={search_term_string}"},"query-input":{"@type":"PropertyValueSpecification","valueRequired":true,"valueName":"search_term_string"}}],"inLanguage":"pt-PT"},{"@type":"Person","@id":"https:\/\/portaltela.pt\/#\/schema\/person\/c4278d4a6028830caff9ee44b42d32ed","name":"Telinha","image":{"@type":"ImageObject","inLanguage":"pt-PT","@id":"https:\/\/portaltela.pt\/s.01k8rhncp4jt1\/2025\/11\/talking-bot-125x125.png","url":"https:\/\/portaltela.pt\/s.01k8rhncp4jt1\/2025\/11\/talking-bot-125x125.png","contentUrl":"https:\/\/portaltela.pt\/s.01k8rhncp4jt1\/2025\/11\/talking-bot-125x125.png","caption":"Telinha"},"sameAs":["https:\/\/portaltela.pt\/"],"url":"https:\/\/portaltela.pt\/por\/367410592786\/"}]}},"_links":{"self":[{"href":"https:\/\/portaltela.pt\/api\/wp\/v2\/posts\/155249","targetHints":{"allow":["GET"]}}],"collection":[{"href":"https:\/\/portaltela.pt\/api\/wp\/v2\/posts"}],"about":[{"href":"https:\/\/portaltela.pt\/api\/wp\/v2\/types\/post"}],"author":[{"embeddable":true,"href":"https:\/\/portaltela.pt\/api\/wp\/v2\/users\/2"}],"replies":[{"embeddable":true,"href":"https:\/\/portaltela.pt\/api\/wp\/v2\/comments?post=155249"}],"version-history":[{"count":0,"href":"https:\/\/portaltela.pt\/api\/wp\/v2\/posts\/155249\/revisions"}],"wp:featuredmedia":[{"embeddable":true,"href":"https:\/\/portaltela.pt\/api\/wp\/v2\/media\/155253"}],"wp:attachment":[{"href":"https:\/\/portaltela.pt\/api\/wp\/v2\/media?parent=155249"}],"wp:term":[{"taxonomy":"category","embeddable":true,"href":"https:\/\/portaltela.pt\/api\/wp\/v2\/categories?post=155249"},{"taxonomy":"post_tag","embeddable":true,"href":"https:\/\/portaltela.pt\/api\/wp\/v2\/tags?post=155249"}],"curies":[{"name":"wp","href":"https:\/\/api.w.org\/{rel}","templated":true}]}}