{"id":155241,"date":"2026-01-19T16:36:07","date_gmt":"2026-01-19T19:36:07","guid":{"rendered":"https:\/\/portaltela.pt\/noticias\/2026\/01\/19\/nuno-mendes-revela-resposta-sobre-eventual-regresso-de-ruben-amorim-a-portugal\/"},"modified":"2026-01-19T16:36:07","modified_gmt":"2026-01-19T19:36:07","slug":"nuno-mendes-revela-resposta-sobre-eventual-regresso-de-ruben-amorim-a-portugal","status":"publish","type":"post","link":"https:\/\/portaltela.pt\/desporto\/futebol\/2026\/01\/19\/nuno-mendes-revela-resposta-sobre-eventual-regresso-de-ruben-amorim-a-portugal\/","title":{"rendered":"Nuno Mendes revela resposta sobre eventual regresso de R\u00faben Amorim a Portugal"},"content":{"rendered":"<p>O treinador Ruben Amorim, portugu\u00eas, orientou Nuno Mendes no Sporting. Por isso, a liga\u00e7\u00e3o entre ambos voltou a ser tema durante a confer\u00eancia de imprensa de antevis\u00e3o ao jogo da Liga dos Campe\u00f5es entre PSG e Sporting.<\/p>\n<p>Mendes, hoje lateral do PSG, foi questionado sobre o papel de Amorim e o poss\u00edvel regresso do t\u00e9cnico a Portugal. O atleta confirmou a rela\u00e7\u00e3o profissional do passado, destacando a influ\u00eancia do treinador no seu percurso.<\/p>\n<p>A entrevista ocorreu antes do encontro entre as duas equipas, na Liga dos Campe\u00f5es, com foco na rela\u00e7\u00e3o entre o atleta e o seu antigo treinador. N\u00e3o houve declara\u00e7\u00f5es sobre eventuais cen\u00e1rios de transfer\u00eancia.<\/p>\n<p>O mal-estar ou a expectativa em torno de uma poss\u00edvel mudan\u00e7a de cen\u00e1rio n\u00e3o foi confirmada na resposta dada por Mendes, que manteve o foco no compromisso com o PSG e no desafio competitivo da competi\u00e7\u00e3o.<\/p>\n","protected":false},"excerpt":{"rendered":"<ul>\n<li>Ruben Amorim, treinador portugu\u00eas, orientou Nuno Mendes no Sporting.<\/li>\n<li>A liga\u00e7\u00e3o entre ambos levou a que o jogador do PSG fosse questionado sobre o t\u00e9cnico numa confer\u00eancia de imprensa.<\/li>\n<li>O tema foi abordado na antevis\u00e3o do jogo da Liga dos Campe\u00f5es entre Sporting e PSG.<\/li>\n<li>Nuno Mendes foi questionado sobre a possibilidade de Amorim voltar a Portugal.<\/li>\n<\/ul>\n","protected":false},"author":2,"featured_media":155246,"comment_status":"closed","ping_status":"closed","sticky":false,"template":"","format":"standard","meta":{"footnotes":""},"categories":[21,24],"tags":[2868,32,253,2753,1652],"class_list":["post-155241","post","type-post","status-publish","format-standard","has-post-thumbnail","hentry","category-desporto","category-futebol","tag-amorim","tag-futebol","tag-liga-dos-campeoes","tag-nuno-mendes","tag-sporting"],"yoast_head":"<!-- This site is optimized with the Yoast SEO plugin v27.2 - https:\/\/yoast.com\/product\/yoast-seo-wordpress\/ -->\n<title>Nuno Mendes revela resposta sobre eventual regresso de R\u00faben Amorim a Portugal - Portal Tela Portugal<\/title>\n<meta name=\"robots\" content=\"index, follow, max-snippet:-1, max-image-preview:large, max-video-preview:-1\" \/>\n<meta property=\"og:locale\" content=\"pt_PT\" \/>\n<meta property=\"og:type\" content=\"article\" \/>\n<meta property=\"og:title\" content=\"Nuno Mendes revela resposta sobre eventual regresso de R\u00faben Amorim a Portugal - Portal Tela Portugal\" \/>\n<meta property=\"og:description\" content=\"Ruben Amorim, treinador portugu\u00eas, orientou Nuno Mendes no Sporting. A liga\u00e7\u00e3o entre ambos levou a que o jogador do PSG fosse questionado sobre o t\u00e9cnico numa confer\u00eancia de imprensa. O tema foi abordado na antevis\u00e3o do jogo da Liga dos Campe\u00f5es entre Sporting e PSG. Nuno Mendes foi questionado sobre a possibilidade de Amorim voltar a Portugal.\" \/>\n<meta property=\"og:url\" content=\"https:\/\/portaltela.pt\/noticias\/2026\/01\/19\/nuno-mendes-revela-resposta-sobre-eventual-regresso-de-ruben-amorim-a-portugal\/\" \/>\n<meta property=\"og:site_name\" content=\"Portal Tela Portugal\" \/>\n<meta property=\"article:published_time\" content=\"2026-01-19T19:36:07+00:00\" \/>\n<meta name=\"author\" content=\"Telinha\" \/>\n<meta name=\"twitter:card\" content=\"summary_large_image\" \/>\n<meta name=\"twitter:label1\" content=\"Escrito por\" \/>\n\t<meta name=\"twitter:data1\" content=\"Telinha\" \/>\n\t<meta name=\"twitter:label2\" content=\"Tempo estimado de leitura\" \/>\n\t<meta name=\"twitter:data2\" content=\"1 minuto\" \/>\n<script type=\"application\/ld+json\" class=\"yoast-schema-graph\">{\"@context\":\"https:\/\/schema.org\",\"@graph\":[{\"@type\":\"Article\",\"@id\":\"https:\/\/portaltela.pt\/noticias\/2026\/01\/19\/nuno-mendes-revela-resposta-sobre-eventual-regresso-de-ruben-amorim-a-portugal\/#article\",\"isPartOf\":{\"@id\":\"https:\/\/portaltela.pt\/noticias\/2026\/01\/19\/nuno-mendes-revela-resposta-sobre-eventual-regresso-de-ruben-amorim-a-portugal\/\"},\"author\":{\"name\":\"Telinha\",\"@id\":\"https:\/\/portaltela.pt\/#\/schema\/person\/c4278d4a6028830caff9ee44b42d32ed\"},\"headline\":\"Nuno Mendes revela resposta sobre eventual regresso de R\u00faben Amorim a Portugal\",\"datePublished\":\"2026-01-19T19:36:07+00:00\",\"mainEntityOfPage\":{\"@id\":\"https:\/\/portaltela.pt\/noticias\/2026\/01\/19\/nuno-mendes-revela-resposta-sobre-eventual-regresso-de-ruben-amorim-a-portugal\/\"},\"wordCount\":176,\"image\":{\"@id\":\"https:\/\/portaltela.pt\/noticias\/2026\/01\/19\/nuno-mendes-revela-resposta-sobre-eventual-regresso-de-ruben-amorim-a-portugal\/#primaryimage\"},\"thumbnailUrl\":\"https:\/\/portaltela.pt\/s.01k8rhncp4jt1\/2026\/01\/img_1200x721uu2026-01-19-19-33-58-2415811-4.jpg\",\"keywords\":[\"Amorim\",\"futebol\",\"Liga dos Campe\u00f5es\",\"Nuno Mendes\",\"Sporting\"],\"articleSection\":[\"Desporto\",\"Futebol\"],\"inLanguage\":\"pt-PT\"},{\"@type\":\"WebPage\",\"@id\":\"https:\/\/portaltela.pt\/noticias\/2026\/01\/19\/nuno-mendes-revela-resposta-sobre-eventual-regresso-de-ruben-amorim-a-portugal\/\",\"url\":\"https:\/\/portaltela.pt\/noticias\/2026\/01\/19\/nuno-mendes-revela-resposta-sobre-eventual-regresso-de-ruben-amorim-a-portugal\/\",\"name\":\"Nuno Mendes revela resposta sobre eventual regresso de R\u00faben Amorim a Portugal - Portal Tela Portugal\",\"isPartOf\":{\"@id\":\"https:\/\/portaltela.pt\/#website\"},\"primaryImageOfPage\":{\"@id\":\"https:\/\/portaltela.pt\/noticias\/2026\/01\/19\/nuno-mendes-revela-resposta-sobre-eventual-regresso-de-ruben-amorim-a-portugal\/#primaryimage\"},\"image\":{\"@id\":\"https:\/\/portaltela.pt\/noticias\/2026\/01\/19\/nuno-mendes-revela-resposta-sobre-eventual-regresso-de-ruben-amorim-a-portugal\/#primaryimage\"},\"thumbnailUrl\":\"https:\/\/portaltela.pt\/s.01k8rhncp4jt1\/2026\/01\/img_1200x721uu2026-01-19-19-33-58-2415811-4.jpg\",\"datePublished\":\"2026-01-19T19:36:07+00:00\",\"author\":{\"@id\":\"https:\/\/portaltela.pt\/#\/schema\/person\/c4278d4a6028830caff9ee44b42d32ed\"},\"breadcrumb\":{\"@id\":\"https:\/\/portaltela.pt\/noticias\/2026\/01\/19\/nuno-mendes-revela-resposta-sobre-eventual-regresso-de-ruben-amorim-a-portugal\/#breadcrumb\"},\"inLanguage\":\"pt-PT\",\"potentialAction\":[{\"@type\":\"ReadAction\",\"target\":[\"https:\/\/portaltela.pt\/noticias\/2026\/01\/19\/nuno-mendes-revela-resposta-sobre-eventual-regresso-de-ruben-amorim-a-portugal\/\"]}]},{\"@type\":\"ImageObject\",\"inLanguage\":\"pt-PT\",\"@id\":\"https:\/\/portaltela.pt\/noticias\/2026\/01\/19\/nuno-mendes-revela-resposta-sobre-eventual-regresso-de-ruben-amorim-a-portugal\/#primaryimage\",\"url\":\"https:\/\/portaltela.pt\/s.01k8rhncp4jt1\/2026\/01\/img_1200x721uu2026-01-19-19-33-58-2415811-4.jpg\",\"contentUrl\":\"https:\/\/portaltela.pt\/s.01k8rhncp4jt1\/2026\/01\/img_1200x721uu2026-01-19-19-33-58-2415811-4.jpg\",\"width\":796,\"height\":448,\"caption\":\"Ruben Amorim deve voltar a Portugal? Esta foi a resposta de Nuno Mendes\"},{\"@type\":\"BreadcrumbList\",\"@id\":\"https:\/\/portaltela.pt\/noticias\/2026\/01\/19\/nuno-mendes-revela-resposta-sobre-eventual-regresso-de-ruben-amorim-a-portugal\/#breadcrumb\",\"itemListElement\":[{\"@type\":\"ListItem\",\"position\":1,\"name\":\"In\u00edcio\",\"item\":\"https:\/\/portaltela.pt\/\"},{\"@type\":\"ListItem\",\"position\":2,\"name\":\"Nuno Mendes revela resposta sobre eventual regresso de R\u00faben Amorim a Portugal\"}]},{\"@type\":\"WebSite\",\"@id\":\"https:\/\/portaltela.pt\/#website\",\"url\":\"https:\/\/portaltela.pt\/\",\"name\":\"Portal Tela Portugal\",\"description\":\"\",\"potentialAction\":[{\"@type\":\"SearchAction\",\"target\":{\"@type\":\"EntryPoint\",\"urlTemplate\":\"https:\/\/portaltela.pt\/?s={search_term_string}\"},\"query-input\":{\"@type\":\"PropertyValueSpecification\",\"valueRequired\":true,\"valueName\":\"search_term_string\"}}],\"inLanguage\":\"pt-PT\"},{\"@type\":\"Person\",\"@id\":\"https:\/\/portaltela.pt\/#\/schema\/person\/c4278d4a6028830caff9ee44b42d32ed\",\"name\":\"Telinha\",\"image\":{\"@type\":\"ImageObject\",\"inLanguage\":\"pt-PT\",\"@id\":\"https:\/\/portaltela.pt\/s.01k8rhncp4jt1\/2025\/11\/talking-bot-125x125.png\",\"url\":\"https:\/\/portaltela.pt\/s.01k8rhncp4jt1\/2025\/11\/talking-bot-125x125.png\",\"contentUrl\":\"https:\/\/portaltela.pt\/s.01k8rhncp4jt1\/2025\/11\/talking-bot-125x125.png\",\"caption\":\"Telinha\"},\"sameAs\":[\"https:\/\/portaltela.pt\/\"],\"url\":\"https:\/\/portaltela.pt\/por\/367410592786\/\"}]}<\/script>\n<!-- \/ Yoast SEO plugin. -->","yoast_head_json":{"title":"Nuno Mendes revela resposta sobre eventual regresso de R\u00faben Amorim a Portugal - Portal Tela Portugal","robots":{"index":"index","follow":"follow","max-snippet":"max-snippet:-1","max-image-preview":"max-image-preview:large","max-video-preview":"max-video-preview:-1"},"og_locale":"pt_PT","og_type":"article","og_title":"Nuno Mendes revela resposta sobre eventual regresso de R\u00faben Amorim a Portugal - Portal Tela Portugal","og_description":"Ruben Amorim, treinador portugu\u00eas, orientou Nuno Mendes no Sporting. A liga\u00e7\u00e3o entre ambos levou a que o jogador do PSG fosse questionado sobre o t\u00e9cnico numa confer\u00eancia de imprensa. O tema foi abordado na antevis\u00e3o do jogo da Liga dos Campe\u00f5es entre Sporting e PSG. Nuno Mendes foi questionado sobre a possibilidade de Amorim voltar a Portugal.","og_url":"https:\/\/portaltela.pt\/noticias\/2026\/01\/19\/nuno-mendes-revela-resposta-sobre-eventual-regresso-de-ruben-amorim-a-portugal\/","og_site_name":"Portal Tela Portugal","article_published_time":"2026-01-19T19:36:07+00:00","author":"Telinha","twitter_card":"summary_large_image","twitter_misc":{"Escrito por":"Telinha","Tempo estimado de leitura":"1 minuto"},"schema":{"@context":"https:\/\/schema.org","@graph":[{"@type":"Article","@id":"https:\/\/portaltela.pt\/noticias\/2026\/01\/19\/nuno-mendes-revela-resposta-sobre-eventual-regresso-de-ruben-amorim-a-portugal\/#article","isPartOf":{"@id":"https:\/\/portaltela.pt\/noticias\/2026\/01\/19\/nuno-mendes-revela-resposta-sobre-eventual-regresso-de-ruben-amorim-a-portugal\/"},"author":{"name":"Telinha","@id":"https:\/\/portaltela.pt\/#\/schema\/person\/c4278d4a6028830caff9ee44b42d32ed"},"headline":"Nuno Mendes revela resposta sobre eventual regresso de R\u00faben Amorim a Portugal","datePublished":"2026-01-19T19:36:07+00:00","mainEntityOfPage":{"@id":"https:\/\/portaltela.pt\/noticias\/2026\/01\/19\/nuno-mendes-revela-resposta-sobre-eventual-regresso-de-ruben-amorim-a-portugal\/"},"wordCount":176,"image":{"@id":"https:\/\/portaltela.pt\/noticias\/2026\/01\/19\/nuno-mendes-revela-resposta-sobre-eventual-regresso-de-ruben-amorim-a-portugal\/#primaryimage"},"thumbnailUrl":"https:\/\/portaltela.pt\/s.01k8rhncp4jt1\/2026\/01\/img_1200x721uu2026-01-19-19-33-58-2415811-4.jpg","keywords":["Amorim","futebol","Liga dos Campe\u00f5es","Nuno Mendes","Sporting"],"articleSection":["Desporto","Futebol"],"inLanguage":"pt-PT"},{"@type":"WebPage","@id":"https:\/\/portaltela.pt\/noticias\/2026\/01\/19\/nuno-mendes-revela-resposta-sobre-eventual-regresso-de-ruben-amorim-a-portugal\/","url":"https:\/\/portaltela.pt\/noticias\/2026\/01\/19\/nuno-mendes-revela-resposta-sobre-eventual-regresso-de-ruben-amorim-a-portugal\/","name":"Nuno Mendes revela resposta sobre eventual regresso de R\u00faben Amorim a Portugal - Portal Tela Portugal","isPartOf":{"@id":"https:\/\/portaltela.pt\/#website"},"primaryImageOfPage":{"@id":"https:\/\/portaltela.pt\/noticias\/2026\/01\/19\/nuno-mendes-revela-resposta-sobre-eventual-regresso-de-ruben-amorim-a-portugal\/#primaryimage"},"image":{"@id":"https:\/\/portaltela.pt\/noticias\/2026\/01\/19\/nuno-mendes-revela-resposta-sobre-eventual-regresso-de-ruben-amorim-a-portugal\/#primaryimage"},"thumbnailUrl":"https:\/\/portaltela.pt\/s.01k8rhncp4jt1\/2026\/01\/img_1200x721uu2026-01-19-19-33-58-2415811-4.jpg","datePublished":"2026-01-19T19:36:07+00:00","author":{"@id":"https:\/\/portaltela.pt\/#\/schema\/person\/c4278d4a6028830caff9ee44b42d32ed"},"breadcrumb":{"@id":"https:\/\/portaltela.pt\/noticias\/2026\/01\/19\/nuno-mendes-revela-resposta-sobre-eventual-regresso-de-ruben-amorim-a-portugal\/#breadcrumb"},"inLanguage":"pt-PT","potentialAction":[{"@type":"ReadAction","target":["https:\/\/portaltela.pt\/noticias\/2026\/01\/19\/nuno-mendes-revela-resposta-sobre-eventual-regresso-de-ruben-amorim-a-portugal\/"]}]},{"@type":"ImageObject","inLanguage":"pt-PT","@id":"https:\/\/portaltela.pt\/noticias\/2026\/01\/19\/nuno-mendes-revela-resposta-sobre-eventual-regresso-de-ruben-amorim-a-portugal\/#primaryimage","url":"https:\/\/portaltela.pt\/s.01k8rhncp4jt1\/2026\/01\/img_1200x721uu2026-01-19-19-33-58-2415811-4.jpg","contentUrl":"https:\/\/portaltela.pt\/s.01k8rhncp4jt1\/2026\/01\/img_1200x721uu2026-01-19-19-33-58-2415811-4.jpg","width":796,"height":448,"caption":"Ruben Amorim deve voltar a Portugal? Esta foi a resposta de Nuno Mendes"},{"@type":"BreadcrumbList","@id":"https:\/\/portaltela.pt\/noticias\/2026\/01\/19\/nuno-mendes-revela-resposta-sobre-eventual-regresso-de-ruben-amorim-a-portugal\/#breadcrumb","itemListElement":[{"@type":"ListItem","position":1,"name":"In\u00edcio","item":"https:\/\/portaltela.pt\/"},{"@type":"ListItem","position":2,"name":"Nuno Mendes revela resposta sobre eventual regresso de R\u00faben Amorim a Portugal"}]},{"@type":"WebSite","@id":"https:\/\/portaltela.pt\/#website","url":"https:\/\/portaltela.pt\/","name":"Portal Tela Portugal","description":"","potentialAction":[{"@type":"SearchAction","target":{"@type":"EntryPoint","urlTemplate":"https:\/\/portaltela.pt\/?s={search_term_string}"},"query-input":{"@type":"PropertyValueSpecification","valueRequired":true,"valueName":"search_term_string"}}],"inLanguage":"pt-PT"},{"@type":"Person","@id":"https:\/\/portaltela.pt\/#\/schema\/person\/c4278d4a6028830caff9ee44b42d32ed","name":"Telinha","image":{"@type":"ImageObject","inLanguage":"pt-PT","@id":"https:\/\/portaltela.pt\/s.01k8rhncp4jt1\/2025\/11\/talking-bot-125x125.png","url":"https:\/\/portaltela.pt\/s.01k8rhncp4jt1\/2025\/11\/talking-bot-125x125.png","contentUrl":"https:\/\/portaltela.pt\/s.01k8rhncp4jt1\/2025\/11\/talking-bot-125x125.png","caption":"Telinha"},"sameAs":["https:\/\/portaltela.pt\/"],"url":"https:\/\/portaltela.pt\/por\/367410592786\/"}]}},"_links":{"self":[{"href":"https:\/\/portaltela.pt\/api\/wp\/v2\/posts\/155241","targetHints":{"allow":["GET"]}}],"collection":[{"href":"https:\/\/portaltela.pt\/api\/wp\/v2\/posts"}],"about":[{"href":"https:\/\/portaltela.pt\/api\/wp\/v2\/types\/post"}],"author":[{"embeddable":true,"href":"https:\/\/portaltela.pt\/api\/wp\/v2\/users\/2"}],"replies":[{"embeddable":true,"href":"https:\/\/portaltela.pt\/api\/wp\/v2\/comments?post=155241"}],"version-history":[{"count":0,"href":"https:\/\/portaltela.pt\/api\/wp\/v2\/posts\/155241\/revisions"}],"wp:featuredmedia":[{"embeddable":true,"href":"https:\/\/portaltela.pt\/api\/wp\/v2\/media\/155246"}],"wp:attachment":[{"href":"https:\/\/portaltela.pt\/api\/wp\/v2\/media?parent=155241"}],"wp:term":[{"taxonomy":"category","embeddable":true,"href":"https:\/\/portaltela.pt\/api\/wp\/v2\/categories?post=155241"},{"taxonomy":"post_tag","embeddable":true,"href":"https:\/\/portaltela.pt\/api\/wp\/v2\/tags?post=155241"}],"curies":[{"name":"wp","href":"https:\/\/api.w.org\/{rel}","templated":true}]}}