{"id":155216,"date":"2026-01-20T04:52:00","date_gmt":"2026-01-20T07:52:00","guid":{"rendered":"https:\/\/portaltela.pt\/noticias\/2026\/01\/20\/dezassete-veiculos-apreendidos-em-setubal\/"},"modified":"2026-01-20T04:52:00","modified_gmt":"2026-01-20T07:52:00","slug":"dezassete-veiculos-apreendidos-em-setubal","status":"publish","type":"post","link":"https:\/\/portaltela.pt\/noticias\/2026\/01\/20\/dezassete-veiculos-apreendidos-em-setubal\/","title":{"rendered":"Dezassete ve\u00edculos apreendidos em Set\u00fabal"},"content":{"rendered":"<p>A GNR confirmou a apreens\u00e3o de 17 ve\u00edculos no concelho de Set\u00fabal, na Zona Industrial da Mitrena, durante uma opera\u00e7\u00e3o que visou uma concentra\u00e7\u00e3o de carros com condutores a realizar manobras perigosas. A a\u00e7\u00e3o ocorreu no domingo, ap\u00f3s uma den\u00fancia recebida pelos militares.<\/p>\n<p>No total, a fiscaliza\u00e7\u00e3o abrangeu 43 ve\u00edculos e permitiu identificar 70 pessoas presentes no local. A opera\u00e7\u00e3o contou com o refor\u00e7o do Destacamento de Interven\u00e7\u00e3o de Set\u00fabal e dos Postos Territoriais de Palmela e Set\u00fabal.<\/p>\n<p>Entre os ve\u00edculos apreendidos, houve altera\u00e7\u00f5es \u00e0s suas caracter\u00edsticas, incluindo dois motociclos. Foram emitidos 44 autos de contraordena\u00e7\u00e3o, destacando-se seis por altera\u00e7\u00f5es \u00e0s caracter\u00edsticas, uma por falta de seguro obrigat\u00f3rio, uma por uso indevido do telem\u00f3vel e uma por desobedi\u00eancia ao sinal de paragem.<\/p>\n<p>Os restantes autos inclu\u00edram condu\u00e7\u00e3o em sentido oposto, falta de cinto de seguran\u00e7a e 23 por outras infra\u00e7\u00f5es rodovi\u00e1rias. A GNR informa que a a\u00e7\u00e3o decorreu no \u00e2mbito de uma opera\u00e7\u00e3o orientada para prevenir riscos na circula\u00e7\u00e3o naquele per\u00edmetro industrial.<\/p>\n","protected":false},"excerpt":{"rendered":"<ul>\n<li>A GNR apreendeu 17 ve\u00edculos, incluindo dois motociclos, na Zona Industrial da Mitrena, Set\u00fabal, por altera\u00e7\u00f5es \u00e0s caracter\u00edsticas.<\/li>\n<li>A opera\u00e7\u00e3o identificou 70 pessoas e fiscalizou 43 ve\u00edculos.<\/li>\n<li>Foram lavrados 44 autos de contraordena\u00e7\u00e3o, por motivos como altera\u00e7\u00f5es \u00e0s caracter\u00edsticas (seis), falta de seguro (um), utiliza\u00e7\u00e3o indevida de telem\u00f3vel (um), desobedi\u00eancia ao sinal de paragem (um), condu\u00e7\u00e3o em sentido oposto (um), sem cinto de seguran\u00e7a (um) e outras infra\u00e7\u00f5es (23).<\/li>\n<li>O refor\u00e7o contou com o Destacamento de Interven\u00e7\u00e3o de Set\u00fabal e com os Postos Territoriais de Palmela e Set\u00fabal.<\/li>\n<li>A a\u00e7\u00e3o teve origem numa den\u00fancia sobre uma concentra\u00e7\u00e3o de cidad\u00e3os e ve\u00edculos com manobras perigosas na zona.<\/li>\n<\/ul>\n","protected":false},"author":2,"featured_media":155220,"comment_status":"closed","ping_status":"closed","sticky":false,"template":"","format":"standard","meta":{"footnotes":""},"categories":[1],"tags":[1926,2250,2285,2761,994,986],"class_list":["post-155216","post","type-post","status-publish","format-standard","has-post-thumbnail","hentry","category-noticias","tag-contraordenacoes","tag-falta-de-utilizacao-de-cintos-rtv","tag-infracoes-rodoviarias","tag-seguranca-rodoviaria","tag-setubal","tag-uso-do-telemovel"],"yoast_head":"<!-- This site is optimized with the Yoast SEO plugin v27.2 - https:\/\/yoast.com\/product\/yoast-seo-wordpress\/ -->\n<title>Dezassete ve\u00edculos apreendidos em Set\u00fabal - Portal Tela Portugal<\/title>\n<meta name=\"robots\" content=\"index, follow, max-snippet:-1, max-image-preview:large, max-video-preview:-1\" \/>\n<meta property=\"og:locale\" content=\"pt_PT\" \/>\n<meta property=\"og:type\" content=\"article\" \/>\n<meta property=\"og:title\" content=\"Dezassete ve\u00edculos apreendidos em Set\u00fabal - Portal Tela Portugal\" \/>\n<meta property=\"og:description\" content=\"A GNR apreendeu 17 ve\u00edculos, incluindo dois motociclos, na Zona Industrial da Mitrena, Set\u00fabal, por altera\u00e7\u00f5es \u00e0s caracter\u00edsticas. A opera\u00e7\u00e3o identificou 70 pessoas e fiscalizou 43 ve\u00edculos. Foram lavrados 44 autos de contraordena\u00e7\u00e3o, por motivos como altera\u00e7\u00f5es \u00e0s caracter\u00edsticas (seis), falta de seguro (um), utiliza\u00e7\u00e3o indevida de telem\u00f3vel (um), desobedi\u00eancia ao sinal de paragem (um), condu\u00e7\u00e3o em sentido oposto (um), sem cinto de seguran\u00e7a (um) e outras infra\u00e7\u00f5es (23). O refor\u00e7o contou com o Destacamento de Interven\u00e7\u00e3o de Set\u00fabal e com os Postos Territoriais de Palmela e Set\u00fabal. A a\u00e7\u00e3o teve origem numa den\u00fancia sobre uma concentra\u00e7\u00e3o de cidad\u00e3os e ve\u00edculos com manobras perigosas na zona.\" \/>\n<meta property=\"og:url\" content=\"https:\/\/portaltela.pt\/noticias\/2026\/01\/20\/dezassete-veiculos-apreendidos-em-setubal\/\" \/>\n<meta property=\"og:site_name\" content=\"Portal Tela Portugal\" \/>\n<meta property=\"article:published_time\" content=\"2026-01-20T07:52:00+00:00\" \/>\n<meta name=\"author\" content=\"Telinha\" \/>\n<meta name=\"twitter:card\" content=\"summary_large_image\" \/>\n<meta name=\"twitter:label1\" content=\"Escrito por\" \/>\n\t<meta name=\"twitter:data1\" content=\"Telinha\" \/>\n\t<meta name=\"twitter:label2\" content=\"Tempo estimado de leitura\" \/>\n\t<meta name=\"twitter:data2\" content=\"1 minuto\" \/>\n<script type=\"application\/ld+json\" class=\"yoast-schema-graph\">{\"@context\":\"https:\/\/schema.org\",\"@graph\":[{\"@type\":\"Article\",\"@id\":\"https:\/\/portaltela.pt\/noticias\/2026\/01\/20\/dezassete-veiculos-apreendidos-em-setubal\/#article\",\"isPartOf\":{\"@id\":\"https:\/\/portaltela.pt\/noticias\/2026\/01\/20\/dezassete-veiculos-apreendidos-em-setubal\/\"},\"author\":{\"name\":\"Telinha\",\"@id\":\"https:\/\/portaltela.pt\/#\/schema\/person\/c4278d4a6028830caff9ee44b42d32ed\"},\"headline\":\"Dezassete ve\u00edculos apreendidos em Set\u00fabal\",\"datePublished\":\"2026-01-20T07:52:00+00:00\",\"mainEntityOfPage\":{\"@id\":\"https:\/\/portaltela.pt\/noticias\/2026\/01\/20\/dezassete-veiculos-apreendidos-em-setubal\/\"},\"wordCount\":197,\"image\":{\"@id\":\"https:\/\/portaltela.pt\/noticias\/2026\/01\/20\/dezassete-veiculos-apreendidos-em-setubal\/#primaryimage\"},\"thumbnailUrl\":\"https:\/\/portaltela.pt\/s.01k8rhncp4jt1\/2026\/01\/46249716.jpg\",\"keywords\":[\"contraordena\u00e7\u00f5es\",\"falta de utiliza\u00e7\u00e3o de cintos\/RTV\",\"infra\u00e7\u00f5es rodovi\u00e1rias\",\"seguran\u00e7a rodovi\u00e1ria\",\"Set\u00fabal\",\"uso do telem\u00f3vel\"],\"articleSection\":[\"Not\u00edcias\"],\"inLanguage\":\"pt-PT\"},{\"@type\":\"WebPage\",\"@id\":\"https:\/\/portaltela.pt\/noticias\/2026\/01\/20\/dezassete-veiculos-apreendidos-em-setubal\/\",\"url\":\"https:\/\/portaltela.pt\/noticias\/2026\/01\/20\/dezassete-veiculos-apreendidos-em-setubal\/\",\"name\":\"Dezassete ve\u00edculos apreendidos em Set\u00fabal - Portal Tela Portugal\",\"isPartOf\":{\"@id\":\"https:\/\/portaltela.pt\/#website\"},\"primaryImageOfPage\":{\"@id\":\"https:\/\/portaltela.pt\/noticias\/2026\/01\/20\/dezassete-veiculos-apreendidos-em-setubal\/#primaryimage\"},\"image\":{\"@id\":\"https:\/\/portaltela.pt\/noticias\/2026\/01\/20\/dezassete-veiculos-apreendidos-em-setubal\/#primaryimage\"},\"thumbnailUrl\":\"https:\/\/portaltela.pt\/s.01k8rhncp4jt1\/2026\/01\/46249716.jpg\",\"datePublished\":\"2026-01-20T07:52:00+00:00\",\"author\":{\"@id\":\"https:\/\/portaltela.pt\/#\/schema\/person\/c4278d4a6028830caff9ee44b42d32ed\"},\"breadcrumb\":{\"@id\":\"https:\/\/portaltela.pt\/noticias\/2026\/01\/20\/dezassete-veiculos-apreendidos-em-setubal\/#breadcrumb\"},\"inLanguage\":\"pt-PT\",\"potentialAction\":[{\"@type\":\"ReadAction\",\"target\":[\"https:\/\/portaltela.pt\/noticias\/2026\/01\/20\/dezassete-veiculos-apreendidos-em-setubal\/\"]}]},{\"@type\":\"ImageObject\",\"inLanguage\":\"pt-PT\",\"@id\":\"https:\/\/portaltela.pt\/noticias\/2026\/01\/20\/dezassete-veiculos-apreendidos-em-setubal\/#primaryimage\",\"url\":\"https:\/\/portaltela.pt\/s.01k8rhncp4jt1\/2026\/01\/46249716.jpg\",\"contentUrl\":\"https:\/\/portaltela.pt\/s.01k8rhncp4jt1\/2026\/01\/46249716.jpg\",\"width\":796,\"height\":448,\"caption\":\"A Guarda Nacional Republicana (GNR) durante uma opera\u00e7\u00e3o de fiscaliza\u00e7\u00e3o rodovi\u00e1ria, na Pra\u00e7a das Portagens da AE A1, em Alverca, Vila Franca de Xira, 23 de dezembro de 2025. MANUEL DE ALMEIDA\/LUSA\"},{\"@type\":\"BreadcrumbList\",\"@id\":\"https:\/\/portaltela.pt\/noticias\/2026\/01\/20\/dezassete-veiculos-apreendidos-em-setubal\/#breadcrumb\",\"itemListElement\":[{\"@type\":\"ListItem\",\"position\":1,\"name\":\"In\u00edcio\",\"item\":\"https:\/\/portaltela.pt\/\"},{\"@type\":\"ListItem\",\"position\":2,\"name\":\"Dezassete ve\u00edculos apreendidos em Set\u00fabal\"}]},{\"@type\":\"WebSite\",\"@id\":\"https:\/\/portaltela.pt\/#website\",\"url\":\"https:\/\/portaltela.pt\/\",\"name\":\"Portal Tela Portugal\",\"description\":\"\",\"potentialAction\":[{\"@type\":\"SearchAction\",\"target\":{\"@type\":\"EntryPoint\",\"urlTemplate\":\"https:\/\/portaltela.pt\/?s={search_term_string}\"},\"query-input\":{\"@type\":\"PropertyValueSpecification\",\"valueRequired\":true,\"valueName\":\"search_term_string\"}}],\"inLanguage\":\"pt-PT\"},{\"@type\":\"Person\",\"@id\":\"https:\/\/portaltela.pt\/#\/schema\/person\/c4278d4a6028830caff9ee44b42d32ed\",\"name\":\"Telinha\",\"image\":{\"@type\":\"ImageObject\",\"inLanguage\":\"pt-PT\",\"@id\":\"https:\/\/portaltela.pt\/s.01k8rhncp4jt1\/2025\/11\/talking-bot-125x125.png\",\"url\":\"https:\/\/portaltela.pt\/s.01k8rhncp4jt1\/2025\/11\/talking-bot-125x125.png\",\"contentUrl\":\"https:\/\/portaltela.pt\/s.01k8rhncp4jt1\/2025\/11\/talking-bot-125x125.png\",\"caption\":\"Telinha\"},\"sameAs\":[\"https:\/\/portaltela.pt\/\"],\"url\":\"https:\/\/portaltela.pt\/por\/367410592786\/\"}]}<\/script>\n<!-- \/ Yoast SEO plugin. -->","yoast_head_json":{"title":"Dezassete ve\u00edculos apreendidos em Set\u00fabal - Portal Tela Portugal","robots":{"index":"index","follow":"follow","max-snippet":"max-snippet:-1","max-image-preview":"max-image-preview:large","max-video-preview":"max-video-preview:-1"},"og_locale":"pt_PT","og_type":"article","og_title":"Dezassete ve\u00edculos apreendidos em Set\u00fabal - Portal Tela Portugal","og_description":"A GNR apreendeu 17 ve\u00edculos, incluindo dois motociclos, na Zona Industrial da Mitrena, Set\u00fabal, por altera\u00e7\u00f5es \u00e0s caracter\u00edsticas. A opera\u00e7\u00e3o identificou 70 pessoas e fiscalizou 43 ve\u00edculos. Foram lavrados 44 autos de contraordena\u00e7\u00e3o, por motivos como altera\u00e7\u00f5es \u00e0s caracter\u00edsticas (seis), falta de seguro (um), utiliza\u00e7\u00e3o indevida de telem\u00f3vel (um), desobedi\u00eancia ao sinal de paragem (um), condu\u00e7\u00e3o em sentido oposto (um), sem cinto de seguran\u00e7a (um) e outras infra\u00e7\u00f5es (23). O refor\u00e7o contou com o Destacamento de Interven\u00e7\u00e3o de Set\u00fabal e com os Postos Territoriais de Palmela e Set\u00fabal. A a\u00e7\u00e3o teve origem numa den\u00fancia sobre uma concentra\u00e7\u00e3o de cidad\u00e3os e ve\u00edculos com manobras perigosas na zona.","og_url":"https:\/\/portaltela.pt\/noticias\/2026\/01\/20\/dezassete-veiculos-apreendidos-em-setubal\/","og_site_name":"Portal Tela Portugal","article_published_time":"2026-01-20T07:52:00+00:00","author":"Telinha","twitter_card":"summary_large_image","twitter_misc":{"Escrito por":"Telinha","Tempo estimado de leitura":"1 minuto"},"schema":{"@context":"https:\/\/schema.org","@graph":[{"@type":"Article","@id":"https:\/\/portaltela.pt\/noticias\/2026\/01\/20\/dezassete-veiculos-apreendidos-em-setubal\/#article","isPartOf":{"@id":"https:\/\/portaltela.pt\/noticias\/2026\/01\/20\/dezassete-veiculos-apreendidos-em-setubal\/"},"author":{"name":"Telinha","@id":"https:\/\/portaltela.pt\/#\/schema\/person\/c4278d4a6028830caff9ee44b42d32ed"},"headline":"Dezassete ve\u00edculos apreendidos em Set\u00fabal","datePublished":"2026-01-20T07:52:00+00:00","mainEntityOfPage":{"@id":"https:\/\/portaltela.pt\/noticias\/2026\/01\/20\/dezassete-veiculos-apreendidos-em-setubal\/"},"wordCount":197,"image":{"@id":"https:\/\/portaltela.pt\/noticias\/2026\/01\/20\/dezassete-veiculos-apreendidos-em-setubal\/#primaryimage"},"thumbnailUrl":"https:\/\/portaltela.pt\/s.01k8rhncp4jt1\/2026\/01\/46249716.jpg","keywords":["contraordena\u00e7\u00f5es","falta de utiliza\u00e7\u00e3o de cintos\/RTV","infra\u00e7\u00f5es rodovi\u00e1rias","seguran\u00e7a rodovi\u00e1ria","Set\u00fabal","uso do telem\u00f3vel"],"articleSection":["Not\u00edcias"],"inLanguage":"pt-PT"},{"@type":"WebPage","@id":"https:\/\/portaltela.pt\/noticias\/2026\/01\/20\/dezassete-veiculos-apreendidos-em-setubal\/","url":"https:\/\/portaltela.pt\/noticias\/2026\/01\/20\/dezassete-veiculos-apreendidos-em-setubal\/","name":"Dezassete ve\u00edculos apreendidos em Set\u00fabal - Portal Tela Portugal","isPartOf":{"@id":"https:\/\/portaltela.pt\/#website"},"primaryImageOfPage":{"@id":"https:\/\/portaltela.pt\/noticias\/2026\/01\/20\/dezassete-veiculos-apreendidos-em-setubal\/#primaryimage"},"image":{"@id":"https:\/\/portaltela.pt\/noticias\/2026\/01\/20\/dezassete-veiculos-apreendidos-em-setubal\/#primaryimage"},"thumbnailUrl":"https:\/\/portaltela.pt\/s.01k8rhncp4jt1\/2026\/01\/46249716.jpg","datePublished":"2026-01-20T07:52:00+00:00","author":{"@id":"https:\/\/portaltela.pt\/#\/schema\/person\/c4278d4a6028830caff9ee44b42d32ed"},"breadcrumb":{"@id":"https:\/\/portaltela.pt\/noticias\/2026\/01\/20\/dezassete-veiculos-apreendidos-em-setubal\/#breadcrumb"},"inLanguage":"pt-PT","potentialAction":[{"@type":"ReadAction","target":["https:\/\/portaltela.pt\/noticias\/2026\/01\/20\/dezassete-veiculos-apreendidos-em-setubal\/"]}]},{"@type":"ImageObject","inLanguage":"pt-PT","@id":"https:\/\/portaltela.pt\/noticias\/2026\/01\/20\/dezassete-veiculos-apreendidos-em-setubal\/#primaryimage","url":"https:\/\/portaltela.pt\/s.01k8rhncp4jt1\/2026\/01\/46249716.jpg","contentUrl":"https:\/\/portaltela.pt\/s.01k8rhncp4jt1\/2026\/01\/46249716.jpg","width":796,"height":448,"caption":"A Guarda Nacional Republicana (GNR) durante uma opera\u00e7\u00e3o de fiscaliza\u00e7\u00e3o rodovi\u00e1ria, na Pra\u00e7a das Portagens da AE A1, em Alverca, Vila Franca de Xira, 23 de dezembro de 2025. MANUEL DE ALMEIDA\/LUSA"},{"@type":"BreadcrumbList","@id":"https:\/\/portaltela.pt\/noticias\/2026\/01\/20\/dezassete-veiculos-apreendidos-em-setubal\/#breadcrumb","itemListElement":[{"@type":"ListItem","position":1,"name":"In\u00edcio","item":"https:\/\/portaltela.pt\/"},{"@type":"ListItem","position":2,"name":"Dezassete ve\u00edculos apreendidos em Set\u00fabal"}]},{"@type":"WebSite","@id":"https:\/\/portaltela.pt\/#website","url":"https:\/\/portaltela.pt\/","name":"Portal Tela Portugal","description":"","potentialAction":[{"@type":"SearchAction","target":{"@type":"EntryPoint","urlTemplate":"https:\/\/portaltela.pt\/?s={search_term_string}"},"query-input":{"@type":"PropertyValueSpecification","valueRequired":true,"valueName":"search_term_string"}}],"inLanguage":"pt-PT"},{"@type":"Person","@id":"https:\/\/portaltela.pt\/#\/schema\/person\/c4278d4a6028830caff9ee44b42d32ed","name":"Telinha","image":{"@type":"ImageObject","inLanguage":"pt-PT","@id":"https:\/\/portaltela.pt\/s.01k8rhncp4jt1\/2025\/11\/talking-bot-125x125.png","url":"https:\/\/portaltela.pt\/s.01k8rhncp4jt1\/2025\/11\/talking-bot-125x125.png","contentUrl":"https:\/\/portaltela.pt\/s.01k8rhncp4jt1\/2025\/11\/talking-bot-125x125.png","caption":"Telinha"},"sameAs":["https:\/\/portaltela.pt\/"],"url":"https:\/\/portaltela.pt\/por\/367410592786\/"}]}},"_links":{"self":[{"href":"https:\/\/portaltela.pt\/api\/wp\/v2\/posts\/155216","targetHints":{"allow":["GET"]}}],"collection":[{"href":"https:\/\/portaltela.pt\/api\/wp\/v2\/posts"}],"about":[{"href":"https:\/\/portaltela.pt\/api\/wp\/v2\/types\/post"}],"author":[{"embeddable":true,"href":"https:\/\/portaltela.pt\/api\/wp\/v2\/users\/2"}],"replies":[{"embeddable":true,"href":"https:\/\/portaltela.pt\/api\/wp\/v2\/comments?post=155216"}],"version-history":[{"count":0,"href":"https:\/\/portaltela.pt\/api\/wp\/v2\/posts\/155216\/revisions"}],"wp:featuredmedia":[{"embeddable":true,"href":"https:\/\/portaltela.pt\/api\/wp\/v2\/media\/155220"}],"wp:attachment":[{"href":"https:\/\/portaltela.pt\/api\/wp\/v2\/media?parent=155216"}],"wp:term":[{"taxonomy":"category","embeddable":true,"href":"https:\/\/portaltela.pt\/api\/wp\/v2\/categories?post=155216"},{"taxonomy":"post_tag","embeddable":true,"href":"https:\/\/portaltela.pt\/api\/wp\/v2\/tags?post=155216"}],"curies":[{"name":"wp","href":"https:\/\/api.w.org\/{rel}","templated":true}]}}