{"id":155165,"date":"2026-01-20T04:30:00","date_gmt":"2026-01-20T07:30:00","guid":{"rendered":"https:\/\/portaltela.pt\/noticias\/2026\/01\/20\/suse-disponibiliza-linux-na-nuvem-soberana-europeia-da-aws\/"},"modified":"2026-01-20T04:30:00","modified_gmt":"2026-01-20T07:30:00","slug":"suse-disponibiliza-linux-na-nuvem-soberana-europeia-da-aws","status":"publish","type":"post","link":"https:\/\/portaltela.pt\/noticias\/2026\/01\/20\/suse-disponibiliza-linux-na-nuvem-soberana-europeia-da-aws\/","title":{"rendered":"SUSE disponibiliza Linux na nuvem soberana europeia da AWS"},"content":{"rendered":"<p>A SUSE anunciou a disponibiliza\u00e7\u00e3o do Linux empresarial aos clientes da AWS European Sovereign Cloud, uma cloud independente para a UE, situada integralmente dentro da Uni\u00e3o Europeia. O objetivo \u00e9 atender organiza\u00e7\u00f5es que exigem solu\u00e7\u00f5es soberanas no continente.<\/p>\n<p>Num momento de maior foco na soberania digital, a IDC prev\u00ea que at\u00e9 2028 at\u00e9 60% das organiza\u00e7\u00f5es com requisitos de soberania migrem cargas de trabalho confidenciais para novos ambientes de cloud para reduzir risco e aumentar autonomia.<\/p>\n<p>A oferta da SUSE ser\u00e1 acess\u00edvel via AWS Marketplace, incluindo o SUSE Linux Enterprise Server (SLES) e o SLES para SAP, com subscri\u00e7\u00e3o anual ou pagamento por utiliza\u00e7\u00e3o. Numa fase posterior chega o Bring Your Own Subscription (BYOS).<\/p>\n<h3>Colabora\u00e7\u00e3o estrat\u00e9gica com a AWS<\/h3>\n<p>A SUSE integra as solu\u00e7\u00f5es de c\u00f3digo aberto com servi\u00e7os de IA generativa da AWS, como Amazon Bedrock e Amazon Q. A parceria j\u00e1 incluiu o SUSE Rancher para AWS e pacotes para Amazon Linux, fortalecendo a infraestrutura soberana para ambientes regulados.<\/p>\n<p>A disponibilidade visa acompanhar clientes de quadros regulat\u00f3rios exigentes, oferecendo autonomia operacional e resid\u00eancia de dados sem perder as capacidades da cloud p\u00fablica. A SUSE destaca a resili\u00eancia e liberdade de escolha como pilares da estrat\u00e9gia.<\/p>\n<p>Para al\u00e9m da camada de sistema operativo, o acordo entre AWS e SUSE amplia o conjunto de solu\u00e7\u00f5es de soberania digital j\u00e1 existentes no cat\u00e1logo da empresa, incluindo o SUSE Sovereign Premium Support. A parceria reflete uma trajet\u00f3ria de integra\u00e7\u00e3o de containers, distribui\u00e7\u00f5es e IA com foco em conformidade.<\/p>\n","protected":false},"excerpt":{"rendered":"<ul>\n<li>A SUSE vai disponibilizar o Linux empresarial aos clientes da AWS European Sovereign Cloud, uma cloud europeia privada e totalmente dentro da Uni\u00e3o Europeia.<\/li>\n<li>Ser\u00e3o fornecidos o SUSE Linux Enterprise Server (SLES) e o SLES for SAP, com subscri\u00e7\u00e3o anual e modelo de pagamento por utiliza\u00e7\u00e3o, atrav\u00e9s do AWS Marketplace.<\/li>\n<li>Em fase inicial, a SUSE n\u00e3o vai usar BYOS; no futuro prev\u00ea-se a possibilidade Bring Your Own Subscription (BYOS) para clientes com as suas subscri\u00e7\u00f5es.<\/li>\n<li>A oferta enquadra a estrat\u00e9gia de soberania digital da SUSE, que inclui o SUSE Sovereign Premium Support, visando atender organiza\u00e7\u00f5es com maiores requisitos de controlo e conformidade.<\/li>\n<li>A parceria entre AWS e SUSE tamb\u00e9m refor\u00e7a a integra\u00e7\u00e3o de solu\u00e7\u00f5es de c\u00f3digo aberto com servi\u00e7os de IA generativa da AWS (Bedrock e Q), numa evolu\u00e7\u00e3o de colabora\u00e7\u00e3o que j\u00e1 inclui SUSE Rancher e suporte a conte\u00fados para ambientes soberanos.<\/li>\n<\/ul>\n","protected":false},"author":2,"featured_media":155199,"comment_status":"closed","ping_status":"closed","sticky":false,"template":"","format":"standard","meta":{"footnotes":""},"categories":[1],"tags":[2086,2085,51,2215,153,759],"class_list":["post-155165","post","type-post","status-publish","format-standard","has-post-thumbnail","hentry","category-noticias","tag-cloud-soberana","tag-computacao-em-nuvem","tag-inteligencia-artificial","tag-protecao-da-privacidade","tag-tecnologia","tag-transformacao-digital"],"yoast_head":"<!-- This site is optimized with the Yoast SEO plugin v27.2 - https:\/\/yoast.com\/product\/yoast-seo-wordpress\/ -->\n<title>SUSE disponibiliza Linux na nuvem soberana europeia da AWS - Portal Tela Portugal<\/title>\n<meta name=\"robots\" content=\"index, follow, max-snippet:-1, max-image-preview:large, max-video-preview:-1\" \/>\n<meta property=\"og:locale\" content=\"pt_PT\" \/>\n<meta property=\"og:type\" content=\"article\" \/>\n<meta property=\"og:title\" content=\"SUSE disponibiliza Linux na nuvem soberana europeia da AWS - Portal Tela Portugal\" \/>\n<meta property=\"og:description\" content=\"A SUSE vai disponibilizar o Linux empresarial aos clientes da AWS European Sovereign Cloud, uma cloud europeia privada e totalmente dentro da Uni\u00e3o Europeia. Ser\u00e3o fornecidos o SUSE Linux Enterprise Server (SLES) e o SLES for SAP, com subscri\u00e7\u00e3o anual e modelo de pagamento por utiliza\u00e7\u00e3o, atrav\u00e9s do AWS Marketplace. Em fase inicial, a SUSE n\u00e3o vai usar BYOS; no futuro prev\u00ea-se a possibilidade Bring Your Own Subscription (BYOS) para clientes com as suas subscri\u00e7\u00f5es. A oferta enquadra a estrat\u00e9gia de soberania digital da SUSE, que inclui o SUSE Sovereign Premium Support, visando atender organiza\u00e7\u00f5es com maiores requisitos de controlo e conformidade. A parceria entre AWS e SUSE tamb\u00e9m refor\u00e7a a integra\u00e7\u00e3o de solu\u00e7\u00f5es de c\u00f3digo aberto com servi\u00e7os de IA generativa da AWS (Bedrock e Q), numa evolu\u00e7\u00e3o de colabora\u00e7\u00e3o que j\u00e1 inclui SUSE Rancher e suporte a conte\u00fados para ambientes soberanos.\" \/>\n<meta property=\"og:url\" content=\"https:\/\/portaltela.pt\/noticias\/2026\/01\/20\/suse-disponibiliza-linux-na-nuvem-soberana-europeia-da-aws\/\" \/>\n<meta property=\"og:site_name\" content=\"Portal Tela Portugal\" \/>\n<meta property=\"article:published_time\" content=\"2026-01-20T07:30:00+00:00\" \/>\n<meta name=\"author\" content=\"Telinha\" \/>\n<meta name=\"twitter:card\" content=\"summary_large_image\" \/>\n<meta name=\"twitter:label1\" content=\"Escrito por\" \/>\n\t<meta name=\"twitter:data1\" content=\"Telinha\" \/>\n\t<meta name=\"twitter:label2\" content=\"Tempo estimado de leitura\" \/>\n\t<meta name=\"twitter:data2\" content=\"1 minuto\" \/>\n<script type=\"application\/ld+json\" class=\"yoast-schema-graph\">{\"@context\":\"https:\/\/schema.org\",\"@graph\":[{\"@type\":\"Article\",\"@id\":\"https:\/\/portaltela.pt\/noticias\/2026\/01\/20\/suse-disponibiliza-linux-na-nuvem-soberana-europeia-da-aws\/#article\",\"isPartOf\":{\"@id\":\"https:\/\/portaltela.pt\/noticias\/2026\/01\/20\/suse-disponibiliza-linux-na-nuvem-soberana-europeia-da-aws\/\"},\"author\":{\"name\":\"Telinha\",\"@id\":\"https:\/\/portaltela.pt\/#\/schema\/person\/c4278d4a6028830caff9ee44b42d32ed\"},\"headline\":\"SUSE disponibiliza Linux na nuvem soberana europeia da AWS\",\"datePublished\":\"2026-01-20T07:30:00+00:00\",\"mainEntityOfPage\":{\"@id\":\"https:\/\/portaltela.pt\/noticias\/2026\/01\/20\/suse-disponibiliza-linux-na-nuvem-soberana-europeia-da-aws\/\"},\"wordCount\":276,\"image\":{\"@id\":\"https:\/\/portaltela.pt\/noticias\/2026\/01\/20\/suse-disponibiliza-linux-na-nuvem-soberana-europeia-da-aws\/#primaryimage\"},\"thumbnailUrl\":\"https:\/\/portaltela.pt\/s.01k8rhncp4jt1\/2026\/01\/unnamed-file-4020.jpg\",\"keywords\":[\"cloud soberana\",\"computa\u00e7\u00e3o em nuvem\",\"intelig\u00eancia artificial\",\"prote\u00e7\u00e3o da privacidade\",\"tecnologia\",\"transforma\u00e7\u00e3o digital\"],\"articleSection\":[\"Not\u00edcias\"],\"inLanguage\":\"pt-PT\"},{\"@type\":\"WebPage\",\"@id\":\"https:\/\/portaltela.pt\/noticias\/2026\/01\/20\/suse-disponibiliza-linux-na-nuvem-soberana-europeia-da-aws\/\",\"url\":\"https:\/\/portaltela.pt\/noticias\/2026\/01\/20\/suse-disponibiliza-linux-na-nuvem-soberana-europeia-da-aws\/\",\"name\":\"SUSE disponibiliza Linux na nuvem soberana europeia da AWS - Portal Tela Portugal\",\"isPartOf\":{\"@id\":\"https:\/\/portaltela.pt\/#website\"},\"primaryImageOfPage\":{\"@id\":\"https:\/\/portaltela.pt\/noticias\/2026\/01\/20\/suse-disponibiliza-linux-na-nuvem-soberana-europeia-da-aws\/#primaryimage\"},\"image\":{\"@id\":\"https:\/\/portaltela.pt\/noticias\/2026\/01\/20\/suse-disponibiliza-linux-na-nuvem-soberana-europeia-da-aws\/#primaryimage\"},\"thumbnailUrl\":\"https:\/\/portaltela.pt\/s.01k8rhncp4jt1\/2026\/01\/unnamed-file-4020.jpg\",\"datePublished\":\"2026-01-20T07:30:00+00:00\",\"author\":{\"@id\":\"https:\/\/portaltela.pt\/#\/schema\/person\/c4278d4a6028830caff9ee44b42d32ed\"},\"breadcrumb\":{\"@id\":\"https:\/\/portaltela.pt\/noticias\/2026\/01\/20\/suse-disponibiliza-linux-na-nuvem-soberana-europeia-da-aws\/#breadcrumb\"},\"inLanguage\":\"pt-PT\",\"potentialAction\":[{\"@type\":\"ReadAction\",\"target\":[\"https:\/\/portaltela.pt\/noticias\/2026\/01\/20\/suse-disponibiliza-linux-na-nuvem-soberana-europeia-da-aws\/\"]}]},{\"@type\":\"ImageObject\",\"inLanguage\":\"pt-PT\",\"@id\":\"https:\/\/portaltela.pt\/noticias\/2026\/01\/20\/suse-disponibiliza-linux-na-nuvem-soberana-europeia-da-aws\/#primaryimage\",\"url\":\"https:\/\/portaltela.pt\/s.01k8rhncp4jt1\/2026\/01\/unnamed-file-4020.jpg\",\"contentUrl\":\"https:\/\/portaltela.pt\/s.01k8rhncp4jt1\/2026\/01\/unnamed-file-4020.jpg\",\"width\":796,\"height\":448,\"caption\":\"SUSE leva Linux para cloud soberana europeia da AWS\"},{\"@type\":\"BreadcrumbList\",\"@id\":\"https:\/\/portaltela.pt\/noticias\/2026\/01\/20\/suse-disponibiliza-linux-na-nuvem-soberana-europeia-da-aws\/#breadcrumb\",\"itemListElement\":[{\"@type\":\"ListItem\",\"position\":1,\"name\":\"In\u00edcio\",\"item\":\"https:\/\/portaltela.pt\/\"},{\"@type\":\"ListItem\",\"position\":2,\"name\":\"SUSE disponibiliza Linux na nuvem soberana europeia da AWS\"}]},{\"@type\":\"WebSite\",\"@id\":\"https:\/\/portaltela.pt\/#website\",\"url\":\"https:\/\/portaltela.pt\/\",\"name\":\"Portal Tela Portugal\",\"description\":\"\",\"potentialAction\":[{\"@type\":\"SearchAction\",\"target\":{\"@type\":\"EntryPoint\",\"urlTemplate\":\"https:\/\/portaltela.pt\/?s={search_term_string}\"},\"query-input\":{\"@type\":\"PropertyValueSpecification\",\"valueRequired\":true,\"valueName\":\"search_term_string\"}}],\"inLanguage\":\"pt-PT\"},{\"@type\":\"Person\",\"@id\":\"https:\/\/portaltela.pt\/#\/schema\/person\/c4278d4a6028830caff9ee44b42d32ed\",\"name\":\"Telinha\",\"image\":{\"@type\":\"ImageObject\",\"inLanguage\":\"pt-PT\",\"@id\":\"https:\/\/portaltela.pt\/s.01k8rhncp4jt1\/2025\/11\/talking-bot-125x125.png\",\"url\":\"https:\/\/portaltela.pt\/s.01k8rhncp4jt1\/2025\/11\/talking-bot-125x125.png\",\"contentUrl\":\"https:\/\/portaltela.pt\/s.01k8rhncp4jt1\/2025\/11\/talking-bot-125x125.png\",\"caption\":\"Telinha\"},\"sameAs\":[\"https:\/\/portaltela.pt\/\"],\"url\":\"https:\/\/portaltela.pt\/por\/367410592786\/\"}]}<\/script>\n<!-- \/ Yoast SEO plugin. -->","yoast_head_json":{"title":"SUSE disponibiliza Linux na nuvem soberana europeia da AWS - Portal Tela Portugal","robots":{"index":"index","follow":"follow","max-snippet":"max-snippet:-1","max-image-preview":"max-image-preview:large","max-video-preview":"max-video-preview:-1"},"og_locale":"pt_PT","og_type":"article","og_title":"SUSE disponibiliza Linux na nuvem soberana europeia da AWS - Portal Tela Portugal","og_description":"A SUSE vai disponibilizar o Linux empresarial aos clientes da AWS European Sovereign Cloud, uma cloud europeia privada e totalmente dentro da Uni\u00e3o Europeia. Ser\u00e3o fornecidos o SUSE Linux Enterprise Server (SLES) e o SLES for SAP, com subscri\u00e7\u00e3o anual e modelo de pagamento por utiliza\u00e7\u00e3o, atrav\u00e9s do AWS Marketplace. Em fase inicial, a SUSE n\u00e3o vai usar BYOS; no futuro prev\u00ea-se a possibilidade Bring Your Own Subscription (BYOS) para clientes com as suas subscri\u00e7\u00f5es. A oferta enquadra a estrat\u00e9gia de soberania digital da SUSE, que inclui o SUSE Sovereign Premium Support, visando atender organiza\u00e7\u00f5es com maiores requisitos de controlo e conformidade. A parceria entre AWS e SUSE tamb\u00e9m refor\u00e7a a integra\u00e7\u00e3o de solu\u00e7\u00f5es de c\u00f3digo aberto com servi\u00e7os de IA generativa da AWS (Bedrock e Q), numa evolu\u00e7\u00e3o de colabora\u00e7\u00e3o que j\u00e1 inclui SUSE Rancher e suporte a conte\u00fados para ambientes soberanos.","og_url":"https:\/\/portaltela.pt\/noticias\/2026\/01\/20\/suse-disponibiliza-linux-na-nuvem-soberana-europeia-da-aws\/","og_site_name":"Portal Tela Portugal","article_published_time":"2026-01-20T07:30:00+00:00","author":"Telinha","twitter_card":"summary_large_image","twitter_misc":{"Escrito por":"Telinha","Tempo estimado de leitura":"1 minuto"},"schema":{"@context":"https:\/\/schema.org","@graph":[{"@type":"Article","@id":"https:\/\/portaltela.pt\/noticias\/2026\/01\/20\/suse-disponibiliza-linux-na-nuvem-soberana-europeia-da-aws\/#article","isPartOf":{"@id":"https:\/\/portaltela.pt\/noticias\/2026\/01\/20\/suse-disponibiliza-linux-na-nuvem-soberana-europeia-da-aws\/"},"author":{"name":"Telinha","@id":"https:\/\/portaltela.pt\/#\/schema\/person\/c4278d4a6028830caff9ee44b42d32ed"},"headline":"SUSE disponibiliza Linux na nuvem soberana europeia da AWS","datePublished":"2026-01-20T07:30:00+00:00","mainEntityOfPage":{"@id":"https:\/\/portaltela.pt\/noticias\/2026\/01\/20\/suse-disponibiliza-linux-na-nuvem-soberana-europeia-da-aws\/"},"wordCount":276,"image":{"@id":"https:\/\/portaltela.pt\/noticias\/2026\/01\/20\/suse-disponibiliza-linux-na-nuvem-soberana-europeia-da-aws\/#primaryimage"},"thumbnailUrl":"https:\/\/portaltela.pt\/s.01k8rhncp4jt1\/2026\/01\/unnamed-file-4020.jpg","keywords":["cloud soberana","computa\u00e7\u00e3o em nuvem","intelig\u00eancia artificial","prote\u00e7\u00e3o da privacidade","tecnologia","transforma\u00e7\u00e3o digital"],"articleSection":["Not\u00edcias"],"inLanguage":"pt-PT"},{"@type":"WebPage","@id":"https:\/\/portaltela.pt\/noticias\/2026\/01\/20\/suse-disponibiliza-linux-na-nuvem-soberana-europeia-da-aws\/","url":"https:\/\/portaltela.pt\/noticias\/2026\/01\/20\/suse-disponibiliza-linux-na-nuvem-soberana-europeia-da-aws\/","name":"SUSE disponibiliza Linux na nuvem soberana europeia da AWS - Portal Tela Portugal","isPartOf":{"@id":"https:\/\/portaltela.pt\/#website"},"primaryImageOfPage":{"@id":"https:\/\/portaltela.pt\/noticias\/2026\/01\/20\/suse-disponibiliza-linux-na-nuvem-soberana-europeia-da-aws\/#primaryimage"},"image":{"@id":"https:\/\/portaltela.pt\/noticias\/2026\/01\/20\/suse-disponibiliza-linux-na-nuvem-soberana-europeia-da-aws\/#primaryimage"},"thumbnailUrl":"https:\/\/portaltela.pt\/s.01k8rhncp4jt1\/2026\/01\/unnamed-file-4020.jpg","datePublished":"2026-01-20T07:30:00+00:00","author":{"@id":"https:\/\/portaltela.pt\/#\/schema\/person\/c4278d4a6028830caff9ee44b42d32ed"},"breadcrumb":{"@id":"https:\/\/portaltela.pt\/noticias\/2026\/01\/20\/suse-disponibiliza-linux-na-nuvem-soberana-europeia-da-aws\/#breadcrumb"},"inLanguage":"pt-PT","potentialAction":[{"@type":"ReadAction","target":["https:\/\/portaltela.pt\/noticias\/2026\/01\/20\/suse-disponibiliza-linux-na-nuvem-soberana-europeia-da-aws\/"]}]},{"@type":"ImageObject","inLanguage":"pt-PT","@id":"https:\/\/portaltela.pt\/noticias\/2026\/01\/20\/suse-disponibiliza-linux-na-nuvem-soberana-europeia-da-aws\/#primaryimage","url":"https:\/\/portaltela.pt\/s.01k8rhncp4jt1\/2026\/01\/unnamed-file-4020.jpg","contentUrl":"https:\/\/portaltela.pt\/s.01k8rhncp4jt1\/2026\/01\/unnamed-file-4020.jpg","width":796,"height":448,"caption":"SUSE leva Linux para cloud soberana europeia da AWS"},{"@type":"BreadcrumbList","@id":"https:\/\/portaltela.pt\/noticias\/2026\/01\/20\/suse-disponibiliza-linux-na-nuvem-soberana-europeia-da-aws\/#breadcrumb","itemListElement":[{"@type":"ListItem","position":1,"name":"In\u00edcio","item":"https:\/\/portaltela.pt\/"},{"@type":"ListItem","position":2,"name":"SUSE disponibiliza Linux na nuvem soberana europeia da AWS"}]},{"@type":"WebSite","@id":"https:\/\/portaltela.pt\/#website","url":"https:\/\/portaltela.pt\/","name":"Portal Tela Portugal","description":"","potentialAction":[{"@type":"SearchAction","target":{"@type":"EntryPoint","urlTemplate":"https:\/\/portaltela.pt\/?s={search_term_string}"},"query-input":{"@type":"PropertyValueSpecification","valueRequired":true,"valueName":"search_term_string"}}],"inLanguage":"pt-PT"},{"@type":"Person","@id":"https:\/\/portaltela.pt\/#\/schema\/person\/c4278d4a6028830caff9ee44b42d32ed","name":"Telinha","image":{"@type":"ImageObject","inLanguage":"pt-PT","@id":"https:\/\/portaltela.pt\/s.01k8rhncp4jt1\/2025\/11\/talking-bot-125x125.png","url":"https:\/\/portaltela.pt\/s.01k8rhncp4jt1\/2025\/11\/talking-bot-125x125.png","contentUrl":"https:\/\/portaltela.pt\/s.01k8rhncp4jt1\/2025\/11\/talking-bot-125x125.png","caption":"Telinha"},"sameAs":["https:\/\/portaltela.pt\/"],"url":"https:\/\/portaltela.pt\/por\/367410592786\/"}]}},"_links":{"self":[{"href":"https:\/\/portaltela.pt\/api\/wp\/v2\/posts\/155165","targetHints":{"allow":["GET"]}}],"collection":[{"href":"https:\/\/portaltela.pt\/api\/wp\/v2\/posts"}],"about":[{"href":"https:\/\/portaltela.pt\/api\/wp\/v2\/types\/post"}],"author":[{"embeddable":true,"href":"https:\/\/portaltela.pt\/api\/wp\/v2\/users\/2"}],"replies":[{"embeddable":true,"href":"https:\/\/portaltela.pt\/api\/wp\/v2\/comments?post=155165"}],"version-history":[{"count":0,"href":"https:\/\/portaltela.pt\/api\/wp\/v2\/posts\/155165\/revisions"}],"wp:featuredmedia":[{"embeddable":true,"href":"https:\/\/portaltela.pt\/api\/wp\/v2\/media\/155199"}],"wp:attachment":[{"href":"https:\/\/portaltela.pt\/api\/wp\/v2\/media?parent=155165"}],"wp:term":[{"taxonomy":"category","embeddable":true,"href":"https:\/\/portaltela.pt\/api\/wp\/v2\/categories?post=155165"},{"taxonomy":"post_tag","embeddable":true,"href":"https:\/\/portaltela.pt\/api\/wp\/v2\/tags?post=155165"}],"curies":[{"name":"wp","href":"https:\/\/api.w.org\/{rel}","templated":true}]}}