{"id":155150,"date":"2026-01-20T04:31:00","date_gmt":"2026-01-20T07:31:00","guid":{"rendered":"https:\/\/portaltela.pt\/noticias\/2026\/01\/20\/cbs-retira-reportagem-sobre-deportacoes-de-imigrantes-do-ar\/"},"modified":"2026-01-20T04:31:00","modified_gmt":"2026-01-20T07:31:00","slug":"cbs-retira-reportagem-sobre-deportacoes-de-imigrantes-do-ar","status":"publish","type":"post","link":"https:\/\/portaltela.pt\/noticias\/politica\/2026\/01\/20\/cbs-retira-reportagem-sobre-deportacoes-de-imigrantes-do-ar\/","title":{"rendered":"CBS retira reportagem sobre deporta\u00e7\u00f5es de imigrantes do ar"},"content":{"rendered":"<p>A CBS retirou, em dezembro, uma reportagem sobre deporta\u00e7\u00f5es de imigrantes do programa de investiga\u00e7\u00e3o 60 Minutes. A decis\u00e3o gerou uma disputa interna p\u00fablica, com a jornalista Sharyn Alfonsi a acusar a diretora de informa\u00e7\u00e3o de agir por motivos pol\u00edticos, n\u00e3o editoriais.<\/p>\n<p>A reportagem foi mais tarde exibida no \u00faltimo domingo, sem entrevistas em v\u00eddeo com respons\u00e1veis do governo de Donald Trump. Foram inclu\u00eddas declara\u00e7\u00f5es da Casa Branca e do Department of Homeland Security que n\u00e3o estavam na edi\u00e7\u00e3o original.<\/p>\n<p>A CBS afirmou que pretendia manter a pe\u00e7a, centrada nos deportados enviados para o Centro de Confinamento de Alta Seguran\u00e7a (CECOT) em El Salvador. Bari Weiss argumentou que faltavam pontos de vista do governo e informa\u00e7\u00f5es de outras fontes.<\/p>\n<p>A liberar o conte\u00fado acidentalmente online, a CBS News tornou dispon\u00edvel um arquivo da reportagem j\u00e1 pronta para a Global Television, esta\u00e7\u00e3o canadiana. A pe\u00e7a cont\u00e9m relatos de imigrantes sobre abusos vivenciados durante a deporta\u00e7\u00e3o.<\/p>\n<p>Dois deportados relatam tortura, espancamentos e abusos; um venezuelano descreve abusos sexuais e confinamento solit\u00e1rio. Um estudante universit\u00e1rio afirma ter sido espancado e ter tido um dente arrancado, descrevendo um \u201cinferno\u201d.<\/p>\n<p>Especialistas questionaram a legalidade da deporta\u00e7\u00e3o de pessoas com decis\u00f5es judiciais pendentes. A Human Rights Watch aponta que apenas oito homens deportados tinham condena\u00e7\u00e3o por crimes graves, segundo dados do ICE.<\/p>\n<p>A controv\u00e9rsia envolve Bari Weiss, contratada pela CBS em outubro para liderar a informa\u00e7\u00e3o, ap\u00f3s compra da The Free Press por cerca de 150 milh\u00f5es de d\u00f3lares. Weiss j\u00e1 foi colunista do The New York Times e cr\u00edtica de pol\u00edticas identit\u00e1rias.<\/p>\n<p>David Ellison, presidente da CBS, defende a moderniza\u00e7\u00e3o do conte\u00fado e \u201cdiversidade de pontos de vista\u201d, alinhando-se a uma linha editorial mais ampla. A fus\u00e3o Paramount-Skydance motivou controv\u00e9rsias sobre influ\u00eancias institucionais.<\/p>\n","protected":false},"excerpt":{"rendered":"<ul>\n<li>A CBS emitiu uma reportagem sobre deporta\u00e7\u00f5es de imigrantes que a nova diretora de informa\u00e7\u00e3o retirou em dezembro do programa 60 Minutes, gerando uma disputa interna entre colaboradores.<\/li>\n<li>A jornalista respons\u00e1vel, Sharyn Alfonsi, acusou a decis\u00e3o de ter sido \u201cpol\u00edtica\u201d e n\u00e3o editorial.<\/li>\n<li>A pe\u00e7a n\u00e3o incluiu entrevistas em v\u00eddeo com respons\u00e1veis do governo de Donald Trump, mas mostrou declara\u00e7\u00f5es da Casa Branca e do Departamento de Seguran\u00e7a Interna que n\u00e3o faziam parte da reportagem inicialmente retirada.<\/li>\n<li>Alfonsi afirma que, desde novembro, houve v\u00e1rias tentativas de entrevistar autoridades da administra\u00e7\u00e3o Trump, pedidos que teriam sido recusados.<\/li>\n<li>A reportagem descreve depoimentos de imigrantes enviados ao Centro de Confinamento de Terroristas (CECOT), em El Salvador, e cita an\u00e1lises de especialistas e da Human Rights Watch sobre a legalidade e os n\u00fameros das deporta\u00e7\u00f5es.<\/li>\n<\/ul>\n","protected":false},"author":2,"featured_media":155171,"comment_status":"closed","ping_status":"closed","sticky":false,"template":"","format":"standard","meta":{"footnotes":""},"categories":[1,5],"tags":[2633,2846,712,1921,506,215],"class_list":["post-155150","post","type-post","status-publish","format-standard","has-post-thumbnail","hentry","category-noticias","category-politica","tag-direitos-humanos","tag-human-rights-watch","tag-imigracao","tag-imigrantes","tag-imprensa","tag-investigacao"],"yoast_head":"<!-- This site is optimized with the Yoast SEO plugin v27.2 - https:\/\/yoast.com\/product\/yoast-seo-wordpress\/ -->\n<title>CBS retira reportagem sobre deporta\u00e7\u00f5es de imigrantes do ar - Portal Tela Portugal<\/title>\n<meta name=\"robots\" content=\"index, follow, max-snippet:-1, max-image-preview:large, max-video-preview:-1\" \/>\n<meta property=\"og:locale\" content=\"pt_PT\" \/>\n<meta property=\"og:type\" content=\"article\" \/>\n<meta property=\"og:title\" content=\"CBS retira reportagem sobre deporta\u00e7\u00f5es de imigrantes do ar - Portal Tela Portugal\" \/>\n<meta property=\"og:description\" content=\"A CBS emitiu uma reportagem sobre deporta\u00e7\u00f5es de imigrantes que a nova diretora de informa\u00e7\u00e3o retirou em dezembro do programa 60 Minutes, gerando uma disputa interna entre colaboradores. A jornalista respons\u00e1vel, Sharyn Alfonsi, acusou a decis\u00e3o de ter sido \u201cpol\u00edtica\u201d e n\u00e3o editorial. A pe\u00e7a n\u00e3o incluiu entrevistas em v\u00eddeo com respons\u00e1veis do governo de Donald Trump, mas mostrou declara\u00e7\u00f5es da Casa Branca e do Departamento de Seguran\u00e7a Interna que n\u00e3o faziam parte da reportagem inicialmente retirada. Alfonsi afirma que, desde novembro, houve v\u00e1rias tentativas de entrevistar autoridades da administra\u00e7\u00e3o Trump, pedidos que teriam sido recusados. A reportagem descreve depoimentos de imigrantes enviados ao Centro de Confinamento de Terroristas (CECOT), em El Salvador, e cita an\u00e1lises de especialistas e da Human Rights Watch sobre a legalidade e os n\u00fameros das deporta\u00e7\u00f5es.\" \/>\n<meta property=\"og:url\" content=\"https:\/\/portaltela.pt\/noticias\/2026\/01\/20\/cbs-retira-reportagem-sobre-deportacoes-de-imigrantes-do-ar\/\" \/>\n<meta property=\"og:site_name\" content=\"Portal Tela Portugal\" \/>\n<meta property=\"article:published_time\" content=\"2026-01-20T07:31:00+00:00\" \/>\n<meta name=\"author\" content=\"Telinha\" \/>\n<meta name=\"twitter:card\" content=\"summary_large_image\" \/>\n<meta name=\"twitter:label1\" content=\"Escrito por\" \/>\n\t<meta name=\"twitter:data1\" content=\"Telinha\" \/>\n\t<meta name=\"twitter:label2\" content=\"Tempo estimado de leitura\" \/>\n\t<meta name=\"twitter:data2\" content=\"2 minutos\" \/>\n<script type=\"application\/ld+json\" class=\"yoast-schema-graph\">{\"@context\":\"https:\/\/schema.org\",\"@graph\":[{\"@type\":\"Article\",\"@id\":\"https:\/\/portaltela.pt\/noticias\/2026\/01\/20\/cbs-retira-reportagem-sobre-deportacoes-de-imigrantes-do-ar\/#article\",\"isPartOf\":{\"@id\":\"https:\/\/portaltela.pt\/noticias\/2026\/01\/20\/cbs-retira-reportagem-sobre-deportacoes-de-imigrantes-do-ar\/\"},\"author\":{\"name\":\"Telinha\",\"@id\":\"https:\/\/portaltela.pt\/#\/schema\/person\/c4278d4a6028830caff9ee44b42d32ed\"},\"headline\":\"CBS retira reportagem sobre deporta\u00e7\u00f5es de imigrantes do ar\",\"datePublished\":\"2026-01-20T07:31:00+00:00\",\"mainEntityOfPage\":{\"@id\":\"https:\/\/portaltela.pt\/noticias\/2026\/01\/20\/cbs-retira-reportagem-sobre-deportacoes-de-imigrantes-do-ar\/\"},\"wordCount\":336,\"image\":{\"@id\":\"https:\/\/portaltela.pt\/noticias\/2026\/01\/20\/cbs-retira-reportagem-sobre-deportacoes-de-imigrantes-do-ar\/#primaryimage\"},\"thumbnailUrl\":\"https:\/\/portaltela.pt\/s.01k8rhncp4jt1\/2026\/01\/fec27d70-bff7-4f22-b54f-f838b5cec643_1200x675.jpg\",\"keywords\":[\"direitos humanos\",\"Human Rights Watch\",\"imigra\u00e7\u00e3o\",\"imigrantes\",\"imprensa\",\"investiga\u00e7\u00e3o\"],\"articleSection\":[\"Not\u00edcias\",\"Pol\u00edtica\"],\"inLanguage\":\"pt-PT\"},{\"@type\":\"WebPage\",\"@id\":\"https:\/\/portaltela.pt\/noticias\/2026\/01\/20\/cbs-retira-reportagem-sobre-deportacoes-de-imigrantes-do-ar\/\",\"url\":\"https:\/\/portaltela.pt\/noticias\/2026\/01\/20\/cbs-retira-reportagem-sobre-deportacoes-de-imigrantes-do-ar\/\",\"name\":\"CBS retira reportagem sobre deporta\u00e7\u00f5es de imigrantes do ar - Portal Tela Portugal\",\"isPartOf\":{\"@id\":\"https:\/\/portaltela.pt\/#website\"},\"primaryImageOfPage\":{\"@id\":\"https:\/\/portaltela.pt\/noticias\/2026\/01\/20\/cbs-retira-reportagem-sobre-deportacoes-de-imigrantes-do-ar\/#primaryimage\"},\"image\":{\"@id\":\"https:\/\/portaltela.pt\/noticias\/2026\/01\/20\/cbs-retira-reportagem-sobre-deportacoes-de-imigrantes-do-ar\/#primaryimage\"},\"thumbnailUrl\":\"https:\/\/portaltela.pt\/s.01k8rhncp4jt1\/2026\/01\/fec27d70-bff7-4f22-b54f-f838b5cec643_1200x675.jpg\",\"datePublished\":\"2026-01-20T07:31:00+00:00\",\"author\":{\"@id\":\"https:\/\/portaltela.pt\/#\/schema\/person\/c4278d4a6028830caff9ee44b42d32ed\"},\"breadcrumb\":{\"@id\":\"https:\/\/portaltela.pt\/noticias\/2026\/01\/20\/cbs-retira-reportagem-sobre-deportacoes-de-imigrantes-do-ar\/#breadcrumb\"},\"inLanguage\":\"pt-PT\",\"potentialAction\":[{\"@type\":\"ReadAction\",\"target\":[\"https:\/\/portaltela.pt\/noticias\/2026\/01\/20\/cbs-retira-reportagem-sobre-deportacoes-de-imigrantes-do-ar\/\"]}]},{\"@type\":\"ImageObject\",\"inLanguage\":\"pt-PT\",\"@id\":\"https:\/\/portaltela.pt\/noticias\/2026\/01\/20\/cbs-retira-reportagem-sobre-deportacoes-de-imigrantes-do-ar\/#primaryimage\",\"url\":\"https:\/\/portaltela.pt\/s.01k8rhncp4jt1\/2026\/01\/fec27d70-bff7-4f22-b54f-f838b5cec643_1200x675.jpg\",\"contentUrl\":\"https:\/\/portaltela.pt\/s.01k8rhncp4jt1\/2026\/01\/fec27d70-bff7-4f22-b54f-f838b5cec643_1200x675.jpg\",\"width\":796,\"height\":448,\"caption\":\"A reportagem n\u00e3o incluiu entrevistas em v\u00eddeo com respons\u00e1veis do governo de Donald Trump\"},{\"@type\":\"BreadcrumbList\",\"@id\":\"https:\/\/portaltela.pt\/noticias\/2026\/01\/20\/cbs-retira-reportagem-sobre-deportacoes-de-imigrantes-do-ar\/#breadcrumb\",\"itemListElement\":[{\"@type\":\"ListItem\",\"position\":1,\"name\":\"In\u00edcio\",\"item\":\"https:\/\/portaltela.pt\/\"},{\"@type\":\"ListItem\",\"position\":2,\"name\":\"CBS retira reportagem sobre deporta\u00e7\u00f5es de imigrantes do ar\"}]},{\"@type\":\"WebSite\",\"@id\":\"https:\/\/portaltela.pt\/#website\",\"url\":\"https:\/\/portaltela.pt\/\",\"name\":\"Portal Tela Portugal\",\"description\":\"\",\"potentialAction\":[{\"@type\":\"SearchAction\",\"target\":{\"@type\":\"EntryPoint\",\"urlTemplate\":\"https:\/\/portaltela.pt\/?s={search_term_string}\"},\"query-input\":{\"@type\":\"PropertyValueSpecification\",\"valueRequired\":true,\"valueName\":\"search_term_string\"}}],\"inLanguage\":\"pt-PT\"},{\"@type\":\"Person\",\"@id\":\"https:\/\/portaltela.pt\/#\/schema\/person\/c4278d4a6028830caff9ee44b42d32ed\",\"name\":\"Telinha\",\"image\":{\"@type\":\"ImageObject\",\"inLanguage\":\"pt-PT\",\"@id\":\"https:\/\/portaltela.pt\/s.01k8rhncp4jt1\/2025\/11\/talking-bot-125x125.png\",\"url\":\"https:\/\/portaltela.pt\/s.01k8rhncp4jt1\/2025\/11\/talking-bot-125x125.png\",\"contentUrl\":\"https:\/\/portaltela.pt\/s.01k8rhncp4jt1\/2025\/11\/talking-bot-125x125.png\",\"caption\":\"Telinha\"},\"sameAs\":[\"https:\/\/portaltela.pt\/\"],\"url\":\"https:\/\/portaltela.pt\/por\/367410592786\/\"}]}<\/script>\n<!-- \/ Yoast SEO plugin. -->","yoast_head_json":{"title":"CBS retira reportagem sobre deporta\u00e7\u00f5es de imigrantes do ar - Portal Tela Portugal","robots":{"index":"index","follow":"follow","max-snippet":"max-snippet:-1","max-image-preview":"max-image-preview:large","max-video-preview":"max-video-preview:-1"},"og_locale":"pt_PT","og_type":"article","og_title":"CBS retira reportagem sobre deporta\u00e7\u00f5es de imigrantes do ar - Portal Tela Portugal","og_description":"A CBS emitiu uma reportagem sobre deporta\u00e7\u00f5es de imigrantes que a nova diretora de informa\u00e7\u00e3o retirou em dezembro do programa 60 Minutes, gerando uma disputa interna entre colaboradores. A jornalista respons\u00e1vel, Sharyn Alfonsi, acusou a decis\u00e3o de ter sido \u201cpol\u00edtica\u201d e n\u00e3o editorial. A pe\u00e7a n\u00e3o incluiu entrevistas em v\u00eddeo com respons\u00e1veis do governo de Donald Trump, mas mostrou declara\u00e7\u00f5es da Casa Branca e do Departamento de Seguran\u00e7a Interna que n\u00e3o faziam parte da reportagem inicialmente retirada. Alfonsi afirma que, desde novembro, houve v\u00e1rias tentativas de entrevistar autoridades da administra\u00e7\u00e3o Trump, pedidos que teriam sido recusados. A reportagem descreve depoimentos de imigrantes enviados ao Centro de Confinamento de Terroristas (CECOT), em El Salvador, e cita an\u00e1lises de especialistas e da Human Rights Watch sobre a legalidade e os n\u00fameros das deporta\u00e7\u00f5es.","og_url":"https:\/\/portaltela.pt\/noticias\/2026\/01\/20\/cbs-retira-reportagem-sobre-deportacoes-de-imigrantes-do-ar\/","og_site_name":"Portal Tela Portugal","article_published_time":"2026-01-20T07:31:00+00:00","author":"Telinha","twitter_card":"summary_large_image","twitter_misc":{"Escrito por":"Telinha","Tempo estimado de leitura":"2 minutos"},"schema":{"@context":"https:\/\/schema.org","@graph":[{"@type":"Article","@id":"https:\/\/portaltela.pt\/noticias\/2026\/01\/20\/cbs-retira-reportagem-sobre-deportacoes-de-imigrantes-do-ar\/#article","isPartOf":{"@id":"https:\/\/portaltela.pt\/noticias\/2026\/01\/20\/cbs-retira-reportagem-sobre-deportacoes-de-imigrantes-do-ar\/"},"author":{"name":"Telinha","@id":"https:\/\/portaltela.pt\/#\/schema\/person\/c4278d4a6028830caff9ee44b42d32ed"},"headline":"CBS retira reportagem sobre deporta\u00e7\u00f5es de imigrantes do ar","datePublished":"2026-01-20T07:31:00+00:00","mainEntityOfPage":{"@id":"https:\/\/portaltela.pt\/noticias\/2026\/01\/20\/cbs-retira-reportagem-sobre-deportacoes-de-imigrantes-do-ar\/"},"wordCount":336,"image":{"@id":"https:\/\/portaltela.pt\/noticias\/2026\/01\/20\/cbs-retira-reportagem-sobre-deportacoes-de-imigrantes-do-ar\/#primaryimage"},"thumbnailUrl":"https:\/\/portaltela.pt\/s.01k8rhncp4jt1\/2026\/01\/fec27d70-bff7-4f22-b54f-f838b5cec643_1200x675.jpg","keywords":["direitos humanos","Human Rights Watch","imigra\u00e7\u00e3o","imigrantes","imprensa","investiga\u00e7\u00e3o"],"articleSection":["Not\u00edcias","Pol\u00edtica"],"inLanguage":"pt-PT"},{"@type":"WebPage","@id":"https:\/\/portaltela.pt\/noticias\/2026\/01\/20\/cbs-retira-reportagem-sobre-deportacoes-de-imigrantes-do-ar\/","url":"https:\/\/portaltela.pt\/noticias\/2026\/01\/20\/cbs-retira-reportagem-sobre-deportacoes-de-imigrantes-do-ar\/","name":"CBS retira reportagem sobre deporta\u00e7\u00f5es de imigrantes do ar - Portal Tela Portugal","isPartOf":{"@id":"https:\/\/portaltela.pt\/#website"},"primaryImageOfPage":{"@id":"https:\/\/portaltela.pt\/noticias\/2026\/01\/20\/cbs-retira-reportagem-sobre-deportacoes-de-imigrantes-do-ar\/#primaryimage"},"image":{"@id":"https:\/\/portaltela.pt\/noticias\/2026\/01\/20\/cbs-retira-reportagem-sobre-deportacoes-de-imigrantes-do-ar\/#primaryimage"},"thumbnailUrl":"https:\/\/portaltela.pt\/s.01k8rhncp4jt1\/2026\/01\/fec27d70-bff7-4f22-b54f-f838b5cec643_1200x675.jpg","datePublished":"2026-01-20T07:31:00+00:00","author":{"@id":"https:\/\/portaltela.pt\/#\/schema\/person\/c4278d4a6028830caff9ee44b42d32ed"},"breadcrumb":{"@id":"https:\/\/portaltela.pt\/noticias\/2026\/01\/20\/cbs-retira-reportagem-sobre-deportacoes-de-imigrantes-do-ar\/#breadcrumb"},"inLanguage":"pt-PT","potentialAction":[{"@type":"ReadAction","target":["https:\/\/portaltela.pt\/noticias\/2026\/01\/20\/cbs-retira-reportagem-sobre-deportacoes-de-imigrantes-do-ar\/"]}]},{"@type":"ImageObject","inLanguage":"pt-PT","@id":"https:\/\/portaltela.pt\/noticias\/2026\/01\/20\/cbs-retira-reportagem-sobre-deportacoes-de-imigrantes-do-ar\/#primaryimage","url":"https:\/\/portaltela.pt\/s.01k8rhncp4jt1\/2026\/01\/fec27d70-bff7-4f22-b54f-f838b5cec643_1200x675.jpg","contentUrl":"https:\/\/portaltela.pt\/s.01k8rhncp4jt1\/2026\/01\/fec27d70-bff7-4f22-b54f-f838b5cec643_1200x675.jpg","width":796,"height":448,"caption":"A reportagem n\u00e3o incluiu entrevistas em v\u00eddeo com respons\u00e1veis do governo de Donald Trump"},{"@type":"BreadcrumbList","@id":"https:\/\/portaltela.pt\/noticias\/2026\/01\/20\/cbs-retira-reportagem-sobre-deportacoes-de-imigrantes-do-ar\/#breadcrumb","itemListElement":[{"@type":"ListItem","position":1,"name":"In\u00edcio","item":"https:\/\/portaltela.pt\/"},{"@type":"ListItem","position":2,"name":"CBS retira reportagem sobre deporta\u00e7\u00f5es de imigrantes do ar"}]},{"@type":"WebSite","@id":"https:\/\/portaltela.pt\/#website","url":"https:\/\/portaltela.pt\/","name":"Portal Tela Portugal","description":"","potentialAction":[{"@type":"SearchAction","target":{"@type":"EntryPoint","urlTemplate":"https:\/\/portaltela.pt\/?s={search_term_string}"},"query-input":{"@type":"PropertyValueSpecification","valueRequired":true,"valueName":"search_term_string"}}],"inLanguage":"pt-PT"},{"@type":"Person","@id":"https:\/\/portaltela.pt\/#\/schema\/person\/c4278d4a6028830caff9ee44b42d32ed","name":"Telinha","image":{"@type":"ImageObject","inLanguage":"pt-PT","@id":"https:\/\/portaltela.pt\/s.01k8rhncp4jt1\/2025\/11\/talking-bot-125x125.png","url":"https:\/\/portaltela.pt\/s.01k8rhncp4jt1\/2025\/11\/talking-bot-125x125.png","contentUrl":"https:\/\/portaltela.pt\/s.01k8rhncp4jt1\/2025\/11\/talking-bot-125x125.png","caption":"Telinha"},"sameAs":["https:\/\/portaltela.pt\/"],"url":"https:\/\/portaltela.pt\/por\/367410592786\/"}]}},"_links":{"self":[{"href":"https:\/\/portaltela.pt\/api\/wp\/v2\/posts\/155150","targetHints":{"allow":["GET"]}}],"collection":[{"href":"https:\/\/portaltela.pt\/api\/wp\/v2\/posts"}],"about":[{"href":"https:\/\/portaltela.pt\/api\/wp\/v2\/types\/post"}],"author":[{"embeddable":true,"href":"https:\/\/portaltela.pt\/api\/wp\/v2\/users\/2"}],"replies":[{"embeddable":true,"href":"https:\/\/portaltela.pt\/api\/wp\/v2\/comments?post=155150"}],"version-history":[{"count":0,"href":"https:\/\/portaltela.pt\/api\/wp\/v2\/posts\/155150\/revisions"}],"wp:featuredmedia":[{"embeddable":true,"href":"https:\/\/portaltela.pt\/api\/wp\/v2\/media\/155171"}],"wp:attachment":[{"href":"https:\/\/portaltela.pt\/api\/wp\/v2\/media?parent=155150"}],"wp:term":[{"taxonomy":"category","embeddable":true,"href":"https:\/\/portaltela.pt\/api\/wp\/v2\/categories?post=155150"},{"taxonomy":"post_tag","embeddable":true,"href":"https:\/\/portaltela.pt\/api\/wp\/v2\/tags?post=155150"}],"curies":[{"name":"wp","href":"https:\/\/api.w.org\/{rel}","templated":true}]}}