{"id":155132,"date":"2026-01-20T04:18:00","date_gmt":"2026-01-20T07:18:00","guid":{"rendered":"https:\/\/portaltela.pt\/noticias\/2026\/01\/20\/marques-mendes-regista-prejuizo-de-meio-milhao-de-euros-seguro-lidera-lucro\/"},"modified":"2026-01-20T04:18:00","modified_gmt":"2026-01-20T07:18:00","slug":"marques-mendes-regista-prejuizo-de-meio-milhao-de-euros-seguro-lidera-lucro","status":"publish","type":"post","link":"https:\/\/portaltela.pt\/noticias\/politica\/2026\/01\/20\/marques-mendes-regista-prejuizo-de-meio-milhao-de-euros-seguro-lidera-lucro\/","title":{"rendered":"Marques Mendes regista preju\u00edzo de meio milh\u00e3o de euros; seguro lidera lucro"},"content":{"rendered":"<p>Os resultados das elei\u00e7\u00f5es presidenciais v\u00e3o al\u00e9m da contagem de votos. Ao cruzar resultados, or\u00e7amento de campanha e o regime de subven\u00e7\u00e3o p\u00fablica, emerge o segundo campeonato: o das contas finais. Marques Mendes enfrenta um preju\u00edzo superior a meio milh\u00e3o de euros, enquanto Ant\u00f3nio Jos\u00e9 Seguro aparece como o candidato financeiramente mais bem-sucedido.<\/p>\n<p>Ao analisar os n\u00fameros, verificam-se diferen\u00e7as claras entre lucros e perdas entre os candidatos. O modelo de atribui\u00e7\u00e3o de fundos p\u00fablicos e a gest\u00e3o de dota\u00e7\u00f5es influenciam o balan\u00e7o final, destacando vencedores e derrotados no plano financeiro.<\/p>\n<p>Neste quadro, espera-se que o desempenho econ\u00f3mico das campanhas suscite debate sobre financiamento eleitoral e transpar\u00eancia. A an\u00e1lise abrange apenas dados oficiais de receitas, custos e subven\u00e7\u00f5es, sem ju\u00edzos sobre m\u00e9rito pol\u00edtico ou eleitoral.<\/p>\n<h3>Resultados financeiros<\/h3>\n<ul>\n<li>Marques Mendes fica com preju\u00edzo superior a 500 mil euros, segundo os c\u00e1lculos derivados dos gastos de campanha e da atribui\u00e7\u00e3o de apoios p\u00fablicos.<\/li>\n<li>Ant\u00f3nio Jos\u00e9 Seguro lidera o ranking financeiro, com equil\u00edbrio entre receitas e custos, refletindo gest\u00e3o mais favor\u00e1vel do or\u00e7amento de campanha.<\/li>\n<li>Lu\u00eds Montenegro apoiou Marques Mendes, que terminou a corrida em quinto lugar, influenciando o cen\u00e1rio de apoios e financiamento das candidaturas.<\/li>\n<\/ul>\n","protected":false},"excerpt":{"rendered":"<ul>\n<li>Nas contas finais das elei\u00e7\u00f5es, Ant\u00f3nio Jos\u00e9 Seguro \u00e9 o candidato financeiramente mais bem-sucedido, registando lucro.<\/li>\n<li>Lu\u00eds Marques Mendes \u00e9 apontado como o maior perdedor, com um preju\u00edzo superior a meio milh\u00e3o de euros.<\/li>\n<li>A an\u00e1lise resulta da leitura cruzada entre resultados eleitorais, or\u00e7amentos de campanha e o modelo legal de atribui\u00e7\u00e3o da subven\u00e7\u00e3o p\u00fablica.<\/li>\n<li>O cen\u00e1rio mostra vencedores e derrotados no campo financeiro das candidaturas, sem julgamentos ou opini\u00f5es.<\/li>\n<\/ul>\n","protected":false},"author":2,"featured_media":155138,"comment_status":"closed","ping_status":"closed","sticky":false,"template":"","format":"standard","meta":{"footnotes":""},"categories":[1,5],"tags":[68,2417,1755,1769,2832,332],"class_list":["post-155132","post","type-post","status-publish","format-standard","has-post-thumbnail","hentry","category-noticias","category-politica","tag-eleicoes","tag-financiamento","tag-financiamento-de-campanhas","tag-orcamento-territorio","tag-politica","tag-transparencia"],"yoast_head":"<!-- This site is optimized with the Yoast SEO plugin v27.2 - https:\/\/yoast.com\/product\/yoast-seo-wordpress\/ -->\n<title>Marques Mendes regista preju\u00edzo de meio milh\u00e3o de euros; seguro lidera lucro - Portal Tela Portugal<\/title>\n<meta name=\"robots\" content=\"index, follow, max-snippet:-1, max-image-preview:large, max-video-preview:-1\" \/>\n<meta property=\"og:locale\" content=\"pt_PT\" \/>\n<meta property=\"og:type\" content=\"article\" \/>\n<meta property=\"og:title\" content=\"Marques Mendes regista preju\u00edzo de meio milh\u00e3o de euros; seguro lidera lucro - Portal Tela Portugal\" \/>\n<meta property=\"og:description\" content=\"Nas contas finais das elei\u00e7\u00f5es, Ant\u00f3nio Jos\u00e9 Seguro \u00e9 o candidato financeiramente mais bem-sucedido, registando lucro. Lu\u00eds Marques Mendes \u00e9 apontado como o maior perdedor, com um preju\u00edzo superior a meio milh\u00e3o de euros. A an\u00e1lise resulta da leitura cruzada entre resultados eleitorais, or\u00e7amentos de campanha e o modelo legal de atribui\u00e7\u00e3o da subven\u00e7\u00e3o p\u00fablica. O cen\u00e1rio mostra vencedores e derrotados no campo financeiro das candidaturas, sem julgamentos ou opini\u00f5es.\" \/>\n<meta property=\"og:url\" content=\"https:\/\/portaltela.pt\/noticias\/2026\/01\/20\/marques-mendes-regista-prejuizo-de-meio-milhao-de-euros-seguro-lidera-lucro\/\" \/>\n<meta property=\"og:site_name\" content=\"Portal Tela Portugal\" \/>\n<meta property=\"article:published_time\" content=\"2026-01-20T07:18:00+00:00\" \/>\n<meta name=\"author\" content=\"Telinha\" \/>\n<meta name=\"twitter:card\" content=\"summary_large_image\" \/>\n<meta name=\"twitter:label1\" content=\"Escrito por\" \/>\n\t<meta name=\"twitter:data1\" content=\"Telinha\" \/>\n\t<meta name=\"twitter:label2\" content=\"Tempo estimado de leitura\" \/>\n\t<meta name=\"twitter:data2\" content=\"1 minuto\" \/>\n<script type=\"application\/ld+json\" class=\"yoast-schema-graph\">{\"@context\":\"https:\/\/schema.org\",\"@graph\":[{\"@type\":\"Article\",\"@id\":\"https:\/\/portaltela.pt\/noticias\/2026\/01\/20\/marques-mendes-regista-prejuizo-de-meio-milhao-de-euros-seguro-lidera-lucro\/#article\",\"isPartOf\":{\"@id\":\"https:\/\/portaltela.pt\/noticias\/2026\/01\/20\/marques-mendes-regista-prejuizo-de-meio-milhao-de-euros-seguro-lidera-lucro\/\"},\"author\":{\"name\":\"Telinha\",\"@id\":\"https:\/\/portaltela.pt\/#\/schema\/person\/c4278d4a6028830caff9ee44b42d32ed\"},\"headline\":\"Marques Mendes regista preju\u00edzo de meio milh\u00e3o de euros; seguro lidera lucro\",\"datePublished\":\"2026-01-20T07:18:00+00:00\",\"mainEntityOfPage\":{\"@id\":\"https:\/\/portaltela.pt\/noticias\/2026\/01\/20\/marques-mendes-regista-prejuizo-de-meio-milhao-de-euros-seguro-lidera-lucro\/\"},\"wordCount\":239,\"image\":{\"@id\":\"https:\/\/portaltela.pt\/noticias\/2026\/01\/20\/marques-mendes-regista-prejuizo-de-meio-milhao-de-euros-seguro-lidera-lucro\/#primaryimage\"},\"thumbnailUrl\":\"https:\/\/portaltela.pt\/s.01k8rhncp4jt1\/2026\/01\/image-1209.jpg\",\"keywords\":[\"elei\u00e7\u00f5es\",\"financiamento\",\"financiamento de campanhas\",\"Or\u00e7amento\/Territ\u00f3rio\",\"pol\u00edtica\",\"transpar\u00eancia\"],\"articleSection\":[\"Not\u00edcias\",\"Pol\u00edtica\"],\"inLanguage\":\"pt-PT\"},{\"@type\":\"WebPage\",\"@id\":\"https:\/\/portaltela.pt\/noticias\/2026\/01\/20\/marques-mendes-regista-prejuizo-de-meio-milhao-de-euros-seguro-lidera-lucro\/\",\"url\":\"https:\/\/portaltela.pt\/noticias\/2026\/01\/20\/marques-mendes-regista-prejuizo-de-meio-milhao-de-euros-seguro-lidera-lucro\/\",\"name\":\"Marques Mendes regista preju\u00edzo de meio milh\u00e3o de euros; seguro lidera lucro - Portal Tela Portugal\",\"isPartOf\":{\"@id\":\"https:\/\/portaltela.pt\/#website\"},\"primaryImageOfPage\":{\"@id\":\"https:\/\/portaltela.pt\/noticias\/2026\/01\/20\/marques-mendes-regista-prejuizo-de-meio-milhao-de-euros-seguro-lidera-lucro\/#primaryimage\"},\"image\":{\"@id\":\"https:\/\/portaltela.pt\/noticias\/2026\/01\/20\/marques-mendes-regista-prejuizo-de-meio-milhao-de-euros-seguro-lidera-lucro\/#primaryimage\"},\"thumbnailUrl\":\"https:\/\/portaltela.pt\/s.01k8rhncp4jt1\/2026\/01\/image-1209.jpg\",\"datePublished\":\"2026-01-20T07:18:00+00:00\",\"author\":{\"@id\":\"https:\/\/portaltela.pt\/#\/schema\/person\/c4278d4a6028830caff9ee44b42d32ed\"},\"breadcrumb\":{\"@id\":\"https:\/\/portaltela.pt\/noticias\/2026\/01\/20\/marques-mendes-regista-prejuizo-de-meio-milhao-de-euros-seguro-lidera-lucro\/#breadcrumb\"},\"inLanguage\":\"pt-PT\",\"potentialAction\":[{\"@type\":\"ReadAction\",\"target\":[\"https:\/\/portaltela.pt\/noticias\/2026\/01\/20\/marques-mendes-regista-prejuizo-de-meio-milhao-de-euros-seguro-lidera-lucro\/\"]}]},{\"@type\":\"ImageObject\",\"inLanguage\":\"pt-PT\",\"@id\":\"https:\/\/portaltela.pt\/noticias\/2026\/01\/20\/marques-mendes-regista-prejuizo-de-meio-milhao-de-euros-seguro-lidera-lucro\/#primaryimage\",\"url\":\"https:\/\/portaltela.pt\/s.01k8rhncp4jt1\/2026\/01\/image-1209.jpg\",\"contentUrl\":\"https:\/\/portaltela.pt\/s.01k8rhncp4jt1\/2026\/01\/image-1209.jpg\",\"width\":796,\"height\":448,\"caption\":\"Lu\u00eds Montenegro apoiou o candidato Marques Mendes, que ficou em quinto lugar\"},{\"@type\":\"BreadcrumbList\",\"@id\":\"https:\/\/portaltela.pt\/noticias\/2026\/01\/20\/marques-mendes-regista-prejuizo-de-meio-milhao-de-euros-seguro-lidera-lucro\/#breadcrumb\",\"itemListElement\":[{\"@type\":\"ListItem\",\"position\":1,\"name\":\"In\u00edcio\",\"item\":\"https:\/\/portaltela.pt\/\"},{\"@type\":\"ListItem\",\"position\":2,\"name\":\"Marques Mendes regista preju\u00edzo de meio milh\u00e3o de euros; seguro lidera lucro\"}]},{\"@type\":\"WebSite\",\"@id\":\"https:\/\/portaltela.pt\/#website\",\"url\":\"https:\/\/portaltela.pt\/\",\"name\":\"Portal Tela Portugal\",\"description\":\"\",\"potentialAction\":[{\"@type\":\"SearchAction\",\"target\":{\"@type\":\"EntryPoint\",\"urlTemplate\":\"https:\/\/portaltela.pt\/?s={search_term_string}\"},\"query-input\":{\"@type\":\"PropertyValueSpecification\",\"valueRequired\":true,\"valueName\":\"search_term_string\"}}],\"inLanguage\":\"pt-PT\"},{\"@type\":\"Person\",\"@id\":\"https:\/\/portaltela.pt\/#\/schema\/person\/c4278d4a6028830caff9ee44b42d32ed\",\"name\":\"Telinha\",\"image\":{\"@type\":\"ImageObject\",\"inLanguage\":\"pt-PT\",\"@id\":\"https:\/\/portaltela.pt\/s.01k8rhncp4jt1\/2025\/11\/talking-bot-125x125.png\",\"url\":\"https:\/\/portaltela.pt\/s.01k8rhncp4jt1\/2025\/11\/talking-bot-125x125.png\",\"contentUrl\":\"https:\/\/portaltela.pt\/s.01k8rhncp4jt1\/2025\/11\/talking-bot-125x125.png\",\"caption\":\"Telinha\"},\"sameAs\":[\"https:\/\/portaltela.pt\/\"],\"url\":\"https:\/\/portaltela.pt\/por\/367410592786\/\"}]}<\/script>\n<!-- \/ Yoast SEO plugin. -->","yoast_head_json":{"title":"Marques Mendes regista preju\u00edzo de meio milh\u00e3o de euros; seguro lidera lucro - Portal Tela Portugal","robots":{"index":"index","follow":"follow","max-snippet":"max-snippet:-1","max-image-preview":"max-image-preview:large","max-video-preview":"max-video-preview:-1"},"og_locale":"pt_PT","og_type":"article","og_title":"Marques Mendes regista preju\u00edzo de meio milh\u00e3o de euros; seguro lidera lucro - Portal Tela Portugal","og_description":"Nas contas finais das elei\u00e7\u00f5es, Ant\u00f3nio Jos\u00e9 Seguro \u00e9 o candidato financeiramente mais bem-sucedido, registando lucro. Lu\u00eds Marques Mendes \u00e9 apontado como o maior perdedor, com um preju\u00edzo superior a meio milh\u00e3o de euros. A an\u00e1lise resulta da leitura cruzada entre resultados eleitorais, or\u00e7amentos de campanha e o modelo legal de atribui\u00e7\u00e3o da subven\u00e7\u00e3o p\u00fablica. O cen\u00e1rio mostra vencedores e derrotados no campo financeiro das candidaturas, sem julgamentos ou opini\u00f5es.","og_url":"https:\/\/portaltela.pt\/noticias\/2026\/01\/20\/marques-mendes-regista-prejuizo-de-meio-milhao-de-euros-seguro-lidera-lucro\/","og_site_name":"Portal Tela Portugal","article_published_time":"2026-01-20T07:18:00+00:00","author":"Telinha","twitter_card":"summary_large_image","twitter_misc":{"Escrito por":"Telinha","Tempo estimado de leitura":"1 minuto"},"schema":{"@context":"https:\/\/schema.org","@graph":[{"@type":"Article","@id":"https:\/\/portaltela.pt\/noticias\/2026\/01\/20\/marques-mendes-regista-prejuizo-de-meio-milhao-de-euros-seguro-lidera-lucro\/#article","isPartOf":{"@id":"https:\/\/portaltela.pt\/noticias\/2026\/01\/20\/marques-mendes-regista-prejuizo-de-meio-milhao-de-euros-seguro-lidera-lucro\/"},"author":{"name":"Telinha","@id":"https:\/\/portaltela.pt\/#\/schema\/person\/c4278d4a6028830caff9ee44b42d32ed"},"headline":"Marques Mendes regista preju\u00edzo de meio milh\u00e3o de euros; seguro lidera lucro","datePublished":"2026-01-20T07:18:00+00:00","mainEntityOfPage":{"@id":"https:\/\/portaltela.pt\/noticias\/2026\/01\/20\/marques-mendes-regista-prejuizo-de-meio-milhao-de-euros-seguro-lidera-lucro\/"},"wordCount":239,"image":{"@id":"https:\/\/portaltela.pt\/noticias\/2026\/01\/20\/marques-mendes-regista-prejuizo-de-meio-milhao-de-euros-seguro-lidera-lucro\/#primaryimage"},"thumbnailUrl":"https:\/\/portaltela.pt\/s.01k8rhncp4jt1\/2026\/01\/image-1209.jpg","keywords":["elei\u00e7\u00f5es","financiamento","financiamento de campanhas","Or\u00e7amento\/Territ\u00f3rio","pol\u00edtica","transpar\u00eancia"],"articleSection":["Not\u00edcias","Pol\u00edtica"],"inLanguage":"pt-PT"},{"@type":"WebPage","@id":"https:\/\/portaltela.pt\/noticias\/2026\/01\/20\/marques-mendes-regista-prejuizo-de-meio-milhao-de-euros-seguro-lidera-lucro\/","url":"https:\/\/portaltela.pt\/noticias\/2026\/01\/20\/marques-mendes-regista-prejuizo-de-meio-milhao-de-euros-seguro-lidera-lucro\/","name":"Marques Mendes regista preju\u00edzo de meio milh\u00e3o de euros; seguro lidera lucro - Portal Tela Portugal","isPartOf":{"@id":"https:\/\/portaltela.pt\/#website"},"primaryImageOfPage":{"@id":"https:\/\/portaltela.pt\/noticias\/2026\/01\/20\/marques-mendes-regista-prejuizo-de-meio-milhao-de-euros-seguro-lidera-lucro\/#primaryimage"},"image":{"@id":"https:\/\/portaltela.pt\/noticias\/2026\/01\/20\/marques-mendes-regista-prejuizo-de-meio-milhao-de-euros-seguro-lidera-lucro\/#primaryimage"},"thumbnailUrl":"https:\/\/portaltela.pt\/s.01k8rhncp4jt1\/2026\/01\/image-1209.jpg","datePublished":"2026-01-20T07:18:00+00:00","author":{"@id":"https:\/\/portaltela.pt\/#\/schema\/person\/c4278d4a6028830caff9ee44b42d32ed"},"breadcrumb":{"@id":"https:\/\/portaltela.pt\/noticias\/2026\/01\/20\/marques-mendes-regista-prejuizo-de-meio-milhao-de-euros-seguro-lidera-lucro\/#breadcrumb"},"inLanguage":"pt-PT","potentialAction":[{"@type":"ReadAction","target":["https:\/\/portaltela.pt\/noticias\/2026\/01\/20\/marques-mendes-regista-prejuizo-de-meio-milhao-de-euros-seguro-lidera-lucro\/"]}]},{"@type":"ImageObject","inLanguage":"pt-PT","@id":"https:\/\/portaltela.pt\/noticias\/2026\/01\/20\/marques-mendes-regista-prejuizo-de-meio-milhao-de-euros-seguro-lidera-lucro\/#primaryimage","url":"https:\/\/portaltela.pt\/s.01k8rhncp4jt1\/2026\/01\/image-1209.jpg","contentUrl":"https:\/\/portaltela.pt\/s.01k8rhncp4jt1\/2026\/01\/image-1209.jpg","width":796,"height":448,"caption":"Lu\u00eds Montenegro apoiou o candidato Marques Mendes, que ficou em quinto lugar"},{"@type":"BreadcrumbList","@id":"https:\/\/portaltela.pt\/noticias\/2026\/01\/20\/marques-mendes-regista-prejuizo-de-meio-milhao-de-euros-seguro-lidera-lucro\/#breadcrumb","itemListElement":[{"@type":"ListItem","position":1,"name":"In\u00edcio","item":"https:\/\/portaltela.pt\/"},{"@type":"ListItem","position":2,"name":"Marques Mendes regista preju\u00edzo de meio milh\u00e3o de euros; seguro lidera lucro"}]},{"@type":"WebSite","@id":"https:\/\/portaltela.pt\/#website","url":"https:\/\/portaltela.pt\/","name":"Portal Tela Portugal","description":"","potentialAction":[{"@type":"SearchAction","target":{"@type":"EntryPoint","urlTemplate":"https:\/\/portaltela.pt\/?s={search_term_string}"},"query-input":{"@type":"PropertyValueSpecification","valueRequired":true,"valueName":"search_term_string"}}],"inLanguage":"pt-PT"},{"@type":"Person","@id":"https:\/\/portaltela.pt\/#\/schema\/person\/c4278d4a6028830caff9ee44b42d32ed","name":"Telinha","image":{"@type":"ImageObject","inLanguage":"pt-PT","@id":"https:\/\/portaltela.pt\/s.01k8rhncp4jt1\/2025\/11\/talking-bot-125x125.png","url":"https:\/\/portaltela.pt\/s.01k8rhncp4jt1\/2025\/11\/talking-bot-125x125.png","contentUrl":"https:\/\/portaltela.pt\/s.01k8rhncp4jt1\/2025\/11\/talking-bot-125x125.png","caption":"Telinha"},"sameAs":["https:\/\/portaltela.pt\/"],"url":"https:\/\/portaltela.pt\/por\/367410592786\/"}]}},"_links":{"self":[{"href":"https:\/\/portaltela.pt\/api\/wp\/v2\/posts\/155132","targetHints":{"allow":["GET"]}}],"collection":[{"href":"https:\/\/portaltela.pt\/api\/wp\/v2\/posts"}],"about":[{"href":"https:\/\/portaltela.pt\/api\/wp\/v2\/types\/post"}],"author":[{"embeddable":true,"href":"https:\/\/portaltela.pt\/api\/wp\/v2\/users\/2"}],"replies":[{"embeddable":true,"href":"https:\/\/portaltela.pt\/api\/wp\/v2\/comments?post=155132"}],"version-history":[{"count":0,"href":"https:\/\/portaltela.pt\/api\/wp\/v2\/posts\/155132\/revisions"}],"wp:featuredmedia":[{"embeddable":true,"href":"https:\/\/portaltela.pt\/api\/wp\/v2\/media\/155138"}],"wp:attachment":[{"href":"https:\/\/portaltela.pt\/api\/wp\/v2\/media?parent=155132"}],"wp:term":[{"taxonomy":"category","embeddable":true,"href":"https:\/\/portaltela.pt\/api\/wp\/v2\/categories?post=155132"},{"taxonomy":"post_tag","embeddable":true,"href":"https:\/\/portaltela.pt\/api\/wp\/v2\/tags?post=155132"}],"curies":[{"name":"wp","href":"https:\/\/api.w.org\/{rel}","templated":true}]}}