{"id":155073,"date":"2026-01-19T21:00:00","date_gmt":"2026-01-20T00:00:00","guid":{"rendered":"https:\/\/portaltela.pt\/noticias\/2026\/01\/19\/a-tardia-invencao-do-bolo-rei-revela-a-sua-origem-historica\/"},"modified":"2026-01-19T21:00:00","modified_gmt":"2026-01-20T00:00:00","slug":"a-tardia-invencao-do-bolo-rei-revela-a-sua-origem-historica","status":"publish","type":"post","link":"https:\/\/portaltela.pt\/noticias\/2026\/01\/19\/a-tardia-invencao-do-bolo-rei-revela-a-sua-origem-historica\/","title":{"rendered":"A tardia inven\u00e7\u00e3o do Bolo-Rei revela a sua origem hist\u00f3rica"},"content":{"rendered":"<p>O Bolo-Rei continua a marcar as festas de Natal at\u00e9 aos Reis. A iguaria foi criada no s\u00e9culo XVI pelo pasteleiro do Rei Sol, numa \u00e9poca de celebra\u00e7\u00e3o r\u00e9gia.<\/p>\n<p>Em 1875, a Confeitaria Nacional importou o Bolo-Rei para Portugal, fixando a receita com ouro, a\u00e7\u00facar, o brinde e a fava.<\/p>\n<p>A tradi\u00e7\u00e3o persiste nas mesas portuguesas, com variantes regionais e a expectativa de partilhar entre fam\u00edlia e amigos.<\/p>\n","protected":false},"excerpt":{"rendered":"<ul>\n<li>O Bolo-Rei \u00e9 a tradi\u00e7\u00e3o dominante nos nove dias entre o Natal e os Reis, criado no s\u00e9culo XVI pelo pasteleiro do Rei Sol (Lu\u00eds XIV).<\/li>\n<li>Em mil oitocentos setenta e cinco chegou a Portugal pela Confeitaria Nacional.<\/li>\n<li>O bolo destaca-se pelo uso de ouro e pedras de a\u00e7\u00facar, s\u00edmbolos de riqueza.<\/li>\n<li>A fava \u00e9 uma parte tradicional: quem a encontra fica respons\u00e1vel pelo brinde e pela pr\u00f3xima compra do bolo.<\/li>\n<li>A comemora\u00e7\u00e3o liga-se aos dias festivos que v\u00e3o do Natal aos Reis.<\/li>\n<\/ul>\n","protected":false},"author":2,"featured_media":155074,"comment_status":"closed","ping_status":"closed","sticky":false,"template":"","format":"standard","meta":{"footnotes":""},"categories":[1],"tags":[778,3220,219,299,1014,146],"class_list":["post-155073","post","type-post","status-publish","format-standard","has-post-thumbnail","hentry","category-noticias","tag-comida","tag-confeitaria","tag-gastronomia","tag-historia","tag-portugal","tag-tradicoes"],"yoast_head":"<!-- This site is optimized with the Yoast SEO plugin v27.2 - https:\/\/yoast.com\/product\/yoast-seo-wordpress\/ -->\n<title>A tardia inven\u00e7\u00e3o do Bolo-Rei revela a sua origem hist\u00f3rica - Portal Tela Portugal<\/title>\n<meta name=\"robots\" content=\"index, follow, max-snippet:-1, max-image-preview:large, max-video-preview:-1\" \/>\n<meta property=\"og:locale\" content=\"pt_PT\" \/>\n<meta property=\"og:type\" content=\"article\" \/>\n<meta property=\"og:title\" content=\"A tardia inven\u00e7\u00e3o do Bolo-Rei revela a sua origem hist\u00f3rica - Portal Tela Portugal\" \/>\n<meta property=\"og:description\" content=\"O Bolo-Rei \u00e9 a tradi\u00e7\u00e3o dominante nos nove dias entre o Natal e os Reis, criado no s\u00e9culo XVI pelo pasteleiro do Rei Sol (Lu\u00eds XIV). Em mil oitocentos setenta e cinco chegou a Portugal pela Confeitaria Nacional. O bolo destaca-se pelo uso de ouro e pedras de a\u00e7\u00facar, s\u00edmbolos de riqueza. A fava \u00e9 uma parte tradicional: quem a encontra fica respons\u00e1vel pelo brinde e pela pr\u00f3xima compra do bolo. A comemora\u00e7\u00e3o liga-se aos dias festivos que v\u00e3o do Natal aos Reis.\" \/>\n<meta property=\"og:url\" content=\"https:\/\/portaltela.pt\/noticias\/2026\/01\/19\/a-tardia-invencao-do-bolo-rei-revela-a-sua-origem-historica\/\" \/>\n<meta property=\"og:site_name\" content=\"Portal Tela Portugal\" \/>\n<meta property=\"article:published_time\" content=\"2026-01-20T00:00:00+00:00\" \/>\n<meta name=\"author\" content=\"Telinha\" \/>\n<meta name=\"twitter:card\" content=\"summary_large_image\" \/>\n<meta name=\"twitter:label1\" content=\"Escrito por\" \/>\n\t<meta name=\"twitter:data1\" content=\"Telinha\" \/>\n<script type=\"application\/ld+json\" class=\"yoast-schema-graph\">{\"@context\":\"https:\/\/schema.org\",\"@graph\":[{\"@type\":\"Article\",\"@id\":\"https:\/\/portaltela.pt\/noticias\/2026\/01\/19\/a-tardia-invencao-do-bolo-rei-revela-a-sua-origem-historica\/#article\",\"isPartOf\":{\"@id\":\"https:\/\/portaltela.pt\/noticias\/2026\/01\/19\/a-tardia-invencao-do-bolo-rei-revela-a-sua-origem-historica\/\"},\"author\":{\"name\":\"Telinha\",\"@id\":\"https:\/\/portaltela.pt\/#\/schema\/person\/c4278d4a6028830caff9ee44b42d32ed\"},\"headline\":\"A tardia inven\u00e7\u00e3o do Bolo-Rei revela a sua origem hist\u00f3rica\",\"datePublished\":\"2026-01-20T00:00:00+00:00\",\"mainEntityOfPage\":{\"@id\":\"https:\/\/portaltela.pt\/noticias\/2026\/01\/19\/a-tardia-invencao-do-bolo-rei-revela-a-sua-origem-historica\/\"},\"wordCount\":85,\"image\":{\"@id\":\"https:\/\/portaltela.pt\/noticias\/2026\/01\/19\/a-tardia-invencao-do-bolo-rei-revela-a-sua-origem-historica\/#primaryimage\"},\"thumbnailUrl\":\"https:\/\/portaltela.pt\/s.01k8rhncp4jt1\/2026\/01\/770-podcast-a-historia-das-historias-8.jpg\",\"keywords\":[\"comida\",\"confeitaria\",\"gastronomia\",\"hist\u00f3ria\",\"Portugal\",\"tradi\u00e7\u00f5es\"],\"articleSection\":[\"Not\u00edcias\"],\"inLanguage\":\"pt-PT\"},{\"@type\":\"WebPage\",\"@id\":\"https:\/\/portaltela.pt\/noticias\/2026\/01\/19\/a-tardia-invencao-do-bolo-rei-revela-a-sua-origem-historica\/\",\"url\":\"https:\/\/portaltela.pt\/noticias\/2026\/01\/19\/a-tardia-invencao-do-bolo-rei-revela-a-sua-origem-historica\/\",\"name\":\"A tardia inven\u00e7\u00e3o do Bolo-Rei revela a sua origem hist\u00f3rica - Portal Tela Portugal\",\"isPartOf\":{\"@id\":\"https:\/\/portaltela.pt\/#website\"},\"primaryImageOfPage\":{\"@id\":\"https:\/\/portaltela.pt\/noticias\/2026\/01\/19\/a-tardia-invencao-do-bolo-rei-revela-a-sua-origem-historica\/#primaryimage\"},\"image\":{\"@id\":\"https:\/\/portaltela.pt\/noticias\/2026\/01\/19\/a-tardia-invencao-do-bolo-rei-revela-a-sua-origem-historica\/#primaryimage\"},\"thumbnailUrl\":\"https:\/\/portaltela.pt\/s.01k8rhncp4jt1\/2026\/01\/770-podcast-a-historia-das-historias-8.jpg\",\"datePublished\":\"2026-01-20T00:00:00+00:00\",\"author\":{\"@id\":\"https:\/\/portaltela.pt\/#\/schema\/person\/c4278d4a6028830caff9ee44b42d32ed\"},\"breadcrumb\":{\"@id\":\"https:\/\/portaltela.pt\/noticias\/2026\/01\/19\/a-tardia-invencao-do-bolo-rei-revela-a-sua-origem-historica\/#breadcrumb\"},\"inLanguage\":\"pt-PT\",\"potentialAction\":[{\"@type\":\"ReadAction\",\"target\":[\"https:\/\/portaltela.pt\/noticias\/2026\/01\/19\/a-tardia-invencao-do-bolo-rei-revela-a-sua-origem-historica\/\"]}]},{\"@type\":\"ImageObject\",\"inLanguage\":\"pt-PT\",\"@id\":\"https:\/\/portaltela.pt\/noticias\/2026\/01\/19\/a-tardia-invencao-do-bolo-rei-revela-a-sua-origem-historica\/#primaryimage\",\"url\":\"https:\/\/portaltela.pt\/s.01k8rhncp4jt1\/2026\/01\/770-podcast-a-historia-das-historias-8.jpg\",\"contentUrl\":\"https:\/\/portaltela.pt\/s.01k8rhncp4jt1\/2026\/01\/770-podcast-a-historia-das-historias-8.jpg\",\"width\":796,\"height\":448,\"caption\":\"Capa do programa\"},{\"@type\":\"BreadcrumbList\",\"@id\":\"https:\/\/portaltela.pt\/noticias\/2026\/01\/19\/a-tardia-invencao-do-bolo-rei-revela-a-sua-origem-historica\/#breadcrumb\",\"itemListElement\":[{\"@type\":\"ListItem\",\"position\":1,\"name\":\"In\u00edcio\",\"item\":\"https:\/\/portaltela.pt\/\"},{\"@type\":\"ListItem\",\"position\":2,\"name\":\"A tardia inven\u00e7\u00e3o do Bolo-Rei revela a sua origem hist\u00f3rica\"}]},{\"@type\":\"WebSite\",\"@id\":\"https:\/\/portaltela.pt\/#website\",\"url\":\"https:\/\/portaltela.pt\/\",\"name\":\"Portal Tela Portugal\",\"description\":\"\",\"potentialAction\":[{\"@type\":\"SearchAction\",\"target\":{\"@type\":\"EntryPoint\",\"urlTemplate\":\"https:\/\/portaltela.pt\/?s={search_term_string}\"},\"query-input\":{\"@type\":\"PropertyValueSpecification\",\"valueRequired\":true,\"valueName\":\"search_term_string\"}}],\"inLanguage\":\"pt-PT\"},{\"@type\":\"Person\",\"@id\":\"https:\/\/portaltela.pt\/#\/schema\/person\/c4278d4a6028830caff9ee44b42d32ed\",\"name\":\"Telinha\",\"image\":{\"@type\":\"ImageObject\",\"inLanguage\":\"pt-PT\",\"@id\":\"https:\/\/portaltela.pt\/s.01k8rhncp4jt1\/2025\/11\/talking-bot-125x125.png\",\"url\":\"https:\/\/portaltela.pt\/s.01k8rhncp4jt1\/2025\/11\/talking-bot-125x125.png\",\"contentUrl\":\"https:\/\/portaltela.pt\/s.01k8rhncp4jt1\/2025\/11\/talking-bot-125x125.png\",\"caption\":\"Telinha\"},\"sameAs\":[\"https:\/\/portaltela.pt\/\"],\"url\":\"https:\/\/portaltela.pt\/por\/367410592786\/\"}]}<\/script>\n<!-- \/ Yoast SEO plugin. -->","yoast_head_json":{"title":"A tardia inven\u00e7\u00e3o do Bolo-Rei revela a sua origem hist\u00f3rica - Portal Tela Portugal","robots":{"index":"index","follow":"follow","max-snippet":"max-snippet:-1","max-image-preview":"max-image-preview:large","max-video-preview":"max-video-preview:-1"},"og_locale":"pt_PT","og_type":"article","og_title":"A tardia inven\u00e7\u00e3o do Bolo-Rei revela a sua origem hist\u00f3rica - Portal Tela Portugal","og_description":"O Bolo-Rei \u00e9 a tradi\u00e7\u00e3o dominante nos nove dias entre o Natal e os Reis, criado no s\u00e9culo XVI pelo pasteleiro do Rei Sol (Lu\u00eds XIV). Em mil oitocentos setenta e cinco chegou a Portugal pela Confeitaria Nacional. O bolo destaca-se pelo uso de ouro e pedras de a\u00e7\u00facar, s\u00edmbolos de riqueza. A fava \u00e9 uma parte tradicional: quem a encontra fica respons\u00e1vel pelo brinde e pela pr\u00f3xima compra do bolo. A comemora\u00e7\u00e3o liga-se aos dias festivos que v\u00e3o do Natal aos Reis.","og_url":"https:\/\/portaltela.pt\/noticias\/2026\/01\/19\/a-tardia-invencao-do-bolo-rei-revela-a-sua-origem-historica\/","og_site_name":"Portal Tela Portugal","article_published_time":"2026-01-20T00:00:00+00:00","author":"Telinha","twitter_card":"summary_large_image","twitter_misc":{"Escrito por":"Telinha"},"schema":{"@context":"https:\/\/schema.org","@graph":[{"@type":"Article","@id":"https:\/\/portaltela.pt\/noticias\/2026\/01\/19\/a-tardia-invencao-do-bolo-rei-revela-a-sua-origem-historica\/#article","isPartOf":{"@id":"https:\/\/portaltela.pt\/noticias\/2026\/01\/19\/a-tardia-invencao-do-bolo-rei-revela-a-sua-origem-historica\/"},"author":{"name":"Telinha","@id":"https:\/\/portaltela.pt\/#\/schema\/person\/c4278d4a6028830caff9ee44b42d32ed"},"headline":"A tardia inven\u00e7\u00e3o do Bolo-Rei revela a sua origem hist\u00f3rica","datePublished":"2026-01-20T00:00:00+00:00","mainEntityOfPage":{"@id":"https:\/\/portaltela.pt\/noticias\/2026\/01\/19\/a-tardia-invencao-do-bolo-rei-revela-a-sua-origem-historica\/"},"wordCount":85,"image":{"@id":"https:\/\/portaltela.pt\/noticias\/2026\/01\/19\/a-tardia-invencao-do-bolo-rei-revela-a-sua-origem-historica\/#primaryimage"},"thumbnailUrl":"https:\/\/portaltela.pt\/s.01k8rhncp4jt1\/2026\/01\/770-podcast-a-historia-das-historias-8.jpg","keywords":["comida","confeitaria","gastronomia","hist\u00f3ria","Portugal","tradi\u00e7\u00f5es"],"articleSection":["Not\u00edcias"],"inLanguage":"pt-PT"},{"@type":"WebPage","@id":"https:\/\/portaltela.pt\/noticias\/2026\/01\/19\/a-tardia-invencao-do-bolo-rei-revela-a-sua-origem-historica\/","url":"https:\/\/portaltela.pt\/noticias\/2026\/01\/19\/a-tardia-invencao-do-bolo-rei-revela-a-sua-origem-historica\/","name":"A tardia inven\u00e7\u00e3o do Bolo-Rei revela a sua origem hist\u00f3rica - Portal Tela Portugal","isPartOf":{"@id":"https:\/\/portaltela.pt\/#website"},"primaryImageOfPage":{"@id":"https:\/\/portaltela.pt\/noticias\/2026\/01\/19\/a-tardia-invencao-do-bolo-rei-revela-a-sua-origem-historica\/#primaryimage"},"image":{"@id":"https:\/\/portaltela.pt\/noticias\/2026\/01\/19\/a-tardia-invencao-do-bolo-rei-revela-a-sua-origem-historica\/#primaryimage"},"thumbnailUrl":"https:\/\/portaltela.pt\/s.01k8rhncp4jt1\/2026\/01\/770-podcast-a-historia-das-historias-8.jpg","datePublished":"2026-01-20T00:00:00+00:00","author":{"@id":"https:\/\/portaltela.pt\/#\/schema\/person\/c4278d4a6028830caff9ee44b42d32ed"},"breadcrumb":{"@id":"https:\/\/portaltela.pt\/noticias\/2026\/01\/19\/a-tardia-invencao-do-bolo-rei-revela-a-sua-origem-historica\/#breadcrumb"},"inLanguage":"pt-PT","potentialAction":[{"@type":"ReadAction","target":["https:\/\/portaltela.pt\/noticias\/2026\/01\/19\/a-tardia-invencao-do-bolo-rei-revela-a-sua-origem-historica\/"]}]},{"@type":"ImageObject","inLanguage":"pt-PT","@id":"https:\/\/portaltela.pt\/noticias\/2026\/01\/19\/a-tardia-invencao-do-bolo-rei-revela-a-sua-origem-historica\/#primaryimage","url":"https:\/\/portaltela.pt\/s.01k8rhncp4jt1\/2026\/01\/770-podcast-a-historia-das-historias-8.jpg","contentUrl":"https:\/\/portaltela.pt\/s.01k8rhncp4jt1\/2026\/01\/770-podcast-a-historia-das-historias-8.jpg","width":796,"height":448,"caption":"Capa do programa"},{"@type":"BreadcrumbList","@id":"https:\/\/portaltela.pt\/noticias\/2026\/01\/19\/a-tardia-invencao-do-bolo-rei-revela-a-sua-origem-historica\/#breadcrumb","itemListElement":[{"@type":"ListItem","position":1,"name":"In\u00edcio","item":"https:\/\/portaltela.pt\/"},{"@type":"ListItem","position":2,"name":"A tardia inven\u00e7\u00e3o do Bolo-Rei revela a sua origem hist\u00f3rica"}]},{"@type":"WebSite","@id":"https:\/\/portaltela.pt\/#website","url":"https:\/\/portaltela.pt\/","name":"Portal Tela Portugal","description":"","potentialAction":[{"@type":"SearchAction","target":{"@type":"EntryPoint","urlTemplate":"https:\/\/portaltela.pt\/?s={search_term_string}"},"query-input":{"@type":"PropertyValueSpecification","valueRequired":true,"valueName":"search_term_string"}}],"inLanguage":"pt-PT"},{"@type":"Person","@id":"https:\/\/portaltela.pt\/#\/schema\/person\/c4278d4a6028830caff9ee44b42d32ed","name":"Telinha","image":{"@type":"ImageObject","inLanguage":"pt-PT","@id":"https:\/\/portaltela.pt\/s.01k8rhncp4jt1\/2025\/11\/talking-bot-125x125.png","url":"https:\/\/portaltela.pt\/s.01k8rhncp4jt1\/2025\/11\/talking-bot-125x125.png","contentUrl":"https:\/\/portaltela.pt\/s.01k8rhncp4jt1\/2025\/11\/talking-bot-125x125.png","caption":"Telinha"},"sameAs":["https:\/\/portaltela.pt\/"],"url":"https:\/\/portaltela.pt\/por\/367410592786\/"}]}},"_links":{"self":[{"href":"https:\/\/portaltela.pt\/api\/wp\/v2\/posts\/155073","targetHints":{"allow":["GET"]}}],"collection":[{"href":"https:\/\/portaltela.pt\/api\/wp\/v2\/posts"}],"about":[{"href":"https:\/\/portaltela.pt\/api\/wp\/v2\/types\/post"}],"author":[{"embeddable":true,"href":"https:\/\/portaltela.pt\/api\/wp\/v2\/users\/2"}],"replies":[{"embeddable":true,"href":"https:\/\/portaltela.pt\/api\/wp\/v2\/comments?post=155073"}],"version-history":[{"count":0,"href":"https:\/\/portaltela.pt\/api\/wp\/v2\/posts\/155073\/revisions"}],"wp:featuredmedia":[{"embeddable":true,"href":"https:\/\/portaltela.pt\/api\/wp\/v2\/media\/155074"}],"wp:attachment":[{"href":"https:\/\/portaltela.pt\/api\/wp\/v2\/media?parent=155073"}],"wp:term":[{"taxonomy":"category","embeddable":true,"href":"https:\/\/portaltela.pt\/api\/wp\/v2\/categories?post=155073"},{"taxonomy":"post_tag","embeddable":true,"href":"https:\/\/portaltela.pt\/api\/wp\/v2\/tags?post=155073"}],"curies":[{"name":"wp","href":"https:\/\/api.w.org\/{rel}","templated":true}]}}