{"id":154953,"date":"2026-01-19T21:39:00","date_gmt":"2026-01-20T00:39:00","guid":{"rendered":"https:\/\/portaltela.pt\/noticias\/2026\/01\/19\/mais-docentes-doutorados-no-setor-privado-do-que-no-publico\/"},"modified":"2026-01-19T21:39:00","modified_gmt":"2026-01-20T00:39:00","slug":"mais-docentes-doutorados-no-setor-privado-do-que-no-publico","status":"publish","type":"post","link":"https:\/\/portaltela.pt\/noticias\/2026\/01\/19\/mais-docentes-doutorados-no-setor-privado-do-que-no-publico\/","title":{"rendered":"Mais docentes doutorados no setor privado do que no p\u00fablico"},"content":{"rendered":"<p>As institui\u00e7\u00f5es de ensino superior privadas j\u00e1 t\u00eam mais docentes doutorados do que as p\u00fablicas, segundo dados do Observat\u00f3rio do Ensino Superior Privado (OESP). O relat\u00f3rio aponta que, no ano letivo de 2024\/2025, 58% dos docentes no privado s\u00e3o doutorados, face a 57% no p\u00fablico, com base na DGEEC.<\/p>\n<p>A coordena\u00e7\u00e3o do OESP sublinha que, historicamente, o setor p\u00fablico apresenta maior propor\u00e7\u00e3o de doutorados, mas tem assistido a uma diminui\u00e7\u00e3o gradual nessa banda nos \u00faltimos dez anos, ao passo que o privado tem registado um aumento constante.<\/p>\n<h3>Contexto e dados globais<\/h3>\n<p>Os dados do OESP visam medir participa\u00e7\u00e3o, garantia de ensino e sustentabilidade do sistema, revelando um crescimento paralelo de alunos e professores no privado e no p\u00fablico. Os n\u00fameros indicam maior qualifica\u00e7\u00f5es entre docentes no ensino privado.<\/p>\n<p>Cristina Ventura, da equipa do Observat\u00f3rio, destaca fragilidades no privado, nomeadamente o descompasso entre o aumento de alunos e de docentes, contrastando com o ritmo quase proporcional observado no p\u00fablico.<\/p>\n<h3>Evolu\u00e7\u00e3o de licenciaturas, doutoramentos e mestrados<\/h3>\n<p>Entre 2014 e 2024, o n\u00famero de estudantes em licenciaturas passou de cerca de 212 mil para 283 mil ( +33,4%), e doutoramentos de 20 mil para 26 mil (+36,2%). Os mestrados cresceram pouco, de 113 mil para 120 mil (+6%).<\/p>\n<p>O Observat\u00f3rio nota que os mestrados integrados registaram queda, ao contr\u00e1rio de licenciaturas e doutoramentos, que cresceram. O ritmo de entrada em mestrados de 2.\u00ba ciclo foi superior ao observado no 1.\u00ba ciclo.<\/p>\n<h3>Motiva\u00e7\u00f5es e perspetivas<\/h3>\n<p>Ventura aponta que a taxa de progress\u00e3o para mestrado \u00e9 baixa, com muitos terminar a licenciatura j\u00e1 a entrar no mercado de trabalho. Fatores econ\u00f3micos, acesso aos cursos e reconhecimento profissional influenciam a decis\u00e3o de prosseguir estudos.<\/p>\n<p>O Observat\u00f3rio planeia continuar a investigar \u00e1reas como pr\u00e1tica de a\u00e7\u00e3o social, contributo do setor privado para a forma\u00e7\u00e3o de professores e a empregabilidade dos diplomados, para entender desequil\u00edbrios entre setores.<\/p>\n","protected":false},"excerpt":{"rendered":"<ul>\n<li>Em 2024\/2025, o privado tem 58% de docentes doutorados, contra 57% no p\u00fablico, segundo dados do Observat\u00f3rio do Ensino Superior Privado (OESP) com base na DGEEC.<\/li>\n<li>Historicamente o p\u00fablico tem predomin\u00e2ncia nesse indicador, mas, na \u00faltima d\u00e9cada, o privado tem vindo a subir e o p\u00fablico a diminuir.<\/li>\n<li>O OESP aponta fragilidades no privado, como o aumento de alunos sem correspondente aumento de professores.<\/li>\n<li>Entre 2014 e 2024, licenciaturas cresceram 33,4%, doutoramentos 36,2% e mestrados apenas 6%, com um \u201ccolapso silencioso\u201d nos mestrados integrados.<\/li>\n<li>No conjunto da d\u00e9cada, o setor privado cresceu acima de 60% no n\u00famero de alunos, enquanto o p\u00fablico avan\u00e7ou 24%.<\/li>\n<\/ul>\n","protected":false},"author":2,"featured_media":154956,"comment_status":"closed","ping_status":"closed","sticky":false,"template":"","format":"standard","meta":{"footnotes":""},"categories":[1],"tags":[163,2443,92,3510,3511,58],"class_list":["post-154953","post","type-post","status-publish","format-standard","has-post-thumbnail","hentry","category-noticias","tag-educacao","tag-educacao-publica","tag-ensino","tag-licenciaturas","tag-mestrados","tag-universidades"],"yoast_head":"<!-- This site is optimized with the Yoast SEO plugin v27.2 - https:\/\/yoast.com\/product\/yoast-seo-wordpress\/ -->\n<title>Mais docentes doutorados no setor privado do que no p\u00fablico - Portal Tela Portugal<\/title>\n<meta name=\"robots\" content=\"index, follow, max-snippet:-1, max-image-preview:large, max-video-preview:-1\" \/>\n<meta property=\"og:locale\" content=\"pt_PT\" \/>\n<meta property=\"og:type\" content=\"article\" \/>\n<meta property=\"og:title\" content=\"Mais docentes doutorados no setor privado do que no p\u00fablico - Portal Tela Portugal\" \/>\n<meta property=\"og:description\" content=\"Em 2024\/2025, o privado tem 58% de docentes doutorados, contra 57% no p\u00fablico, segundo dados do Observat\u00f3rio do Ensino Superior Privado (OESP) com base na DGEEC. Historicamente o p\u00fablico tem predomin\u00e2ncia nesse indicador, mas, na \u00faltima d\u00e9cada, o privado tem vindo a subir e o p\u00fablico a diminuir. O OESP aponta fragilidades no privado, como o aumento de alunos sem correspondente aumento de professores. Entre 2014 e 2024, licenciaturas cresceram 33,4%, doutoramentos 36,2% e mestrados apenas 6%, com um \u201ccolapso silencioso\u201d nos mestrados integrados. No conjunto da d\u00e9cada, o setor privado cresceu acima de 60% no n\u00famero de alunos, enquanto o p\u00fablico avan\u00e7ou 24%.\" \/>\n<meta property=\"og:url\" content=\"https:\/\/portaltela.pt\/noticias\/2026\/01\/19\/mais-docentes-doutorados-no-setor-privado-do-que-no-publico\/\" \/>\n<meta property=\"og:site_name\" content=\"Portal Tela Portugal\" \/>\n<meta property=\"article:published_time\" content=\"2026-01-20T00:39:00+00:00\" \/>\n<meta name=\"author\" content=\"Telinha\" \/>\n<meta name=\"twitter:card\" content=\"summary_large_image\" \/>\n<meta name=\"twitter:label1\" content=\"Escrito por\" \/>\n\t<meta name=\"twitter:data1\" content=\"Telinha\" \/>\n\t<meta name=\"twitter:label2\" content=\"Tempo estimado de leitura\" \/>\n\t<meta name=\"twitter:data2\" content=\"2 minutos\" \/>\n<script type=\"application\/ld+json\" class=\"yoast-schema-graph\">{\"@context\":\"https:\/\/schema.org\",\"@graph\":[{\"@type\":\"Article\",\"@id\":\"https:\/\/portaltela.pt\/noticias\/2026\/01\/19\/mais-docentes-doutorados-no-setor-privado-do-que-no-publico\/#article\",\"isPartOf\":{\"@id\":\"https:\/\/portaltela.pt\/noticias\/2026\/01\/19\/mais-docentes-doutorados-no-setor-privado-do-que-no-publico\/\"},\"author\":{\"name\":\"Telinha\",\"@id\":\"https:\/\/portaltela.pt\/#\/schema\/person\/c4278d4a6028830caff9ee44b42d32ed\"},\"headline\":\"Mais docentes doutorados no setor privado do que no p\u00fablico\",\"datePublished\":\"2026-01-20T00:39:00+00:00\",\"mainEntityOfPage\":{\"@id\":\"https:\/\/portaltela.pt\/noticias\/2026\/01\/19\/mais-docentes-doutorados-no-setor-privado-do-que-no-publico\/\"},\"wordCount\":332,\"image\":{\"@id\":\"https:\/\/portaltela.pt\/noticias\/2026\/01\/19\/mais-docentes-doutorados-no-setor-privado-do-que-no-publico\/#primaryimage\"},\"thumbnailUrl\":\"https:\/\/portaltela.pt\/s.01k8rhncp4jt1\/2026\/01\/31784955.jpg\",\"keywords\":[\"educa\u00e7\u00e3o\",\"educa\u00e7\u00e3o p\u00fablica\",\"ensino\",\"licenciaturas\",\"mestrados\",\"universidades\"],\"articleSection\":[\"Not\u00edcias\"],\"inLanguage\":\"pt-PT\"},{\"@type\":\"WebPage\",\"@id\":\"https:\/\/portaltela.pt\/noticias\/2026\/01\/19\/mais-docentes-doutorados-no-setor-privado-do-que-no-publico\/\",\"url\":\"https:\/\/portaltela.pt\/noticias\/2026\/01\/19\/mais-docentes-doutorados-no-setor-privado-do-que-no-publico\/\",\"name\":\"Mais docentes doutorados no setor privado do que no p\u00fablico - Portal Tela Portugal\",\"isPartOf\":{\"@id\":\"https:\/\/portaltela.pt\/#website\"},\"primaryImageOfPage\":{\"@id\":\"https:\/\/portaltela.pt\/noticias\/2026\/01\/19\/mais-docentes-doutorados-no-setor-privado-do-que-no-publico\/#primaryimage\"},\"image\":{\"@id\":\"https:\/\/portaltela.pt\/noticias\/2026\/01\/19\/mais-docentes-doutorados-no-setor-privado-do-que-no-publico\/#primaryimage\"},\"thumbnailUrl\":\"https:\/\/portaltela.pt\/s.01k8rhncp4jt1\/2026\/01\/31784955.jpg\",\"datePublished\":\"2026-01-20T00:39:00+00:00\",\"author\":{\"@id\":\"https:\/\/portaltela.pt\/#\/schema\/person\/c4278d4a6028830caff9ee44b42d32ed\"},\"breadcrumb\":{\"@id\":\"https:\/\/portaltela.pt\/noticias\/2026\/01\/19\/mais-docentes-doutorados-no-setor-privado-do-que-no-publico\/#breadcrumb\"},\"inLanguage\":\"pt-PT\",\"potentialAction\":[{\"@type\":\"ReadAction\",\"target\":[\"https:\/\/portaltela.pt\/noticias\/2026\/01\/19\/mais-docentes-doutorados-no-setor-privado-do-que-no-publico\/\"]}]},{\"@type\":\"ImageObject\",\"inLanguage\":\"pt-PT\",\"@id\":\"https:\/\/portaltela.pt\/noticias\/2026\/01\/19\/mais-docentes-doutorados-no-setor-privado-do-que-no-publico\/#primaryimage\",\"url\":\"https:\/\/portaltela.pt\/s.01k8rhncp4jt1\/2026\/01\/31784955.jpg\",\"contentUrl\":\"https:\/\/portaltela.pt\/s.01k8rhncp4jt1\/2026\/01\/31784955.jpg\",\"width\":796,\"height\":448,\"caption\":\"Uma estudante participa numa aula presencial na Faculdade de Economia da Universidade do Porto, 21 de maio de 2021. JOS\u00c9 COELHO\/LUSA\"},{\"@type\":\"BreadcrumbList\",\"@id\":\"https:\/\/portaltela.pt\/noticias\/2026\/01\/19\/mais-docentes-doutorados-no-setor-privado-do-que-no-publico\/#breadcrumb\",\"itemListElement\":[{\"@type\":\"ListItem\",\"position\":1,\"name\":\"In\u00edcio\",\"item\":\"https:\/\/portaltela.pt\/\"},{\"@type\":\"ListItem\",\"position\":2,\"name\":\"Mais docentes doutorados no setor privado do que no p\u00fablico\"}]},{\"@type\":\"WebSite\",\"@id\":\"https:\/\/portaltela.pt\/#website\",\"url\":\"https:\/\/portaltela.pt\/\",\"name\":\"Portal Tela Portugal\",\"description\":\"\",\"potentialAction\":[{\"@type\":\"SearchAction\",\"target\":{\"@type\":\"EntryPoint\",\"urlTemplate\":\"https:\/\/portaltela.pt\/?s={search_term_string}\"},\"query-input\":{\"@type\":\"PropertyValueSpecification\",\"valueRequired\":true,\"valueName\":\"search_term_string\"}}],\"inLanguage\":\"pt-PT\"},{\"@type\":\"Person\",\"@id\":\"https:\/\/portaltela.pt\/#\/schema\/person\/c4278d4a6028830caff9ee44b42d32ed\",\"name\":\"Telinha\",\"image\":{\"@type\":\"ImageObject\",\"inLanguage\":\"pt-PT\",\"@id\":\"https:\/\/portaltela.pt\/s.01k8rhncp4jt1\/2025\/11\/talking-bot-125x125.png\",\"url\":\"https:\/\/portaltela.pt\/s.01k8rhncp4jt1\/2025\/11\/talking-bot-125x125.png\",\"contentUrl\":\"https:\/\/portaltela.pt\/s.01k8rhncp4jt1\/2025\/11\/talking-bot-125x125.png\",\"caption\":\"Telinha\"},\"sameAs\":[\"https:\/\/portaltela.pt\/\"],\"url\":\"https:\/\/portaltela.pt\/por\/367410592786\/\"}]}<\/script>\n<!-- \/ Yoast SEO plugin. -->","yoast_head_json":{"title":"Mais docentes doutorados no setor privado do que no p\u00fablico - Portal Tela Portugal","robots":{"index":"index","follow":"follow","max-snippet":"max-snippet:-1","max-image-preview":"max-image-preview:large","max-video-preview":"max-video-preview:-1"},"og_locale":"pt_PT","og_type":"article","og_title":"Mais docentes doutorados no setor privado do que no p\u00fablico - Portal Tela Portugal","og_description":"Em 2024\/2025, o privado tem 58% de docentes doutorados, contra 57% no p\u00fablico, segundo dados do Observat\u00f3rio do Ensino Superior Privado (OESP) com base na DGEEC. Historicamente o p\u00fablico tem predomin\u00e2ncia nesse indicador, mas, na \u00faltima d\u00e9cada, o privado tem vindo a subir e o p\u00fablico a diminuir. O OESP aponta fragilidades no privado, como o aumento de alunos sem correspondente aumento de professores. Entre 2014 e 2024, licenciaturas cresceram 33,4%, doutoramentos 36,2% e mestrados apenas 6%, com um \u201ccolapso silencioso\u201d nos mestrados integrados. No conjunto da d\u00e9cada, o setor privado cresceu acima de 60% no n\u00famero de alunos, enquanto o p\u00fablico avan\u00e7ou 24%.","og_url":"https:\/\/portaltela.pt\/noticias\/2026\/01\/19\/mais-docentes-doutorados-no-setor-privado-do-que-no-publico\/","og_site_name":"Portal Tela Portugal","article_published_time":"2026-01-20T00:39:00+00:00","author":"Telinha","twitter_card":"summary_large_image","twitter_misc":{"Escrito por":"Telinha","Tempo estimado de leitura":"2 minutos"},"schema":{"@context":"https:\/\/schema.org","@graph":[{"@type":"Article","@id":"https:\/\/portaltela.pt\/noticias\/2026\/01\/19\/mais-docentes-doutorados-no-setor-privado-do-que-no-publico\/#article","isPartOf":{"@id":"https:\/\/portaltela.pt\/noticias\/2026\/01\/19\/mais-docentes-doutorados-no-setor-privado-do-que-no-publico\/"},"author":{"name":"Telinha","@id":"https:\/\/portaltela.pt\/#\/schema\/person\/c4278d4a6028830caff9ee44b42d32ed"},"headline":"Mais docentes doutorados no setor privado do que no p\u00fablico","datePublished":"2026-01-20T00:39:00+00:00","mainEntityOfPage":{"@id":"https:\/\/portaltela.pt\/noticias\/2026\/01\/19\/mais-docentes-doutorados-no-setor-privado-do-que-no-publico\/"},"wordCount":332,"image":{"@id":"https:\/\/portaltela.pt\/noticias\/2026\/01\/19\/mais-docentes-doutorados-no-setor-privado-do-que-no-publico\/#primaryimage"},"thumbnailUrl":"https:\/\/portaltela.pt\/s.01k8rhncp4jt1\/2026\/01\/31784955.jpg","keywords":["educa\u00e7\u00e3o","educa\u00e7\u00e3o p\u00fablica","ensino","licenciaturas","mestrados","universidades"],"articleSection":["Not\u00edcias"],"inLanguage":"pt-PT"},{"@type":"WebPage","@id":"https:\/\/portaltela.pt\/noticias\/2026\/01\/19\/mais-docentes-doutorados-no-setor-privado-do-que-no-publico\/","url":"https:\/\/portaltela.pt\/noticias\/2026\/01\/19\/mais-docentes-doutorados-no-setor-privado-do-que-no-publico\/","name":"Mais docentes doutorados no setor privado do que no p\u00fablico - Portal Tela Portugal","isPartOf":{"@id":"https:\/\/portaltela.pt\/#website"},"primaryImageOfPage":{"@id":"https:\/\/portaltela.pt\/noticias\/2026\/01\/19\/mais-docentes-doutorados-no-setor-privado-do-que-no-publico\/#primaryimage"},"image":{"@id":"https:\/\/portaltela.pt\/noticias\/2026\/01\/19\/mais-docentes-doutorados-no-setor-privado-do-que-no-publico\/#primaryimage"},"thumbnailUrl":"https:\/\/portaltela.pt\/s.01k8rhncp4jt1\/2026\/01\/31784955.jpg","datePublished":"2026-01-20T00:39:00+00:00","author":{"@id":"https:\/\/portaltela.pt\/#\/schema\/person\/c4278d4a6028830caff9ee44b42d32ed"},"breadcrumb":{"@id":"https:\/\/portaltela.pt\/noticias\/2026\/01\/19\/mais-docentes-doutorados-no-setor-privado-do-que-no-publico\/#breadcrumb"},"inLanguage":"pt-PT","potentialAction":[{"@type":"ReadAction","target":["https:\/\/portaltela.pt\/noticias\/2026\/01\/19\/mais-docentes-doutorados-no-setor-privado-do-que-no-publico\/"]}]},{"@type":"ImageObject","inLanguage":"pt-PT","@id":"https:\/\/portaltela.pt\/noticias\/2026\/01\/19\/mais-docentes-doutorados-no-setor-privado-do-que-no-publico\/#primaryimage","url":"https:\/\/portaltela.pt\/s.01k8rhncp4jt1\/2026\/01\/31784955.jpg","contentUrl":"https:\/\/portaltela.pt\/s.01k8rhncp4jt1\/2026\/01\/31784955.jpg","width":796,"height":448,"caption":"Uma estudante participa numa aula presencial na Faculdade de Economia da Universidade do Porto, 21 de maio de 2021. JOS\u00c9 COELHO\/LUSA"},{"@type":"BreadcrumbList","@id":"https:\/\/portaltela.pt\/noticias\/2026\/01\/19\/mais-docentes-doutorados-no-setor-privado-do-que-no-publico\/#breadcrumb","itemListElement":[{"@type":"ListItem","position":1,"name":"In\u00edcio","item":"https:\/\/portaltela.pt\/"},{"@type":"ListItem","position":2,"name":"Mais docentes doutorados no setor privado do que no p\u00fablico"}]},{"@type":"WebSite","@id":"https:\/\/portaltela.pt\/#website","url":"https:\/\/portaltela.pt\/","name":"Portal Tela Portugal","description":"","potentialAction":[{"@type":"SearchAction","target":{"@type":"EntryPoint","urlTemplate":"https:\/\/portaltela.pt\/?s={search_term_string}"},"query-input":{"@type":"PropertyValueSpecification","valueRequired":true,"valueName":"search_term_string"}}],"inLanguage":"pt-PT"},{"@type":"Person","@id":"https:\/\/portaltela.pt\/#\/schema\/person\/c4278d4a6028830caff9ee44b42d32ed","name":"Telinha","image":{"@type":"ImageObject","inLanguage":"pt-PT","@id":"https:\/\/portaltela.pt\/s.01k8rhncp4jt1\/2025\/11\/talking-bot-125x125.png","url":"https:\/\/portaltela.pt\/s.01k8rhncp4jt1\/2025\/11\/talking-bot-125x125.png","contentUrl":"https:\/\/portaltela.pt\/s.01k8rhncp4jt1\/2025\/11\/talking-bot-125x125.png","caption":"Telinha"},"sameAs":["https:\/\/portaltela.pt\/"],"url":"https:\/\/portaltela.pt\/por\/367410592786\/"}]}},"_links":{"self":[{"href":"https:\/\/portaltela.pt\/api\/wp\/v2\/posts\/154953","targetHints":{"allow":["GET"]}}],"collection":[{"href":"https:\/\/portaltela.pt\/api\/wp\/v2\/posts"}],"about":[{"href":"https:\/\/portaltela.pt\/api\/wp\/v2\/types\/post"}],"author":[{"embeddable":true,"href":"https:\/\/portaltela.pt\/api\/wp\/v2\/users\/2"}],"replies":[{"embeddable":true,"href":"https:\/\/portaltela.pt\/api\/wp\/v2\/comments?post=154953"}],"version-history":[{"count":0,"href":"https:\/\/portaltela.pt\/api\/wp\/v2\/posts\/154953\/revisions"}],"wp:featuredmedia":[{"embeddable":true,"href":"https:\/\/portaltela.pt\/api\/wp\/v2\/media\/154956"}],"wp:attachment":[{"href":"https:\/\/portaltela.pt\/api\/wp\/v2\/media?parent=154953"}],"wp:term":[{"taxonomy":"category","embeddable":true,"href":"https:\/\/portaltela.pt\/api\/wp\/v2\/categories?post=154953"},{"taxonomy":"post_tag","embeddable":true,"href":"https:\/\/portaltela.pt\/api\/wp\/v2\/tags?post=154953"}],"curies":[{"name":"wp","href":"https:\/\/api.w.org\/{rel}","templated":true}]}}