{"id":154903,"date":"2026-01-19T20:56:56","date_gmt":"2026-01-19T23:56:56","guid":{"rendered":"https:\/\/portaltela.pt\/noticias\/2026\/01\/19\/professor-que-abusou-de-menores-tem-pena-agravada\/"},"modified":"2026-01-19T20:56:56","modified_gmt":"2026-01-19T23:56:56","slug":"professor-que-abusou-de-menores-tem-pena-agravada","status":"publish","type":"post","link":"https:\/\/portaltela.pt\/noticias\/2026\/01\/19\/professor-que-abusou-de-menores-tem-pena-agravada\/","title":{"rendered":"Professor que abusou de menores tem pena agravada"},"content":{"rendered":"<p>Um professor de equita\u00e7\u00e3o da cidade de Vila do Conde viu agravada a sua pena ap\u00f3s o recurso apresentado pelas fam\u00edlias das v\u00edtimas ser acolhido pelo Tribunal da Rela\u00e7\u00e3o do Porto. A decis\u00e3o manteve parte da condena\u00e7\u00e3o j\u00e1 aplicada, mas qualificou o c\u00famulo jur\u00eddico, resultando numa pena final mais elevada.<\/p>\n<p>O arguido, de 65 anos, foi detido pela Pol\u00edcia Judici\u00e1ria em dezembro de 2022, sob suspeita de abusar sexualmente de tr\u00eas alunas menores desde 2016. Na altura, enfrentava 82 crimes de abuso sexual de crian\u00e7as e um crime de importuna\u00e7\u00e3o sexual.<\/p>\n<p>Em julho de 2025, o Tribunal de Vila do Conde condenou o professor apenas por dois crimes de abuso sexual de menores dependentes, impondo-lhe uma pena \u00fanica de tr\u00eas anos e dois meses de pris\u00e3o, suspensa na sua execu\u00e7\u00e3o por igual per\u00edodo. O ac\u00f3rd\u00e3o reconheceu conversas e toques de cariz sexual com duas alunas durante as aulas no picadeiro ou no interior das boxes.<\/p>\n<p>As fam\u00edlias recorreram para o Tribunal da Rela\u00e7\u00e3o do Porto, que manteve as penas parcelares para os crimes j\u00e1 julgados e, relativamente \u00e0 terceira v\u00edtima, acrescentou quatro crimes de abuso sexual. Assim, o c\u00famulo pas\u00f3 a cinco crimes de abuso sexual de menores dependentes.<\/p>\n<p>No total, os ju\u00edzes desembargadores fixaram uma pena \u00fanica de seis anos e dois meses de pris\u00e3o efetiva. A Rela\u00e7\u00e3o tamb\u00e9m aplicou ao arguido uma pena acess\u00f3ria de proibi\u00e7\u00e3o de exercer profiss\u00e3o, emprego ou atividades que envolvam contacto regular com menores, por 13 anos.<\/p>\n","protected":false},"excerpt":{"rendered":"<ul>\n<li>O Tribunal da Rela\u00e7\u00e3o do Porto aumentou a pena para seis anos e dois meses de pris\u00e3o efetiva, consolidando o c\u00famulo jur\u00eddico por crimes de abuso sexual de menores.<\/li>\n<li>O arguido, de 65 anos, era professor de equita\u00e7\u00e3o em Vila do Conde e respons\u00e1vel pelo espa\u00e7o onde ocorreram os abusos; foi detido pela Pol\u00edcia Judici\u00e1ria em dezembro de 2022, suspeito de abusar de tr\u00eas alunas menores desde 2016.<\/li>\n<li>Em julho de 2025, o Tribunal de Vila do Conde condenou-o por dois crimes de abuso sexual de menores dependentes a uma pena de tr\u00eas anos e dois meses de pris\u00e3o, suspensa na sua execu\u00e7\u00e3o por igual per\u00edodo.<\/li>\n<li>A Rela\u00e7\u00e3o condenou-o ainda por mais quatro crimes de abuso sexual em rela\u00e7\u00e3o \u00e0 terceira v\u00edtima, mantendo as penas j\u00e1 aplicadas para as outras den\u00fancias.<\/li>\n<li>Foi ainda imposta uma pena acess\u00f3ria de proibi\u00e7\u00e3o de exercer profiss\u00e3o, emprego, fun\u00e7\u00f5es ou atividades com contacto regular com menores, por treze anos.<\/li>\n<\/ul>\n","protected":false},"author":2,"featured_media":154911,"comment_status":"closed","ping_status":"closed","sticky":false,"template":"","format":"standard","meta":{"footnotes":""},"categories":[1],"tags":[208,2998,147,982,97,939],"class_list":["post-154903","post","type-post","status-publish","format-standard","has-post-thumbnail","hentry","category-noticias","tag-abuso-de-menores-dependentes","tag-abuso-de-sexual-de-menor-dependente","tag-crime","tag-porto","tag-professores","tag-violencia"],"yoast_head":"<!-- This site is optimized with the Yoast SEO plugin v27.2 - https:\/\/yoast.com\/product\/yoast-seo-wordpress\/ -->\n<title>Professor que abusou de menores tem pena agravada - Portal Tela Portugal<\/title>\n<meta name=\"robots\" content=\"index, follow, max-snippet:-1, max-image-preview:large, max-video-preview:-1\" \/>\n<meta property=\"og:locale\" content=\"pt_PT\" \/>\n<meta property=\"og:type\" content=\"article\" \/>\n<meta property=\"og:title\" content=\"Professor que abusou de menores tem pena agravada - Portal Tela Portugal\" \/>\n<meta property=\"og:description\" content=\"O Tribunal da Rela\u00e7\u00e3o do Porto aumentou a pena para seis anos e dois meses de pris\u00e3o efetiva, consolidando o c\u00famulo jur\u00eddico por crimes de abuso sexual de menores. O arguido, de 65 anos, era professor de equita\u00e7\u00e3o em Vila do Conde e respons\u00e1vel pelo espa\u00e7o onde ocorreram os abusos; foi detido pela Pol\u00edcia Judici\u00e1ria em dezembro de 2022, suspeito de abusar de tr\u00eas alunas menores desde 2016. Em julho de 2025, o Tribunal de Vila do Conde condenou-o por dois crimes de abuso sexual de menores dependentes a uma pena de tr\u00eas anos e dois meses de pris\u00e3o, suspensa na sua execu\u00e7\u00e3o por igual per\u00edodo. A Rela\u00e7\u00e3o condenou-o ainda por mais quatro crimes de abuso sexual em rela\u00e7\u00e3o \u00e0 terceira v\u00edtima, mantendo as penas j\u00e1 aplicadas para as outras den\u00fancias. Foi ainda imposta uma pena acess\u00f3ria de proibi\u00e7\u00e3o de exercer profiss\u00e3o, emprego, fun\u00e7\u00f5es ou atividades com contacto regular com menores, por treze anos.\" \/>\n<meta property=\"og:url\" content=\"https:\/\/portaltela.pt\/noticias\/2026\/01\/19\/professor-que-abusou-de-menores-tem-pena-agravada\/\" \/>\n<meta property=\"og:site_name\" content=\"Portal Tela Portugal\" \/>\n<meta property=\"article:published_time\" content=\"2026-01-19T23:56:56+00:00\" \/>\n<meta name=\"author\" content=\"Telinha\" \/>\n<meta name=\"twitter:card\" content=\"summary_large_image\" \/>\n<meta name=\"twitter:label1\" content=\"Escrito por\" \/>\n\t<meta name=\"twitter:data1\" content=\"Telinha\" \/>\n\t<meta name=\"twitter:label2\" content=\"Tempo estimado de leitura\" \/>\n\t<meta name=\"twitter:data2\" content=\"1 minuto\" \/>\n<script type=\"application\/ld+json\" class=\"yoast-schema-graph\">{\"@context\":\"https:\/\/schema.org\",\"@graph\":[{\"@type\":\"Article\",\"@id\":\"https:\/\/portaltela.pt\/noticias\/2026\/01\/19\/professor-que-abusou-de-menores-tem-pena-agravada\/#article\",\"isPartOf\":{\"@id\":\"https:\/\/portaltela.pt\/noticias\/2026\/01\/19\/professor-que-abusou-de-menores-tem-pena-agravada\/\"},\"author\":{\"name\":\"Telinha\",\"@id\":\"https:\/\/portaltela.pt\/#\/schema\/person\/c4278d4a6028830caff9ee44b42d32ed\"},\"headline\":\"Professor que abusou de menores tem pena agravada\",\"datePublished\":\"2026-01-19T23:56:56+00:00\",\"mainEntityOfPage\":{\"@id\":\"https:\/\/portaltela.pt\/noticias\/2026\/01\/19\/professor-que-abusou-de-menores-tem-pena-agravada\/\"},\"wordCount\":275,\"image\":{\"@id\":\"https:\/\/portaltela.pt\/noticias\/2026\/01\/19\/professor-que-abusou-de-menores-tem-pena-agravada\/#primaryimage\"},\"thumbnailUrl\":\"https:\/\/portaltela.pt\/s.01k8rhncp4jt1\/2026\/01\/hammer-719066_770x433_acf_cropped-2.jpg\",\"keywords\":[\"abuso de menores dependentes\",\"abuso de sexual de menor dependente\",\"crime\",\"Porto\",\"professores\",\"viol\u00eancia\"],\"articleSection\":[\"Not\u00edcias\"],\"inLanguage\":\"pt-PT\"},{\"@type\":\"WebPage\",\"@id\":\"https:\/\/portaltela.pt\/noticias\/2026\/01\/19\/professor-que-abusou-de-menores-tem-pena-agravada\/\",\"url\":\"https:\/\/portaltela.pt\/noticias\/2026\/01\/19\/professor-que-abusou-de-menores-tem-pena-agravada\/\",\"name\":\"Professor que abusou de menores tem pena agravada - Portal Tela Portugal\",\"isPartOf\":{\"@id\":\"https:\/\/portaltela.pt\/#website\"},\"primaryImageOfPage\":{\"@id\":\"https:\/\/portaltela.pt\/noticias\/2026\/01\/19\/professor-que-abusou-de-menores-tem-pena-agravada\/#primaryimage\"},\"image\":{\"@id\":\"https:\/\/portaltela.pt\/noticias\/2026\/01\/19\/professor-que-abusou-de-menores-tem-pena-agravada\/#primaryimage\"},\"thumbnailUrl\":\"https:\/\/portaltela.pt\/s.01k8rhncp4jt1\/2026\/01\/hammer-719066_770x433_acf_cropped-2.jpg\",\"datePublished\":\"2026-01-19T23:56:56+00:00\",\"author\":{\"@id\":\"https:\/\/portaltela.pt\/#\/schema\/person\/c4278d4a6028830caff9ee44b42d32ed\"},\"breadcrumb\":{\"@id\":\"https:\/\/portaltela.pt\/noticias\/2026\/01\/19\/professor-que-abusou-de-menores-tem-pena-agravada\/#breadcrumb\"},\"inLanguage\":\"pt-PT\",\"potentialAction\":[{\"@type\":\"ReadAction\",\"target\":[\"https:\/\/portaltela.pt\/noticias\/2026\/01\/19\/professor-que-abusou-de-menores-tem-pena-agravada\/\"]}]},{\"@type\":\"ImageObject\",\"inLanguage\":\"pt-PT\",\"@id\":\"https:\/\/portaltela.pt\/noticias\/2026\/01\/19\/professor-que-abusou-de-menores-tem-pena-agravada\/#primaryimage\",\"url\":\"https:\/\/portaltela.pt\/s.01k8rhncp4jt1\/2026\/01\/hammer-719066_770x433_acf_cropped-2.jpg\",\"contentUrl\":\"https:\/\/portaltela.pt\/s.01k8rhncp4jt1\/2026\/01\/hammer-719066_770x433_acf_cropped-2.jpg\",\"width\":796,\"height\":448,\"caption\":\"O julgamento, por um tribunal coletivo, prosseguiu com a audi\u00e7\u00e3o da mulher da v\u00edtima mortal\"},{\"@type\":\"BreadcrumbList\",\"@id\":\"https:\/\/portaltela.pt\/noticias\/2026\/01\/19\/professor-que-abusou-de-menores-tem-pena-agravada\/#breadcrumb\",\"itemListElement\":[{\"@type\":\"ListItem\",\"position\":1,\"name\":\"In\u00edcio\",\"item\":\"https:\/\/portaltela.pt\/\"},{\"@type\":\"ListItem\",\"position\":2,\"name\":\"Professor que abusou de menores tem pena agravada\"}]},{\"@type\":\"WebSite\",\"@id\":\"https:\/\/portaltela.pt\/#website\",\"url\":\"https:\/\/portaltela.pt\/\",\"name\":\"Portal Tela Portugal\",\"description\":\"\",\"potentialAction\":[{\"@type\":\"SearchAction\",\"target\":{\"@type\":\"EntryPoint\",\"urlTemplate\":\"https:\/\/portaltela.pt\/?s={search_term_string}\"},\"query-input\":{\"@type\":\"PropertyValueSpecification\",\"valueRequired\":true,\"valueName\":\"search_term_string\"}}],\"inLanguage\":\"pt-PT\"},{\"@type\":\"Person\",\"@id\":\"https:\/\/portaltela.pt\/#\/schema\/person\/c4278d4a6028830caff9ee44b42d32ed\",\"name\":\"Telinha\",\"image\":{\"@type\":\"ImageObject\",\"inLanguage\":\"pt-PT\",\"@id\":\"https:\/\/portaltela.pt\/s.01k8rhncp4jt1\/2025\/11\/talking-bot-125x125.png\",\"url\":\"https:\/\/portaltela.pt\/s.01k8rhncp4jt1\/2025\/11\/talking-bot-125x125.png\",\"contentUrl\":\"https:\/\/portaltela.pt\/s.01k8rhncp4jt1\/2025\/11\/talking-bot-125x125.png\",\"caption\":\"Telinha\"},\"sameAs\":[\"https:\/\/portaltela.pt\/\"],\"url\":\"https:\/\/portaltela.pt\/por\/367410592786\/\"}]}<\/script>\n<!-- \/ Yoast SEO plugin. -->","yoast_head_json":{"title":"Professor que abusou de menores tem pena agravada - Portal Tela Portugal","robots":{"index":"index","follow":"follow","max-snippet":"max-snippet:-1","max-image-preview":"max-image-preview:large","max-video-preview":"max-video-preview:-1"},"og_locale":"pt_PT","og_type":"article","og_title":"Professor que abusou de menores tem pena agravada - Portal Tela Portugal","og_description":"O Tribunal da Rela\u00e7\u00e3o do Porto aumentou a pena para seis anos e dois meses de pris\u00e3o efetiva, consolidando o c\u00famulo jur\u00eddico por crimes de abuso sexual de menores. O arguido, de 65 anos, era professor de equita\u00e7\u00e3o em Vila do Conde e respons\u00e1vel pelo espa\u00e7o onde ocorreram os abusos; foi detido pela Pol\u00edcia Judici\u00e1ria em dezembro de 2022, suspeito de abusar de tr\u00eas alunas menores desde 2016. Em julho de 2025, o Tribunal de Vila do Conde condenou-o por dois crimes de abuso sexual de menores dependentes a uma pena de tr\u00eas anos e dois meses de pris\u00e3o, suspensa na sua execu\u00e7\u00e3o por igual per\u00edodo. A Rela\u00e7\u00e3o condenou-o ainda por mais quatro crimes de abuso sexual em rela\u00e7\u00e3o \u00e0 terceira v\u00edtima, mantendo as penas j\u00e1 aplicadas para as outras den\u00fancias. Foi ainda imposta uma pena acess\u00f3ria de proibi\u00e7\u00e3o de exercer profiss\u00e3o, emprego, fun\u00e7\u00f5es ou atividades com contacto regular com menores, por treze anos.","og_url":"https:\/\/portaltela.pt\/noticias\/2026\/01\/19\/professor-que-abusou-de-menores-tem-pena-agravada\/","og_site_name":"Portal Tela Portugal","article_published_time":"2026-01-19T23:56:56+00:00","author":"Telinha","twitter_card":"summary_large_image","twitter_misc":{"Escrito por":"Telinha","Tempo estimado de leitura":"1 minuto"},"schema":{"@context":"https:\/\/schema.org","@graph":[{"@type":"Article","@id":"https:\/\/portaltela.pt\/noticias\/2026\/01\/19\/professor-que-abusou-de-menores-tem-pena-agravada\/#article","isPartOf":{"@id":"https:\/\/portaltela.pt\/noticias\/2026\/01\/19\/professor-que-abusou-de-menores-tem-pena-agravada\/"},"author":{"name":"Telinha","@id":"https:\/\/portaltela.pt\/#\/schema\/person\/c4278d4a6028830caff9ee44b42d32ed"},"headline":"Professor que abusou de menores tem pena agravada","datePublished":"2026-01-19T23:56:56+00:00","mainEntityOfPage":{"@id":"https:\/\/portaltela.pt\/noticias\/2026\/01\/19\/professor-que-abusou-de-menores-tem-pena-agravada\/"},"wordCount":275,"image":{"@id":"https:\/\/portaltela.pt\/noticias\/2026\/01\/19\/professor-que-abusou-de-menores-tem-pena-agravada\/#primaryimage"},"thumbnailUrl":"https:\/\/portaltela.pt\/s.01k8rhncp4jt1\/2026\/01\/hammer-719066_770x433_acf_cropped-2.jpg","keywords":["abuso de menores dependentes","abuso de sexual de menor dependente","crime","Porto","professores","viol\u00eancia"],"articleSection":["Not\u00edcias"],"inLanguage":"pt-PT"},{"@type":"WebPage","@id":"https:\/\/portaltela.pt\/noticias\/2026\/01\/19\/professor-que-abusou-de-menores-tem-pena-agravada\/","url":"https:\/\/portaltela.pt\/noticias\/2026\/01\/19\/professor-que-abusou-de-menores-tem-pena-agravada\/","name":"Professor que abusou de menores tem pena agravada - Portal Tela Portugal","isPartOf":{"@id":"https:\/\/portaltela.pt\/#website"},"primaryImageOfPage":{"@id":"https:\/\/portaltela.pt\/noticias\/2026\/01\/19\/professor-que-abusou-de-menores-tem-pena-agravada\/#primaryimage"},"image":{"@id":"https:\/\/portaltela.pt\/noticias\/2026\/01\/19\/professor-que-abusou-de-menores-tem-pena-agravada\/#primaryimage"},"thumbnailUrl":"https:\/\/portaltela.pt\/s.01k8rhncp4jt1\/2026\/01\/hammer-719066_770x433_acf_cropped-2.jpg","datePublished":"2026-01-19T23:56:56+00:00","author":{"@id":"https:\/\/portaltela.pt\/#\/schema\/person\/c4278d4a6028830caff9ee44b42d32ed"},"breadcrumb":{"@id":"https:\/\/portaltela.pt\/noticias\/2026\/01\/19\/professor-que-abusou-de-menores-tem-pena-agravada\/#breadcrumb"},"inLanguage":"pt-PT","potentialAction":[{"@type":"ReadAction","target":["https:\/\/portaltela.pt\/noticias\/2026\/01\/19\/professor-que-abusou-de-menores-tem-pena-agravada\/"]}]},{"@type":"ImageObject","inLanguage":"pt-PT","@id":"https:\/\/portaltela.pt\/noticias\/2026\/01\/19\/professor-que-abusou-de-menores-tem-pena-agravada\/#primaryimage","url":"https:\/\/portaltela.pt\/s.01k8rhncp4jt1\/2026\/01\/hammer-719066_770x433_acf_cropped-2.jpg","contentUrl":"https:\/\/portaltela.pt\/s.01k8rhncp4jt1\/2026\/01\/hammer-719066_770x433_acf_cropped-2.jpg","width":796,"height":448,"caption":"O julgamento, por um tribunal coletivo, prosseguiu com a audi\u00e7\u00e3o da mulher da v\u00edtima mortal"},{"@type":"BreadcrumbList","@id":"https:\/\/portaltela.pt\/noticias\/2026\/01\/19\/professor-que-abusou-de-menores-tem-pena-agravada\/#breadcrumb","itemListElement":[{"@type":"ListItem","position":1,"name":"In\u00edcio","item":"https:\/\/portaltela.pt\/"},{"@type":"ListItem","position":2,"name":"Professor que abusou de menores tem pena agravada"}]},{"@type":"WebSite","@id":"https:\/\/portaltela.pt\/#website","url":"https:\/\/portaltela.pt\/","name":"Portal Tela Portugal","description":"","potentialAction":[{"@type":"SearchAction","target":{"@type":"EntryPoint","urlTemplate":"https:\/\/portaltela.pt\/?s={search_term_string}"},"query-input":{"@type":"PropertyValueSpecification","valueRequired":true,"valueName":"search_term_string"}}],"inLanguage":"pt-PT"},{"@type":"Person","@id":"https:\/\/portaltela.pt\/#\/schema\/person\/c4278d4a6028830caff9ee44b42d32ed","name":"Telinha","image":{"@type":"ImageObject","inLanguage":"pt-PT","@id":"https:\/\/portaltela.pt\/s.01k8rhncp4jt1\/2025\/11\/talking-bot-125x125.png","url":"https:\/\/portaltela.pt\/s.01k8rhncp4jt1\/2025\/11\/talking-bot-125x125.png","contentUrl":"https:\/\/portaltela.pt\/s.01k8rhncp4jt1\/2025\/11\/talking-bot-125x125.png","caption":"Telinha"},"sameAs":["https:\/\/portaltela.pt\/"],"url":"https:\/\/portaltela.pt\/por\/367410592786\/"}]}},"_links":{"self":[{"href":"https:\/\/portaltela.pt\/api\/wp\/v2\/posts\/154903","targetHints":{"allow":["GET"]}}],"collection":[{"href":"https:\/\/portaltela.pt\/api\/wp\/v2\/posts"}],"about":[{"href":"https:\/\/portaltela.pt\/api\/wp\/v2\/types\/post"}],"author":[{"embeddable":true,"href":"https:\/\/portaltela.pt\/api\/wp\/v2\/users\/2"}],"replies":[{"embeddable":true,"href":"https:\/\/portaltela.pt\/api\/wp\/v2\/comments?post=154903"}],"version-history":[{"count":0,"href":"https:\/\/portaltela.pt\/api\/wp\/v2\/posts\/154903\/revisions"}],"wp:featuredmedia":[{"embeddable":true,"href":"https:\/\/portaltela.pt\/api\/wp\/v2\/media\/154911"}],"wp:attachment":[{"href":"https:\/\/portaltela.pt\/api\/wp\/v2\/media?parent=154903"}],"wp:term":[{"taxonomy":"category","embeddable":true,"href":"https:\/\/portaltela.pt\/api\/wp\/v2\/categories?post=154903"},{"taxonomy":"post_tag","embeddable":true,"href":"https:\/\/portaltela.pt\/api\/wp\/v2\/tags?post=154903"}],"curies":[{"name":"wp","href":"https:\/\/api.w.org\/{rel}","templated":true}]}}