{"id":154889,"date":"2026-01-19T20:47:05","date_gmt":"2026-01-19T23:47:05","guid":{"rendered":"https:\/\/portaltela.pt\/noticias\/2026\/01\/19\/cancelo-reage-a-saida-do-capitao-do-arouca\/"},"modified":"2026-01-19T20:47:05","modified_gmt":"2026-01-19T23:47:05","slug":"cancelo-reage-a-saida-do-capitao-do-arouca","status":"publish","type":"post","link":"https:\/\/portaltela.pt\/desporto\/futebol\/2026\/01\/19\/cancelo-reage-a-saida-do-capitao-do-arouca\/","title":{"rendered":"Cancelo reage \u00e0 sa\u00edda do capit\u00e3o do Arouca"},"content":{"rendered":"<p>David Sim\u00e3o anunciou a sa\u00edda do Arouca nas redes sociais, nesta segunda-feira. O m\u00e9dio de 35 anos despediu-se do clube da Serra da Freita, numa mensagem refletida sobre o fim da segunda passagem pelo emblema local.<\/p>\n<p>Segundo a publica\u00e7\u00e3o, o jogador sai com a sensa\u00e7\u00e3o de ter cumprido o que esperava. Recorda ter dado tudo, n\u00e3o sem reconhecer que o reconhecimento \u00e9, em parte, para a fam\u00edlia e amigos, e antev\u00ea novas paragens no percurso.<\/p>\n<p>Sim\u00e3o representou o Arouca pela primeira vez entre 2013 e 2016, regressando ao clube em janeiro de 2022. O an\u00fancio gerou v\u00e1rias reac\u00e7\u00f5es entre colegas e antigos companheiros de equipa.<\/p>\n<h3>Rea\u00e7\u00f5es ao an\u00fancio<\/h3>\n<p>Jo\u00e3o Cancelo comentou que, no futebol, as pessoas genu\u00ednas costumam ser apresentadas como vil\u00f5es, e elogiou o futebolista com a express\u00e3o jogas muito, meu mano. Estas palavras destacam o apoio de Cancelo ao ex-jogador.<\/p>\n<p>Cl\u00e1udio Ramos, guarda-redes do FC Porto, descreveu Sim\u00e3o como um senhor do futebol portugu\u00eas, destacando o car\u00e1ter e a qualidade do defesa-esquerdo. Tiago Gouveia, ex-Benfica, elogiou-o como um dos melhores p\u00e9s esquerdos j\u00e1 vistos ao vivo.<\/p>\n","protected":false},"excerpt":{"rendered":"<ul>\n<li>David Sim\u00e3o anunciou a sa\u00edda do Arouca nas redes sociais, encerrando a segunda passagem pelo clube da Serra da Freita, regressando ao clube em janeiro de 2022.<\/li>\n<li>O m\u00e9dio de 35 anos deixou uma mensagem reflexiva, dizendo que saiu de cabe\u00e7a erguida e que o reconhecimento est\u00e1 nos n\u00fameros, na fam\u00edlia e nos amigos.<\/li>\n<li>Jo\u00e3o Cancelo reagiu publicando apoio, dizendo que, no futebol, as pessoas genu\u00ednas s\u00e3o muitas vezes os vil\u00f5es da hist\u00f3ria e elogiando o jogador.<\/li>\n<li>Cl\u00e1udio Ramos elogiou Sim\u00e3o como \u201cum senhor\u201d do futebol portugu\u00eas, enquanto Tiago Gouveia destacou-o como \u201cum dos melhores p\u00e9 esquerdo\u201d que viu ao vivo.<\/li>\n<\/ul>\n","protected":false},"author":2,"featured_media":154892,"comment_status":"closed","ping_status":"closed","sticky":false,"template":"","format":"standard","meta":{"footnotes":""},"categories":[21,24],"tags":[900,2331,152,2028,32,242],"class_list":["post-154889","post","type-post","status-publish","format-standard","has-post-thumbnail","hentry","category-desporto","category-futebol","tag-arouca","tag-cancelo","tag-desporto","tag-fc-porto","tag-futebol","tag-jogadores"],"yoast_head":"<!-- This site is optimized with the Yoast SEO plugin v27.2 - https:\/\/yoast.com\/product\/yoast-seo-wordpress\/ -->\n<title>Cancelo reage \u00e0 sa\u00edda do capit\u00e3o do Arouca - Portal Tela Portugal<\/title>\n<meta name=\"robots\" content=\"index, follow, max-snippet:-1, max-image-preview:large, max-video-preview:-1\" \/>\n<meta property=\"og:locale\" content=\"pt_PT\" \/>\n<meta property=\"og:type\" content=\"article\" \/>\n<meta property=\"og:title\" content=\"Cancelo reage \u00e0 sa\u00edda do capit\u00e3o do Arouca - Portal Tela Portugal\" \/>\n<meta property=\"og:description\" content=\"David Sim\u00e3o anunciou a sa\u00edda do Arouca nas redes sociais, encerrando a segunda passagem pelo clube da Serra da Freita, regressando ao clube em janeiro de 2022. O m\u00e9dio de 35 anos deixou uma mensagem reflexiva, dizendo que saiu de cabe\u00e7a erguida e que o reconhecimento est\u00e1 nos n\u00fameros, na fam\u00edlia e nos amigos. Jo\u00e3o Cancelo reagiu publicando apoio, dizendo que, no futebol, as pessoas genu\u00ednas s\u00e3o muitas vezes os vil\u00f5es da hist\u00f3ria e elogiando o jogador. Cl\u00e1udio Ramos elogiou Sim\u00e3o como \u201cum senhor\u201d do futebol portugu\u00eas, enquanto Tiago Gouveia destacou-o como \u201cum dos melhores p\u00e9 esquerdo\u201d que viu ao vivo.\" \/>\n<meta property=\"og:url\" content=\"https:\/\/portaltela.pt\/noticias\/2026\/01\/19\/cancelo-reage-a-saida-do-capitao-do-arouca\/\" \/>\n<meta property=\"og:site_name\" content=\"Portal Tela Portugal\" \/>\n<meta property=\"article:published_time\" content=\"2026-01-19T23:47:05+00:00\" \/>\n<meta name=\"author\" content=\"Telinha\" \/>\n<meta name=\"twitter:card\" content=\"summary_large_image\" \/>\n<meta name=\"twitter:label1\" content=\"Escrito por\" \/>\n\t<meta name=\"twitter:data1\" content=\"Telinha\" \/>\n\t<meta name=\"twitter:label2\" content=\"Tempo estimado de leitura\" \/>\n\t<meta name=\"twitter:data2\" content=\"1 minuto\" \/>\n<script type=\"application\/ld+json\" class=\"yoast-schema-graph\">{\"@context\":\"https:\/\/schema.org\",\"@graph\":[{\"@type\":\"Article\",\"@id\":\"https:\/\/portaltela.pt\/noticias\/2026\/01\/19\/cancelo-reage-a-saida-do-capitao-do-arouca\/#article\",\"isPartOf\":{\"@id\":\"https:\/\/portaltela.pt\/noticias\/2026\/01\/19\/cancelo-reage-a-saida-do-capitao-do-arouca\/\"},\"author\":{\"name\":\"Telinha\",\"@id\":\"https:\/\/portaltela.pt\/#\/schema\/person\/c4278d4a6028830caff9ee44b42d32ed\"},\"headline\":\"Cancelo reage \u00e0 sa\u00edda do capit\u00e3o do Arouca\",\"datePublished\":\"2026-01-19T23:47:05+00:00\",\"mainEntityOfPage\":{\"@id\":\"https:\/\/portaltela.pt\/noticias\/2026\/01\/19\/cancelo-reage-a-saida-do-capitao-do-arouca\/\"},\"wordCount\":204,\"image\":{\"@id\":\"https:\/\/portaltela.pt\/noticias\/2026\/01\/19\/cancelo-reage-a-saida-do-capitao-do-arouca\/#primaryimage\"},\"thumbnailUrl\":\"https:\/\/portaltela.pt\/s.01k8rhncp4jt1\/2026\/01\/b9ed8a30-7002-4f91-bd11-e3638b717423-1.jpg\",\"keywords\":[\"Arouca\",\"Cancelo\",\"desporto\",\"FC Porto\",\"futebol\",\"jogadores\"],\"articleSection\":[\"Desporto\",\"Futebol\"],\"inLanguage\":\"pt-PT\"},{\"@type\":\"WebPage\",\"@id\":\"https:\/\/portaltela.pt\/noticias\/2026\/01\/19\/cancelo-reage-a-saida-do-capitao-do-arouca\/\",\"url\":\"https:\/\/portaltela.pt\/noticias\/2026\/01\/19\/cancelo-reage-a-saida-do-capitao-do-arouca\/\",\"name\":\"Cancelo reage \u00e0 sa\u00edda do capit\u00e3o do Arouca - Portal Tela Portugal\",\"isPartOf\":{\"@id\":\"https:\/\/portaltela.pt\/#website\"},\"primaryImageOfPage\":{\"@id\":\"https:\/\/portaltela.pt\/noticias\/2026\/01\/19\/cancelo-reage-a-saida-do-capitao-do-arouca\/#primaryimage\"},\"image\":{\"@id\":\"https:\/\/portaltela.pt\/noticias\/2026\/01\/19\/cancelo-reage-a-saida-do-capitao-do-arouca\/#primaryimage\"},\"thumbnailUrl\":\"https:\/\/portaltela.pt\/s.01k8rhncp4jt1\/2026\/01\/b9ed8a30-7002-4f91-bd11-e3638b717423-1.jpg\",\"datePublished\":\"2026-01-19T23:47:05+00:00\",\"author\":{\"@id\":\"https:\/\/portaltela.pt\/#\/schema\/person\/c4278d4a6028830caff9ee44b42d32ed\"},\"breadcrumb\":{\"@id\":\"https:\/\/portaltela.pt\/noticias\/2026\/01\/19\/cancelo-reage-a-saida-do-capitao-do-arouca\/#breadcrumb\"},\"inLanguage\":\"pt-PT\",\"potentialAction\":[{\"@type\":\"ReadAction\",\"target\":[\"https:\/\/portaltela.pt\/noticias\/2026\/01\/19\/cancelo-reage-a-saida-do-capitao-do-arouca\/\"]}]},{\"@type\":\"ImageObject\",\"inLanguage\":\"pt-PT\",\"@id\":\"https:\/\/portaltela.pt\/noticias\/2026\/01\/19\/cancelo-reage-a-saida-do-capitao-do-arouca\/#primaryimage\",\"url\":\"https:\/\/portaltela.pt\/s.01k8rhncp4jt1\/2026\/01\/b9ed8a30-7002-4f91-bd11-e3638b717423-1.jpg\",\"contentUrl\":\"https:\/\/portaltela.pt\/s.01k8rhncp4jt1\/2026\/01\/b9ed8a30-7002-4f91-bd11-e3638b717423-1.jpg\",\"width\":796,\"height\":448,\"caption\":\"Cancelo regressou ao Barcelona neste mercado de inverno - Foto: IMAGO\"},{\"@type\":\"BreadcrumbList\",\"@id\":\"https:\/\/portaltela.pt\/noticias\/2026\/01\/19\/cancelo-reage-a-saida-do-capitao-do-arouca\/#breadcrumb\",\"itemListElement\":[{\"@type\":\"ListItem\",\"position\":1,\"name\":\"In\u00edcio\",\"item\":\"https:\/\/portaltela.pt\/\"},{\"@type\":\"ListItem\",\"position\":2,\"name\":\"Cancelo reage \u00e0 sa\u00edda do capit\u00e3o do Arouca\"}]},{\"@type\":\"WebSite\",\"@id\":\"https:\/\/portaltela.pt\/#website\",\"url\":\"https:\/\/portaltela.pt\/\",\"name\":\"Portal Tela Portugal\",\"description\":\"\",\"potentialAction\":[{\"@type\":\"SearchAction\",\"target\":{\"@type\":\"EntryPoint\",\"urlTemplate\":\"https:\/\/portaltela.pt\/?s={search_term_string}\"},\"query-input\":{\"@type\":\"PropertyValueSpecification\",\"valueRequired\":true,\"valueName\":\"search_term_string\"}}],\"inLanguage\":\"pt-PT\"},{\"@type\":\"Person\",\"@id\":\"https:\/\/portaltela.pt\/#\/schema\/person\/c4278d4a6028830caff9ee44b42d32ed\",\"name\":\"Telinha\",\"image\":{\"@type\":\"ImageObject\",\"inLanguage\":\"pt-PT\",\"@id\":\"https:\/\/portaltela.pt\/s.01k8rhncp4jt1\/2025\/11\/talking-bot-125x125.png\",\"url\":\"https:\/\/portaltela.pt\/s.01k8rhncp4jt1\/2025\/11\/talking-bot-125x125.png\",\"contentUrl\":\"https:\/\/portaltela.pt\/s.01k8rhncp4jt1\/2025\/11\/talking-bot-125x125.png\",\"caption\":\"Telinha\"},\"sameAs\":[\"https:\/\/portaltela.pt\/\"],\"url\":\"https:\/\/portaltela.pt\/por\/367410592786\/\"}]}<\/script>\n<!-- \/ Yoast SEO plugin. -->","yoast_head_json":{"title":"Cancelo reage \u00e0 sa\u00edda do capit\u00e3o do Arouca - Portal Tela Portugal","robots":{"index":"index","follow":"follow","max-snippet":"max-snippet:-1","max-image-preview":"max-image-preview:large","max-video-preview":"max-video-preview:-1"},"og_locale":"pt_PT","og_type":"article","og_title":"Cancelo reage \u00e0 sa\u00edda do capit\u00e3o do Arouca - Portal Tela Portugal","og_description":"David Sim\u00e3o anunciou a sa\u00edda do Arouca nas redes sociais, encerrando a segunda passagem pelo clube da Serra da Freita, regressando ao clube em janeiro de 2022. O m\u00e9dio de 35 anos deixou uma mensagem reflexiva, dizendo que saiu de cabe\u00e7a erguida e que o reconhecimento est\u00e1 nos n\u00fameros, na fam\u00edlia e nos amigos. Jo\u00e3o Cancelo reagiu publicando apoio, dizendo que, no futebol, as pessoas genu\u00ednas s\u00e3o muitas vezes os vil\u00f5es da hist\u00f3ria e elogiando o jogador. Cl\u00e1udio Ramos elogiou Sim\u00e3o como \u201cum senhor\u201d do futebol portugu\u00eas, enquanto Tiago Gouveia destacou-o como \u201cum dos melhores p\u00e9 esquerdo\u201d que viu ao vivo.","og_url":"https:\/\/portaltela.pt\/noticias\/2026\/01\/19\/cancelo-reage-a-saida-do-capitao-do-arouca\/","og_site_name":"Portal Tela Portugal","article_published_time":"2026-01-19T23:47:05+00:00","author":"Telinha","twitter_card":"summary_large_image","twitter_misc":{"Escrito por":"Telinha","Tempo estimado de leitura":"1 minuto"},"schema":{"@context":"https:\/\/schema.org","@graph":[{"@type":"Article","@id":"https:\/\/portaltela.pt\/noticias\/2026\/01\/19\/cancelo-reage-a-saida-do-capitao-do-arouca\/#article","isPartOf":{"@id":"https:\/\/portaltela.pt\/noticias\/2026\/01\/19\/cancelo-reage-a-saida-do-capitao-do-arouca\/"},"author":{"name":"Telinha","@id":"https:\/\/portaltela.pt\/#\/schema\/person\/c4278d4a6028830caff9ee44b42d32ed"},"headline":"Cancelo reage \u00e0 sa\u00edda do capit\u00e3o do Arouca","datePublished":"2026-01-19T23:47:05+00:00","mainEntityOfPage":{"@id":"https:\/\/portaltela.pt\/noticias\/2026\/01\/19\/cancelo-reage-a-saida-do-capitao-do-arouca\/"},"wordCount":204,"image":{"@id":"https:\/\/portaltela.pt\/noticias\/2026\/01\/19\/cancelo-reage-a-saida-do-capitao-do-arouca\/#primaryimage"},"thumbnailUrl":"https:\/\/portaltela.pt\/s.01k8rhncp4jt1\/2026\/01\/b9ed8a30-7002-4f91-bd11-e3638b717423-1.jpg","keywords":["Arouca","Cancelo","desporto","FC Porto","futebol","jogadores"],"articleSection":["Desporto","Futebol"],"inLanguage":"pt-PT"},{"@type":"WebPage","@id":"https:\/\/portaltela.pt\/noticias\/2026\/01\/19\/cancelo-reage-a-saida-do-capitao-do-arouca\/","url":"https:\/\/portaltela.pt\/noticias\/2026\/01\/19\/cancelo-reage-a-saida-do-capitao-do-arouca\/","name":"Cancelo reage \u00e0 sa\u00edda do capit\u00e3o do Arouca - Portal Tela Portugal","isPartOf":{"@id":"https:\/\/portaltela.pt\/#website"},"primaryImageOfPage":{"@id":"https:\/\/portaltela.pt\/noticias\/2026\/01\/19\/cancelo-reage-a-saida-do-capitao-do-arouca\/#primaryimage"},"image":{"@id":"https:\/\/portaltela.pt\/noticias\/2026\/01\/19\/cancelo-reage-a-saida-do-capitao-do-arouca\/#primaryimage"},"thumbnailUrl":"https:\/\/portaltela.pt\/s.01k8rhncp4jt1\/2026\/01\/b9ed8a30-7002-4f91-bd11-e3638b717423-1.jpg","datePublished":"2026-01-19T23:47:05+00:00","author":{"@id":"https:\/\/portaltela.pt\/#\/schema\/person\/c4278d4a6028830caff9ee44b42d32ed"},"breadcrumb":{"@id":"https:\/\/portaltela.pt\/noticias\/2026\/01\/19\/cancelo-reage-a-saida-do-capitao-do-arouca\/#breadcrumb"},"inLanguage":"pt-PT","potentialAction":[{"@type":"ReadAction","target":["https:\/\/portaltela.pt\/noticias\/2026\/01\/19\/cancelo-reage-a-saida-do-capitao-do-arouca\/"]}]},{"@type":"ImageObject","inLanguage":"pt-PT","@id":"https:\/\/portaltela.pt\/noticias\/2026\/01\/19\/cancelo-reage-a-saida-do-capitao-do-arouca\/#primaryimage","url":"https:\/\/portaltela.pt\/s.01k8rhncp4jt1\/2026\/01\/b9ed8a30-7002-4f91-bd11-e3638b717423-1.jpg","contentUrl":"https:\/\/portaltela.pt\/s.01k8rhncp4jt1\/2026\/01\/b9ed8a30-7002-4f91-bd11-e3638b717423-1.jpg","width":796,"height":448,"caption":"Cancelo regressou ao Barcelona neste mercado de inverno - Foto: IMAGO"},{"@type":"BreadcrumbList","@id":"https:\/\/portaltela.pt\/noticias\/2026\/01\/19\/cancelo-reage-a-saida-do-capitao-do-arouca\/#breadcrumb","itemListElement":[{"@type":"ListItem","position":1,"name":"In\u00edcio","item":"https:\/\/portaltela.pt\/"},{"@type":"ListItem","position":2,"name":"Cancelo reage \u00e0 sa\u00edda do capit\u00e3o do Arouca"}]},{"@type":"WebSite","@id":"https:\/\/portaltela.pt\/#website","url":"https:\/\/portaltela.pt\/","name":"Portal Tela Portugal","description":"","potentialAction":[{"@type":"SearchAction","target":{"@type":"EntryPoint","urlTemplate":"https:\/\/portaltela.pt\/?s={search_term_string}"},"query-input":{"@type":"PropertyValueSpecification","valueRequired":true,"valueName":"search_term_string"}}],"inLanguage":"pt-PT"},{"@type":"Person","@id":"https:\/\/portaltela.pt\/#\/schema\/person\/c4278d4a6028830caff9ee44b42d32ed","name":"Telinha","image":{"@type":"ImageObject","inLanguage":"pt-PT","@id":"https:\/\/portaltela.pt\/s.01k8rhncp4jt1\/2025\/11\/talking-bot-125x125.png","url":"https:\/\/portaltela.pt\/s.01k8rhncp4jt1\/2025\/11\/talking-bot-125x125.png","contentUrl":"https:\/\/portaltela.pt\/s.01k8rhncp4jt1\/2025\/11\/talking-bot-125x125.png","caption":"Telinha"},"sameAs":["https:\/\/portaltela.pt\/"],"url":"https:\/\/portaltela.pt\/por\/367410592786\/"}]}},"_links":{"self":[{"href":"https:\/\/portaltela.pt\/api\/wp\/v2\/posts\/154889","targetHints":{"allow":["GET"]}}],"collection":[{"href":"https:\/\/portaltela.pt\/api\/wp\/v2\/posts"}],"about":[{"href":"https:\/\/portaltela.pt\/api\/wp\/v2\/types\/post"}],"author":[{"embeddable":true,"href":"https:\/\/portaltela.pt\/api\/wp\/v2\/users\/2"}],"replies":[{"embeddable":true,"href":"https:\/\/portaltela.pt\/api\/wp\/v2\/comments?post=154889"}],"version-history":[{"count":0,"href":"https:\/\/portaltela.pt\/api\/wp\/v2\/posts\/154889\/revisions"}],"wp:featuredmedia":[{"embeddable":true,"href":"https:\/\/portaltela.pt\/api\/wp\/v2\/media\/154892"}],"wp:attachment":[{"href":"https:\/\/portaltela.pt\/api\/wp\/v2\/media?parent=154889"}],"wp:term":[{"taxonomy":"category","embeddable":true,"href":"https:\/\/portaltela.pt\/api\/wp\/v2\/categories?post=154889"},{"taxonomy":"post_tag","embeddable":true,"href":"https:\/\/portaltela.pt\/api\/wp\/v2\/tags?post=154889"}],"curies":[{"name":"wp","href":"https:\/\/api.w.org\/{rel}","templated":true}]}}