{"id":154698,"date":"2026-01-19T19:09:00","date_gmt":"2026-01-19T22:09:00","guid":{"rendered":"https:\/\/portaltela.pt\/noticias\/2026\/01\/19\/governo-destina-14-milhoes-ao-complemento-do-abono-de-familia\/"},"modified":"2026-01-19T19:09:00","modified_gmt":"2026-01-19T22:09:00","slug":"governo-destina-14-milhoes-ao-complemento-do-abono-de-familia","status":"publish","type":"post","link":"https:\/\/portaltela.pt\/noticias\/2026\/01\/19\/governo-destina-14-milhoes-ao-complemento-do-abono-de-familia\/","title":{"rendered":"Governo destina 1,4 milh\u00f5es ao complemento do abono de fam\u00edlia"},"content":{"rendered":"<p>A Seguran\u00e7a Social dos A\u00e7ores procedeu ao pagamento do Complemento A\u00e7oriano ao Abono de Fam\u00edlia para crian\u00e7as e jovens (CAAF) referente ao 2\u00ba semestre de 2025, num montante de 1,4 milh\u00f5es de euros. O processo ocorreu nesta segunda-feira.<\/p>\n<p>O pagamento abrangeu 30.653 benefici\u00e1rios, totalizando 1.473.427,70 euros. O objetivo \u00e9 refor\u00e7ar o apoio \u00e0s fam\u00edlias a\u00e7orianas com menores a cargo.<\/p>\n<p>Desde 2019, o valor investido no CAAF aumentou 54%. Desde 2021, com a governa\u00e7\u00e3o da coliga\u00e7\u00e3o, j\u00e1 foram investidos cerca de 13,6 milh\u00f5es de euros neste apoio.<\/p>\n<p>O CAAF \u00e9 atribu\u00eddo semestralmente e pago duas vezes por ano aos pais, tutores legais ou institui\u00e7\u00f5es respons\u00e1veis. Trata-se de um complemento ao Abono de Fam\u00edlia para compensar encargos familiares.<\/p>\n<p>O complemento visa auxiliar despesas associadas ao sustento, educa\u00e7\u00e3o e bem-estar de crian\u00e7as e jovens na Regi\u00e3o Aut\u00f3noma dos A\u00e7ores. Contribui para melhoria das condi\u00e7\u00f5es de vida nas ilhas.<\/p>\n<h3>Nascer Mais<\/h3>\n<p>O programa Nascer Mais disponibiliza 1.500 euros em produtos para rec\u00e9m-nascidos, n\u00e3o reembols\u00e1veis. No \u00faltimo ano, o universo de benefici\u00e1rios \u00fanicos atingiu cerca de 2 mil. Desde 2022, j\u00e1 foram investidos 5,4 milh\u00f5es de euros na medida.<\/p>\n","protected":false},"excerpt":{"rendered":"<ul>\n<li>O pagamento do Complemento A\u00e7oriano ao Abono de Fam\u00edlia para crian\u00e7as e jovens (CAAF) referente ao segundo semestre de 2025 foi conclu\u00eddo pela Seguran\u00e7a Social dos A\u00e7ores.<\/li>\n<li>Abrangiu 30.653 benefici\u00e1rios, totalizando 1.473.427,70 euros.<\/li>\n<li>O complemento \u00e9 pago semestralmente, duas vezes por ano, aos pais, tutores legais ou institui\u00e7\u00f5es respons\u00e1veis.<\/li>\n<li>Desde 2019, o valor investido no CAAF cresceu 54%; desde 2021, com a coliga\u00e7\u00e3o PSD\/CDS-PP\/PPM no governo, foram investidos cerca de 13,6 milh\u00f5es de euros neste apoio.<\/li>\n<li>O programa Nascer Mais oferece 1.500 euros em produtos adquiridos em farm\u00e1cias para rec\u00e9m-nascidos; no ano transato beneficiou dois mil beb\u00e9s \u00fanicos e, desde 2022, j\u00e1 foram investidos cerca de 5,4 milh\u00f5es de euros.<\/li>\n<\/ul>\n","protected":false},"author":2,"featured_media":154714,"comment_status":"closed","ping_status":"closed","sticky":false,"template":"","format":"standard","meta":{"footnotes":""},"categories":[1],"tags":[2151,822,1211,2172,163,3502],"class_list":["post-154698","post","type-post","status-publish","format-standard","has-post-thumbnail","hentry","category-noticias","tag-abono-de-familia","tag-acores","tag-apoio-social","tag-assistencia-social","tag-educacao","tag-nascer-mais"],"yoast_head":"<!-- This site is optimized with the Yoast SEO plugin v27.2 - https:\/\/yoast.com\/product\/yoast-seo-wordpress\/ -->\n<title>Governo destina 1,4 milh\u00f5es ao complemento do abono de fam\u00edlia - Portal Tela Portugal<\/title>\n<meta name=\"robots\" content=\"index, follow, max-snippet:-1, max-image-preview:large, max-video-preview:-1\" \/>\n<meta property=\"og:locale\" content=\"pt_PT\" \/>\n<meta property=\"og:type\" content=\"article\" \/>\n<meta property=\"og:title\" content=\"Governo destina 1,4 milh\u00f5es ao complemento do abono de fam\u00edlia - Portal Tela Portugal\" \/>\n<meta property=\"og:description\" content=\"O pagamento do Complemento A\u00e7oriano ao Abono de Fam\u00edlia para crian\u00e7as e jovens (CAAF) referente ao segundo semestre de 2025 foi conclu\u00eddo pela Seguran\u00e7a Social dos A\u00e7ores. Abrangiu 30.653 benefici\u00e1rios, totalizando 1.473.427,70 euros. O complemento \u00e9 pago semestralmente, duas vezes por ano, aos pais, tutores legais ou institui\u00e7\u00f5es respons\u00e1veis. Desde 2019, o valor investido no CAAF cresceu 54%; desde 2021, com a coliga\u00e7\u00e3o PSD\/CDS-PP\/PPM no governo, foram investidos cerca de 13,6 milh\u00f5es de euros neste apoio. O programa Nascer Mais oferece 1.500 euros em produtos adquiridos em farm\u00e1cias para rec\u00e9m-nascidos; no ano transato beneficiou dois mil beb\u00e9s \u00fanicos e, desde 2022, j\u00e1 foram investidos cerca de 5,4 milh\u00f5es de euros.\" \/>\n<meta property=\"og:url\" content=\"https:\/\/portaltela.pt\/noticias\/2026\/01\/19\/governo-destina-14-milhoes-ao-complemento-do-abono-de-familia\/\" \/>\n<meta property=\"og:site_name\" content=\"Portal Tela Portugal\" \/>\n<meta property=\"article:published_time\" content=\"2026-01-19T22:09:00+00:00\" \/>\n<meta name=\"author\" content=\"Telinha\" \/>\n<meta name=\"twitter:card\" content=\"summary_large_image\" \/>\n<meta name=\"twitter:label1\" content=\"Escrito por\" \/>\n\t<meta name=\"twitter:data1\" content=\"Telinha\" \/>\n\t<meta name=\"twitter:label2\" content=\"Tempo estimado de leitura\" \/>\n\t<meta name=\"twitter:data2\" content=\"1 minuto\" \/>\n<script type=\"application\/ld+json\" class=\"yoast-schema-graph\">{\"@context\":\"https:\/\/schema.org\",\"@graph\":[{\"@type\":\"Article\",\"@id\":\"https:\/\/portaltela.pt\/noticias\/2026\/01\/19\/governo-destina-14-milhoes-ao-complemento-do-abono-de-familia\/#article\",\"isPartOf\":{\"@id\":\"https:\/\/portaltela.pt\/noticias\/2026\/01\/19\/governo-destina-14-milhoes-ao-complemento-do-abono-de-familia\/\"},\"author\":{\"name\":\"Telinha\",\"@id\":\"https:\/\/portaltela.pt\/#\/schema\/person\/c4278d4a6028830caff9ee44b42d32ed\"},\"headline\":\"Governo destina 1,4 milh\u00f5es ao complemento do abono de fam\u00edlia\",\"datePublished\":\"2026-01-19T22:09:00+00:00\",\"mainEntityOfPage\":{\"@id\":\"https:\/\/portaltela.pt\/noticias\/2026\/01\/19\/governo-destina-14-milhoes-ao-complemento-do-abono-de-familia\/\"},\"wordCount\":208,\"image\":{\"@id\":\"https:\/\/portaltela.pt\/noticias\/2026\/01\/19\/governo-destina-14-milhoes-ao-complemento-do-abono-de-familia\/#primaryimage\"},\"thumbnailUrl\":\"https:\/\/portaltela.pt\/s.01k8rhncp4jt1\/2026\/01\/unnamed-file-3978.jpg\",\"keywords\":[\"abono de fam\u00edlia\",\"A\u00e7ores\",\"Apoio Social\",\"assist\u00eancia social\",\"educa\u00e7\u00e3o\",\"Nascer Mais\"],\"articleSection\":[\"Not\u00edcias\"],\"inLanguage\":\"pt-PT\"},{\"@type\":\"WebPage\",\"@id\":\"https:\/\/portaltela.pt\/noticias\/2026\/01\/19\/governo-destina-14-milhoes-ao-complemento-do-abono-de-familia\/\",\"url\":\"https:\/\/portaltela.pt\/noticias\/2026\/01\/19\/governo-destina-14-milhoes-ao-complemento-do-abono-de-familia\/\",\"name\":\"Governo destina 1,4 milh\u00f5es ao complemento do abono de fam\u00edlia - Portal Tela Portugal\",\"isPartOf\":{\"@id\":\"https:\/\/portaltela.pt\/#website\"},\"primaryImageOfPage\":{\"@id\":\"https:\/\/portaltela.pt\/noticias\/2026\/01\/19\/governo-destina-14-milhoes-ao-complemento-do-abono-de-familia\/#primaryimage\"},\"image\":{\"@id\":\"https:\/\/portaltela.pt\/noticias\/2026\/01\/19\/governo-destina-14-milhoes-ao-complemento-do-abono-de-familia\/#primaryimage\"},\"thumbnailUrl\":\"https:\/\/portaltela.pt\/s.01k8rhncp4jt1\/2026\/01\/unnamed-file-3978.jpg\",\"datePublished\":\"2026-01-19T22:09:00+00:00\",\"author\":{\"@id\":\"https:\/\/portaltela.pt\/#\/schema\/person\/c4278d4a6028830caff9ee44b42d32ed\"},\"breadcrumb\":{\"@id\":\"https:\/\/portaltela.pt\/noticias\/2026\/01\/19\/governo-destina-14-milhoes-ao-complemento-do-abono-de-familia\/#breadcrumb\"},\"inLanguage\":\"pt-PT\",\"potentialAction\":[{\"@type\":\"ReadAction\",\"target\":[\"https:\/\/portaltela.pt\/noticias\/2026\/01\/19\/governo-destina-14-milhoes-ao-complemento-do-abono-de-familia\/\"]}]},{\"@type\":\"ImageObject\",\"inLanguage\":\"pt-PT\",\"@id\":\"https:\/\/portaltela.pt\/noticias\/2026\/01\/19\/governo-destina-14-milhoes-ao-complemento-do-abono-de-familia\/#primaryimage\",\"url\":\"https:\/\/portaltela.pt\/s.01k8rhncp4jt1\/2026\/01\/unnamed-file-3978.jpg\",\"contentUrl\":\"https:\/\/portaltela.pt\/s.01k8rhncp4jt1\/2026\/01\/unnamed-file-3978.jpg\",\"width\":796,\"height\":448,\"caption\":\"Abono \u00e9 atribu\u00eddo semestralmente\"},{\"@type\":\"BreadcrumbList\",\"@id\":\"https:\/\/portaltela.pt\/noticias\/2026\/01\/19\/governo-destina-14-milhoes-ao-complemento-do-abono-de-familia\/#breadcrumb\",\"itemListElement\":[{\"@type\":\"ListItem\",\"position\":1,\"name\":\"In\u00edcio\",\"item\":\"https:\/\/portaltela.pt\/\"},{\"@type\":\"ListItem\",\"position\":2,\"name\":\"Governo destina 1,4 milh\u00f5es ao complemento do abono de fam\u00edlia\"}]},{\"@type\":\"WebSite\",\"@id\":\"https:\/\/portaltela.pt\/#website\",\"url\":\"https:\/\/portaltela.pt\/\",\"name\":\"Portal Tela Portugal\",\"description\":\"\",\"potentialAction\":[{\"@type\":\"SearchAction\",\"target\":{\"@type\":\"EntryPoint\",\"urlTemplate\":\"https:\/\/portaltela.pt\/?s={search_term_string}\"},\"query-input\":{\"@type\":\"PropertyValueSpecification\",\"valueRequired\":true,\"valueName\":\"search_term_string\"}}],\"inLanguage\":\"pt-PT\"},{\"@type\":\"Person\",\"@id\":\"https:\/\/portaltela.pt\/#\/schema\/person\/c4278d4a6028830caff9ee44b42d32ed\",\"name\":\"Telinha\",\"image\":{\"@type\":\"ImageObject\",\"inLanguage\":\"pt-PT\",\"@id\":\"https:\/\/portaltela.pt\/s.01k8rhncp4jt1\/2025\/11\/talking-bot-125x125.png\",\"url\":\"https:\/\/portaltela.pt\/s.01k8rhncp4jt1\/2025\/11\/talking-bot-125x125.png\",\"contentUrl\":\"https:\/\/portaltela.pt\/s.01k8rhncp4jt1\/2025\/11\/talking-bot-125x125.png\",\"caption\":\"Telinha\"},\"sameAs\":[\"https:\/\/portaltela.pt\/\"],\"url\":\"https:\/\/portaltela.pt\/por\/367410592786\/\"}]}<\/script>\n<!-- \/ Yoast SEO plugin. -->","yoast_head_json":{"title":"Governo destina 1,4 milh\u00f5es ao complemento do abono de fam\u00edlia - Portal Tela Portugal","robots":{"index":"index","follow":"follow","max-snippet":"max-snippet:-1","max-image-preview":"max-image-preview:large","max-video-preview":"max-video-preview:-1"},"og_locale":"pt_PT","og_type":"article","og_title":"Governo destina 1,4 milh\u00f5es ao complemento do abono de fam\u00edlia - Portal Tela Portugal","og_description":"O pagamento do Complemento A\u00e7oriano ao Abono de Fam\u00edlia para crian\u00e7as e jovens (CAAF) referente ao segundo semestre de 2025 foi conclu\u00eddo pela Seguran\u00e7a Social dos A\u00e7ores. Abrangiu 30.653 benefici\u00e1rios, totalizando 1.473.427,70 euros. O complemento \u00e9 pago semestralmente, duas vezes por ano, aos pais, tutores legais ou institui\u00e7\u00f5es respons\u00e1veis. Desde 2019, o valor investido no CAAF cresceu 54%; desde 2021, com a coliga\u00e7\u00e3o PSD\/CDS-PP\/PPM no governo, foram investidos cerca de 13,6 milh\u00f5es de euros neste apoio. O programa Nascer Mais oferece 1.500 euros em produtos adquiridos em farm\u00e1cias para rec\u00e9m-nascidos; no ano transato beneficiou dois mil beb\u00e9s \u00fanicos e, desde 2022, j\u00e1 foram investidos cerca de 5,4 milh\u00f5es de euros.","og_url":"https:\/\/portaltela.pt\/noticias\/2026\/01\/19\/governo-destina-14-milhoes-ao-complemento-do-abono-de-familia\/","og_site_name":"Portal Tela Portugal","article_published_time":"2026-01-19T22:09:00+00:00","author":"Telinha","twitter_card":"summary_large_image","twitter_misc":{"Escrito por":"Telinha","Tempo estimado de leitura":"1 minuto"},"schema":{"@context":"https:\/\/schema.org","@graph":[{"@type":"Article","@id":"https:\/\/portaltela.pt\/noticias\/2026\/01\/19\/governo-destina-14-milhoes-ao-complemento-do-abono-de-familia\/#article","isPartOf":{"@id":"https:\/\/portaltela.pt\/noticias\/2026\/01\/19\/governo-destina-14-milhoes-ao-complemento-do-abono-de-familia\/"},"author":{"name":"Telinha","@id":"https:\/\/portaltela.pt\/#\/schema\/person\/c4278d4a6028830caff9ee44b42d32ed"},"headline":"Governo destina 1,4 milh\u00f5es ao complemento do abono de fam\u00edlia","datePublished":"2026-01-19T22:09:00+00:00","mainEntityOfPage":{"@id":"https:\/\/portaltela.pt\/noticias\/2026\/01\/19\/governo-destina-14-milhoes-ao-complemento-do-abono-de-familia\/"},"wordCount":208,"image":{"@id":"https:\/\/portaltela.pt\/noticias\/2026\/01\/19\/governo-destina-14-milhoes-ao-complemento-do-abono-de-familia\/#primaryimage"},"thumbnailUrl":"https:\/\/portaltela.pt\/s.01k8rhncp4jt1\/2026\/01\/unnamed-file-3978.jpg","keywords":["abono de fam\u00edlia","A\u00e7ores","Apoio Social","assist\u00eancia social","educa\u00e7\u00e3o","Nascer Mais"],"articleSection":["Not\u00edcias"],"inLanguage":"pt-PT"},{"@type":"WebPage","@id":"https:\/\/portaltela.pt\/noticias\/2026\/01\/19\/governo-destina-14-milhoes-ao-complemento-do-abono-de-familia\/","url":"https:\/\/portaltela.pt\/noticias\/2026\/01\/19\/governo-destina-14-milhoes-ao-complemento-do-abono-de-familia\/","name":"Governo destina 1,4 milh\u00f5es ao complemento do abono de fam\u00edlia - Portal Tela Portugal","isPartOf":{"@id":"https:\/\/portaltela.pt\/#website"},"primaryImageOfPage":{"@id":"https:\/\/portaltela.pt\/noticias\/2026\/01\/19\/governo-destina-14-milhoes-ao-complemento-do-abono-de-familia\/#primaryimage"},"image":{"@id":"https:\/\/portaltela.pt\/noticias\/2026\/01\/19\/governo-destina-14-milhoes-ao-complemento-do-abono-de-familia\/#primaryimage"},"thumbnailUrl":"https:\/\/portaltela.pt\/s.01k8rhncp4jt1\/2026\/01\/unnamed-file-3978.jpg","datePublished":"2026-01-19T22:09:00+00:00","author":{"@id":"https:\/\/portaltela.pt\/#\/schema\/person\/c4278d4a6028830caff9ee44b42d32ed"},"breadcrumb":{"@id":"https:\/\/portaltela.pt\/noticias\/2026\/01\/19\/governo-destina-14-milhoes-ao-complemento-do-abono-de-familia\/#breadcrumb"},"inLanguage":"pt-PT","potentialAction":[{"@type":"ReadAction","target":["https:\/\/portaltela.pt\/noticias\/2026\/01\/19\/governo-destina-14-milhoes-ao-complemento-do-abono-de-familia\/"]}]},{"@type":"ImageObject","inLanguage":"pt-PT","@id":"https:\/\/portaltela.pt\/noticias\/2026\/01\/19\/governo-destina-14-milhoes-ao-complemento-do-abono-de-familia\/#primaryimage","url":"https:\/\/portaltela.pt\/s.01k8rhncp4jt1\/2026\/01\/unnamed-file-3978.jpg","contentUrl":"https:\/\/portaltela.pt\/s.01k8rhncp4jt1\/2026\/01\/unnamed-file-3978.jpg","width":796,"height":448,"caption":"Abono \u00e9 atribu\u00eddo semestralmente"},{"@type":"BreadcrumbList","@id":"https:\/\/portaltela.pt\/noticias\/2026\/01\/19\/governo-destina-14-milhoes-ao-complemento-do-abono-de-familia\/#breadcrumb","itemListElement":[{"@type":"ListItem","position":1,"name":"In\u00edcio","item":"https:\/\/portaltela.pt\/"},{"@type":"ListItem","position":2,"name":"Governo destina 1,4 milh\u00f5es ao complemento do abono de fam\u00edlia"}]},{"@type":"WebSite","@id":"https:\/\/portaltela.pt\/#website","url":"https:\/\/portaltela.pt\/","name":"Portal Tela Portugal","description":"","potentialAction":[{"@type":"SearchAction","target":{"@type":"EntryPoint","urlTemplate":"https:\/\/portaltela.pt\/?s={search_term_string}"},"query-input":{"@type":"PropertyValueSpecification","valueRequired":true,"valueName":"search_term_string"}}],"inLanguage":"pt-PT"},{"@type":"Person","@id":"https:\/\/portaltela.pt\/#\/schema\/person\/c4278d4a6028830caff9ee44b42d32ed","name":"Telinha","image":{"@type":"ImageObject","inLanguage":"pt-PT","@id":"https:\/\/portaltela.pt\/s.01k8rhncp4jt1\/2025\/11\/talking-bot-125x125.png","url":"https:\/\/portaltela.pt\/s.01k8rhncp4jt1\/2025\/11\/talking-bot-125x125.png","contentUrl":"https:\/\/portaltela.pt\/s.01k8rhncp4jt1\/2025\/11\/talking-bot-125x125.png","caption":"Telinha"},"sameAs":["https:\/\/portaltela.pt\/"],"url":"https:\/\/portaltela.pt\/por\/367410592786\/"}]}},"_links":{"self":[{"href":"https:\/\/portaltela.pt\/api\/wp\/v2\/posts\/154698","targetHints":{"allow":["GET"]}}],"collection":[{"href":"https:\/\/portaltela.pt\/api\/wp\/v2\/posts"}],"about":[{"href":"https:\/\/portaltela.pt\/api\/wp\/v2\/types\/post"}],"author":[{"embeddable":true,"href":"https:\/\/portaltela.pt\/api\/wp\/v2\/users\/2"}],"replies":[{"embeddable":true,"href":"https:\/\/portaltela.pt\/api\/wp\/v2\/comments?post=154698"}],"version-history":[{"count":0,"href":"https:\/\/portaltela.pt\/api\/wp\/v2\/posts\/154698\/revisions"}],"wp:featuredmedia":[{"embeddable":true,"href":"https:\/\/portaltela.pt\/api\/wp\/v2\/media\/154714"}],"wp:attachment":[{"href":"https:\/\/portaltela.pt\/api\/wp\/v2\/media?parent=154698"}],"wp:term":[{"taxonomy":"category","embeddable":true,"href":"https:\/\/portaltela.pt\/api\/wp\/v2\/categories?post=154698"},{"taxonomy":"post_tag","embeddable":true,"href":"https:\/\/portaltela.pt\/api\/wp\/v2\/tags?post=154698"}],"curies":[{"name":"wp","href":"https:\/\/api.w.org\/{rel}","templated":true}]}}