{"id":154639,"date":"2026-01-19T19:09:00","date_gmt":"2026-01-19T22:09:00","guid":{"rendered":"https:\/\/portaltela.pt\/noticias\/2026\/01\/19\/14-milhoes-para-o-complemento-do-abono-de-familia\/"},"modified":"2026-01-19T19:09:00","modified_gmt":"2026-01-19T22:09:00","slug":"14-milhoes-para-o-complemento-do-abono-de-familia","status":"publish","type":"post","link":"https:\/\/portaltela.pt\/noticias\/2026\/01\/19\/14-milhoes-para-o-complemento-do-abono-de-familia\/","title":{"rendered":"1,4 milh\u00f5es para o complemento do abono de fam\u00edlia"},"content":{"rendered":"<p>O Governo Regional dos A\u00e7ores anunciou que a Seguran\u00e7a Social da regi\u00e3o efetuou, nesta segunda-feira, o pagamento do Complemento A\u00e7oriano ao Abono de Fam\u00edlia para crian\u00e7as e jovens (CAAF) relativo ao segundo semestre de 2025. O montante total foi de 1,4 milh\u00f5es de euros.<\/p>\n<p>O Instituto de Seguran\u00e7a Social dos A\u00e7ores (ISSA) confirmou o processamento do pagamento, que atingiu 30.653 benefici\u00e1rios. O objetivo \u00e9 refor\u00e7ar o apoio \u00e0s fam\u00edlias com crian\u00e7as e jovens a cargo, segundo o executivo regional.<\/p>\n<p>Segundo dados oficiais, desde 2019 o valor investido no CAAF cresceu 54%. Al\u00e9m disso, desde 2021, com a participa\u00e7\u00e3o dos governos da coliga\u00e7\u00e3o PSD\/CDS-PP\/PPM, foram investidos cerca de 13,6 milh\u00f5es de euros neste apoio.<\/p>\n<p>O CAAF tem periodicidade semestral, sendo pago duas vezes por ano aos pais, tutores legais ou institui\u00e7\u00f5es respons\u00e1veis. O complemento destina-se a compensar encargos familiares com despesas de sustento, educa\u00e7\u00e3o e bem-estar.<\/p>\n<p>A secret\u00e1ria regional da Sa\u00fade e Seguran\u00e7a Social, M\u00f3nica Seidi, destacou que o apoio contribui diretamente para a melhoria das condi\u00e7\u00f5es de vida das fam\u00edlias. Ela sublinhou ainda o papel do complemento no combate \u00e0 pobreza infantil e na coes\u00e3o social.<\/p>\n<h3>Nascer Mais<\/h3>\n<p>Sobre o programa Nascer Mais, que atribui 1.500 euros em produtos de farm\u00e1cia a crian\u00e7as nascidas nos A\u00e7ores, a governante informou que, no ano passado, o programa abrangeu dois mil benefici\u00e1rios \u00fanicos. Desde 2022, j\u00e1 foram investidos cerca de 5,4 milh\u00f5es de euros nesta medida.<\/p>\n","protected":false},"excerpt":{"rendered":"<ul>\n<li>O Complemento A\u00e7oriano ao Abono de Fam\u00edlia para crian\u00e7as e jovens (CAAF) referente ao segundo semestre de 2025 foi pago pela Seguran\u00e7a Social dos A\u00e7ores, num total de 1,473,427.70 euros, abrangendo 30.653 benefici\u00e1rios.<\/li>\n<li>O pagamento ocorre semestralmente, sendo processado duas vezes por ano junto dos pais, tutores legais ou institui\u00e7\u00f5es respons\u00e1veis.<\/li>\n<li>Desde 2019, o valor investido no CAAF cresceu 54%, e desde 2021, sob a governa\u00e7\u00e3o da coliga\u00e7\u00e3o PSD\/CDS-PP\/PPM, foram investidos cerca de 13,6 milh\u00f5es de euros neste apoio.<\/li>\n<li>O complemento visa compensar encargos familiares com despesas de sustento, educa\u00e7\u00e3o e bem-estar das crian\u00e7as e jovens, contribuindo para a diminui\u00e7\u00e3o da pobreza infantil e para a coes\u00e3o social regional.<\/li>\n<li>No \u00e2mbito do programa Nascer Mais, foram investidos cerca de 5,4 milh\u00f5es de euros desde 2022, com 2 mil benefici\u00e1rios \u00fanicos no ano transato.<\/li>\n<\/ul>\n","protected":false},"author":2,"featured_media":154640,"comment_status":"closed","ping_status":"closed","sticky":false,"template":"","format":"standard","meta":{"footnotes":""},"categories":[1],"tags":[2151,822,1211,28,163,148],"class_list":["post-154639","post","type-post","status-publish","format-standard","has-post-thumbnail","hentry","category-noticias","tag-abono-de-familia","tag-acores","tag-apoio-social","tag-economia","tag-educacao","tag-familias"],"yoast_head":"<!-- This site is optimized with the Yoast SEO plugin v27.2 - https:\/\/yoast.com\/product\/yoast-seo-wordpress\/ -->\n<title>1,4 milh\u00f5es para o complemento do abono de fam\u00edlia - Portal Tela Portugal<\/title>\n<meta name=\"robots\" content=\"index, follow, max-snippet:-1, max-image-preview:large, max-video-preview:-1\" \/>\n<meta property=\"og:locale\" content=\"pt_PT\" \/>\n<meta property=\"og:type\" content=\"article\" \/>\n<meta property=\"og:title\" content=\"1,4 milh\u00f5es para o complemento do abono de fam\u00edlia - Portal Tela Portugal\" \/>\n<meta property=\"og:description\" content=\"O Complemento A\u00e7oriano ao Abono de Fam\u00edlia para crian\u00e7as e jovens (CAAF) referente ao segundo semestre de 2025 foi pago pela Seguran\u00e7a Social dos A\u00e7ores, num total de 1,473,427.70 euros, abrangendo 30.653 benefici\u00e1rios. O pagamento ocorre semestralmente, sendo processado duas vezes por ano junto dos pais, tutores legais ou institui\u00e7\u00f5es respons\u00e1veis. Desde 2019, o valor investido no CAAF cresceu 54%, e desde 2021, sob a governa\u00e7\u00e3o da coliga\u00e7\u00e3o PSD\/CDS-PP\/PPM, foram investidos cerca de 13,6 milh\u00f5es de euros neste apoio. O complemento visa compensar encargos familiares com despesas de sustento, educa\u00e7\u00e3o e bem-estar das crian\u00e7as e jovens, contribuindo para a diminui\u00e7\u00e3o da pobreza infantil e para a coes\u00e3o social regional. No \u00e2mbito do programa Nascer Mais, foram investidos cerca de 5,4 milh\u00f5es de euros desde 2022, com 2 mil benefici\u00e1rios \u00fanicos no ano transato.\" \/>\n<meta property=\"og:url\" content=\"https:\/\/portaltela.pt\/noticias\/2026\/01\/19\/14-milhoes-para-o-complemento-do-abono-de-familia\/\" \/>\n<meta property=\"og:site_name\" content=\"Portal Tela Portugal\" \/>\n<meta property=\"article:published_time\" content=\"2026-01-19T22:09:00+00:00\" \/>\n<meta name=\"author\" content=\"Telinha\" \/>\n<meta name=\"twitter:card\" content=\"summary_large_image\" \/>\n<meta name=\"twitter:label1\" content=\"Escrito por\" \/>\n\t<meta name=\"twitter:data1\" content=\"Telinha\" \/>\n\t<meta name=\"twitter:label2\" content=\"Tempo estimado de leitura\" \/>\n\t<meta name=\"twitter:data2\" content=\"1 minuto\" \/>\n<script type=\"application\/ld+json\" class=\"yoast-schema-graph\">{\"@context\":\"https:\/\/schema.org\",\"@graph\":[{\"@type\":\"Article\",\"@id\":\"https:\/\/portaltela.pt\/noticias\/2026\/01\/19\/14-milhoes-para-o-complemento-do-abono-de-familia\/#article\",\"isPartOf\":{\"@id\":\"https:\/\/portaltela.pt\/noticias\/2026\/01\/19\/14-milhoes-para-o-complemento-do-abono-de-familia\/\"},\"author\":{\"name\":\"Telinha\",\"@id\":\"https:\/\/portaltela.pt\/#\/schema\/person\/c4278d4a6028830caff9ee44b42d32ed\"},\"headline\":\"1,4 milh\u00f5es para o complemento do abono de fam\u00edlia\",\"datePublished\":\"2026-01-19T22:09:00+00:00\",\"mainEntityOfPage\":{\"@id\":\"https:\/\/portaltela.pt\/noticias\/2026\/01\/19\/14-milhoes-para-o-complemento-do-abono-de-familia\/\"},\"wordCount\":265,\"image\":{\"@id\":\"https:\/\/portaltela.pt\/noticias\/2026\/01\/19\/14-milhoes-para-o-complemento-do-abono-de-familia\/#primaryimage\"},\"thumbnailUrl\":\"https:\/\/portaltela.pt\/s.01k8rhncp4jt1\/2026\/01\/45423537.jpg\",\"keywords\":[\"abono de fam\u00edlia\",\"A\u00e7ores\",\"Apoio Social\",\"economia\",\"educa\u00e7\u00e3o\",\"fam\u00edlias\"],\"articleSection\":[\"Not\u00edcias\"],\"inLanguage\":\"pt-PT\"},{\"@type\":\"WebPage\",\"@id\":\"https:\/\/portaltela.pt\/noticias\/2026\/01\/19\/14-milhoes-para-o-complemento-do-abono-de-familia\/\",\"url\":\"https:\/\/portaltela.pt\/noticias\/2026\/01\/19\/14-milhoes-para-o-complemento-do-abono-de-familia\/\",\"name\":\"1,4 milh\u00f5es para o complemento do abono de fam\u00edlia - Portal Tela Portugal\",\"isPartOf\":{\"@id\":\"https:\/\/portaltela.pt\/#website\"},\"primaryImageOfPage\":{\"@id\":\"https:\/\/portaltela.pt\/noticias\/2026\/01\/19\/14-milhoes-para-o-complemento-do-abono-de-familia\/#primaryimage\"},\"image\":{\"@id\":\"https:\/\/portaltela.pt\/noticias\/2026\/01\/19\/14-milhoes-para-o-complemento-do-abono-de-familia\/#primaryimage\"},\"thumbnailUrl\":\"https:\/\/portaltela.pt\/s.01k8rhncp4jt1\/2026\/01\/45423537.jpg\",\"datePublished\":\"2026-01-19T22:09:00+00:00\",\"author\":{\"@id\":\"https:\/\/portaltela.pt\/#\/schema\/person\/c4278d4a6028830caff9ee44b42d32ed\"},\"breadcrumb\":{\"@id\":\"https:\/\/portaltela.pt\/noticias\/2026\/01\/19\/14-milhoes-para-o-complemento-do-abono-de-familia\/#breadcrumb\"},\"inLanguage\":\"pt-PT\",\"potentialAction\":[{\"@type\":\"ReadAction\",\"target\":[\"https:\/\/portaltela.pt\/noticias\/2026\/01\/19\/14-milhoes-para-o-complemento-do-abono-de-familia\/\"]}]},{\"@type\":\"ImageObject\",\"inLanguage\":\"pt-PT\",\"@id\":\"https:\/\/portaltela.pt\/noticias\/2026\/01\/19\/14-milhoes-para-o-complemento-do-abono-de-familia\/#primaryimage\",\"url\":\"https:\/\/portaltela.pt\/s.01k8rhncp4jt1\/2026\/01\/45423537.jpg\",\"contentUrl\":\"https:\/\/portaltela.pt\/s.01k8rhncp4jt1\/2026\/01\/45423537.jpg\",\"width\":796,\"height\":448,\"caption\":\"O presidente do Governo Regional dos A\u00e7ores, Jos\u00e9 Manuel Bolieiro, discursa durante uma sess\u00e3o na Escola do Mar dos A\u00e7ores, durante uma visita do presidente da Rep\u00fablica, Marcelo Rebelo de Sousa \u00e0 regi\u00e3o aut\u00f3noma dos A\u00e7ores, Horta, 01 de agosto de 2025. NUNO VEIGA\/LUSA\"},{\"@type\":\"BreadcrumbList\",\"@id\":\"https:\/\/portaltela.pt\/noticias\/2026\/01\/19\/14-milhoes-para-o-complemento-do-abono-de-familia\/#breadcrumb\",\"itemListElement\":[{\"@type\":\"ListItem\",\"position\":1,\"name\":\"In\u00edcio\",\"item\":\"https:\/\/portaltela.pt\/\"},{\"@type\":\"ListItem\",\"position\":2,\"name\":\"1,4 milh\u00f5es para o complemento do abono de fam\u00edlia\"}]},{\"@type\":\"WebSite\",\"@id\":\"https:\/\/portaltela.pt\/#website\",\"url\":\"https:\/\/portaltela.pt\/\",\"name\":\"Portal Tela Portugal\",\"description\":\"\",\"potentialAction\":[{\"@type\":\"SearchAction\",\"target\":{\"@type\":\"EntryPoint\",\"urlTemplate\":\"https:\/\/portaltela.pt\/?s={search_term_string}\"},\"query-input\":{\"@type\":\"PropertyValueSpecification\",\"valueRequired\":true,\"valueName\":\"search_term_string\"}}],\"inLanguage\":\"pt-PT\"},{\"@type\":\"Person\",\"@id\":\"https:\/\/portaltela.pt\/#\/schema\/person\/c4278d4a6028830caff9ee44b42d32ed\",\"name\":\"Telinha\",\"image\":{\"@type\":\"ImageObject\",\"inLanguage\":\"pt-PT\",\"@id\":\"https:\/\/portaltela.pt\/s.01k8rhncp4jt1\/2025\/11\/talking-bot-125x125.png\",\"url\":\"https:\/\/portaltela.pt\/s.01k8rhncp4jt1\/2025\/11\/talking-bot-125x125.png\",\"contentUrl\":\"https:\/\/portaltela.pt\/s.01k8rhncp4jt1\/2025\/11\/talking-bot-125x125.png\",\"caption\":\"Telinha\"},\"sameAs\":[\"https:\/\/portaltela.pt\/\"],\"url\":\"https:\/\/portaltela.pt\/por\/367410592786\/\"}]}<\/script>\n<!-- \/ Yoast SEO plugin. -->","yoast_head_json":{"title":"1,4 milh\u00f5es para o complemento do abono de fam\u00edlia - Portal Tela Portugal","robots":{"index":"index","follow":"follow","max-snippet":"max-snippet:-1","max-image-preview":"max-image-preview:large","max-video-preview":"max-video-preview:-1"},"og_locale":"pt_PT","og_type":"article","og_title":"1,4 milh\u00f5es para o complemento do abono de fam\u00edlia - Portal Tela Portugal","og_description":"O Complemento A\u00e7oriano ao Abono de Fam\u00edlia para crian\u00e7as e jovens (CAAF) referente ao segundo semestre de 2025 foi pago pela Seguran\u00e7a Social dos A\u00e7ores, num total de 1,473,427.70 euros, abrangendo 30.653 benefici\u00e1rios. O pagamento ocorre semestralmente, sendo processado duas vezes por ano junto dos pais, tutores legais ou institui\u00e7\u00f5es respons\u00e1veis. Desde 2019, o valor investido no CAAF cresceu 54%, e desde 2021, sob a governa\u00e7\u00e3o da coliga\u00e7\u00e3o PSD\/CDS-PP\/PPM, foram investidos cerca de 13,6 milh\u00f5es de euros neste apoio. O complemento visa compensar encargos familiares com despesas de sustento, educa\u00e7\u00e3o e bem-estar das crian\u00e7as e jovens, contribuindo para a diminui\u00e7\u00e3o da pobreza infantil e para a coes\u00e3o social regional. No \u00e2mbito do programa Nascer Mais, foram investidos cerca de 5,4 milh\u00f5es de euros desde 2022, com 2 mil benefici\u00e1rios \u00fanicos no ano transato.","og_url":"https:\/\/portaltela.pt\/noticias\/2026\/01\/19\/14-milhoes-para-o-complemento-do-abono-de-familia\/","og_site_name":"Portal Tela Portugal","article_published_time":"2026-01-19T22:09:00+00:00","author":"Telinha","twitter_card":"summary_large_image","twitter_misc":{"Escrito por":"Telinha","Tempo estimado de leitura":"1 minuto"},"schema":{"@context":"https:\/\/schema.org","@graph":[{"@type":"Article","@id":"https:\/\/portaltela.pt\/noticias\/2026\/01\/19\/14-milhoes-para-o-complemento-do-abono-de-familia\/#article","isPartOf":{"@id":"https:\/\/portaltela.pt\/noticias\/2026\/01\/19\/14-milhoes-para-o-complemento-do-abono-de-familia\/"},"author":{"name":"Telinha","@id":"https:\/\/portaltela.pt\/#\/schema\/person\/c4278d4a6028830caff9ee44b42d32ed"},"headline":"1,4 milh\u00f5es para o complemento do abono de fam\u00edlia","datePublished":"2026-01-19T22:09:00+00:00","mainEntityOfPage":{"@id":"https:\/\/portaltela.pt\/noticias\/2026\/01\/19\/14-milhoes-para-o-complemento-do-abono-de-familia\/"},"wordCount":265,"image":{"@id":"https:\/\/portaltela.pt\/noticias\/2026\/01\/19\/14-milhoes-para-o-complemento-do-abono-de-familia\/#primaryimage"},"thumbnailUrl":"https:\/\/portaltela.pt\/s.01k8rhncp4jt1\/2026\/01\/45423537.jpg","keywords":["abono de fam\u00edlia","A\u00e7ores","Apoio Social","economia","educa\u00e7\u00e3o","fam\u00edlias"],"articleSection":["Not\u00edcias"],"inLanguage":"pt-PT"},{"@type":"WebPage","@id":"https:\/\/portaltela.pt\/noticias\/2026\/01\/19\/14-milhoes-para-o-complemento-do-abono-de-familia\/","url":"https:\/\/portaltela.pt\/noticias\/2026\/01\/19\/14-milhoes-para-o-complemento-do-abono-de-familia\/","name":"1,4 milh\u00f5es para o complemento do abono de fam\u00edlia - Portal Tela Portugal","isPartOf":{"@id":"https:\/\/portaltela.pt\/#website"},"primaryImageOfPage":{"@id":"https:\/\/portaltela.pt\/noticias\/2026\/01\/19\/14-milhoes-para-o-complemento-do-abono-de-familia\/#primaryimage"},"image":{"@id":"https:\/\/portaltela.pt\/noticias\/2026\/01\/19\/14-milhoes-para-o-complemento-do-abono-de-familia\/#primaryimage"},"thumbnailUrl":"https:\/\/portaltela.pt\/s.01k8rhncp4jt1\/2026\/01\/45423537.jpg","datePublished":"2026-01-19T22:09:00+00:00","author":{"@id":"https:\/\/portaltela.pt\/#\/schema\/person\/c4278d4a6028830caff9ee44b42d32ed"},"breadcrumb":{"@id":"https:\/\/portaltela.pt\/noticias\/2026\/01\/19\/14-milhoes-para-o-complemento-do-abono-de-familia\/#breadcrumb"},"inLanguage":"pt-PT","potentialAction":[{"@type":"ReadAction","target":["https:\/\/portaltela.pt\/noticias\/2026\/01\/19\/14-milhoes-para-o-complemento-do-abono-de-familia\/"]}]},{"@type":"ImageObject","inLanguage":"pt-PT","@id":"https:\/\/portaltela.pt\/noticias\/2026\/01\/19\/14-milhoes-para-o-complemento-do-abono-de-familia\/#primaryimage","url":"https:\/\/portaltela.pt\/s.01k8rhncp4jt1\/2026\/01\/45423537.jpg","contentUrl":"https:\/\/portaltela.pt\/s.01k8rhncp4jt1\/2026\/01\/45423537.jpg","width":796,"height":448,"caption":"O presidente do Governo Regional dos A\u00e7ores, Jos\u00e9 Manuel Bolieiro, discursa durante uma sess\u00e3o na Escola do Mar dos A\u00e7ores, durante uma visita do presidente da Rep\u00fablica, Marcelo Rebelo de Sousa \u00e0 regi\u00e3o aut\u00f3noma dos A\u00e7ores, Horta, 01 de agosto de 2025. NUNO VEIGA\/LUSA"},{"@type":"BreadcrumbList","@id":"https:\/\/portaltela.pt\/noticias\/2026\/01\/19\/14-milhoes-para-o-complemento-do-abono-de-familia\/#breadcrumb","itemListElement":[{"@type":"ListItem","position":1,"name":"In\u00edcio","item":"https:\/\/portaltela.pt\/"},{"@type":"ListItem","position":2,"name":"1,4 milh\u00f5es para o complemento do abono de fam\u00edlia"}]},{"@type":"WebSite","@id":"https:\/\/portaltela.pt\/#website","url":"https:\/\/portaltela.pt\/","name":"Portal Tela Portugal","description":"","potentialAction":[{"@type":"SearchAction","target":{"@type":"EntryPoint","urlTemplate":"https:\/\/portaltela.pt\/?s={search_term_string}"},"query-input":{"@type":"PropertyValueSpecification","valueRequired":true,"valueName":"search_term_string"}}],"inLanguage":"pt-PT"},{"@type":"Person","@id":"https:\/\/portaltela.pt\/#\/schema\/person\/c4278d4a6028830caff9ee44b42d32ed","name":"Telinha","image":{"@type":"ImageObject","inLanguage":"pt-PT","@id":"https:\/\/portaltela.pt\/s.01k8rhncp4jt1\/2025\/11\/talking-bot-125x125.png","url":"https:\/\/portaltela.pt\/s.01k8rhncp4jt1\/2025\/11\/talking-bot-125x125.png","contentUrl":"https:\/\/portaltela.pt\/s.01k8rhncp4jt1\/2025\/11\/talking-bot-125x125.png","caption":"Telinha"},"sameAs":["https:\/\/portaltela.pt\/"],"url":"https:\/\/portaltela.pt\/por\/367410592786\/"}]}},"_links":{"self":[{"href":"https:\/\/portaltela.pt\/api\/wp\/v2\/posts\/154639","targetHints":{"allow":["GET"]}}],"collection":[{"href":"https:\/\/portaltela.pt\/api\/wp\/v2\/posts"}],"about":[{"href":"https:\/\/portaltela.pt\/api\/wp\/v2\/types\/post"}],"author":[{"embeddable":true,"href":"https:\/\/portaltela.pt\/api\/wp\/v2\/users\/2"}],"replies":[{"embeddable":true,"href":"https:\/\/portaltela.pt\/api\/wp\/v2\/comments?post=154639"}],"version-history":[{"count":0,"href":"https:\/\/portaltela.pt\/api\/wp\/v2\/posts\/154639\/revisions"}],"wp:featuredmedia":[{"embeddable":true,"href":"https:\/\/portaltela.pt\/api\/wp\/v2\/media\/154640"}],"wp:attachment":[{"href":"https:\/\/portaltela.pt\/api\/wp\/v2\/media?parent=154639"}],"wp:term":[{"taxonomy":"category","embeddable":true,"href":"https:\/\/portaltela.pt\/api\/wp\/v2\/categories?post=154639"},{"taxonomy":"post_tag","embeddable":true,"href":"https:\/\/portaltela.pt\/api\/wp\/v2\/tags?post=154639"}],"curies":[{"name":"wp","href":"https:\/\/api.w.org\/{rel}","templated":true}]}}