{"id":154484,"date":"2026-01-19T18:27:00","date_gmt":"2026-01-19T21:27:00","guid":{"rendered":"https:\/\/portaltela.pt\/noticias\/2026\/01\/19\/moradores-denunciam-situacao-no-predio-e-pedem-intervencao-sem-resposta\/"},"modified":"2026-01-19T18:27:00","modified_gmt":"2026-01-19T21:27:00","slug":"moradores-denunciam-situacao-no-predio-e-pedem-intervencao-sem-resposta","status":"publish","type":"post","link":"https:\/\/portaltela.pt\/noticias\/2026\/01\/19\/moradores-denunciam-situacao-no-predio-e-pedem-intervencao-sem-resposta\/","title":{"rendered":"Moradores denunciam situa\u00e7\u00e3o no pr\u00e9dio e pedem interven\u00e7\u00e3o, sem resposta"},"content":{"rendered":"<p>Moradores de um pr\u00e9dio em Lisboa relatam um cen\u00e1rio de higiene prec\u00e1ria num apartamento ocupado por lixo acumulado, aranhas, baratas e roedores. O odor intenso tem sido descrito como perturbador para quem vive na vizinhan\u00e7a, prejudicando a conviv\u00eancia.<\/p>\n<p>Os residentes dizem ter apresentado den\u00fancias \u00e0s autoridades competentes, solicitando interven\u00e7\u00e3o para resolver a situa\u00e7\u00e3o de forma r\u00e1pida. Segundo fontes pr\u00f3ximas, at\u00e9 ao momento n\u00e3o houve qualquer a\u00e7\u00e3o oficinal vis\u00edvel.<\/p>\n<p>A situa\u00e7\u00e3o, que se estende h\u00e1 semanas, gerou preocupa\u00e7\u00e3o entre moradores e comerciantes locais. A identifica\u00e7\u00e3o do im\u00f3vel e dos envolvidos tem vindo a depender de informa\u00e7\u00f5es de vizinhan\u00e7a e de dilig\u00eancias corentes com as autoridades.<\/p>\n<h3>Psicanalista explica acumul\u00e7\u00e3o como forma de comunica\u00e7\u00e3o<\/h3>\n<p>Um psicanalista observa que a acumula\u00e7\u00e3o pode refletir quest\u00f5es emocionais. A interven\u00e7\u00e3o adequada passa pela avalia\u00e7\u00e3o psicol\u00f3gica e por apoio especializado, visando identificar a origem do comportamento e orientar o tratamento.<\/p>\n","protected":false},"excerpt":{"rendered":"<ul>\n<li>Moradores de um pr\u00e9dio em Lisboa relatam cheiro nauseabundo vindo de um apartamento cheio de lixo, com lixo acumulado, aranhas, baratas e ratos no im\u00f3vel.<\/li>\n<li>O odor tem causado desconforto e preocupa\u00e7\u00e3o na vizinhan\u00e7a e na comunidade local.<\/li>\n<li>Os moradores denunciaram a situa\u00e7\u00e3o \u00e0s autoridades, mas at\u00e9 ao momento n\u00e3o houve interven\u00e7\u00e3o.<\/li>\n<li>Um psicanalista explicou que a acumula\u00e7\u00e3o pode ser uma forma de comunica\u00e7\u00e3o, sugerindo procurar ajuda especializada para tratar a origem do comportamento.<\/li>\n<li>A situa\u00e7\u00e3o persiste e continua sem interven\u00e7\u00e3o at\u00e9 agora.<\/li>\n<\/ul>\n","protected":false},"author":2,"featured_media":154499,"comment_status":"closed","ping_status":"closed","sticky":false,"template":"","format":"standard","meta":{"footnotes":""},"categories":[1],"tags":[2861,150,672,215,981,250],"class_list":["post-154484","post","type-post","status-publish","format-standard","has-post-thumbnail","hentry","category-noticias","tag-denuncia-crime","tag-habitacao","tag-higiene-urbana","tag-investigacao","tag-lisboa","tag-seguranca-publica"],"yoast_head":"<!-- This site is optimized with the Yoast SEO plugin v27.2 - https:\/\/yoast.com\/product\/yoast-seo-wordpress\/ -->\n<title>Moradores denunciam situa\u00e7\u00e3o no pr\u00e9dio e pedem interven\u00e7\u00e3o, sem resposta - Portal Tela Portugal<\/title>\n<meta name=\"robots\" content=\"index, follow, max-snippet:-1, max-image-preview:large, max-video-preview:-1\" \/>\n<meta property=\"og:locale\" content=\"pt_PT\" \/>\n<meta property=\"og:type\" content=\"article\" \/>\n<meta property=\"og:title\" content=\"Moradores denunciam situa\u00e7\u00e3o no pr\u00e9dio e pedem interven\u00e7\u00e3o, sem resposta - Portal Tela Portugal\" \/>\n<meta property=\"og:description\" content=\"Moradores de um pr\u00e9dio em Lisboa relatam cheiro nauseabundo vindo de um apartamento cheio de lixo, com lixo acumulado, aranhas, baratas e ratos no im\u00f3vel. O odor tem causado desconforto e preocupa\u00e7\u00e3o na vizinhan\u00e7a e na comunidade local. Os moradores denunciaram a situa\u00e7\u00e3o \u00e0s autoridades, mas at\u00e9 ao momento n\u00e3o houve interven\u00e7\u00e3o. Um psicanalista explicou que a acumula\u00e7\u00e3o pode ser uma forma de comunica\u00e7\u00e3o, sugerindo procurar ajuda especializada para tratar a origem do comportamento. A situa\u00e7\u00e3o persiste e continua sem interven\u00e7\u00e3o at\u00e9 agora.\" \/>\n<meta property=\"og:url\" content=\"https:\/\/portaltela.pt\/noticias\/2026\/01\/19\/moradores-denunciam-situacao-no-predio-e-pedem-intervencao-sem-resposta\/\" \/>\n<meta property=\"og:site_name\" content=\"Portal Tela Portugal\" \/>\n<meta property=\"article:published_time\" content=\"2026-01-19T21:27:00+00:00\" \/>\n<meta name=\"author\" content=\"Telinha\" \/>\n<meta name=\"twitter:card\" content=\"summary_large_image\" \/>\n<meta name=\"twitter:label1\" content=\"Escrito por\" \/>\n\t<meta name=\"twitter:data1\" content=\"Telinha\" \/>\n\t<meta name=\"twitter:label2\" content=\"Tempo estimado de leitura\" \/>\n\t<meta name=\"twitter:data2\" content=\"1 minuto\" \/>\n<script type=\"application\/ld+json\" class=\"yoast-schema-graph\">{\"@context\":\"https:\/\/schema.org\",\"@graph\":[{\"@type\":\"Article\",\"@id\":\"https:\/\/portaltela.pt\/noticias\/2026\/01\/19\/moradores-denunciam-situacao-no-predio-e-pedem-intervencao-sem-resposta\/#article\",\"isPartOf\":{\"@id\":\"https:\/\/portaltela.pt\/noticias\/2026\/01\/19\/moradores-denunciam-situacao-no-predio-e-pedem-intervencao-sem-resposta\/\"},\"author\":{\"name\":\"Telinha\",\"@id\":\"https:\/\/portaltela.pt\/#\/schema\/person\/c4278d4a6028830caff9ee44b42d32ed\"},\"headline\":\"Moradores denunciam situa\u00e7\u00e3o no pr\u00e9dio e pedem interven\u00e7\u00e3o, sem resposta\",\"datePublished\":\"2026-01-19T21:27:00+00:00\",\"mainEntityOfPage\":{\"@id\":\"https:\/\/portaltela.pt\/noticias\/2026\/01\/19\/moradores-denunciam-situacao-no-predio-e-pedem-intervencao-sem-resposta\/\"},\"wordCount\":182,\"image\":{\"@id\":\"https:\/\/portaltela.pt\/noticias\/2026\/01\/19\/moradores-denunciam-situacao-no-predio-e-pedem-intervencao-sem-resposta\/#primaryimage\"},\"thumbnailUrl\":\"https:\/\/portaltela.pt\/s.01k8rhncp4jt1\/2026\/01\/img_1280x722uu2026-01-19-20-07-01-2261355.jpg\",\"keywords\":[\"den\u00fancia-crime\",\"habita\u00e7\u00e3o\",\"higiene urbana\",\"investiga\u00e7\u00e3o\",\"Lisboa\",\"seguran\u00e7a p\u00fablica\"],\"articleSection\":[\"Not\u00edcias\"],\"inLanguage\":\"pt-PT\"},{\"@type\":\"WebPage\",\"@id\":\"https:\/\/portaltela.pt\/noticias\/2026\/01\/19\/moradores-denunciam-situacao-no-predio-e-pedem-intervencao-sem-resposta\/\",\"url\":\"https:\/\/portaltela.pt\/noticias\/2026\/01\/19\/moradores-denunciam-situacao-no-predio-e-pedem-intervencao-sem-resposta\/\",\"name\":\"Moradores denunciam situa\u00e7\u00e3o no pr\u00e9dio e pedem interven\u00e7\u00e3o, sem resposta - Portal Tela Portugal\",\"isPartOf\":{\"@id\":\"https:\/\/portaltela.pt\/#website\"},\"primaryImageOfPage\":{\"@id\":\"https:\/\/portaltela.pt\/noticias\/2026\/01\/19\/moradores-denunciam-situacao-no-predio-e-pedem-intervencao-sem-resposta\/#primaryimage\"},\"image\":{\"@id\":\"https:\/\/portaltela.pt\/noticias\/2026\/01\/19\/moradores-denunciam-situacao-no-predio-e-pedem-intervencao-sem-resposta\/#primaryimage\"},\"thumbnailUrl\":\"https:\/\/portaltela.pt\/s.01k8rhncp4jt1\/2026\/01\/img_1280x722uu2026-01-19-20-07-01-2261355.jpg\",\"datePublished\":\"2026-01-19T21:27:00+00:00\",\"author\":{\"@id\":\"https:\/\/portaltela.pt\/#\/schema\/person\/c4278d4a6028830caff9ee44b42d32ed\"},\"breadcrumb\":{\"@id\":\"https:\/\/portaltela.pt\/noticias\/2026\/01\/19\/moradores-denunciam-situacao-no-predio-e-pedem-intervencao-sem-resposta\/#breadcrumb\"},\"inLanguage\":\"pt-PT\",\"potentialAction\":[{\"@type\":\"ReadAction\",\"target\":[\"https:\/\/portaltela.pt\/noticias\/2026\/01\/19\/moradores-denunciam-situacao-no-predio-e-pedem-intervencao-sem-resposta\/\"]}]},{\"@type\":\"ImageObject\",\"inLanguage\":\"pt-PT\",\"@id\":\"https:\/\/portaltela.pt\/noticias\/2026\/01\/19\/moradores-denunciam-situacao-no-predio-e-pedem-intervencao-sem-resposta\/#primaryimage\",\"url\":\"https:\/\/portaltela.pt\/s.01k8rhncp4jt1\/2026\/01\/img_1280x722uu2026-01-19-20-07-01-2261355.jpg\",\"contentUrl\":\"https:\/\/portaltela.pt\/s.01k8rhncp4jt1\/2026\/01\/img_1280x722uu2026-01-19-20-07-01-2261355.jpg\",\"width\":796,\"height\":448,\"caption\":\"Photo\"},{\"@type\":\"BreadcrumbList\",\"@id\":\"https:\/\/portaltela.pt\/noticias\/2026\/01\/19\/moradores-denunciam-situacao-no-predio-e-pedem-intervencao-sem-resposta\/#breadcrumb\",\"itemListElement\":[{\"@type\":\"ListItem\",\"position\":1,\"name\":\"In\u00edcio\",\"item\":\"https:\/\/portaltela.pt\/\"},{\"@type\":\"ListItem\",\"position\":2,\"name\":\"Moradores denunciam situa\u00e7\u00e3o no pr\u00e9dio e pedem interven\u00e7\u00e3o, sem resposta\"}]},{\"@type\":\"WebSite\",\"@id\":\"https:\/\/portaltela.pt\/#website\",\"url\":\"https:\/\/portaltela.pt\/\",\"name\":\"Portal Tela Portugal\",\"description\":\"\",\"potentialAction\":[{\"@type\":\"SearchAction\",\"target\":{\"@type\":\"EntryPoint\",\"urlTemplate\":\"https:\/\/portaltela.pt\/?s={search_term_string}\"},\"query-input\":{\"@type\":\"PropertyValueSpecification\",\"valueRequired\":true,\"valueName\":\"search_term_string\"}}],\"inLanguage\":\"pt-PT\"},{\"@type\":\"Person\",\"@id\":\"https:\/\/portaltela.pt\/#\/schema\/person\/c4278d4a6028830caff9ee44b42d32ed\",\"name\":\"Telinha\",\"image\":{\"@type\":\"ImageObject\",\"inLanguage\":\"pt-PT\",\"@id\":\"https:\/\/portaltela.pt\/s.01k8rhncp4jt1\/2025\/11\/talking-bot-125x125.png\",\"url\":\"https:\/\/portaltela.pt\/s.01k8rhncp4jt1\/2025\/11\/talking-bot-125x125.png\",\"contentUrl\":\"https:\/\/portaltela.pt\/s.01k8rhncp4jt1\/2025\/11\/talking-bot-125x125.png\",\"caption\":\"Telinha\"},\"sameAs\":[\"https:\/\/portaltela.pt\/\"],\"url\":\"https:\/\/portaltela.pt\/por\/367410592786\/\"}]}<\/script>\n<!-- \/ Yoast SEO plugin. -->","yoast_head_json":{"title":"Moradores denunciam situa\u00e7\u00e3o no pr\u00e9dio e pedem interven\u00e7\u00e3o, sem resposta - Portal Tela Portugal","robots":{"index":"index","follow":"follow","max-snippet":"max-snippet:-1","max-image-preview":"max-image-preview:large","max-video-preview":"max-video-preview:-1"},"og_locale":"pt_PT","og_type":"article","og_title":"Moradores denunciam situa\u00e7\u00e3o no pr\u00e9dio e pedem interven\u00e7\u00e3o, sem resposta - Portal Tela Portugal","og_description":"Moradores de um pr\u00e9dio em Lisboa relatam cheiro nauseabundo vindo de um apartamento cheio de lixo, com lixo acumulado, aranhas, baratas e ratos no im\u00f3vel. O odor tem causado desconforto e preocupa\u00e7\u00e3o na vizinhan\u00e7a e na comunidade local. Os moradores denunciaram a situa\u00e7\u00e3o \u00e0s autoridades, mas at\u00e9 ao momento n\u00e3o houve interven\u00e7\u00e3o. Um psicanalista explicou que a acumula\u00e7\u00e3o pode ser uma forma de comunica\u00e7\u00e3o, sugerindo procurar ajuda especializada para tratar a origem do comportamento. A situa\u00e7\u00e3o persiste e continua sem interven\u00e7\u00e3o at\u00e9 agora.","og_url":"https:\/\/portaltela.pt\/noticias\/2026\/01\/19\/moradores-denunciam-situacao-no-predio-e-pedem-intervencao-sem-resposta\/","og_site_name":"Portal Tela Portugal","article_published_time":"2026-01-19T21:27:00+00:00","author":"Telinha","twitter_card":"summary_large_image","twitter_misc":{"Escrito por":"Telinha","Tempo estimado de leitura":"1 minuto"},"schema":{"@context":"https:\/\/schema.org","@graph":[{"@type":"Article","@id":"https:\/\/portaltela.pt\/noticias\/2026\/01\/19\/moradores-denunciam-situacao-no-predio-e-pedem-intervencao-sem-resposta\/#article","isPartOf":{"@id":"https:\/\/portaltela.pt\/noticias\/2026\/01\/19\/moradores-denunciam-situacao-no-predio-e-pedem-intervencao-sem-resposta\/"},"author":{"name":"Telinha","@id":"https:\/\/portaltela.pt\/#\/schema\/person\/c4278d4a6028830caff9ee44b42d32ed"},"headline":"Moradores denunciam situa\u00e7\u00e3o no pr\u00e9dio e pedem interven\u00e7\u00e3o, sem resposta","datePublished":"2026-01-19T21:27:00+00:00","mainEntityOfPage":{"@id":"https:\/\/portaltela.pt\/noticias\/2026\/01\/19\/moradores-denunciam-situacao-no-predio-e-pedem-intervencao-sem-resposta\/"},"wordCount":182,"image":{"@id":"https:\/\/portaltela.pt\/noticias\/2026\/01\/19\/moradores-denunciam-situacao-no-predio-e-pedem-intervencao-sem-resposta\/#primaryimage"},"thumbnailUrl":"https:\/\/portaltela.pt\/s.01k8rhncp4jt1\/2026\/01\/img_1280x722uu2026-01-19-20-07-01-2261355.jpg","keywords":["den\u00fancia-crime","habita\u00e7\u00e3o","higiene urbana","investiga\u00e7\u00e3o","Lisboa","seguran\u00e7a p\u00fablica"],"articleSection":["Not\u00edcias"],"inLanguage":"pt-PT"},{"@type":"WebPage","@id":"https:\/\/portaltela.pt\/noticias\/2026\/01\/19\/moradores-denunciam-situacao-no-predio-e-pedem-intervencao-sem-resposta\/","url":"https:\/\/portaltela.pt\/noticias\/2026\/01\/19\/moradores-denunciam-situacao-no-predio-e-pedem-intervencao-sem-resposta\/","name":"Moradores denunciam situa\u00e7\u00e3o no pr\u00e9dio e pedem interven\u00e7\u00e3o, sem resposta - Portal Tela Portugal","isPartOf":{"@id":"https:\/\/portaltela.pt\/#website"},"primaryImageOfPage":{"@id":"https:\/\/portaltela.pt\/noticias\/2026\/01\/19\/moradores-denunciam-situacao-no-predio-e-pedem-intervencao-sem-resposta\/#primaryimage"},"image":{"@id":"https:\/\/portaltela.pt\/noticias\/2026\/01\/19\/moradores-denunciam-situacao-no-predio-e-pedem-intervencao-sem-resposta\/#primaryimage"},"thumbnailUrl":"https:\/\/portaltela.pt\/s.01k8rhncp4jt1\/2026\/01\/img_1280x722uu2026-01-19-20-07-01-2261355.jpg","datePublished":"2026-01-19T21:27:00+00:00","author":{"@id":"https:\/\/portaltela.pt\/#\/schema\/person\/c4278d4a6028830caff9ee44b42d32ed"},"breadcrumb":{"@id":"https:\/\/portaltela.pt\/noticias\/2026\/01\/19\/moradores-denunciam-situacao-no-predio-e-pedem-intervencao-sem-resposta\/#breadcrumb"},"inLanguage":"pt-PT","potentialAction":[{"@type":"ReadAction","target":["https:\/\/portaltela.pt\/noticias\/2026\/01\/19\/moradores-denunciam-situacao-no-predio-e-pedem-intervencao-sem-resposta\/"]}]},{"@type":"ImageObject","inLanguage":"pt-PT","@id":"https:\/\/portaltela.pt\/noticias\/2026\/01\/19\/moradores-denunciam-situacao-no-predio-e-pedem-intervencao-sem-resposta\/#primaryimage","url":"https:\/\/portaltela.pt\/s.01k8rhncp4jt1\/2026\/01\/img_1280x722uu2026-01-19-20-07-01-2261355.jpg","contentUrl":"https:\/\/portaltela.pt\/s.01k8rhncp4jt1\/2026\/01\/img_1280x722uu2026-01-19-20-07-01-2261355.jpg","width":796,"height":448,"caption":"Photo"},{"@type":"BreadcrumbList","@id":"https:\/\/portaltela.pt\/noticias\/2026\/01\/19\/moradores-denunciam-situacao-no-predio-e-pedem-intervencao-sem-resposta\/#breadcrumb","itemListElement":[{"@type":"ListItem","position":1,"name":"In\u00edcio","item":"https:\/\/portaltela.pt\/"},{"@type":"ListItem","position":2,"name":"Moradores denunciam situa\u00e7\u00e3o no pr\u00e9dio e pedem interven\u00e7\u00e3o, sem resposta"}]},{"@type":"WebSite","@id":"https:\/\/portaltela.pt\/#website","url":"https:\/\/portaltela.pt\/","name":"Portal Tela Portugal","description":"","potentialAction":[{"@type":"SearchAction","target":{"@type":"EntryPoint","urlTemplate":"https:\/\/portaltela.pt\/?s={search_term_string}"},"query-input":{"@type":"PropertyValueSpecification","valueRequired":true,"valueName":"search_term_string"}}],"inLanguage":"pt-PT"},{"@type":"Person","@id":"https:\/\/portaltela.pt\/#\/schema\/person\/c4278d4a6028830caff9ee44b42d32ed","name":"Telinha","image":{"@type":"ImageObject","inLanguage":"pt-PT","@id":"https:\/\/portaltela.pt\/s.01k8rhncp4jt1\/2025\/11\/talking-bot-125x125.png","url":"https:\/\/portaltela.pt\/s.01k8rhncp4jt1\/2025\/11\/talking-bot-125x125.png","contentUrl":"https:\/\/portaltela.pt\/s.01k8rhncp4jt1\/2025\/11\/talking-bot-125x125.png","caption":"Telinha"},"sameAs":["https:\/\/portaltela.pt\/"],"url":"https:\/\/portaltela.pt\/por\/367410592786\/"}]}},"_links":{"self":[{"href":"https:\/\/portaltela.pt\/api\/wp\/v2\/posts\/154484","targetHints":{"allow":["GET"]}}],"collection":[{"href":"https:\/\/portaltela.pt\/api\/wp\/v2\/posts"}],"about":[{"href":"https:\/\/portaltela.pt\/api\/wp\/v2\/types\/post"}],"author":[{"embeddable":true,"href":"https:\/\/portaltela.pt\/api\/wp\/v2\/users\/2"}],"replies":[{"embeddable":true,"href":"https:\/\/portaltela.pt\/api\/wp\/v2\/comments?post=154484"}],"version-history":[{"count":0,"href":"https:\/\/portaltela.pt\/api\/wp\/v2\/posts\/154484\/revisions"}],"wp:featuredmedia":[{"embeddable":true,"href":"https:\/\/portaltela.pt\/api\/wp\/v2\/media\/154499"}],"wp:attachment":[{"href":"https:\/\/portaltela.pt\/api\/wp\/v2\/media?parent=154484"}],"wp:term":[{"taxonomy":"category","embeddable":true,"href":"https:\/\/portaltela.pt\/api\/wp\/v2\/categories?post=154484"},{"taxonomy":"post_tag","embeddable":true,"href":"https:\/\/portaltela.pt\/api\/wp\/v2\/tags?post=154484"}],"curies":[{"name":"wp","href":"https:\/\/api.w.org\/{rel}","templated":true}]}}