{"id":154434,"date":"2026-01-19T17:46:00","date_gmt":"2026-01-19T20:46:00","guid":{"rendered":"https:\/\/portaltela.pt\/noticias\/2026\/01\/19\/direita-da-voto-anti-ventura-a-antonio-jose-seguro\/"},"modified":"2026-01-19T17:46:00","modified_gmt":"2026-01-19T20:46:00","slug":"direita-da-voto-anti-ventura-a-antonio-jose-seguro","status":"publish","type":"post","link":"https:\/\/portaltela.pt\/noticias\/politica\/2026\/01\/19\/direita-da-voto-anti-ventura-a-antonio-jose-seguro\/","title":{"rendered":"Direita d\u00e1 voto anti-Ventura a Ant\u00f3nio Jos\u00e9 Seguro"},"content":{"rendered":"<p>No rescaldo da primeira parte das elei\u00e7\u00f5es presidenciais, v\u00e1rias figuras ligadas ao PSD, ao CDS-PP e \u00e0 IL j\u00e1 afirmaram, nas \u00faltimas 24 horas, que v\u00e3o votar em Ant\u00f3nio Jos\u00e9 Seguro. O objetivo \u00e9 consolidar apoios para a segunda volta.<\/p>\n<p>Al\u00e9m dos votos declarados pelos partidos da Esquerda, Seguro poder\u00e1 captar parte do eleitorado que votou em Cotrim Figueiredo, Henrique Gouveia e Melo ou Lu\u00eds Marques Mendes na primeira volta. A ideia \u00e9 ampliar o leque de apoios para o segundo escrut\u00ednio.<\/p>\n<p>Com o primeiro-ministro Lu\u00eds Montenegro a abster-se de apoiar um candidato, aguarda-se pela segunda-feira de 8 de fevereiro para saber se Andr\u00e9 Ventura conseguir\u00e1, segundo o objetivo dele, \u201cagregar\u201d a Direita.<\/p>\n<h3>Apoios da Direita a Ant\u00f3nio Jos\u00e9 Seguro<\/h3>\n<p>Not\u00e1veis da direita afirmam alinhar com Seguro, numa perspetiva de evitar a vit\u00f3ria de Ventura. O movimento envolve lideran\u00e7as de alguns partidos e elementos que estiveram na corrida presidencial, apontando para um cen\u00e1rio de alian\u00e7as estrat\u00e9gicas para o segundo turno.<\/p>\n","protected":false},"excerpt":{"rendered":"<ul>\n<li>No rescaldo da primeira volta, alinham-se apoios para Ant\u00f3nio Jos\u00e9 Seguro na segunda volta.<\/li>\n<li>Figuras ligadas ao PSD, CDS-PP e IL j\u00e1 afirmaram que v\u00e3o votar em Seguro, nas \u00faltimas 24 horas e na noite das elei\u00e7\u00f5es.<\/li>\n<li>Al\u00e9m do apoio da Esquerda, Seguro poder\u00e1 captar votos de eleitores de Cotrim Figueiredo, Henrique Gouveia e Melo e Marques Mendes.<\/li>\n<li>O primeiro-ministro Lu\u00eds Montenegro absteve-se de apoiar um candidato.<\/li>\n<li>Aguarda-se at\u00e9 8 de fevereiro para saber se Andr\u00e9 Ventura consegue agregar a Direita.<\/li>\n<\/ul>\n","protected":false},"author":2,"featured_media":154460,"comment_status":"closed","ping_status":"closed","sticky":false,"template":"","format":"standard","meta":{"footnotes":""},"categories":[1,5],"tags":[3423,2453,68,1482,2832,2458],"class_list":["post-154434","post","type-post","status-publish","format-standard","has-post-thumbnail","hentry","category-noticias","category-politica","tag-a-iniciativa-liberal","tag-andre-ventura","tag-eleicoes","tag-iniciativa-liberal","tag-politica","tag-psd-cds"],"yoast_head":"<!-- This site is optimized with the Yoast SEO plugin v27.2 - https:\/\/yoast.com\/product\/yoast-seo-wordpress\/ -->\n<title>Direita d\u00e1 voto anti-Ventura a Ant\u00f3nio Jos\u00e9 Seguro - Portal Tela Portugal<\/title>\n<meta name=\"robots\" content=\"index, follow, max-snippet:-1, max-image-preview:large, max-video-preview:-1\" \/>\n<meta property=\"og:locale\" content=\"pt_PT\" \/>\n<meta property=\"og:type\" content=\"article\" \/>\n<meta property=\"og:title\" content=\"Direita d\u00e1 voto anti-Ventura a Ant\u00f3nio Jos\u00e9 Seguro - Portal Tela Portugal\" \/>\n<meta property=\"og:description\" content=\"No rescaldo da primeira volta, alinham-se apoios para Ant\u00f3nio Jos\u00e9 Seguro na segunda volta. Figuras ligadas ao PSD, CDS-PP e IL j\u00e1 afirmaram que v\u00e3o votar em Seguro, nas \u00faltimas 24 horas e na noite das elei\u00e7\u00f5es. Al\u00e9m do apoio da Esquerda, Seguro poder\u00e1 captar votos de eleitores de Cotrim Figueiredo, Henrique Gouveia e Melo e Marques Mendes. O primeiro-ministro Lu\u00eds Montenegro absteve-se de apoiar um candidato. Aguarda-se at\u00e9 8 de fevereiro para saber se Andr\u00e9 Ventura consegue agregar a Direita.\" \/>\n<meta property=\"og:url\" content=\"https:\/\/portaltela.pt\/noticias\/2026\/01\/19\/direita-da-voto-anti-ventura-a-antonio-jose-seguro\/\" \/>\n<meta property=\"og:site_name\" content=\"Portal Tela Portugal\" \/>\n<meta property=\"article:published_time\" content=\"2026-01-19T20:46:00+00:00\" \/>\n<meta name=\"author\" content=\"Telinha\" \/>\n<meta name=\"twitter:card\" content=\"summary_large_image\" \/>\n<meta name=\"twitter:label1\" content=\"Escrito por\" \/>\n\t<meta name=\"twitter:data1\" content=\"Telinha\" \/>\n\t<meta name=\"twitter:label2\" content=\"Tempo estimado de leitura\" \/>\n\t<meta name=\"twitter:data2\" content=\"1 minuto\" \/>\n<script type=\"application\/ld+json\" class=\"yoast-schema-graph\">{\"@context\":\"https:\/\/schema.org\",\"@graph\":[{\"@type\":\"Article\",\"@id\":\"https:\/\/portaltela.pt\/noticias\/2026\/01\/19\/direita-da-voto-anti-ventura-a-antonio-jose-seguro\/#article\",\"isPartOf\":{\"@id\":\"https:\/\/portaltela.pt\/noticias\/2026\/01\/19\/direita-da-voto-anti-ventura-a-antonio-jose-seguro\/\"},\"author\":{\"name\":\"Telinha\",\"@id\":\"https:\/\/portaltela.pt\/#\/schema\/person\/c4278d4a6028830caff9ee44b42d32ed\"},\"headline\":\"Direita d\u00e1 voto anti-Ventura a Ant\u00f3nio Jos\u00e9 Seguro\",\"datePublished\":\"2026-01-19T20:46:00+00:00\",\"mainEntityOfPage\":{\"@id\":\"https:\/\/portaltela.pt\/noticias\/2026\/01\/19\/direita-da-voto-anti-ventura-a-antonio-jose-seguro\/\"},\"wordCount\":179,\"image\":{\"@id\":\"https:\/\/portaltela.pt\/noticias\/2026\/01\/19\/direita-da-voto-anti-ventura-a-antonio-jose-seguro\/#primaryimage\"},\"thumbnailUrl\":\"https:\/\/portaltela.pt\/s.01k8rhncp4jt1\/2026\/01\/image-1198.jpg\",\"keywords\":[\"A Iniciativa Liberal\",\"Andr\u00e9 Ventura\",\"elei\u00e7\u00f5es\",\"Iniciativa Liberal\",\"pol\u00edtica\",\"PSD\/CDS\"],\"articleSection\":[\"Not\u00edcias\",\"Pol\u00edtica\"],\"inLanguage\":\"pt-PT\"},{\"@type\":\"WebPage\",\"@id\":\"https:\/\/portaltela.pt\/noticias\/2026\/01\/19\/direita-da-voto-anti-ventura-a-antonio-jose-seguro\/\",\"url\":\"https:\/\/portaltela.pt\/noticias\/2026\/01\/19\/direita-da-voto-anti-ventura-a-antonio-jose-seguro\/\",\"name\":\"Direita d\u00e1 voto anti-Ventura a Ant\u00f3nio Jos\u00e9 Seguro - Portal Tela Portugal\",\"isPartOf\":{\"@id\":\"https:\/\/portaltela.pt\/#website\"},\"primaryImageOfPage\":{\"@id\":\"https:\/\/portaltela.pt\/noticias\/2026\/01\/19\/direita-da-voto-anti-ventura-a-antonio-jose-seguro\/#primaryimage\"},\"image\":{\"@id\":\"https:\/\/portaltela.pt\/noticias\/2026\/01\/19\/direita-da-voto-anti-ventura-a-antonio-jose-seguro\/#primaryimage\"},\"thumbnailUrl\":\"https:\/\/portaltela.pt\/s.01k8rhncp4jt1\/2026\/01\/image-1198.jpg\",\"datePublished\":\"2026-01-19T20:46:00+00:00\",\"author\":{\"@id\":\"https:\/\/portaltela.pt\/#\/schema\/person\/c4278d4a6028830caff9ee44b42d32ed\"},\"breadcrumb\":{\"@id\":\"https:\/\/portaltela.pt\/noticias\/2026\/01\/19\/direita-da-voto-anti-ventura-a-antonio-jose-seguro\/#breadcrumb\"},\"inLanguage\":\"pt-PT\",\"potentialAction\":[{\"@type\":\"ReadAction\",\"target\":[\"https:\/\/portaltela.pt\/noticias\/2026\/01\/19\/direita-da-voto-anti-ventura-a-antonio-jose-seguro\/\"]}]},{\"@type\":\"ImageObject\",\"inLanguage\":\"pt-PT\",\"@id\":\"https:\/\/portaltela.pt\/noticias\/2026\/01\/19\/direita-da-voto-anti-ventura-a-antonio-jose-seguro\/#primaryimage\",\"url\":\"https:\/\/portaltela.pt\/s.01k8rhncp4jt1\/2026\/01\/image-1198.jpg\",\"contentUrl\":\"https:\/\/portaltela.pt\/s.01k8rhncp4jt1\/2026\/01\/image-1198.jpg\",\"width\":796,\"height\":448,\"caption\":\"Ant\u00f3nio Jos\u00e9 Seguro e Andr\u00e9 Ventura disputam a segunda volta no dia 8 de fevereiro\"},{\"@type\":\"BreadcrumbList\",\"@id\":\"https:\/\/portaltela.pt\/noticias\/2026\/01\/19\/direita-da-voto-anti-ventura-a-antonio-jose-seguro\/#breadcrumb\",\"itemListElement\":[{\"@type\":\"ListItem\",\"position\":1,\"name\":\"In\u00edcio\",\"item\":\"https:\/\/portaltela.pt\/\"},{\"@type\":\"ListItem\",\"position\":2,\"name\":\"Direita d\u00e1 voto anti-Ventura a Ant\u00f3nio Jos\u00e9 Seguro\"}]},{\"@type\":\"WebSite\",\"@id\":\"https:\/\/portaltela.pt\/#website\",\"url\":\"https:\/\/portaltela.pt\/\",\"name\":\"Portal Tela Portugal\",\"description\":\"\",\"potentialAction\":[{\"@type\":\"SearchAction\",\"target\":{\"@type\":\"EntryPoint\",\"urlTemplate\":\"https:\/\/portaltela.pt\/?s={search_term_string}\"},\"query-input\":{\"@type\":\"PropertyValueSpecification\",\"valueRequired\":true,\"valueName\":\"search_term_string\"}}],\"inLanguage\":\"pt-PT\"},{\"@type\":\"Person\",\"@id\":\"https:\/\/portaltela.pt\/#\/schema\/person\/c4278d4a6028830caff9ee44b42d32ed\",\"name\":\"Telinha\",\"image\":{\"@type\":\"ImageObject\",\"inLanguage\":\"pt-PT\",\"@id\":\"https:\/\/portaltela.pt\/s.01k8rhncp4jt1\/2025\/11\/talking-bot-125x125.png\",\"url\":\"https:\/\/portaltela.pt\/s.01k8rhncp4jt1\/2025\/11\/talking-bot-125x125.png\",\"contentUrl\":\"https:\/\/portaltela.pt\/s.01k8rhncp4jt1\/2025\/11\/talking-bot-125x125.png\",\"caption\":\"Telinha\"},\"sameAs\":[\"https:\/\/portaltela.pt\/\"],\"url\":\"https:\/\/portaltela.pt\/por\/367410592786\/\"}]}<\/script>\n<!-- \/ Yoast SEO plugin. -->","yoast_head_json":{"title":"Direita d\u00e1 voto anti-Ventura a Ant\u00f3nio Jos\u00e9 Seguro - Portal Tela Portugal","robots":{"index":"index","follow":"follow","max-snippet":"max-snippet:-1","max-image-preview":"max-image-preview:large","max-video-preview":"max-video-preview:-1"},"og_locale":"pt_PT","og_type":"article","og_title":"Direita d\u00e1 voto anti-Ventura a Ant\u00f3nio Jos\u00e9 Seguro - Portal Tela Portugal","og_description":"No rescaldo da primeira volta, alinham-se apoios para Ant\u00f3nio Jos\u00e9 Seguro na segunda volta. Figuras ligadas ao PSD, CDS-PP e IL j\u00e1 afirmaram que v\u00e3o votar em Seguro, nas \u00faltimas 24 horas e na noite das elei\u00e7\u00f5es. Al\u00e9m do apoio da Esquerda, Seguro poder\u00e1 captar votos de eleitores de Cotrim Figueiredo, Henrique Gouveia e Melo e Marques Mendes. O primeiro-ministro Lu\u00eds Montenegro absteve-se de apoiar um candidato. Aguarda-se at\u00e9 8 de fevereiro para saber se Andr\u00e9 Ventura consegue agregar a Direita.","og_url":"https:\/\/portaltela.pt\/noticias\/2026\/01\/19\/direita-da-voto-anti-ventura-a-antonio-jose-seguro\/","og_site_name":"Portal Tela Portugal","article_published_time":"2026-01-19T20:46:00+00:00","author":"Telinha","twitter_card":"summary_large_image","twitter_misc":{"Escrito por":"Telinha","Tempo estimado de leitura":"1 minuto"},"schema":{"@context":"https:\/\/schema.org","@graph":[{"@type":"Article","@id":"https:\/\/portaltela.pt\/noticias\/2026\/01\/19\/direita-da-voto-anti-ventura-a-antonio-jose-seguro\/#article","isPartOf":{"@id":"https:\/\/portaltela.pt\/noticias\/2026\/01\/19\/direita-da-voto-anti-ventura-a-antonio-jose-seguro\/"},"author":{"name":"Telinha","@id":"https:\/\/portaltela.pt\/#\/schema\/person\/c4278d4a6028830caff9ee44b42d32ed"},"headline":"Direita d\u00e1 voto anti-Ventura a Ant\u00f3nio Jos\u00e9 Seguro","datePublished":"2026-01-19T20:46:00+00:00","mainEntityOfPage":{"@id":"https:\/\/portaltela.pt\/noticias\/2026\/01\/19\/direita-da-voto-anti-ventura-a-antonio-jose-seguro\/"},"wordCount":179,"image":{"@id":"https:\/\/portaltela.pt\/noticias\/2026\/01\/19\/direita-da-voto-anti-ventura-a-antonio-jose-seguro\/#primaryimage"},"thumbnailUrl":"https:\/\/portaltela.pt\/s.01k8rhncp4jt1\/2026\/01\/image-1198.jpg","keywords":["A Iniciativa Liberal","Andr\u00e9 Ventura","elei\u00e7\u00f5es","Iniciativa Liberal","pol\u00edtica","PSD\/CDS"],"articleSection":["Not\u00edcias","Pol\u00edtica"],"inLanguage":"pt-PT"},{"@type":"WebPage","@id":"https:\/\/portaltela.pt\/noticias\/2026\/01\/19\/direita-da-voto-anti-ventura-a-antonio-jose-seguro\/","url":"https:\/\/portaltela.pt\/noticias\/2026\/01\/19\/direita-da-voto-anti-ventura-a-antonio-jose-seguro\/","name":"Direita d\u00e1 voto anti-Ventura a Ant\u00f3nio Jos\u00e9 Seguro - Portal Tela Portugal","isPartOf":{"@id":"https:\/\/portaltela.pt\/#website"},"primaryImageOfPage":{"@id":"https:\/\/portaltela.pt\/noticias\/2026\/01\/19\/direita-da-voto-anti-ventura-a-antonio-jose-seguro\/#primaryimage"},"image":{"@id":"https:\/\/portaltela.pt\/noticias\/2026\/01\/19\/direita-da-voto-anti-ventura-a-antonio-jose-seguro\/#primaryimage"},"thumbnailUrl":"https:\/\/portaltela.pt\/s.01k8rhncp4jt1\/2026\/01\/image-1198.jpg","datePublished":"2026-01-19T20:46:00+00:00","author":{"@id":"https:\/\/portaltela.pt\/#\/schema\/person\/c4278d4a6028830caff9ee44b42d32ed"},"breadcrumb":{"@id":"https:\/\/portaltela.pt\/noticias\/2026\/01\/19\/direita-da-voto-anti-ventura-a-antonio-jose-seguro\/#breadcrumb"},"inLanguage":"pt-PT","potentialAction":[{"@type":"ReadAction","target":["https:\/\/portaltela.pt\/noticias\/2026\/01\/19\/direita-da-voto-anti-ventura-a-antonio-jose-seguro\/"]}]},{"@type":"ImageObject","inLanguage":"pt-PT","@id":"https:\/\/portaltela.pt\/noticias\/2026\/01\/19\/direita-da-voto-anti-ventura-a-antonio-jose-seguro\/#primaryimage","url":"https:\/\/portaltela.pt\/s.01k8rhncp4jt1\/2026\/01\/image-1198.jpg","contentUrl":"https:\/\/portaltela.pt\/s.01k8rhncp4jt1\/2026\/01\/image-1198.jpg","width":796,"height":448,"caption":"Ant\u00f3nio Jos\u00e9 Seguro e Andr\u00e9 Ventura disputam a segunda volta no dia 8 de fevereiro"},{"@type":"BreadcrumbList","@id":"https:\/\/portaltela.pt\/noticias\/2026\/01\/19\/direita-da-voto-anti-ventura-a-antonio-jose-seguro\/#breadcrumb","itemListElement":[{"@type":"ListItem","position":1,"name":"In\u00edcio","item":"https:\/\/portaltela.pt\/"},{"@type":"ListItem","position":2,"name":"Direita d\u00e1 voto anti-Ventura a Ant\u00f3nio Jos\u00e9 Seguro"}]},{"@type":"WebSite","@id":"https:\/\/portaltela.pt\/#website","url":"https:\/\/portaltela.pt\/","name":"Portal Tela Portugal","description":"","potentialAction":[{"@type":"SearchAction","target":{"@type":"EntryPoint","urlTemplate":"https:\/\/portaltela.pt\/?s={search_term_string}"},"query-input":{"@type":"PropertyValueSpecification","valueRequired":true,"valueName":"search_term_string"}}],"inLanguage":"pt-PT"},{"@type":"Person","@id":"https:\/\/portaltela.pt\/#\/schema\/person\/c4278d4a6028830caff9ee44b42d32ed","name":"Telinha","image":{"@type":"ImageObject","inLanguage":"pt-PT","@id":"https:\/\/portaltela.pt\/s.01k8rhncp4jt1\/2025\/11\/talking-bot-125x125.png","url":"https:\/\/portaltela.pt\/s.01k8rhncp4jt1\/2025\/11\/talking-bot-125x125.png","contentUrl":"https:\/\/portaltela.pt\/s.01k8rhncp4jt1\/2025\/11\/talking-bot-125x125.png","caption":"Telinha"},"sameAs":["https:\/\/portaltela.pt\/"],"url":"https:\/\/portaltela.pt\/por\/367410592786\/"}]}},"_links":{"self":[{"href":"https:\/\/portaltela.pt\/api\/wp\/v2\/posts\/154434","targetHints":{"allow":["GET"]}}],"collection":[{"href":"https:\/\/portaltela.pt\/api\/wp\/v2\/posts"}],"about":[{"href":"https:\/\/portaltela.pt\/api\/wp\/v2\/types\/post"}],"author":[{"embeddable":true,"href":"https:\/\/portaltela.pt\/api\/wp\/v2\/users\/2"}],"replies":[{"embeddable":true,"href":"https:\/\/portaltela.pt\/api\/wp\/v2\/comments?post=154434"}],"version-history":[{"count":0,"href":"https:\/\/portaltela.pt\/api\/wp\/v2\/posts\/154434\/revisions"}],"wp:featuredmedia":[{"embeddable":true,"href":"https:\/\/portaltela.pt\/api\/wp\/v2\/media\/154460"}],"wp:attachment":[{"href":"https:\/\/portaltela.pt\/api\/wp\/v2\/media?parent=154434"}],"wp:term":[{"taxonomy":"category","embeddable":true,"href":"https:\/\/portaltela.pt\/api\/wp\/v2\/categories?post=154434"},{"taxonomy":"post_tag","embeddable":true,"href":"https:\/\/portaltela.pt\/api\/wp\/v2\/tags?post=154434"}],"curies":[{"name":"wp","href":"https:\/\/api.w.org\/{rel}","templated":true}]}}