{"id":154291,"date":"2026-01-19T17:15:00","date_gmt":"2026-01-19T20:15:00","guid":{"rendered":"https:\/\/portaltela.pt\/noticias\/2026\/01\/19\/condemado-por-abusos-professor-de-equitacao-em-vila-do-conde-mantinha-aulas\/"},"modified":"2026-01-19T17:15:00","modified_gmt":"2026-01-19T20:15:00","slug":"condemado-por-abusos-professor-de-equitacao-em-vila-do-conde-mantinha-aulas","status":"publish","type":"post","link":"https:\/\/portaltela.pt\/noticias\/2026\/01\/19\/condemado-por-abusos-professor-de-equitacao-em-vila-do-conde-mantinha-aulas\/","title":{"rendered":"Condemado por abusos, professor de equita\u00e7\u00e3o em Vila do Conde mantinha aulas"},"content":{"rendered":"<p>Um professor de equita\u00e7\u00e3o foi condenado pelo Tribunal da Rela\u00e7\u00e3o do Porto a seis anos e dois meses de pris\u00e3o por abuso sexual. Duarte F., 64 anos, \u00e9 dono da escola &#8220;O s\u00edtio&#8221; em Rio Mau, Vila do Conde, onde continua a dar aulas a dezenas de alunos menores, incluindo crian\u00e7as com defici\u00eancia.<\/p>\n<p>O tribunal entendeu haver perigo de reincid\u00eancia e proibiu-o de trabalhar com menores durante 13 anos. As v\u00edtimas eram tr\u00eas raparigas, com 11, 14 e 15 anos \u00e0 \u00e9poca do alegado crime.<\/p>\n<p>Apesar da senten\u00e7a, o arguido vai recorrer para o Supremo Tribunal de Justi\u00e7a. Enquanto aguarda, pode manter a atividade de leciona\u00e7\u00e3o na escola. As v\u00edtimas n\u00e3o se conformaram com o veredicto e acompanham o caso.<\/p>\n","protected":false},"excerpt":{"rendered":"<ul>\n<li>Um professor de equita\u00e7\u00e3o foi condenado pelo Tribunal da Rela\u00e7\u00e3o do Porto a seis anos e dois meses de pris\u00e3o por abuso sexual.<\/li>\n<li>Duarte F., de 64 anos, \u00e9 dono da escola &#8220;O s\u00edtio&#8221;, em Rio Mau, Vila do Conde, onde continua a dar aulas a dezenas de alunos menores, incluindo crian\u00e7as com defici\u00eancia.<\/li>\n<li>O tribunal reconheceu risco de reincid\u00eancia e proibiu-o de trabalhar com menores durante treze anos.<\/li>\n<li>A decis\u00e3o pode ser alvo de recurso para o Supremo Tribunal de Justi\u00e7a, e, at\u00e9 l\u00e1, o professor pode manter-se a lecionar.<\/li>\n<li>As v\u00edtimas, tr\u00eas meninas \u00e0 \u00e9poca com 11, 14 e 15 anos, n\u00e3o se conformam com o veredito.<\/li>\n<\/ul>\n","protected":false},"author":2,"featured_media":154329,"comment_status":"closed","ping_status":"closed","sticky":false,"template":"","format":"standard","meta":{"footnotes":""},"categories":[1],"tags":[1455,817,208,2998,657,147],"class_list":["post-154291","post","type-post","status-publish","format-standard","has-post-thumbnail","hentry","category-noticias","tag-abuso-de-menor-dependente","tag-abuso-de-menor-dependente-ou-em-situacao-vulneravel","tag-abuso-de-menores-dependentes","tag-abuso-de-sexual-de-menor-dependente","tag-abuso-de-sexual-de-menor-dependente-ou-em-situacao-vulneravel","tag-crime"],"yoast_head":"<!-- This site is optimized with the Yoast SEO plugin v27.2 - https:\/\/yoast.com\/product\/yoast-seo-wordpress\/ -->\n<title>Condemado por abusos, professor de equita\u00e7\u00e3o em Vila do Conde mantinha aulas - Portal Tela Portugal<\/title>\n<meta name=\"robots\" content=\"index, follow, max-snippet:-1, max-image-preview:large, max-video-preview:-1\" \/>\n<meta property=\"og:locale\" content=\"pt_PT\" \/>\n<meta property=\"og:type\" content=\"article\" \/>\n<meta property=\"og:title\" content=\"Condemado por abusos, professor de equita\u00e7\u00e3o em Vila do Conde mantinha aulas - Portal Tela Portugal\" \/>\n<meta property=\"og:description\" content=\"Um professor de equita\u00e7\u00e3o foi condenado pelo Tribunal da Rela\u00e7\u00e3o do Porto a seis anos e dois meses de pris\u00e3o por abuso sexual. Duarte F., de 64 anos, \u00e9 dono da escola &quot;O s\u00edtio&quot;, em Rio Mau, Vila do Conde, onde continua a dar aulas a dezenas de alunos menores, incluindo crian\u00e7as com defici\u00eancia. O tribunal reconheceu risco de reincid\u00eancia e proibiu-o de trabalhar com menores durante treze anos. A decis\u00e3o pode ser alvo de recurso para o Supremo Tribunal de Justi\u00e7a, e, at\u00e9 l\u00e1, o professor pode manter-se a lecionar. As v\u00edtimas, tr\u00eas meninas \u00e0 \u00e9poca com 11, 14 e 15 anos, n\u00e3o se conformam com o veredito.\" \/>\n<meta property=\"og:url\" content=\"https:\/\/portaltela.pt\/noticias\/2026\/01\/19\/condemado-por-abusos-professor-de-equitacao-em-vila-do-conde-mantinha-aulas\/\" \/>\n<meta property=\"og:site_name\" content=\"Portal Tela Portugal\" \/>\n<meta property=\"article:published_time\" content=\"2026-01-19T20:15:00+00:00\" \/>\n<meta name=\"author\" content=\"Telinha\" \/>\n<meta name=\"twitter:card\" content=\"summary_large_image\" \/>\n<meta name=\"twitter:label1\" content=\"Escrito por\" \/>\n\t<meta name=\"twitter:data1\" content=\"Telinha\" \/>\n\t<meta name=\"twitter:label2\" content=\"Tempo estimado de leitura\" \/>\n\t<meta name=\"twitter:data2\" content=\"1 minuto\" \/>\n<script type=\"application\/ld+json\" class=\"yoast-schema-graph\">{\"@context\":\"https:\/\/schema.org\",\"@graph\":[{\"@type\":\"Article\",\"@id\":\"https:\/\/portaltela.pt\/noticias\/2026\/01\/19\/condemado-por-abusos-professor-de-equitacao-em-vila-do-conde-mantinha-aulas\/#article\",\"isPartOf\":{\"@id\":\"https:\/\/portaltela.pt\/noticias\/2026\/01\/19\/condemado-por-abusos-professor-de-equitacao-em-vila-do-conde-mantinha-aulas\/\"},\"author\":{\"name\":\"Telinha\",\"@id\":\"https:\/\/portaltela.pt\/#\/schema\/person\/c4278d4a6028830caff9ee44b42d32ed\"},\"headline\":\"Condemado por abusos, professor de equita\u00e7\u00e3o em Vila do Conde mantinha aulas\",\"datePublished\":\"2026-01-19T20:15:00+00:00\",\"mainEntityOfPage\":{\"@id\":\"https:\/\/portaltela.pt\/noticias\/2026\/01\/19\/condemado-por-abusos-professor-de-equitacao-em-vila-do-conde-mantinha-aulas\/\"},\"wordCount\":140,\"image\":{\"@id\":\"https:\/\/portaltela.pt\/noticias\/2026\/01\/19\/condemado-por-abusos-professor-de-equitacao-em-vila-do-conde-mantinha-aulas\/#primaryimage\"},\"thumbnailUrl\":\"https:\/\/portaltela.pt\/s.01k8rhncp4jt1\/2026\/01\/image-1193.jpg\",\"keywords\":[\"abuso de menor dependente\",\"abuso de menor dependente ou em situa\u00e7\u00e3o vulner\u00e1vel\",\"abuso de menores dependentes\",\"abuso de sexual de menor dependente\",\"abuso de sexual de menor dependente ou em situa\u00e7\u00e3o vulner\u00e1vel\",\"crime\"],\"articleSection\":[\"Not\u00edcias\"],\"inLanguage\":\"pt-PT\"},{\"@type\":\"WebPage\",\"@id\":\"https:\/\/portaltela.pt\/noticias\/2026\/01\/19\/condemado-por-abusos-professor-de-equitacao-em-vila-do-conde-mantinha-aulas\/\",\"url\":\"https:\/\/portaltela.pt\/noticias\/2026\/01\/19\/condemado-por-abusos-professor-de-equitacao-em-vila-do-conde-mantinha-aulas\/\",\"name\":\"Condemado por abusos, professor de equita\u00e7\u00e3o em Vila do Conde mantinha aulas - Portal Tela Portugal\",\"isPartOf\":{\"@id\":\"https:\/\/portaltela.pt\/#website\"},\"primaryImageOfPage\":{\"@id\":\"https:\/\/portaltela.pt\/noticias\/2026\/01\/19\/condemado-por-abusos-professor-de-equitacao-em-vila-do-conde-mantinha-aulas\/#primaryimage\"},\"image\":{\"@id\":\"https:\/\/portaltela.pt\/noticias\/2026\/01\/19\/condemado-por-abusos-professor-de-equitacao-em-vila-do-conde-mantinha-aulas\/#primaryimage\"},\"thumbnailUrl\":\"https:\/\/portaltela.pt\/s.01k8rhncp4jt1\/2026\/01\/image-1193.jpg\",\"datePublished\":\"2026-01-19T20:15:00+00:00\",\"author\":{\"@id\":\"https:\/\/portaltela.pt\/#\/schema\/person\/c4278d4a6028830caff9ee44b42d32ed\"},\"breadcrumb\":{\"@id\":\"https:\/\/portaltela.pt\/noticias\/2026\/01\/19\/condemado-por-abusos-professor-de-equitacao-em-vila-do-conde-mantinha-aulas\/#breadcrumb\"},\"inLanguage\":\"pt-PT\",\"potentialAction\":[{\"@type\":\"ReadAction\",\"target\":[\"https:\/\/portaltela.pt\/noticias\/2026\/01\/19\/condemado-por-abusos-professor-de-equitacao-em-vila-do-conde-mantinha-aulas\/\"]}]},{\"@type\":\"ImageObject\",\"inLanguage\":\"pt-PT\",\"@id\":\"https:\/\/portaltela.pt\/noticias\/2026\/01\/19\/condemado-por-abusos-professor-de-equitacao-em-vila-do-conde-mantinha-aulas\/#primaryimage\",\"url\":\"https:\/\/portaltela.pt\/s.01k8rhncp4jt1\/2026\/01\/image-1193.jpg\",\"contentUrl\":\"https:\/\/portaltela.pt\/s.01k8rhncp4jt1\/2026\/01\/image-1193.jpg\",\"width\":796,\"height\":448,\"caption\":\"Duarte Figueiredo foi detido em dezembro de 2022\"},{\"@type\":\"BreadcrumbList\",\"@id\":\"https:\/\/portaltela.pt\/noticias\/2026\/01\/19\/condemado-por-abusos-professor-de-equitacao-em-vila-do-conde-mantinha-aulas\/#breadcrumb\",\"itemListElement\":[{\"@type\":\"ListItem\",\"position\":1,\"name\":\"In\u00edcio\",\"item\":\"https:\/\/portaltela.pt\/\"},{\"@type\":\"ListItem\",\"position\":2,\"name\":\"Condemado por abusos, professor de equita\u00e7\u00e3o em Vila do Conde mantinha aulas\"}]},{\"@type\":\"WebSite\",\"@id\":\"https:\/\/portaltela.pt\/#website\",\"url\":\"https:\/\/portaltela.pt\/\",\"name\":\"Portal Tela Portugal\",\"description\":\"\",\"potentialAction\":[{\"@type\":\"SearchAction\",\"target\":{\"@type\":\"EntryPoint\",\"urlTemplate\":\"https:\/\/portaltela.pt\/?s={search_term_string}\"},\"query-input\":{\"@type\":\"PropertyValueSpecification\",\"valueRequired\":true,\"valueName\":\"search_term_string\"}}],\"inLanguage\":\"pt-PT\"},{\"@type\":\"Person\",\"@id\":\"https:\/\/portaltela.pt\/#\/schema\/person\/c4278d4a6028830caff9ee44b42d32ed\",\"name\":\"Telinha\",\"image\":{\"@type\":\"ImageObject\",\"inLanguage\":\"pt-PT\",\"@id\":\"https:\/\/portaltela.pt\/s.01k8rhncp4jt1\/2025\/11\/talking-bot-125x125.png\",\"url\":\"https:\/\/portaltela.pt\/s.01k8rhncp4jt1\/2025\/11\/talking-bot-125x125.png\",\"contentUrl\":\"https:\/\/portaltela.pt\/s.01k8rhncp4jt1\/2025\/11\/talking-bot-125x125.png\",\"caption\":\"Telinha\"},\"sameAs\":[\"https:\/\/portaltela.pt\/\"],\"url\":\"https:\/\/portaltela.pt\/por\/367410592786\/\"}]}<\/script>\n<!-- \/ Yoast SEO plugin. -->","yoast_head_json":{"title":"Condemado por abusos, professor de equita\u00e7\u00e3o em Vila do Conde mantinha aulas - Portal Tela Portugal","robots":{"index":"index","follow":"follow","max-snippet":"max-snippet:-1","max-image-preview":"max-image-preview:large","max-video-preview":"max-video-preview:-1"},"og_locale":"pt_PT","og_type":"article","og_title":"Condemado por abusos, professor de equita\u00e7\u00e3o em Vila do Conde mantinha aulas - Portal Tela Portugal","og_description":"Um professor de equita\u00e7\u00e3o foi condenado pelo Tribunal da Rela\u00e7\u00e3o do Porto a seis anos e dois meses de pris\u00e3o por abuso sexual. Duarte F., de 64 anos, \u00e9 dono da escola \"O s\u00edtio\", em Rio Mau, Vila do Conde, onde continua a dar aulas a dezenas de alunos menores, incluindo crian\u00e7as com defici\u00eancia. O tribunal reconheceu risco de reincid\u00eancia e proibiu-o de trabalhar com menores durante treze anos. A decis\u00e3o pode ser alvo de recurso para o Supremo Tribunal de Justi\u00e7a, e, at\u00e9 l\u00e1, o professor pode manter-se a lecionar. As v\u00edtimas, tr\u00eas meninas \u00e0 \u00e9poca com 11, 14 e 15 anos, n\u00e3o se conformam com o veredito.","og_url":"https:\/\/portaltela.pt\/noticias\/2026\/01\/19\/condemado-por-abusos-professor-de-equitacao-em-vila-do-conde-mantinha-aulas\/","og_site_name":"Portal Tela Portugal","article_published_time":"2026-01-19T20:15:00+00:00","author":"Telinha","twitter_card":"summary_large_image","twitter_misc":{"Escrito por":"Telinha","Tempo estimado de leitura":"1 minuto"},"schema":{"@context":"https:\/\/schema.org","@graph":[{"@type":"Article","@id":"https:\/\/portaltela.pt\/noticias\/2026\/01\/19\/condemado-por-abusos-professor-de-equitacao-em-vila-do-conde-mantinha-aulas\/#article","isPartOf":{"@id":"https:\/\/portaltela.pt\/noticias\/2026\/01\/19\/condemado-por-abusos-professor-de-equitacao-em-vila-do-conde-mantinha-aulas\/"},"author":{"name":"Telinha","@id":"https:\/\/portaltela.pt\/#\/schema\/person\/c4278d4a6028830caff9ee44b42d32ed"},"headline":"Condemado por abusos, professor de equita\u00e7\u00e3o em Vila do Conde mantinha aulas","datePublished":"2026-01-19T20:15:00+00:00","mainEntityOfPage":{"@id":"https:\/\/portaltela.pt\/noticias\/2026\/01\/19\/condemado-por-abusos-professor-de-equitacao-em-vila-do-conde-mantinha-aulas\/"},"wordCount":140,"image":{"@id":"https:\/\/portaltela.pt\/noticias\/2026\/01\/19\/condemado-por-abusos-professor-de-equitacao-em-vila-do-conde-mantinha-aulas\/#primaryimage"},"thumbnailUrl":"https:\/\/portaltela.pt\/s.01k8rhncp4jt1\/2026\/01\/image-1193.jpg","keywords":["abuso de menor dependente","abuso de menor dependente ou em situa\u00e7\u00e3o vulner\u00e1vel","abuso de menores dependentes","abuso de sexual de menor dependente","abuso de sexual de menor dependente ou em situa\u00e7\u00e3o vulner\u00e1vel","crime"],"articleSection":["Not\u00edcias"],"inLanguage":"pt-PT"},{"@type":"WebPage","@id":"https:\/\/portaltela.pt\/noticias\/2026\/01\/19\/condemado-por-abusos-professor-de-equitacao-em-vila-do-conde-mantinha-aulas\/","url":"https:\/\/portaltela.pt\/noticias\/2026\/01\/19\/condemado-por-abusos-professor-de-equitacao-em-vila-do-conde-mantinha-aulas\/","name":"Condemado por abusos, professor de equita\u00e7\u00e3o em Vila do Conde mantinha aulas - Portal Tela Portugal","isPartOf":{"@id":"https:\/\/portaltela.pt\/#website"},"primaryImageOfPage":{"@id":"https:\/\/portaltela.pt\/noticias\/2026\/01\/19\/condemado-por-abusos-professor-de-equitacao-em-vila-do-conde-mantinha-aulas\/#primaryimage"},"image":{"@id":"https:\/\/portaltela.pt\/noticias\/2026\/01\/19\/condemado-por-abusos-professor-de-equitacao-em-vila-do-conde-mantinha-aulas\/#primaryimage"},"thumbnailUrl":"https:\/\/portaltela.pt\/s.01k8rhncp4jt1\/2026\/01\/image-1193.jpg","datePublished":"2026-01-19T20:15:00+00:00","author":{"@id":"https:\/\/portaltela.pt\/#\/schema\/person\/c4278d4a6028830caff9ee44b42d32ed"},"breadcrumb":{"@id":"https:\/\/portaltela.pt\/noticias\/2026\/01\/19\/condemado-por-abusos-professor-de-equitacao-em-vila-do-conde-mantinha-aulas\/#breadcrumb"},"inLanguage":"pt-PT","potentialAction":[{"@type":"ReadAction","target":["https:\/\/portaltela.pt\/noticias\/2026\/01\/19\/condemado-por-abusos-professor-de-equitacao-em-vila-do-conde-mantinha-aulas\/"]}]},{"@type":"ImageObject","inLanguage":"pt-PT","@id":"https:\/\/portaltela.pt\/noticias\/2026\/01\/19\/condemado-por-abusos-professor-de-equitacao-em-vila-do-conde-mantinha-aulas\/#primaryimage","url":"https:\/\/portaltela.pt\/s.01k8rhncp4jt1\/2026\/01\/image-1193.jpg","contentUrl":"https:\/\/portaltela.pt\/s.01k8rhncp4jt1\/2026\/01\/image-1193.jpg","width":796,"height":448,"caption":"Duarte Figueiredo foi detido em dezembro de 2022"},{"@type":"BreadcrumbList","@id":"https:\/\/portaltela.pt\/noticias\/2026\/01\/19\/condemado-por-abusos-professor-de-equitacao-em-vila-do-conde-mantinha-aulas\/#breadcrumb","itemListElement":[{"@type":"ListItem","position":1,"name":"In\u00edcio","item":"https:\/\/portaltela.pt\/"},{"@type":"ListItem","position":2,"name":"Condemado por abusos, professor de equita\u00e7\u00e3o em Vila do Conde mantinha aulas"}]},{"@type":"WebSite","@id":"https:\/\/portaltela.pt\/#website","url":"https:\/\/portaltela.pt\/","name":"Portal Tela Portugal","description":"","potentialAction":[{"@type":"SearchAction","target":{"@type":"EntryPoint","urlTemplate":"https:\/\/portaltela.pt\/?s={search_term_string}"},"query-input":{"@type":"PropertyValueSpecification","valueRequired":true,"valueName":"search_term_string"}}],"inLanguage":"pt-PT"},{"@type":"Person","@id":"https:\/\/portaltela.pt\/#\/schema\/person\/c4278d4a6028830caff9ee44b42d32ed","name":"Telinha","image":{"@type":"ImageObject","inLanguage":"pt-PT","@id":"https:\/\/portaltela.pt\/s.01k8rhncp4jt1\/2025\/11\/talking-bot-125x125.png","url":"https:\/\/portaltela.pt\/s.01k8rhncp4jt1\/2025\/11\/talking-bot-125x125.png","contentUrl":"https:\/\/portaltela.pt\/s.01k8rhncp4jt1\/2025\/11\/talking-bot-125x125.png","caption":"Telinha"},"sameAs":["https:\/\/portaltela.pt\/"],"url":"https:\/\/portaltela.pt\/por\/367410592786\/"}]}},"_links":{"self":[{"href":"https:\/\/portaltela.pt\/api\/wp\/v2\/posts\/154291","targetHints":{"allow":["GET"]}}],"collection":[{"href":"https:\/\/portaltela.pt\/api\/wp\/v2\/posts"}],"about":[{"href":"https:\/\/portaltela.pt\/api\/wp\/v2\/types\/post"}],"author":[{"embeddable":true,"href":"https:\/\/portaltela.pt\/api\/wp\/v2\/users\/2"}],"replies":[{"embeddable":true,"href":"https:\/\/portaltela.pt\/api\/wp\/v2\/comments?post=154291"}],"version-history":[{"count":0,"href":"https:\/\/portaltela.pt\/api\/wp\/v2\/posts\/154291\/revisions"}],"wp:featuredmedia":[{"embeddable":true,"href":"https:\/\/portaltela.pt\/api\/wp\/v2\/media\/154329"}],"wp:attachment":[{"href":"https:\/\/portaltela.pt\/api\/wp\/v2\/media?parent=154291"}],"wp:term":[{"taxonomy":"category","embeddable":true,"href":"https:\/\/portaltela.pt\/api\/wp\/v2\/categories?post=154291"},{"taxonomy":"post_tag","embeddable":true,"href":"https:\/\/portaltela.pt\/api\/wp\/v2\/tags?post=154291"}],"curies":[{"name":"wp","href":"https:\/\/api.w.org\/{rel}","templated":true}]}}