{"id":154208,"date":"2026-01-19T16:36:04","date_gmt":"2026-01-19T19:36:04","guid":{"rendered":"https:\/\/portaltela.pt\/noticias\/2026\/01\/19\/tempo-de-espera-para-primeira-observacao-diminuiu-diz-a-ministra-da-saude\/"},"modified":"2026-01-19T16:36:04","modified_gmt":"2026-01-19T19:36:04","slug":"tempo-de-espera-para-primeira-observacao-diminuiu-diz-a-ministra-da-saude","status":"publish","type":"post","link":"https:\/\/portaltela.pt\/noticias\/2026\/01\/19\/tempo-de-espera-para-primeira-observacao-diminuiu-diz-a-ministra-da-saude\/","title":{"rendered":"Tempo de espera para primeira observa\u00e7\u00e3o diminuiu, diz a Ministra da Sa\u00fade"},"content":{"rendered":"<p>A ministra da Sa\u00fade afirmou hoje que circulam inverdades sobre o Servi\u00e7o Nacional de Sa\u00fade (SNS) e garantiu que houve uma redu\u00e7\u00e3o no tempo de espera para a primeira observa\u00e7\u00e3o durante a epidemia de gripe. As declara\u00e7\u00f5es foram feitas aos jornalistas no Hospital de Santa Luzia, em Viana do Castelo.<\/p>\n<p>Ana Paula Martins explicou que, este ano, os tempos de triagem diminu\u00edram e que o SNS est\u00e1 preparado para o que for necess\u00e1rio, especialmente nas urg\u00eancias. A ministra refor\u00e7ou o empenho na melhoria cont\u00ednua do servi\u00e7o.<\/p>\n<p>Relativamente a cr\u00edticas sobre mortalidade, a ministra disse que o excesso de mortalidade em Portugal \u00e9 compar\u00e1vel a outros anos recentes, incluindo 2022\/2023. N\u00e3o houve indica\u00e7\u00e3o de dados adicionais durante o momento de balan\u00e7o.<\/p>\n<h3>Destaques sobre a gripe e monitoriza\u00e7\u00e3o<\/h3>\n<p>O INSA, no seu boletim de vigil\u00e2ncia, indica que as infe\u00e7\u00f5es respirat\u00f3rias graves permanecem elevadas, com maior impacto em idosos e crian\u00e7as. O documento tamb\u00e9m aponta aumento de casos de gripe em cuidados intensivos na semana passada.<\/p>\n<p>Ainda segundo o INSA, na semana 50 (8 a 14 de dezembro) a mortalidade por todas as causas esteve acima do esperado para Portugal, com excessos identificados no Norte, Centro e Algarve, e em pessoas com mais de 75 anos.<\/p>\n","protected":false},"excerpt":{"rendered":"<ul>\n<li>A ministra da Sa\u00fade, Ana Paula Martins, afirmou aos jornalistas no Hospital de Santa Luzia, em Viana do Castelo, que os tempos de espera para a primeira observa\u00e7\u00e3o diminu\u00edram este ano.<\/li>\n<li>Disse que o SNS est\u00e1 preparado para o que for necess\u00e1rio e rejeitou v\u00e1rias \u201cinverdades\u201d sobre o Servi\u00e7o Nacional de Sa\u00fade.<\/li>\n<li>Sobre mortalidade, afirmou que o excesso \u00e9 compar\u00e1vel a outros anos, nomeadamente 2022\/2023.<\/li>\n<li>Em rela\u00e7\u00e3o \u00e0 gripe, referiu um percurso longo e a necessidade de perceber como evolui o frio.<\/li>\n<li>Dados do INSA indicam mortalidade por todas as causas acima do previsto na semana 50, com excessos nas regi\u00f5es Norte, Centro e Algarve e entre quem tem mais de 75 anos.<\/li>\n<\/ul>\n","protected":false},"author":2,"featured_media":154217,"comment_status":"closed","ping_status":"closed","sticky":false,"template":"","format":"standard","meta":{"footnotes":""},"categories":[1],"tags":[1905,2581,2736,3270,1775,1899],"class_list":["post-154208","post","type-post","status-publish","format-standard","has-post-thumbnail","hentry","category-noticias","tag-gripe","tag-hospitais","tag-idosos","tag-infecao-respiratoria","tag-sns","tag-urgencias"],"yoast_head":"<!-- This site is optimized with the Yoast SEO plugin v27.2 - https:\/\/yoast.com\/product\/yoast-seo-wordpress\/ -->\n<title>Tempo de espera para primeira observa\u00e7\u00e3o diminuiu, diz a Ministra da Sa\u00fade - Portal Tela Portugal<\/title>\n<meta name=\"robots\" content=\"index, follow, max-snippet:-1, max-image-preview:large, max-video-preview:-1\" \/>\n<meta property=\"og:locale\" content=\"pt_PT\" \/>\n<meta property=\"og:type\" content=\"article\" \/>\n<meta property=\"og:title\" content=\"Tempo de espera para primeira observa\u00e7\u00e3o diminuiu, diz a Ministra da Sa\u00fade - Portal Tela Portugal\" \/>\n<meta property=\"og:description\" content=\"A ministra da Sa\u00fade, Ana Paula Martins, afirmou aos jornalistas no Hospital de Santa Luzia, em Viana do Castelo, que os tempos de espera para a primeira observa\u00e7\u00e3o diminu\u00edram este ano. Disse que o SNS est\u00e1 preparado para o que for necess\u00e1rio e rejeitou v\u00e1rias \u201cinverdades\u201d sobre o Servi\u00e7o Nacional de Sa\u00fade. Sobre mortalidade, afirmou que o excesso \u00e9 compar\u00e1vel a outros anos, nomeadamente 2022\/2023. Em rela\u00e7\u00e3o \u00e0 gripe, referiu um percurso longo e a necessidade de perceber como evolui o frio. Dados do INSA indicam mortalidade por todas as causas acima do previsto na semana 50, com excessos nas regi\u00f5es Norte, Centro e Algarve e entre quem tem mais de 75 anos.\" \/>\n<meta property=\"og:url\" content=\"https:\/\/portaltela.pt\/noticias\/2026\/01\/19\/tempo-de-espera-para-primeira-observacao-diminuiu-diz-a-ministra-da-saude\/\" \/>\n<meta property=\"og:site_name\" content=\"Portal Tela Portugal\" \/>\n<meta property=\"article:published_time\" content=\"2026-01-19T19:36:04+00:00\" \/>\n<meta name=\"author\" content=\"Telinha\" \/>\n<meta name=\"twitter:card\" content=\"summary_large_image\" \/>\n<meta name=\"twitter:label1\" content=\"Escrito por\" \/>\n\t<meta name=\"twitter:data1\" content=\"Telinha\" \/>\n\t<meta name=\"twitter:label2\" content=\"Tempo estimado de leitura\" \/>\n\t<meta name=\"twitter:data2\" content=\"1 minuto\" \/>\n<script type=\"application\/ld+json\" class=\"yoast-schema-graph\">{\"@context\":\"https:\/\/schema.org\",\"@graph\":[{\"@type\":\"Article\",\"@id\":\"https:\/\/portaltela.pt\/noticias\/2026\/01\/19\/tempo-de-espera-para-primeira-observacao-diminuiu-diz-a-ministra-da-saude\/#article\",\"isPartOf\":{\"@id\":\"https:\/\/portaltela.pt\/noticias\/2026\/01\/19\/tempo-de-espera-para-primeira-observacao-diminuiu-diz-a-ministra-da-saude\/\"},\"author\":{\"name\":\"Telinha\",\"@id\":\"https:\/\/portaltela.pt\/#\/schema\/person\/c4278d4a6028830caff9ee44b42d32ed\"},\"headline\":\"Tempo de espera para primeira observa\u00e7\u00e3o diminuiu, diz a Ministra da Sa\u00fade\",\"datePublished\":\"2026-01-19T19:36:04+00:00\",\"mainEntityOfPage\":{\"@id\":\"https:\/\/portaltela.pt\/noticias\/2026\/01\/19\/tempo-de-espera-para-primeira-observacao-diminuiu-diz-a-ministra-da-saude\/\"},\"wordCount\":234,\"image\":{\"@id\":\"https:\/\/portaltela.pt\/noticias\/2026\/01\/19\/tempo-de-espera-para-primeira-observacao-diminuiu-diz-a-ministra-da-saude\/#primaryimage\"},\"thumbnailUrl\":\"https:\/\/portaltela.pt\/s.01k8rhncp4jt1\/2026\/01\/Ressonacia_hospital_santarem_HDS-9.jpg\",\"keywords\":[\"gripe\",\"hospitais\",\"idosos\",\"infe\u00e7\u00e3o respirat\u00f3ria\",\"SNS\",\"urg\u00eancias\"],\"articleSection\":[\"Not\u00edcias\"],\"inLanguage\":\"pt-PT\"},{\"@type\":\"WebPage\",\"@id\":\"https:\/\/portaltela.pt\/noticias\/2026\/01\/19\/tempo-de-espera-para-primeira-observacao-diminuiu-diz-a-ministra-da-saude\/\",\"url\":\"https:\/\/portaltela.pt\/noticias\/2026\/01\/19\/tempo-de-espera-para-primeira-observacao-diminuiu-diz-a-ministra-da-saude\/\",\"name\":\"Tempo de espera para primeira observa\u00e7\u00e3o diminuiu, diz a Ministra da Sa\u00fade - Portal Tela Portugal\",\"isPartOf\":{\"@id\":\"https:\/\/portaltela.pt\/#website\"},\"primaryImageOfPage\":{\"@id\":\"https:\/\/portaltela.pt\/noticias\/2026\/01\/19\/tempo-de-espera-para-primeira-observacao-diminuiu-diz-a-ministra-da-saude\/#primaryimage\"},\"image\":{\"@id\":\"https:\/\/portaltela.pt\/noticias\/2026\/01\/19\/tempo-de-espera-para-primeira-observacao-diminuiu-diz-a-ministra-da-saude\/#primaryimage\"},\"thumbnailUrl\":\"https:\/\/portaltela.pt\/s.01k8rhncp4jt1\/2026\/01\/Ressonacia_hospital_santarem_HDS-9.jpg\",\"datePublished\":\"2026-01-19T19:36:04+00:00\",\"author\":{\"@id\":\"https:\/\/portaltela.pt\/#\/schema\/person\/c4278d4a6028830caff9ee44b42d32ed\"},\"breadcrumb\":{\"@id\":\"https:\/\/portaltela.pt\/noticias\/2026\/01\/19\/tempo-de-espera-para-primeira-observacao-diminuiu-diz-a-ministra-da-saude\/#breadcrumb\"},\"inLanguage\":\"pt-PT\",\"potentialAction\":[{\"@type\":\"ReadAction\",\"target\":[\"https:\/\/portaltela.pt\/noticias\/2026\/01\/19\/tempo-de-espera-para-primeira-observacao-diminuiu-diz-a-ministra-da-saude\/\"]}]},{\"@type\":\"ImageObject\",\"inLanguage\":\"pt-PT\",\"@id\":\"https:\/\/portaltela.pt\/noticias\/2026\/01\/19\/tempo-de-espera-para-primeira-observacao-diminuiu-diz-a-ministra-da-saude\/#primaryimage\",\"url\":\"https:\/\/portaltela.pt\/s.01k8rhncp4jt1\/2026\/01\/Ressonacia_hospital_santarem_HDS-9.jpg\",\"contentUrl\":\"https:\/\/portaltela.pt\/s.01k8rhncp4jt1\/2026\/01\/Ressonacia_hospital_santarem_HDS-9.jpg\",\"width\":796,\"height\":448,\"caption\":\"Ministra da Sa\u00fade diz que tempo de espera para primeira observa\u00e7\u00e3o diminuiu\"},{\"@type\":\"BreadcrumbList\",\"@id\":\"https:\/\/portaltela.pt\/noticias\/2026\/01\/19\/tempo-de-espera-para-primeira-observacao-diminuiu-diz-a-ministra-da-saude\/#breadcrumb\",\"itemListElement\":[{\"@type\":\"ListItem\",\"position\":1,\"name\":\"In\u00edcio\",\"item\":\"https:\/\/portaltela.pt\/\"},{\"@type\":\"ListItem\",\"position\":2,\"name\":\"Tempo de espera para primeira observa\u00e7\u00e3o diminuiu, diz a Ministra da Sa\u00fade\"}]},{\"@type\":\"WebSite\",\"@id\":\"https:\/\/portaltela.pt\/#website\",\"url\":\"https:\/\/portaltela.pt\/\",\"name\":\"Portal Tela Portugal\",\"description\":\"\",\"potentialAction\":[{\"@type\":\"SearchAction\",\"target\":{\"@type\":\"EntryPoint\",\"urlTemplate\":\"https:\/\/portaltela.pt\/?s={search_term_string}\"},\"query-input\":{\"@type\":\"PropertyValueSpecification\",\"valueRequired\":true,\"valueName\":\"search_term_string\"}}],\"inLanguage\":\"pt-PT\"},{\"@type\":\"Person\",\"@id\":\"https:\/\/portaltela.pt\/#\/schema\/person\/c4278d4a6028830caff9ee44b42d32ed\",\"name\":\"Telinha\",\"image\":{\"@type\":\"ImageObject\",\"inLanguage\":\"pt-PT\",\"@id\":\"https:\/\/portaltela.pt\/s.01k8rhncp4jt1\/2025\/11\/talking-bot-125x125.png\",\"url\":\"https:\/\/portaltela.pt\/s.01k8rhncp4jt1\/2025\/11\/talking-bot-125x125.png\",\"contentUrl\":\"https:\/\/portaltela.pt\/s.01k8rhncp4jt1\/2025\/11\/talking-bot-125x125.png\",\"caption\":\"Telinha\"},\"sameAs\":[\"https:\/\/portaltela.pt\/\"],\"url\":\"https:\/\/portaltela.pt\/por\/367410592786\/\"}]}<\/script>\n<!-- \/ Yoast SEO plugin. -->","yoast_head_json":{"title":"Tempo de espera para primeira observa\u00e7\u00e3o diminuiu, diz a Ministra da Sa\u00fade - Portal Tela Portugal","robots":{"index":"index","follow":"follow","max-snippet":"max-snippet:-1","max-image-preview":"max-image-preview:large","max-video-preview":"max-video-preview:-1"},"og_locale":"pt_PT","og_type":"article","og_title":"Tempo de espera para primeira observa\u00e7\u00e3o diminuiu, diz a Ministra da Sa\u00fade - Portal Tela Portugal","og_description":"A ministra da Sa\u00fade, Ana Paula Martins, afirmou aos jornalistas no Hospital de Santa Luzia, em Viana do Castelo, que os tempos de espera para a primeira observa\u00e7\u00e3o diminu\u00edram este ano. Disse que o SNS est\u00e1 preparado para o que for necess\u00e1rio e rejeitou v\u00e1rias \u201cinverdades\u201d sobre o Servi\u00e7o Nacional de Sa\u00fade. Sobre mortalidade, afirmou que o excesso \u00e9 compar\u00e1vel a outros anos, nomeadamente 2022\/2023. Em rela\u00e7\u00e3o \u00e0 gripe, referiu um percurso longo e a necessidade de perceber como evolui o frio. Dados do INSA indicam mortalidade por todas as causas acima do previsto na semana 50, com excessos nas regi\u00f5es Norte, Centro e Algarve e entre quem tem mais de 75 anos.","og_url":"https:\/\/portaltela.pt\/noticias\/2026\/01\/19\/tempo-de-espera-para-primeira-observacao-diminuiu-diz-a-ministra-da-saude\/","og_site_name":"Portal Tela Portugal","article_published_time":"2026-01-19T19:36:04+00:00","author":"Telinha","twitter_card":"summary_large_image","twitter_misc":{"Escrito por":"Telinha","Tempo estimado de leitura":"1 minuto"},"schema":{"@context":"https:\/\/schema.org","@graph":[{"@type":"Article","@id":"https:\/\/portaltela.pt\/noticias\/2026\/01\/19\/tempo-de-espera-para-primeira-observacao-diminuiu-diz-a-ministra-da-saude\/#article","isPartOf":{"@id":"https:\/\/portaltela.pt\/noticias\/2026\/01\/19\/tempo-de-espera-para-primeira-observacao-diminuiu-diz-a-ministra-da-saude\/"},"author":{"name":"Telinha","@id":"https:\/\/portaltela.pt\/#\/schema\/person\/c4278d4a6028830caff9ee44b42d32ed"},"headline":"Tempo de espera para primeira observa\u00e7\u00e3o diminuiu, diz a Ministra da Sa\u00fade","datePublished":"2026-01-19T19:36:04+00:00","mainEntityOfPage":{"@id":"https:\/\/portaltela.pt\/noticias\/2026\/01\/19\/tempo-de-espera-para-primeira-observacao-diminuiu-diz-a-ministra-da-saude\/"},"wordCount":234,"image":{"@id":"https:\/\/portaltela.pt\/noticias\/2026\/01\/19\/tempo-de-espera-para-primeira-observacao-diminuiu-diz-a-ministra-da-saude\/#primaryimage"},"thumbnailUrl":"https:\/\/portaltela.pt\/s.01k8rhncp4jt1\/2026\/01\/Ressonacia_hospital_santarem_HDS-9.jpg","keywords":["gripe","hospitais","idosos","infe\u00e7\u00e3o respirat\u00f3ria","SNS","urg\u00eancias"],"articleSection":["Not\u00edcias"],"inLanguage":"pt-PT"},{"@type":"WebPage","@id":"https:\/\/portaltela.pt\/noticias\/2026\/01\/19\/tempo-de-espera-para-primeira-observacao-diminuiu-diz-a-ministra-da-saude\/","url":"https:\/\/portaltela.pt\/noticias\/2026\/01\/19\/tempo-de-espera-para-primeira-observacao-diminuiu-diz-a-ministra-da-saude\/","name":"Tempo de espera para primeira observa\u00e7\u00e3o diminuiu, diz a Ministra da Sa\u00fade - Portal Tela Portugal","isPartOf":{"@id":"https:\/\/portaltela.pt\/#website"},"primaryImageOfPage":{"@id":"https:\/\/portaltela.pt\/noticias\/2026\/01\/19\/tempo-de-espera-para-primeira-observacao-diminuiu-diz-a-ministra-da-saude\/#primaryimage"},"image":{"@id":"https:\/\/portaltela.pt\/noticias\/2026\/01\/19\/tempo-de-espera-para-primeira-observacao-diminuiu-diz-a-ministra-da-saude\/#primaryimage"},"thumbnailUrl":"https:\/\/portaltela.pt\/s.01k8rhncp4jt1\/2026\/01\/Ressonacia_hospital_santarem_HDS-9.jpg","datePublished":"2026-01-19T19:36:04+00:00","author":{"@id":"https:\/\/portaltela.pt\/#\/schema\/person\/c4278d4a6028830caff9ee44b42d32ed"},"breadcrumb":{"@id":"https:\/\/portaltela.pt\/noticias\/2026\/01\/19\/tempo-de-espera-para-primeira-observacao-diminuiu-diz-a-ministra-da-saude\/#breadcrumb"},"inLanguage":"pt-PT","potentialAction":[{"@type":"ReadAction","target":["https:\/\/portaltela.pt\/noticias\/2026\/01\/19\/tempo-de-espera-para-primeira-observacao-diminuiu-diz-a-ministra-da-saude\/"]}]},{"@type":"ImageObject","inLanguage":"pt-PT","@id":"https:\/\/portaltela.pt\/noticias\/2026\/01\/19\/tempo-de-espera-para-primeira-observacao-diminuiu-diz-a-ministra-da-saude\/#primaryimage","url":"https:\/\/portaltela.pt\/s.01k8rhncp4jt1\/2026\/01\/Ressonacia_hospital_santarem_HDS-9.jpg","contentUrl":"https:\/\/portaltela.pt\/s.01k8rhncp4jt1\/2026\/01\/Ressonacia_hospital_santarem_HDS-9.jpg","width":796,"height":448,"caption":"Ministra da Sa\u00fade diz que tempo de espera para primeira observa\u00e7\u00e3o diminuiu"},{"@type":"BreadcrumbList","@id":"https:\/\/portaltela.pt\/noticias\/2026\/01\/19\/tempo-de-espera-para-primeira-observacao-diminuiu-diz-a-ministra-da-saude\/#breadcrumb","itemListElement":[{"@type":"ListItem","position":1,"name":"In\u00edcio","item":"https:\/\/portaltela.pt\/"},{"@type":"ListItem","position":2,"name":"Tempo de espera para primeira observa\u00e7\u00e3o diminuiu, diz a Ministra da Sa\u00fade"}]},{"@type":"WebSite","@id":"https:\/\/portaltela.pt\/#website","url":"https:\/\/portaltela.pt\/","name":"Portal Tela Portugal","description":"","potentialAction":[{"@type":"SearchAction","target":{"@type":"EntryPoint","urlTemplate":"https:\/\/portaltela.pt\/?s={search_term_string}"},"query-input":{"@type":"PropertyValueSpecification","valueRequired":true,"valueName":"search_term_string"}}],"inLanguage":"pt-PT"},{"@type":"Person","@id":"https:\/\/portaltela.pt\/#\/schema\/person\/c4278d4a6028830caff9ee44b42d32ed","name":"Telinha","image":{"@type":"ImageObject","inLanguage":"pt-PT","@id":"https:\/\/portaltela.pt\/s.01k8rhncp4jt1\/2025\/11\/talking-bot-125x125.png","url":"https:\/\/portaltela.pt\/s.01k8rhncp4jt1\/2025\/11\/talking-bot-125x125.png","contentUrl":"https:\/\/portaltela.pt\/s.01k8rhncp4jt1\/2025\/11\/talking-bot-125x125.png","caption":"Telinha"},"sameAs":["https:\/\/portaltela.pt\/"],"url":"https:\/\/portaltela.pt\/por\/367410592786\/"}]}},"_links":{"self":[{"href":"https:\/\/portaltela.pt\/api\/wp\/v2\/posts\/154208","targetHints":{"allow":["GET"]}}],"collection":[{"href":"https:\/\/portaltela.pt\/api\/wp\/v2\/posts"}],"about":[{"href":"https:\/\/portaltela.pt\/api\/wp\/v2\/types\/post"}],"author":[{"embeddable":true,"href":"https:\/\/portaltela.pt\/api\/wp\/v2\/users\/2"}],"replies":[{"embeddable":true,"href":"https:\/\/portaltela.pt\/api\/wp\/v2\/comments?post=154208"}],"version-history":[{"count":0,"href":"https:\/\/portaltela.pt\/api\/wp\/v2\/posts\/154208\/revisions"}],"wp:featuredmedia":[{"embeddable":true,"href":"https:\/\/portaltela.pt\/api\/wp\/v2\/media\/154217"}],"wp:attachment":[{"href":"https:\/\/portaltela.pt\/api\/wp\/v2\/media?parent=154208"}],"wp:term":[{"taxonomy":"category","embeddable":true,"href":"https:\/\/portaltela.pt\/api\/wp\/v2\/categories?post=154208"},{"taxonomy":"post_tag","embeddable":true,"href":"https:\/\/portaltela.pt\/api\/wp\/v2\/tags?post=154208"}],"curies":[{"name":"wp","href":"https:\/\/api.w.org\/{rel}","templated":true}]}}