{"id":154118,"date":"2026-01-19T16:12:00","date_gmt":"2026-01-19T19:12:00","guid":{"rendered":"https:\/\/portaltela.pt\/noticias\/2026\/01\/19\/jovens-em-cotrim-e-mulheres-em-seguro-quem-votou-em-quem\/"},"modified":"2026-01-19T16:12:00","modified_gmt":"2026-01-19T19:12:00","slug":"jovens-em-cotrim-e-mulheres-em-seguro-quem-votou-em-quem","status":"publish","type":"post","link":"https:\/\/portaltela.pt\/noticias\/politica\/2026\/01\/19\/jovens-em-cotrim-e-mulheres-em-seguro-quem-votou-em-quem\/","title":{"rendered":"Jovens em Cotrim e mulheres em Seguro: quem votou em quem?"},"content":{"rendered":"<p>O estudo de boca de urna, com 5.522 entrevistados, revela como cada tema de voto se repartiu entre g\u00e9nero, idade e escolaridade. Seguro vence entre mulheres, com 36% dos votos, batendo Ventura por perto. Entre homens, Ventura sobe, mas Seguro continua \u00e0 frente no agregado.<\/p>\n<p>Cotrim de Figueiredo ficou acima de 18% entre homens e ficou pr\u00f3ximo de Seguro entre alguns grupos et\u00e1rios. Marques Mendes e Gouveia e Melo mostraram menor varia\u00e7\u00e3o entre g\u00e9neros, mantendo padr\u00f5es relativamente est\u00e1veis.<\/p>\n<p>Entre os jovens, Cotrim lidera com 30% e Seguro fica em 29%. Entre os mais velhos, Seguro domina com 35%, enquanto Ventura obt\u00e9m 19%. O cen\u00e1rio et\u00e1rio mostra desigualdades claras entre os candidatos no conjunto de 18 a 65+ anos.<\/p>\n<p>Na distribui\u00e7\u00e3o por escolaridade, Ventura obt\u00e9m 35% entre quem n\u00e3o concluiu o secund\u00e1rio e 31% entre quem tem ensino secund\u00e1rio. Entre licenciados, o Chega fica em 12%. Seguro lidera entre os que t\u00eam ensino superior (36%).<\/p>\n<p>Jo\u00e3o Cotrim de Figueiredo apresenta 23% entre licenciados, com menos express\u00e3o entre outros grupos. Seguro soma 36% entre superiores, superando Ventura no mesmo patamar. Marques Mendes e Gouveia e Melo mant\u00eam consist\u00eancia entre as tr\u00eas faixas de escolaridade.<\/p>\n<p>Seguro lidera em 225 concelhos, Ventura vence em 80, e Mendes em 3. Seguro ganha nos distritos onde a AD teve peso, com destaque para Castelo Branco e Coimbra. Ventura domina em Madeira e distritos do Sul, incluindo Faro e Portalegre.<\/p>\n<p>No estrangeiro, Ventura lidera com 41,9% dos votos, com fortes apoios na Su\u00ed\u00e7a, Fran\u00e7a e Brasil. Seguro vence na Alemanha e no Reino Unido. Cotrim vence em Espanha, registando 39,9%. O conjunto evidencia um mapa eleitoral diversificado por territ\u00f3rio.<\/p>\n","protected":false},"excerpt":{"rendered":"<ul>\n<li>Seguro \u00e9 o preferido entre o eleitorado feminino (36%), e Ventura apresenta vantagem entre homens, com cerca de seis pontos; Seguro lidera tamb\u00e9m entre os homens com 27% frente a 26% de Ventura.<\/li>\n<li>Cotrim de Figueiredo lidera entre os jovens, com 30%, enquanto Seguro fica pr\u00f3ximo (29%) neste grupo et\u00e1rio.<\/li>\n<li>Entre os mais velhos (mais de 65 anos) Seguro domina com 35%, e Ventura fica com 19% neste grupo.<\/li>\n<li>No que toca \u00e0 escolaridade, Ventura lidera entre quem n\u00e3o concluiu o ensino secund\u00e1rio (35%) e entre quem n\u00e3o tem curso superior (31%), tendo apenas 12% entre licenciados.<\/li>\n<li>Seguro venceu em 225 concelhos, Ventura em 80 e Marques Mendes em 3; Penamacor, terra de Seguro, foi um dos melhores resultados.<\/li>\n<\/ul>\n","protected":false},"author":2,"featured_media":154124,"comment_status":"closed","ping_status":"closed","sticky":false,"template":"","format":"standard","meta":{"footnotes":""},"categories":[1,5],"tags":[2655,2678,68,2890,2450,2558],"class_list":["post-154118","post","type-post","status-publish","format-standard","has-post-thumbnail","hentry","category-noticias","category-politica","tag-antonio-jose-seguro","tag-cotrim-de-figueiredo","tag-eleicoes","tag-gouveia-e-melo","tag-marques-mendes","tag-ventura"],"yoast_head":"<!-- This site is optimized with the Yoast SEO plugin v27.2 - https:\/\/yoast.com\/product\/yoast-seo-wordpress\/ -->\n<title>Jovens em Cotrim e mulheres em Seguro: quem votou em quem? - Portal Tela Portugal<\/title>\n<meta name=\"robots\" content=\"index, follow, max-snippet:-1, max-image-preview:large, max-video-preview:-1\" \/>\n<meta property=\"og:locale\" content=\"pt_PT\" \/>\n<meta property=\"og:type\" content=\"article\" \/>\n<meta property=\"og:title\" content=\"Jovens em Cotrim e mulheres em Seguro: quem votou em quem? - Portal Tela Portugal\" \/>\n<meta property=\"og:description\" content=\"Seguro \u00e9 o preferido entre o eleitorado feminino (36%), e Ventura apresenta vantagem entre homens, com cerca de seis pontos; Seguro lidera tamb\u00e9m entre os homens com 27% frente a 26% de Ventura. Cotrim de Figueiredo lidera entre os jovens, com 30%, enquanto Seguro fica pr\u00f3ximo (29%) neste grupo et\u00e1rio. Entre os mais velhos (mais de 65 anos) Seguro domina com 35%, e Ventura fica com 19% neste grupo. No que toca \u00e0 escolaridade, Ventura lidera entre quem n\u00e3o concluiu o ensino secund\u00e1rio (35%) e entre quem n\u00e3o tem curso superior (31%), tendo apenas 12% entre licenciados. Seguro venceu em 225 concelhos, Ventura em 80 e Marques Mendes em 3; Penamacor, terra de Seguro, foi um dos melhores resultados.\" \/>\n<meta property=\"og:url\" content=\"https:\/\/portaltela.pt\/noticias\/2026\/01\/19\/jovens-em-cotrim-e-mulheres-em-seguro-quem-votou-em-quem\/\" \/>\n<meta property=\"og:site_name\" content=\"Portal Tela Portugal\" \/>\n<meta property=\"article:published_time\" content=\"2026-01-19T19:12:00+00:00\" \/>\n<meta name=\"author\" content=\"Telinha\" \/>\n<meta name=\"twitter:card\" content=\"summary_large_image\" \/>\n<meta name=\"twitter:label1\" content=\"Escrito por\" \/>\n\t<meta name=\"twitter:data1\" content=\"Telinha\" \/>\n\t<meta name=\"twitter:label2\" content=\"Tempo estimado de leitura\" \/>\n\t<meta name=\"twitter:data2\" content=\"1 minuto\" \/>\n<script type=\"application\/ld+json\" class=\"yoast-schema-graph\">{\"@context\":\"https:\/\/schema.org\",\"@graph\":[{\"@type\":\"Article\",\"@id\":\"https:\/\/portaltela.pt\/noticias\/2026\/01\/19\/jovens-em-cotrim-e-mulheres-em-seguro-quem-votou-em-quem\/#article\",\"isPartOf\":{\"@id\":\"https:\/\/portaltela.pt\/noticias\/2026\/01\/19\/jovens-em-cotrim-e-mulheres-em-seguro-quem-votou-em-quem\/\"},\"author\":{\"name\":\"Telinha\",\"@id\":\"https:\/\/portaltela.pt\/#\/schema\/person\/c4278d4a6028830caff9ee44b42d32ed\"},\"headline\":\"Jovens em Cotrim e mulheres em Seguro: quem votou em quem?\",\"datePublished\":\"2026-01-19T19:12:00+00:00\",\"mainEntityOfPage\":{\"@id\":\"https:\/\/portaltela.pt\/noticias\/2026\/01\/19\/jovens-em-cotrim-e-mulheres-em-seguro-quem-votou-em-quem\/\"},\"wordCount\":286,\"image\":{\"@id\":\"https:\/\/portaltela.pt\/noticias\/2026\/01\/19\/jovens-em-cotrim-e-mulheres-em-seguro-quem-votou-em-quem\/#primaryimage\"},\"thumbnailUrl\":\"https:\/\/portaltela.pt\/s.01k8rhncp4jt1\/2026\/01\/jporfirio-debate-radios-presidenciais-02-01-02-6.jpg\",\"keywords\":[\"Ant\u00f3nio Jos\u00e9 Seguro\",\"Cotrim de Figueiredo\",\"elei\u00e7\u00f5es\",\"Gouveia e Melo\",\"Marques Mendes\",\"Ventura\"],\"articleSection\":[\"Not\u00edcias\",\"Pol\u00edtica\"],\"inLanguage\":\"pt-PT\"},{\"@type\":\"WebPage\",\"@id\":\"https:\/\/portaltela.pt\/noticias\/2026\/01\/19\/jovens-em-cotrim-e-mulheres-em-seguro-quem-votou-em-quem\/\",\"url\":\"https:\/\/portaltela.pt\/noticias\/2026\/01\/19\/jovens-em-cotrim-e-mulheres-em-seguro-quem-votou-em-quem\/\",\"name\":\"Jovens em Cotrim e mulheres em Seguro: quem votou em quem? - Portal Tela Portugal\",\"isPartOf\":{\"@id\":\"https:\/\/portaltela.pt\/#website\"},\"primaryImageOfPage\":{\"@id\":\"https:\/\/portaltela.pt\/noticias\/2026\/01\/19\/jovens-em-cotrim-e-mulheres-em-seguro-quem-votou-em-quem\/#primaryimage\"},\"image\":{\"@id\":\"https:\/\/portaltela.pt\/noticias\/2026\/01\/19\/jovens-em-cotrim-e-mulheres-em-seguro-quem-votou-em-quem\/#primaryimage\"},\"thumbnailUrl\":\"https:\/\/portaltela.pt\/s.01k8rhncp4jt1\/2026\/01\/jporfirio-debate-radios-presidenciais-02-01-02-6.jpg\",\"datePublished\":\"2026-01-19T19:12:00+00:00\",\"author\":{\"@id\":\"https:\/\/portaltela.pt\/#\/schema\/person\/c4278d4a6028830caff9ee44b42d32ed\"},\"breadcrumb\":{\"@id\":\"https:\/\/portaltela.pt\/noticias\/2026\/01\/19\/jovens-em-cotrim-e-mulheres-em-seguro-quem-votou-em-quem\/#breadcrumb\"},\"inLanguage\":\"pt-PT\",\"potentialAction\":[{\"@type\":\"ReadAction\",\"target\":[\"https:\/\/portaltela.pt\/noticias\/2026\/01\/19\/jovens-em-cotrim-e-mulheres-em-seguro-quem-votou-em-quem\/\"]}]},{\"@type\":\"ImageObject\",\"inLanguage\":\"pt-PT\",\"@id\":\"https:\/\/portaltela.pt\/noticias\/2026\/01\/19\/jovens-em-cotrim-e-mulheres-em-seguro-quem-votou-em-quem\/#primaryimage\",\"url\":\"https:\/\/portaltela.pt\/s.01k8rhncp4jt1\/2026\/01\/jporfirio-debate-radios-presidenciais-02-01-02-6.jpg\",\"contentUrl\":\"https:\/\/portaltela.pt\/s.01k8rhncp4jt1\/2026\/01\/jporfirio-debate-radios-presidenciais-02-01-02-6.jpg\",\"width\":796,\"height\":448,\"caption\":\"Photo\"},{\"@type\":\"BreadcrumbList\",\"@id\":\"https:\/\/portaltela.pt\/noticias\/2026\/01\/19\/jovens-em-cotrim-e-mulheres-em-seguro-quem-votou-em-quem\/#breadcrumb\",\"itemListElement\":[{\"@type\":\"ListItem\",\"position\":1,\"name\":\"In\u00edcio\",\"item\":\"https:\/\/portaltela.pt\/\"},{\"@type\":\"ListItem\",\"position\":2,\"name\":\"Jovens em Cotrim e mulheres em Seguro: quem votou em quem?\"}]},{\"@type\":\"WebSite\",\"@id\":\"https:\/\/portaltela.pt\/#website\",\"url\":\"https:\/\/portaltela.pt\/\",\"name\":\"Portal Tela Portugal\",\"description\":\"\",\"potentialAction\":[{\"@type\":\"SearchAction\",\"target\":{\"@type\":\"EntryPoint\",\"urlTemplate\":\"https:\/\/portaltela.pt\/?s={search_term_string}\"},\"query-input\":{\"@type\":\"PropertyValueSpecification\",\"valueRequired\":true,\"valueName\":\"search_term_string\"}}],\"inLanguage\":\"pt-PT\"},{\"@type\":\"Person\",\"@id\":\"https:\/\/portaltela.pt\/#\/schema\/person\/c4278d4a6028830caff9ee44b42d32ed\",\"name\":\"Telinha\",\"image\":{\"@type\":\"ImageObject\",\"inLanguage\":\"pt-PT\",\"@id\":\"https:\/\/portaltela.pt\/s.01k8rhncp4jt1\/2025\/11\/talking-bot-125x125.png\",\"url\":\"https:\/\/portaltela.pt\/s.01k8rhncp4jt1\/2025\/11\/talking-bot-125x125.png\",\"contentUrl\":\"https:\/\/portaltela.pt\/s.01k8rhncp4jt1\/2025\/11\/talking-bot-125x125.png\",\"caption\":\"Telinha\"},\"sameAs\":[\"https:\/\/portaltela.pt\/\"],\"url\":\"https:\/\/portaltela.pt\/por\/367410592786\/\"}]}<\/script>\n<!-- \/ Yoast SEO plugin. -->","yoast_head_json":{"title":"Jovens em Cotrim e mulheres em Seguro: quem votou em quem? - Portal Tela Portugal","robots":{"index":"index","follow":"follow","max-snippet":"max-snippet:-1","max-image-preview":"max-image-preview:large","max-video-preview":"max-video-preview:-1"},"og_locale":"pt_PT","og_type":"article","og_title":"Jovens em Cotrim e mulheres em Seguro: quem votou em quem? - Portal Tela Portugal","og_description":"Seguro \u00e9 o preferido entre o eleitorado feminino (36%), e Ventura apresenta vantagem entre homens, com cerca de seis pontos; Seguro lidera tamb\u00e9m entre os homens com 27% frente a 26% de Ventura. Cotrim de Figueiredo lidera entre os jovens, com 30%, enquanto Seguro fica pr\u00f3ximo (29%) neste grupo et\u00e1rio. Entre os mais velhos (mais de 65 anos) Seguro domina com 35%, e Ventura fica com 19% neste grupo. No que toca \u00e0 escolaridade, Ventura lidera entre quem n\u00e3o concluiu o ensino secund\u00e1rio (35%) e entre quem n\u00e3o tem curso superior (31%), tendo apenas 12% entre licenciados. Seguro venceu em 225 concelhos, Ventura em 80 e Marques Mendes em 3; Penamacor, terra de Seguro, foi um dos melhores resultados.","og_url":"https:\/\/portaltela.pt\/noticias\/2026\/01\/19\/jovens-em-cotrim-e-mulheres-em-seguro-quem-votou-em-quem\/","og_site_name":"Portal Tela Portugal","article_published_time":"2026-01-19T19:12:00+00:00","author":"Telinha","twitter_card":"summary_large_image","twitter_misc":{"Escrito por":"Telinha","Tempo estimado de leitura":"1 minuto"},"schema":{"@context":"https:\/\/schema.org","@graph":[{"@type":"Article","@id":"https:\/\/portaltela.pt\/noticias\/2026\/01\/19\/jovens-em-cotrim-e-mulheres-em-seguro-quem-votou-em-quem\/#article","isPartOf":{"@id":"https:\/\/portaltela.pt\/noticias\/2026\/01\/19\/jovens-em-cotrim-e-mulheres-em-seguro-quem-votou-em-quem\/"},"author":{"name":"Telinha","@id":"https:\/\/portaltela.pt\/#\/schema\/person\/c4278d4a6028830caff9ee44b42d32ed"},"headline":"Jovens em Cotrim e mulheres em Seguro: quem votou em quem?","datePublished":"2026-01-19T19:12:00+00:00","mainEntityOfPage":{"@id":"https:\/\/portaltela.pt\/noticias\/2026\/01\/19\/jovens-em-cotrim-e-mulheres-em-seguro-quem-votou-em-quem\/"},"wordCount":286,"image":{"@id":"https:\/\/portaltela.pt\/noticias\/2026\/01\/19\/jovens-em-cotrim-e-mulheres-em-seguro-quem-votou-em-quem\/#primaryimage"},"thumbnailUrl":"https:\/\/portaltela.pt\/s.01k8rhncp4jt1\/2026\/01\/jporfirio-debate-radios-presidenciais-02-01-02-6.jpg","keywords":["Ant\u00f3nio Jos\u00e9 Seguro","Cotrim de Figueiredo","elei\u00e7\u00f5es","Gouveia e Melo","Marques Mendes","Ventura"],"articleSection":["Not\u00edcias","Pol\u00edtica"],"inLanguage":"pt-PT"},{"@type":"WebPage","@id":"https:\/\/portaltela.pt\/noticias\/2026\/01\/19\/jovens-em-cotrim-e-mulheres-em-seguro-quem-votou-em-quem\/","url":"https:\/\/portaltela.pt\/noticias\/2026\/01\/19\/jovens-em-cotrim-e-mulheres-em-seguro-quem-votou-em-quem\/","name":"Jovens em Cotrim e mulheres em Seguro: quem votou em quem? - Portal Tela Portugal","isPartOf":{"@id":"https:\/\/portaltela.pt\/#website"},"primaryImageOfPage":{"@id":"https:\/\/portaltela.pt\/noticias\/2026\/01\/19\/jovens-em-cotrim-e-mulheres-em-seguro-quem-votou-em-quem\/#primaryimage"},"image":{"@id":"https:\/\/portaltela.pt\/noticias\/2026\/01\/19\/jovens-em-cotrim-e-mulheres-em-seguro-quem-votou-em-quem\/#primaryimage"},"thumbnailUrl":"https:\/\/portaltela.pt\/s.01k8rhncp4jt1\/2026\/01\/jporfirio-debate-radios-presidenciais-02-01-02-6.jpg","datePublished":"2026-01-19T19:12:00+00:00","author":{"@id":"https:\/\/portaltela.pt\/#\/schema\/person\/c4278d4a6028830caff9ee44b42d32ed"},"breadcrumb":{"@id":"https:\/\/portaltela.pt\/noticias\/2026\/01\/19\/jovens-em-cotrim-e-mulheres-em-seguro-quem-votou-em-quem\/#breadcrumb"},"inLanguage":"pt-PT","potentialAction":[{"@type":"ReadAction","target":["https:\/\/portaltela.pt\/noticias\/2026\/01\/19\/jovens-em-cotrim-e-mulheres-em-seguro-quem-votou-em-quem\/"]}]},{"@type":"ImageObject","inLanguage":"pt-PT","@id":"https:\/\/portaltela.pt\/noticias\/2026\/01\/19\/jovens-em-cotrim-e-mulheres-em-seguro-quem-votou-em-quem\/#primaryimage","url":"https:\/\/portaltela.pt\/s.01k8rhncp4jt1\/2026\/01\/jporfirio-debate-radios-presidenciais-02-01-02-6.jpg","contentUrl":"https:\/\/portaltela.pt\/s.01k8rhncp4jt1\/2026\/01\/jporfirio-debate-radios-presidenciais-02-01-02-6.jpg","width":796,"height":448,"caption":"Photo"},{"@type":"BreadcrumbList","@id":"https:\/\/portaltela.pt\/noticias\/2026\/01\/19\/jovens-em-cotrim-e-mulheres-em-seguro-quem-votou-em-quem\/#breadcrumb","itemListElement":[{"@type":"ListItem","position":1,"name":"In\u00edcio","item":"https:\/\/portaltela.pt\/"},{"@type":"ListItem","position":2,"name":"Jovens em Cotrim e mulheres em Seguro: quem votou em quem?"}]},{"@type":"WebSite","@id":"https:\/\/portaltela.pt\/#website","url":"https:\/\/portaltela.pt\/","name":"Portal Tela Portugal","description":"","potentialAction":[{"@type":"SearchAction","target":{"@type":"EntryPoint","urlTemplate":"https:\/\/portaltela.pt\/?s={search_term_string}"},"query-input":{"@type":"PropertyValueSpecification","valueRequired":true,"valueName":"search_term_string"}}],"inLanguage":"pt-PT"},{"@type":"Person","@id":"https:\/\/portaltela.pt\/#\/schema\/person\/c4278d4a6028830caff9ee44b42d32ed","name":"Telinha","image":{"@type":"ImageObject","inLanguage":"pt-PT","@id":"https:\/\/portaltela.pt\/s.01k8rhncp4jt1\/2025\/11\/talking-bot-125x125.png","url":"https:\/\/portaltela.pt\/s.01k8rhncp4jt1\/2025\/11\/talking-bot-125x125.png","contentUrl":"https:\/\/portaltela.pt\/s.01k8rhncp4jt1\/2025\/11\/talking-bot-125x125.png","caption":"Telinha"},"sameAs":["https:\/\/portaltela.pt\/"],"url":"https:\/\/portaltela.pt\/por\/367410592786\/"}]}},"_links":{"self":[{"href":"https:\/\/portaltela.pt\/api\/wp\/v2\/posts\/154118","targetHints":{"allow":["GET"]}}],"collection":[{"href":"https:\/\/portaltela.pt\/api\/wp\/v2\/posts"}],"about":[{"href":"https:\/\/portaltela.pt\/api\/wp\/v2\/types\/post"}],"author":[{"embeddable":true,"href":"https:\/\/portaltela.pt\/api\/wp\/v2\/users\/2"}],"replies":[{"embeddable":true,"href":"https:\/\/portaltela.pt\/api\/wp\/v2\/comments?post=154118"}],"version-history":[{"count":0,"href":"https:\/\/portaltela.pt\/api\/wp\/v2\/posts\/154118\/revisions"}],"wp:featuredmedia":[{"embeddable":true,"href":"https:\/\/portaltela.pt\/api\/wp\/v2\/media\/154124"}],"wp:attachment":[{"href":"https:\/\/portaltela.pt\/api\/wp\/v2\/media?parent=154118"}],"wp:term":[{"taxonomy":"category","embeddable":true,"href":"https:\/\/portaltela.pt\/api\/wp\/v2\/categories?post=154118"},{"taxonomy":"post_tag","embeddable":true,"href":"https:\/\/portaltela.pt\/api\/wp\/v2\/tags?post=154118"}],"curies":[{"name":"wp","href":"https:\/\/api.w.org\/{rel}","templated":true}]}}