{"id":154105,"date":"2026-01-19T16:23:00","date_gmt":"2026-01-19T19:23:00","guid":{"rendered":"https:\/\/portaltela.pt\/noticias\/2026\/01\/19\/relogio-de-arbeloa-deteta-ruido-excessivo-causado-pela-assobiadela-no-bernabeu\/"},"modified":"2026-01-19T16:23:00","modified_gmt":"2026-01-19T19:23:00","slug":"relogio-de-arbeloa-deteta-ruido-excessivo-causado-pela-assobiadela-no-bernabeu","status":"publish","type":"post","link":"https:\/\/portaltela.pt\/desporto\/futebol\/2026\/01\/19\/relogio-de-arbeloa-deteta-ruido-excessivo-causado-pela-assobiadela-no-bernabeu\/","title":{"rendered":"Rel\u00f3gio de Arbeloa deteta ru\u00eddo excessivo causado pela assobiadela no Bernab\u00e9u"},"content":{"rendered":"<p>Foi registada uma assobiadela monumental no Bernab\u00e9u, dirigida aos jogadores do Real Madrid antes do encontro com o Levante. O epis\u00f3dio ficou marcado pelo grau de ru\u00eddo existente no est\u00e1dio nesse momento.<\/p>\n<p>Quem est\u00e1 envolvido: o foco recai sobre o conjunto merengue e o p\u00fablico presente, com destaque para o treinador interino \u00c1lvaro Arbeloa. A curiosa imagem foi captada pelo fot\u00f3grafo Chema Rey para a Marca e mostra o Apple Watch do t\u00e9cnico a emitir alerta de ru\u00eddo.<\/p>\n<p>Quando e onde: o incidente ocorreu no est\u00e1dio Santiago Bernab\u00e9u, em Madrid, antes do jogo Real Madrid vs Levante. O rel\u00f3gio mostrou uma situa\u00e7\u00e3o de ru\u00eddo extremo, com aviso de que o ambiente ultrapassava 90 dB.<\/p>\n<p>Porqu\u00ea: a situa\u00e7\u00e3o traduz o protesto dos adeptos contra o desempenho ou escolhas do plantel, expressado atrav\u00e9s da press\u00e3o sonora. Apesar do n\u00edvel de ru\u00eddo elevado, n\u00e3o houve confirma\u00e7\u00e3o de que os assobios se prolongaram durante 30 minutos.<\/p>\n<p>Desdobramentos: a imagem tornou-se viral na imprensa desportiva, destacando a rea\u00e7\u00e3o da bancada. O rel\u00f3gio de Arbeloa, entretanto, n\u00e3o indica que o tempo de exposi\u00e7\u00e3o tenha atingido o limiar de meia hora.<\/p>\n","protected":false},"excerpt":{"rendered":"<ul>\n<li>O Bernab\u00e9u assobiou fortemente os jogadores do Real Madrid antes do jogo com o Levante, gerando ru\u00eddo intenso.<\/li>\n<li>O guarda N\u00facleo de Arbeloa (t\u00e9cnico interino) ficou associado ao epis\u00f3dio, que ficou registrado pela atua\u00e7\u00e3o do rel\u00f3gio do treinador.<\/li>\n<li>A imagem foi captada pelo fot\u00f3grafo Chema Rey e partilhada pela Marca.<\/li>\n<li>O Apple Watch de Arbeloa mostrou alerta: ambiente ruidoso, com n\u00edvel superior a 90 decib\u00e9is, o que pode causar perda auditiva tempor\u00e1ria ap\u00f3s cerca de trinta minutos de exposi\u00e7\u00e3o.<\/li>\n<li>Embora n\u00e3o tenha havido sessenta minutos de assobios, o rel\u00f3gio refletiu o n\u00edvel de ru\u00eddo, destacando o desagrado demonstrado pela assist\u00eancia do Bernab\u00e9u.<\/li>\n<\/ul>\n","protected":false},"author":2,"featured_media":154112,"comment_status":"closed","ping_status":"closed","sticky":false,"template":"","format":"standard","meta":{"footnotes":""},"categories":[21,24],"tags":[2955,152,32,3322,2714],"class_list":["post-154105","post","type-post","status-publish","format-standard","has-post-thumbnail","hentry","category-desporto","category-futebol","tag-alvaro-arbeloa","tag-desporto","tag-futebol","tag-levante","tag-real-madrid"],"yoast_head":"<!-- This site is optimized with the Yoast SEO plugin v27.2 - https:\/\/yoast.com\/product\/yoast-seo-wordpress\/ -->\n<title>Rel\u00f3gio de Arbeloa deteta ru\u00eddo excessivo causado pela assobiadela no Bernab\u00e9u - Portal Tela Portugal<\/title>\n<meta name=\"robots\" content=\"index, follow, max-snippet:-1, max-image-preview:large, max-video-preview:-1\" \/>\n<meta property=\"og:locale\" content=\"pt_PT\" \/>\n<meta property=\"og:type\" content=\"article\" \/>\n<meta property=\"og:title\" content=\"Rel\u00f3gio de Arbeloa deteta ru\u00eddo excessivo causado pela assobiadela no Bernab\u00e9u - Portal Tela Portugal\" \/>\n<meta property=\"og:description\" content=\"O Bernab\u00e9u assobiou fortemente os jogadores do Real Madrid antes do jogo com o Levante, gerando ru\u00eddo intenso. O guarda N\u00facleo de Arbeloa (t\u00e9cnico interino) ficou associado ao epis\u00f3dio, que ficou registrado pela atua\u00e7\u00e3o do rel\u00f3gio do treinador. A imagem foi captada pelo fot\u00f3grafo Chema Rey e partilhada pela Marca. O Apple Watch de Arbeloa mostrou alerta: ambiente ruidoso, com n\u00edvel superior a 90 decib\u00e9is, o que pode causar perda auditiva tempor\u00e1ria ap\u00f3s cerca de trinta minutos de exposi\u00e7\u00e3o. Embora n\u00e3o tenha havido sessenta minutos de assobios, o rel\u00f3gio refletiu o n\u00edvel de ru\u00eddo, destacando o desagrado demonstrado pela assist\u00eancia do Bernab\u00e9u.\" \/>\n<meta property=\"og:url\" content=\"https:\/\/portaltela.pt\/noticias\/2026\/01\/19\/relogio-de-arbeloa-deteta-ruido-excessivo-causado-pela-assobiadela-no-bernabeu\/\" \/>\n<meta property=\"og:site_name\" content=\"Portal Tela Portugal\" \/>\n<meta property=\"article:published_time\" content=\"2026-01-19T19:23:00+00:00\" \/>\n<meta name=\"author\" content=\"Telinha\" \/>\n<meta name=\"twitter:card\" content=\"summary_large_image\" \/>\n<meta name=\"twitter:label1\" content=\"Escrito por\" \/>\n\t<meta name=\"twitter:data1\" content=\"Telinha\" \/>\n\t<meta name=\"twitter:label2\" content=\"Tempo estimado de leitura\" \/>\n\t<meta name=\"twitter:data2\" content=\"1 minuto\" \/>\n<script type=\"application\/ld+json\" class=\"yoast-schema-graph\">{\"@context\":\"https:\/\/schema.org\",\"@graph\":[{\"@type\":\"Article\",\"@id\":\"https:\/\/portaltela.pt\/noticias\/2026\/01\/19\/relogio-de-arbeloa-deteta-ruido-excessivo-causado-pela-assobiadela-no-bernabeu\/#article\",\"isPartOf\":{\"@id\":\"https:\/\/portaltela.pt\/noticias\/2026\/01\/19\/relogio-de-arbeloa-deteta-ruido-excessivo-causado-pela-assobiadela-no-bernabeu\/\"},\"author\":{\"name\":\"Telinha\",\"@id\":\"https:\/\/portaltela.pt\/#\/schema\/person\/c4278d4a6028830caff9ee44b42d32ed\"},\"headline\":\"Rel\u00f3gio de Arbeloa deteta ru\u00eddo excessivo causado pela assobiadela no Bernab\u00e9u\",\"datePublished\":\"2026-01-19T19:23:00+00:00\",\"mainEntityOfPage\":{\"@id\":\"https:\/\/portaltela.pt\/noticias\/2026\/01\/19\/relogio-de-arbeloa-deteta-ruido-excessivo-causado-pela-assobiadela-no-bernabeu\/\"},\"wordCount\":220,\"image\":{\"@id\":\"https:\/\/portaltela.pt\/noticias\/2026\/01\/19\/relogio-de-arbeloa-deteta-ruido-excessivo-causado-pela-assobiadela-no-bernabeu\/#primaryimage\"},\"thumbnailUrl\":\"https:\/\/portaltela.pt\/s.01k8rhncp4jt1\/2026\/01\/img_1200x721uu2026-01-17-12-53-29-2415318-5.jpg\",\"keywords\":[\"\u00c1lvaro Arbeloa\",\"desporto\",\"futebol\",\"Levante\",\"Real Madrid\"],\"articleSection\":[\"Desporto\",\"Futebol\"],\"inLanguage\":\"pt-PT\"},{\"@type\":\"WebPage\",\"@id\":\"https:\/\/portaltela.pt\/noticias\/2026\/01\/19\/relogio-de-arbeloa-deteta-ruido-excessivo-causado-pela-assobiadela-no-bernabeu\/\",\"url\":\"https:\/\/portaltela.pt\/noticias\/2026\/01\/19\/relogio-de-arbeloa-deteta-ruido-excessivo-causado-pela-assobiadela-no-bernabeu\/\",\"name\":\"Rel\u00f3gio de Arbeloa deteta ru\u00eddo excessivo causado pela assobiadela no Bernab\u00e9u - Portal Tela Portugal\",\"isPartOf\":{\"@id\":\"https:\/\/portaltela.pt\/#website\"},\"primaryImageOfPage\":{\"@id\":\"https:\/\/portaltela.pt\/noticias\/2026\/01\/19\/relogio-de-arbeloa-deteta-ruido-excessivo-causado-pela-assobiadela-no-bernabeu\/#primaryimage\"},\"image\":{\"@id\":\"https:\/\/portaltela.pt\/noticias\/2026\/01\/19\/relogio-de-arbeloa-deteta-ruido-excessivo-causado-pela-assobiadela-no-bernabeu\/#primaryimage\"},\"thumbnailUrl\":\"https:\/\/portaltela.pt\/s.01k8rhncp4jt1\/2026\/01\/img_1200x721uu2026-01-17-12-53-29-2415318-5.jpg\",\"datePublished\":\"2026-01-19T19:23:00+00:00\",\"author\":{\"@id\":\"https:\/\/portaltela.pt\/#\/schema\/person\/c4278d4a6028830caff9ee44b42d32ed\"},\"breadcrumb\":{\"@id\":\"https:\/\/portaltela.pt\/noticias\/2026\/01\/19\/relogio-de-arbeloa-deteta-ruido-excessivo-causado-pela-assobiadela-no-bernabeu\/#breadcrumb\"},\"inLanguage\":\"pt-PT\",\"potentialAction\":[{\"@type\":\"ReadAction\",\"target\":[\"https:\/\/portaltela.pt\/noticias\/2026\/01\/19\/relogio-de-arbeloa-deteta-ruido-excessivo-causado-pela-assobiadela-no-bernabeu\/\"]}]},{\"@type\":\"ImageObject\",\"inLanguage\":\"pt-PT\",\"@id\":\"https:\/\/portaltela.pt\/noticias\/2026\/01\/19\/relogio-de-arbeloa-deteta-ruido-excessivo-causado-pela-assobiadela-no-bernabeu\/#primaryimage\",\"url\":\"https:\/\/portaltela.pt\/s.01k8rhncp4jt1\/2026\/01\/img_1200x721uu2026-01-17-12-53-29-2415318-5.jpg\",\"contentUrl\":\"https:\/\/portaltela.pt\/s.01k8rhncp4jt1\/2026\/01\/img_1200x721uu2026-01-17-12-53-29-2415318-5.jpg\",\"width\":796,\"height\":448,\"caption\":\"Imagem curiosa captada por fot\u00f3grafo do jornal 'Marca'\"},{\"@type\":\"BreadcrumbList\",\"@id\":\"https:\/\/portaltela.pt\/noticias\/2026\/01\/19\/relogio-de-arbeloa-deteta-ruido-excessivo-causado-pela-assobiadela-no-bernabeu\/#breadcrumb\",\"itemListElement\":[{\"@type\":\"ListItem\",\"position\":1,\"name\":\"In\u00edcio\",\"item\":\"https:\/\/portaltela.pt\/\"},{\"@type\":\"ListItem\",\"position\":2,\"name\":\"Rel\u00f3gio de Arbeloa deteta ru\u00eddo excessivo causado pela assobiadela no Bernab\u00e9u\"}]},{\"@type\":\"WebSite\",\"@id\":\"https:\/\/portaltela.pt\/#website\",\"url\":\"https:\/\/portaltela.pt\/\",\"name\":\"Portal Tela Portugal\",\"description\":\"\",\"potentialAction\":[{\"@type\":\"SearchAction\",\"target\":{\"@type\":\"EntryPoint\",\"urlTemplate\":\"https:\/\/portaltela.pt\/?s={search_term_string}\"},\"query-input\":{\"@type\":\"PropertyValueSpecification\",\"valueRequired\":true,\"valueName\":\"search_term_string\"}}],\"inLanguage\":\"pt-PT\"},{\"@type\":\"Person\",\"@id\":\"https:\/\/portaltela.pt\/#\/schema\/person\/c4278d4a6028830caff9ee44b42d32ed\",\"name\":\"Telinha\",\"image\":{\"@type\":\"ImageObject\",\"inLanguage\":\"pt-PT\",\"@id\":\"https:\/\/portaltela.pt\/s.01k8rhncp4jt1\/2025\/11\/talking-bot-125x125.png\",\"url\":\"https:\/\/portaltela.pt\/s.01k8rhncp4jt1\/2025\/11\/talking-bot-125x125.png\",\"contentUrl\":\"https:\/\/portaltela.pt\/s.01k8rhncp4jt1\/2025\/11\/talking-bot-125x125.png\",\"caption\":\"Telinha\"},\"sameAs\":[\"https:\/\/portaltela.pt\/\"],\"url\":\"https:\/\/portaltela.pt\/por\/367410592786\/\"}]}<\/script>\n<!-- \/ Yoast SEO plugin. -->","yoast_head_json":{"title":"Rel\u00f3gio de Arbeloa deteta ru\u00eddo excessivo causado pela assobiadela no Bernab\u00e9u - Portal Tela Portugal","robots":{"index":"index","follow":"follow","max-snippet":"max-snippet:-1","max-image-preview":"max-image-preview:large","max-video-preview":"max-video-preview:-1"},"og_locale":"pt_PT","og_type":"article","og_title":"Rel\u00f3gio de Arbeloa deteta ru\u00eddo excessivo causado pela assobiadela no Bernab\u00e9u - Portal Tela Portugal","og_description":"O Bernab\u00e9u assobiou fortemente os jogadores do Real Madrid antes do jogo com o Levante, gerando ru\u00eddo intenso. O guarda N\u00facleo de Arbeloa (t\u00e9cnico interino) ficou associado ao epis\u00f3dio, que ficou registrado pela atua\u00e7\u00e3o do rel\u00f3gio do treinador. A imagem foi captada pelo fot\u00f3grafo Chema Rey e partilhada pela Marca. O Apple Watch de Arbeloa mostrou alerta: ambiente ruidoso, com n\u00edvel superior a 90 decib\u00e9is, o que pode causar perda auditiva tempor\u00e1ria ap\u00f3s cerca de trinta minutos de exposi\u00e7\u00e3o. Embora n\u00e3o tenha havido sessenta minutos de assobios, o rel\u00f3gio refletiu o n\u00edvel de ru\u00eddo, destacando o desagrado demonstrado pela assist\u00eancia do Bernab\u00e9u.","og_url":"https:\/\/portaltela.pt\/noticias\/2026\/01\/19\/relogio-de-arbeloa-deteta-ruido-excessivo-causado-pela-assobiadela-no-bernabeu\/","og_site_name":"Portal Tela Portugal","article_published_time":"2026-01-19T19:23:00+00:00","author":"Telinha","twitter_card":"summary_large_image","twitter_misc":{"Escrito por":"Telinha","Tempo estimado de leitura":"1 minuto"},"schema":{"@context":"https:\/\/schema.org","@graph":[{"@type":"Article","@id":"https:\/\/portaltela.pt\/noticias\/2026\/01\/19\/relogio-de-arbeloa-deteta-ruido-excessivo-causado-pela-assobiadela-no-bernabeu\/#article","isPartOf":{"@id":"https:\/\/portaltela.pt\/noticias\/2026\/01\/19\/relogio-de-arbeloa-deteta-ruido-excessivo-causado-pela-assobiadela-no-bernabeu\/"},"author":{"name":"Telinha","@id":"https:\/\/portaltela.pt\/#\/schema\/person\/c4278d4a6028830caff9ee44b42d32ed"},"headline":"Rel\u00f3gio de Arbeloa deteta ru\u00eddo excessivo causado pela assobiadela no Bernab\u00e9u","datePublished":"2026-01-19T19:23:00+00:00","mainEntityOfPage":{"@id":"https:\/\/portaltela.pt\/noticias\/2026\/01\/19\/relogio-de-arbeloa-deteta-ruido-excessivo-causado-pela-assobiadela-no-bernabeu\/"},"wordCount":220,"image":{"@id":"https:\/\/portaltela.pt\/noticias\/2026\/01\/19\/relogio-de-arbeloa-deteta-ruido-excessivo-causado-pela-assobiadela-no-bernabeu\/#primaryimage"},"thumbnailUrl":"https:\/\/portaltela.pt\/s.01k8rhncp4jt1\/2026\/01\/img_1200x721uu2026-01-17-12-53-29-2415318-5.jpg","keywords":["\u00c1lvaro Arbeloa","desporto","futebol","Levante","Real Madrid"],"articleSection":["Desporto","Futebol"],"inLanguage":"pt-PT"},{"@type":"WebPage","@id":"https:\/\/portaltela.pt\/noticias\/2026\/01\/19\/relogio-de-arbeloa-deteta-ruido-excessivo-causado-pela-assobiadela-no-bernabeu\/","url":"https:\/\/portaltela.pt\/noticias\/2026\/01\/19\/relogio-de-arbeloa-deteta-ruido-excessivo-causado-pela-assobiadela-no-bernabeu\/","name":"Rel\u00f3gio de Arbeloa deteta ru\u00eddo excessivo causado pela assobiadela no Bernab\u00e9u - Portal Tela Portugal","isPartOf":{"@id":"https:\/\/portaltela.pt\/#website"},"primaryImageOfPage":{"@id":"https:\/\/portaltela.pt\/noticias\/2026\/01\/19\/relogio-de-arbeloa-deteta-ruido-excessivo-causado-pela-assobiadela-no-bernabeu\/#primaryimage"},"image":{"@id":"https:\/\/portaltela.pt\/noticias\/2026\/01\/19\/relogio-de-arbeloa-deteta-ruido-excessivo-causado-pela-assobiadela-no-bernabeu\/#primaryimage"},"thumbnailUrl":"https:\/\/portaltela.pt\/s.01k8rhncp4jt1\/2026\/01\/img_1200x721uu2026-01-17-12-53-29-2415318-5.jpg","datePublished":"2026-01-19T19:23:00+00:00","author":{"@id":"https:\/\/portaltela.pt\/#\/schema\/person\/c4278d4a6028830caff9ee44b42d32ed"},"breadcrumb":{"@id":"https:\/\/portaltela.pt\/noticias\/2026\/01\/19\/relogio-de-arbeloa-deteta-ruido-excessivo-causado-pela-assobiadela-no-bernabeu\/#breadcrumb"},"inLanguage":"pt-PT","potentialAction":[{"@type":"ReadAction","target":["https:\/\/portaltela.pt\/noticias\/2026\/01\/19\/relogio-de-arbeloa-deteta-ruido-excessivo-causado-pela-assobiadela-no-bernabeu\/"]}]},{"@type":"ImageObject","inLanguage":"pt-PT","@id":"https:\/\/portaltela.pt\/noticias\/2026\/01\/19\/relogio-de-arbeloa-deteta-ruido-excessivo-causado-pela-assobiadela-no-bernabeu\/#primaryimage","url":"https:\/\/portaltela.pt\/s.01k8rhncp4jt1\/2026\/01\/img_1200x721uu2026-01-17-12-53-29-2415318-5.jpg","contentUrl":"https:\/\/portaltela.pt\/s.01k8rhncp4jt1\/2026\/01\/img_1200x721uu2026-01-17-12-53-29-2415318-5.jpg","width":796,"height":448,"caption":"Imagem curiosa captada por fot\u00f3grafo do jornal 'Marca'"},{"@type":"BreadcrumbList","@id":"https:\/\/portaltela.pt\/noticias\/2026\/01\/19\/relogio-de-arbeloa-deteta-ruido-excessivo-causado-pela-assobiadela-no-bernabeu\/#breadcrumb","itemListElement":[{"@type":"ListItem","position":1,"name":"In\u00edcio","item":"https:\/\/portaltela.pt\/"},{"@type":"ListItem","position":2,"name":"Rel\u00f3gio de Arbeloa deteta ru\u00eddo excessivo causado pela assobiadela no Bernab\u00e9u"}]},{"@type":"WebSite","@id":"https:\/\/portaltela.pt\/#website","url":"https:\/\/portaltela.pt\/","name":"Portal Tela Portugal","description":"","potentialAction":[{"@type":"SearchAction","target":{"@type":"EntryPoint","urlTemplate":"https:\/\/portaltela.pt\/?s={search_term_string}"},"query-input":{"@type":"PropertyValueSpecification","valueRequired":true,"valueName":"search_term_string"}}],"inLanguage":"pt-PT"},{"@type":"Person","@id":"https:\/\/portaltela.pt\/#\/schema\/person\/c4278d4a6028830caff9ee44b42d32ed","name":"Telinha","image":{"@type":"ImageObject","inLanguage":"pt-PT","@id":"https:\/\/portaltela.pt\/s.01k8rhncp4jt1\/2025\/11\/talking-bot-125x125.png","url":"https:\/\/portaltela.pt\/s.01k8rhncp4jt1\/2025\/11\/talking-bot-125x125.png","contentUrl":"https:\/\/portaltela.pt\/s.01k8rhncp4jt1\/2025\/11\/talking-bot-125x125.png","caption":"Telinha"},"sameAs":["https:\/\/portaltela.pt\/"],"url":"https:\/\/portaltela.pt\/por\/367410592786\/"}]}},"_links":{"self":[{"href":"https:\/\/portaltela.pt\/api\/wp\/v2\/posts\/154105","targetHints":{"allow":["GET"]}}],"collection":[{"href":"https:\/\/portaltela.pt\/api\/wp\/v2\/posts"}],"about":[{"href":"https:\/\/portaltela.pt\/api\/wp\/v2\/types\/post"}],"author":[{"embeddable":true,"href":"https:\/\/portaltela.pt\/api\/wp\/v2\/users\/2"}],"replies":[{"embeddable":true,"href":"https:\/\/portaltela.pt\/api\/wp\/v2\/comments?post=154105"}],"version-history":[{"count":0,"href":"https:\/\/portaltela.pt\/api\/wp\/v2\/posts\/154105\/revisions"}],"wp:featuredmedia":[{"embeddable":true,"href":"https:\/\/portaltela.pt\/api\/wp\/v2\/media\/154112"}],"wp:attachment":[{"href":"https:\/\/portaltela.pt\/api\/wp\/v2\/media?parent=154105"}],"wp:term":[{"taxonomy":"category","embeddable":true,"href":"https:\/\/portaltela.pt\/api\/wp\/v2\/categories?post=154105"},{"taxonomy":"post_tag","embeddable":true,"href":"https:\/\/portaltela.pt\/api\/wp\/v2\/tags?post=154105"}],"curies":[{"name":"wp","href":"https:\/\/api.w.org\/{rel}","templated":true}]}}