{"id":154037,"date":"2026-01-18T20:54:37","date_gmt":"2026-01-18T23:54:37","guid":{"rendered":"https:\/\/portaltela.pt\/noticias\/2026\/01\/18\/pedro-santana-lopes-diz-que-estamos-em-estado-de-choque-e-vamos-digerir-isto\/"},"modified":"2026-01-18T20:54:37","modified_gmt":"2026-01-18T23:54:37","slug":"pedro-santana-lopes-diz-que-estamos-em-estado-de-choque-e-vamos-digerir-isto","status":"publish","type":"post","link":"https:\/\/portaltela.pt\/noticias\/politica\/2026\/01\/18\/pedro-santana-lopes-diz-que-estamos-em-estado-de-choque-e-vamos-digerir-isto\/","title":{"rendered":"Pedro Santana Lopes diz que estamos em estado de choque e vamos digerir isto"},"content":{"rendered":"<p>Pedro Santana Lopes reagiu, na noite de 18 de janeiro de 2026, \u00e0 primeira volta das elei\u00e7\u00f5es presidenciais, em direto no programa NOW. O comentador afirmou que o resultado deixou muitos em estado de choque e que ser\u00e1 necess\u00e1rio digerir o desfecho da vota\u00e7\u00e3o.<\/p>\n<p>A interven\u00e7\u00e3o decorreu durante o espa\u00e7o de an\u00e1lise pol\u00edtica do NOW, dirigido ao p\u00fablico que acompanha o escrut\u00ednio das elei\u00e7\u00f5es. Segundo Santana Lopes, a diferen\u00e7a entre os candidatos exige uma leitura cuidadosa dos dados oficiais.<\/p>\n<p>O objetivo da declara\u00e7\u00e3o foi explicar a rea\u00e7\u00e3o de diversos setores \u00e0 noite de escrut\u00ednio. O comentador sublinhou que ainda n\u00e3o existem conclus\u00f5es definitivas e que os pr\u00f3ximos passos dependem da atualiza\u00e7\u00e3o das informa\u00e7\u00f5es oficiais.<\/p>\n","protected":false},"excerpt":{"rendered":"<ul>\n<li>Pedro Santana Lopes comentou a primeira volta das presidenciais, em exclusiva no NOW.<\/li>\n<li>Disse: \u00abestamos todos em estado de choque e vamos ter que digerir isto\u00bb.<\/li>\n<li>A declara\u00e7\u00e3o foi proferida durante o coment\u00e1rio \u00e0 vota\u00e7\u00e3o no NOW.<\/li>\n<li>A not\u00edcia foca na rea\u00e7\u00e3o do pol\u00edtico \u00e0 situa\u00e7\u00e3o ap\u00f3s a primeira volta.<\/li>\n<li>A publica\u00e7\u00e3o destaca a repercuss\u00e3o do resultado entre os presentes.<\/li>\n<\/ul>\n","protected":false},"author":2,"featured_media":154092,"comment_status":"closed","ping_status":"closed","sticky":false,"template":"","format":"standard","meta":{"footnotes":""},"categories":[1,5],"tags":[2607,68,195,2832,30,2759],"class_list":["post-154037","post","type-post","status-publish","format-standard","has-post-thumbnail","hentry","category-noticias","category-politica","tag-comunicacao","tag-eleicoes","tag-informacao","tag-politica","tag-presidente","tag-santana-lopes"],"yoast_head":"<!-- This site is optimized with the Yoast SEO plugin v27.2 - https:\/\/yoast.com\/product\/yoast-seo-wordpress\/ -->\n<title>Pedro Santana Lopes diz que estamos em estado de choque e vamos digerir isto - Portal Tela Portugal<\/title>\n<meta name=\"robots\" content=\"index, follow, max-snippet:-1, max-image-preview:large, max-video-preview:-1\" \/>\n<meta property=\"og:locale\" content=\"pt_PT\" \/>\n<meta property=\"og:type\" content=\"article\" \/>\n<meta property=\"og:title\" content=\"Pedro Santana Lopes diz que estamos em estado de choque e vamos digerir isto - Portal Tela Portugal\" \/>\n<meta property=\"og:description\" content=\"Pedro Santana Lopes comentou a primeira volta das presidenciais, em exclusiva no NOW. Disse: \u00abestamos todos em estado de choque e vamos ter que digerir isto\u00bb. A declara\u00e7\u00e3o foi proferida durante o coment\u00e1rio \u00e0 vota\u00e7\u00e3o no NOW. A not\u00edcia foca na rea\u00e7\u00e3o do pol\u00edtico \u00e0 situa\u00e7\u00e3o ap\u00f3s a primeira volta. A publica\u00e7\u00e3o destaca a repercuss\u00e3o do resultado entre os presentes.\" \/>\n<meta property=\"og:url\" content=\"https:\/\/portaltela.pt\/noticias\/2026\/01\/18\/pedro-santana-lopes-diz-que-estamos-em-estado-de-choque-e-vamos-digerir-isto\/\" \/>\n<meta property=\"og:site_name\" content=\"Portal Tela Portugal\" \/>\n<meta property=\"article:published_time\" content=\"2026-01-18T23:54:37+00:00\" \/>\n<meta name=\"author\" content=\"Telinha\" \/>\n<meta name=\"twitter:card\" content=\"summary_large_image\" \/>\n<meta name=\"twitter:label1\" content=\"Escrito por\" \/>\n\t<meta name=\"twitter:data1\" content=\"Telinha\" \/>\n\t<meta name=\"twitter:label2\" content=\"Tempo estimado de leitura\" \/>\n\t<meta name=\"twitter:data2\" content=\"1 minuto\" \/>\n<script type=\"application\/ld+json\" class=\"yoast-schema-graph\">{\"@context\":\"https:\/\/schema.org\",\"@graph\":[{\"@type\":\"Article\",\"@id\":\"https:\/\/portaltela.pt\/noticias\/2026\/01\/18\/pedro-santana-lopes-diz-que-estamos-em-estado-de-choque-e-vamos-digerir-isto\/#article\",\"isPartOf\":{\"@id\":\"https:\/\/portaltela.pt\/noticias\/2026\/01\/18\/pedro-santana-lopes-diz-que-estamos-em-estado-de-choque-e-vamos-digerir-isto\/\"},\"author\":{\"name\":\"Telinha\",\"@id\":\"https:\/\/portaltela.pt\/#\/schema\/person\/c4278d4a6028830caff9ee44b42d32ed\"},\"headline\":\"Pedro Santana Lopes diz que estamos em estado de choque e vamos digerir isto\",\"datePublished\":\"2026-01-18T23:54:37+00:00\",\"mainEntityOfPage\":{\"@id\":\"https:\/\/portaltela.pt\/noticias\/2026\/01\/18\/pedro-santana-lopes-diz-que-estamos-em-estado-de-choque-e-vamos-digerir-isto\/\"},\"wordCount\":143,\"image\":{\"@id\":\"https:\/\/portaltela.pt\/noticias\/2026\/01\/18\/pedro-santana-lopes-diz-que-estamos-em-estado-de-choque-e-vamos-digerir-isto\/#primaryimage\"},\"thumbnailUrl\":\"https:\/\/portaltela.pt\/s.01k8rhncp4jt1\/2026\/01\/img_293x165uu2026-01-18-23-54-00-2415687-3.jpg\",\"keywords\":[\"comunica\u00e7\u00e3o\",\"elei\u00e7\u00f5es\",\"informa\u00e7\u00e3o\",\"pol\u00edtica\",\"presidente\",\"Santana Lopes\"],\"articleSection\":[\"Not\u00edcias\",\"Pol\u00edtica\"],\"inLanguage\":\"pt-PT\"},{\"@type\":\"WebPage\",\"@id\":\"https:\/\/portaltela.pt\/noticias\/2026\/01\/18\/pedro-santana-lopes-diz-que-estamos-em-estado-de-choque-e-vamos-digerir-isto\/\",\"url\":\"https:\/\/portaltela.pt\/noticias\/2026\/01\/18\/pedro-santana-lopes-diz-que-estamos-em-estado-de-choque-e-vamos-digerir-isto\/\",\"name\":\"Pedro Santana Lopes diz que estamos em estado de choque e vamos digerir isto - Portal Tela Portugal\",\"isPartOf\":{\"@id\":\"https:\/\/portaltela.pt\/#website\"},\"primaryImageOfPage\":{\"@id\":\"https:\/\/portaltela.pt\/noticias\/2026\/01\/18\/pedro-santana-lopes-diz-que-estamos-em-estado-de-choque-e-vamos-digerir-isto\/#primaryimage\"},\"image\":{\"@id\":\"https:\/\/portaltela.pt\/noticias\/2026\/01\/18\/pedro-santana-lopes-diz-que-estamos-em-estado-de-choque-e-vamos-digerir-isto\/#primaryimage\"},\"thumbnailUrl\":\"https:\/\/portaltela.pt\/s.01k8rhncp4jt1\/2026\/01\/img_293x165uu2026-01-18-23-54-00-2415687-3.jpg\",\"datePublished\":\"2026-01-18T23:54:37+00:00\",\"author\":{\"@id\":\"https:\/\/portaltela.pt\/#\/schema\/person\/c4278d4a6028830caff9ee44b42d32ed\"},\"breadcrumb\":{\"@id\":\"https:\/\/portaltela.pt\/noticias\/2026\/01\/18\/pedro-santana-lopes-diz-que-estamos-em-estado-de-choque-e-vamos-digerir-isto\/#breadcrumb\"},\"inLanguage\":\"pt-PT\",\"potentialAction\":[{\"@type\":\"ReadAction\",\"target\":[\"https:\/\/portaltela.pt\/noticias\/2026\/01\/18\/pedro-santana-lopes-diz-que-estamos-em-estado-de-choque-e-vamos-digerir-isto\/\"]}]},{\"@type\":\"ImageObject\",\"inLanguage\":\"pt-PT\",\"@id\":\"https:\/\/portaltela.pt\/noticias\/2026\/01\/18\/pedro-santana-lopes-diz-que-estamos-em-estado-de-choque-e-vamos-digerir-isto\/#primaryimage\",\"url\":\"https:\/\/portaltela.pt\/s.01k8rhncp4jt1\/2026\/01\/img_293x165uu2026-01-18-23-54-00-2415687-3.jpg\",\"contentUrl\":\"https:\/\/portaltela.pt\/s.01k8rhncp4jt1\/2026\/01\/img_293x165uu2026-01-18-23-54-00-2415687-3.jpg\",\"width\":796,\"height\":448,\"caption\":\"Pedro Santana Lopes: \u00abEstamos todos em estado de choque e vamos ter que digerir isto\u00bb\"},{\"@type\":\"BreadcrumbList\",\"@id\":\"https:\/\/portaltela.pt\/noticias\/2026\/01\/18\/pedro-santana-lopes-diz-que-estamos-em-estado-de-choque-e-vamos-digerir-isto\/#breadcrumb\",\"itemListElement\":[{\"@type\":\"ListItem\",\"position\":1,\"name\":\"In\u00edcio\",\"item\":\"https:\/\/portaltela.pt\/\"},{\"@type\":\"ListItem\",\"position\":2,\"name\":\"Pedro Santana Lopes diz que estamos em estado de choque e vamos digerir isto\"}]},{\"@type\":\"WebSite\",\"@id\":\"https:\/\/portaltela.pt\/#website\",\"url\":\"https:\/\/portaltela.pt\/\",\"name\":\"Portal Tela Portugal\",\"description\":\"\",\"potentialAction\":[{\"@type\":\"SearchAction\",\"target\":{\"@type\":\"EntryPoint\",\"urlTemplate\":\"https:\/\/portaltela.pt\/?s={search_term_string}\"},\"query-input\":{\"@type\":\"PropertyValueSpecification\",\"valueRequired\":true,\"valueName\":\"search_term_string\"}}],\"inLanguage\":\"pt-PT\"},{\"@type\":\"Person\",\"@id\":\"https:\/\/portaltela.pt\/#\/schema\/person\/c4278d4a6028830caff9ee44b42d32ed\",\"name\":\"Telinha\",\"image\":{\"@type\":\"ImageObject\",\"inLanguage\":\"pt-PT\",\"@id\":\"https:\/\/portaltela.pt\/s.01k8rhncp4jt1\/2025\/11\/talking-bot-125x125.png\",\"url\":\"https:\/\/portaltela.pt\/s.01k8rhncp4jt1\/2025\/11\/talking-bot-125x125.png\",\"contentUrl\":\"https:\/\/portaltela.pt\/s.01k8rhncp4jt1\/2025\/11\/talking-bot-125x125.png\",\"caption\":\"Telinha\"},\"sameAs\":[\"https:\/\/portaltela.pt\/\"],\"url\":\"https:\/\/portaltela.pt\/por\/367410592786\/\"}]}<\/script>\n<!-- \/ Yoast SEO plugin. -->","yoast_head_json":{"title":"Pedro Santana Lopes diz que estamos em estado de choque e vamos digerir isto - Portal Tela Portugal","robots":{"index":"index","follow":"follow","max-snippet":"max-snippet:-1","max-image-preview":"max-image-preview:large","max-video-preview":"max-video-preview:-1"},"og_locale":"pt_PT","og_type":"article","og_title":"Pedro Santana Lopes diz que estamos em estado de choque e vamos digerir isto - Portal Tela Portugal","og_description":"Pedro Santana Lopes comentou a primeira volta das presidenciais, em exclusiva no NOW. Disse: \u00abestamos todos em estado de choque e vamos ter que digerir isto\u00bb. A declara\u00e7\u00e3o foi proferida durante o coment\u00e1rio \u00e0 vota\u00e7\u00e3o no NOW. A not\u00edcia foca na rea\u00e7\u00e3o do pol\u00edtico \u00e0 situa\u00e7\u00e3o ap\u00f3s a primeira volta. A publica\u00e7\u00e3o destaca a repercuss\u00e3o do resultado entre os presentes.","og_url":"https:\/\/portaltela.pt\/noticias\/2026\/01\/18\/pedro-santana-lopes-diz-que-estamos-em-estado-de-choque-e-vamos-digerir-isto\/","og_site_name":"Portal Tela Portugal","article_published_time":"2026-01-18T23:54:37+00:00","author":"Telinha","twitter_card":"summary_large_image","twitter_misc":{"Escrito por":"Telinha","Tempo estimado de leitura":"1 minuto"},"schema":{"@context":"https:\/\/schema.org","@graph":[{"@type":"Article","@id":"https:\/\/portaltela.pt\/noticias\/2026\/01\/18\/pedro-santana-lopes-diz-que-estamos-em-estado-de-choque-e-vamos-digerir-isto\/#article","isPartOf":{"@id":"https:\/\/portaltela.pt\/noticias\/2026\/01\/18\/pedro-santana-lopes-diz-que-estamos-em-estado-de-choque-e-vamos-digerir-isto\/"},"author":{"name":"Telinha","@id":"https:\/\/portaltela.pt\/#\/schema\/person\/c4278d4a6028830caff9ee44b42d32ed"},"headline":"Pedro Santana Lopes diz que estamos em estado de choque e vamos digerir isto","datePublished":"2026-01-18T23:54:37+00:00","mainEntityOfPage":{"@id":"https:\/\/portaltela.pt\/noticias\/2026\/01\/18\/pedro-santana-lopes-diz-que-estamos-em-estado-de-choque-e-vamos-digerir-isto\/"},"wordCount":143,"image":{"@id":"https:\/\/portaltela.pt\/noticias\/2026\/01\/18\/pedro-santana-lopes-diz-que-estamos-em-estado-de-choque-e-vamos-digerir-isto\/#primaryimage"},"thumbnailUrl":"https:\/\/portaltela.pt\/s.01k8rhncp4jt1\/2026\/01\/img_293x165uu2026-01-18-23-54-00-2415687-3.jpg","keywords":["comunica\u00e7\u00e3o","elei\u00e7\u00f5es","informa\u00e7\u00e3o","pol\u00edtica","presidente","Santana Lopes"],"articleSection":["Not\u00edcias","Pol\u00edtica"],"inLanguage":"pt-PT"},{"@type":"WebPage","@id":"https:\/\/portaltela.pt\/noticias\/2026\/01\/18\/pedro-santana-lopes-diz-que-estamos-em-estado-de-choque-e-vamos-digerir-isto\/","url":"https:\/\/portaltela.pt\/noticias\/2026\/01\/18\/pedro-santana-lopes-diz-que-estamos-em-estado-de-choque-e-vamos-digerir-isto\/","name":"Pedro Santana Lopes diz que estamos em estado de choque e vamos digerir isto - Portal Tela Portugal","isPartOf":{"@id":"https:\/\/portaltela.pt\/#website"},"primaryImageOfPage":{"@id":"https:\/\/portaltela.pt\/noticias\/2026\/01\/18\/pedro-santana-lopes-diz-que-estamos-em-estado-de-choque-e-vamos-digerir-isto\/#primaryimage"},"image":{"@id":"https:\/\/portaltela.pt\/noticias\/2026\/01\/18\/pedro-santana-lopes-diz-que-estamos-em-estado-de-choque-e-vamos-digerir-isto\/#primaryimage"},"thumbnailUrl":"https:\/\/portaltela.pt\/s.01k8rhncp4jt1\/2026\/01\/img_293x165uu2026-01-18-23-54-00-2415687-3.jpg","datePublished":"2026-01-18T23:54:37+00:00","author":{"@id":"https:\/\/portaltela.pt\/#\/schema\/person\/c4278d4a6028830caff9ee44b42d32ed"},"breadcrumb":{"@id":"https:\/\/portaltela.pt\/noticias\/2026\/01\/18\/pedro-santana-lopes-diz-que-estamos-em-estado-de-choque-e-vamos-digerir-isto\/#breadcrumb"},"inLanguage":"pt-PT","potentialAction":[{"@type":"ReadAction","target":["https:\/\/portaltela.pt\/noticias\/2026\/01\/18\/pedro-santana-lopes-diz-que-estamos-em-estado-de-choque-e-vamos-digerir-isto\/"]}]},{"@type":"ImageObject","inLanguage":"pt-PT","@id":"https:\/\/portaltela.pt\/noticias\/2026\/01\/18\/pedro-santana-lopes-diz-que-estamos-em-estado-de-choque-e-vamos-digerir-isto\/#primaryimage","url":"https:\/\/portaltela.pt\/s.01k8rhncp4jt1\/2026\/01\/img_293x165uu2026-01-18-23-54-00-2415687-3.jpg","contentUrl":"https:\/\/portaltela.pt\/s.01k8rhncp4jt1\/2026\/01\/img_293x165uu2026-01-18-23-54-00-2415687-3.jpg","width":796,"height":448,"caption":"Pedro Santana Lopes: \u00abEstamos todos em estado de choque e vamos ter que digerir isto\u00bb"},{"@type":"BreadcrumbList","@id":"https:\/\/portaltela.pt\/noticias\/2026\/01\/18\/pedro-santana-lopes-diz-que-estamos-em-estado-de-choque-e-vamos-digerir-isto\/#breadcrumb","itemListElement":[{"@type":"ListItem","position":1,"name":"In\u00edcio","item":"https:\/\/portaltela.pt\/"},{"@type":"ListItem","position":2,"name":"Pedro Santana Lopes diz que estamos em estado de choque e vamos digerir isto"}]},{"@type":"WebSite","@id":"https:\/\/portaltela.pt\/#website","url":"https:\/\/portaltela.pt\/","name":"Portal Tela Portugal","description":"","potentialAction":[{"@type":"SearchAction","target":{"@type":"EntryPoint","urlTemplate":"https:\/\/portaltela.pt\/?s={search_term_string}"},"query-input":{"@type":"PropertyValueSpecification","valueRequired":true,"valueName":"search_term_string"}}],"inLanguage":"pt-PT"},{"@type":"Person","@id":"https:\/\/portaltela.pt\/#\/schema\/person\/c4278d4a6028830caff9ee44b42d32ed","name":"Telinha","image":{"@type":"ImageObject","inLanguage":"pt-PT","@id":"https:\/\/portaltela.pt\/s.01k8rhncp4jt1\/2025\/11\/talking-bot-125x125.png","url":"https:\/\/portaltela.pt\/s.01k8rhncp4jt1\/2025\/11\/talking-bot-125x125.png","contentUrl":"https:\/\/portaltela.pt\/s.01k8rhncp4jt1\/2025\/11\/talking-bot-125x125.png","caption":"Telinha"},"sameAs":["https:\/\/portaltela.pt\/"],"url":"https:\/\/portaltela.pt\/por\/367410592786\/"}]}},"_links":{"self":[{"href":"https:\/\/portaltela.pt\/api\/wp\/v2\/posts\/154037","targetHints":{"allow":["GET"]}}],"collection":[{"href":"https:\/\/portaltela.pt\/api\/wp\/v2\/posts"}],"about":[{"href":"https:\/\/portaltela.pt\/api\/wp\/v2\/types\/post"}],"author":[{"embeddable":true,"href":"https:\/\/portaltela.pt\/api\/wp\/v2\/users\/2"}],"replies":[{"embeddable":true,"href":"https:\/\/portaltela.pt\/api\/wp\/v2\/comments?post=154037"}],"version-history":[{"count":0,"href":"https:\/\/portaltela.pt\/api\/wp\/v2\/posts\/154037\/revisions"}],"wp:featuredmedia":[{"embeddable":true,"href":"https:\/\/portaltela.pt\/api\/wp\/v2\/media\/154092"}],"wp:attachment":[{"href":"https:\/\/portaltela.pt\/api\/wp\/v2\/media?parent=154037"}],"wp:term":[{"taxonomy":"category","embeddable":true,"href":"https:\/\/portaltela.pt\/api\/wp\/v2\/categories?post=154037"},{"taxonomy":"post_tag","embeddable":true,"href":"https:\/\/portaltela.pt\/api\/wp\/v2\/tags?post=154037"}],"curies":[{"name":"wp","href":"https:\/\/api.w.org\/{rel}","templated":true}]}}