{"id":154033,"date":"2026-01-19T09:18:24","date_gmt":"2026-01-19T12:18:24","guid":{"rendered":"https:\/\/portaltela.pt\/noticias\/2026\/01\/19\/tiago-araujo-estreia-se-a-marcar-pelo-gent-com-remate-de-106-km-h-4\/"},"modified":"2026-01-19T09:18:24","modified_gmt":"2026-01-19T12:18:24","slug":"tiago-araujo-estreia-se-a-marcar-pelo-gent-com-remate-de-106-km-h-4","status":"publish","type":"post","link":"https:\/\/portaltela.pt\/desporto\/futebol\/2026\/01\/19\/tiago-araujo-estreia-se-a-marcar-pelo-gent-com-remate-de-106-km-h-4\/","title":{"rendered":"Tiago Ara\u00fajo estreia-se a marcar pelo Gent com remate de 106 km\/h"},"content":{"rendered":"<p>O Gent venceu o Anderlecht por 4-2, este domingo, na Liga Belga, com Tiago Ara\u00fajo a marcar pela primeira vez pela equipa belga. O lateral-esquerdo marcou aos 81 minutos e garantiu a igualdade no marcador.<\/p>\n<p>Segundo a DAZN, o remate que fez tremer as redes atingiu 106 quil\u00f3metros por hora, um lance que evocou a mem\u00f3ria de Roberto Carlos. O golo de Ara\u00fajo respondeu a uma desvantagem anterior.<\/p>\n<p>Com o triunfo, o Gent subiu ao sexto lugar, somando 29 pontos na classifica\u00e7\u00e3o. O jogo destacou-se pela reviravolta e pela consist\u00eancia da equipa anfitri\u00e3 nos momentos cruciais do encontro.<\/p>\n","protected":false},"excerpt":{"rendered":"<ul>\n<li>O Gent venceu o Anderlecht por 4-2, em jogo da Liga belga.<\/li>\n<li>Tiago Ara\u00fajo estreou-se a marcar pela equipa belga, ao marcar o segundo golo aos 81 minutos.<\/li>\n<li>O remate de Ara\u00fajo foi um aut\u00eantico m\u00edssil que rep\u00f4s a igualdade no marcador.<\/li>\n<li>A velocidade do remate, segundo a DAZN, atingiu 106 quil\u00f3metros por hora.<\/li>\n<li>Com o triunfo, o Gent subiu ao sexto lugar, com 29 pontos.<\/li>\n<\/ul>\n","protected":false},"author":2,"featured_media":154062,"comment_status":"closed","ping_status":"closed","sticky":false,"template":"","format":"standard","meta":{"footnotes":""},"categories":[21,24],"tags":[2726,186,32,1786],"class_list":["post-154033","post","type-post","status-publish","format-standard","has-post-thumbnail","hentry","category-desporto","category-futebol","tag-anderlecht","tag-desportos","tag-futebol","tag-liga"],"yoast_head":"<!-- This site is optimized with the Yoast SEO plugin v27.2 - https:\/\/yoast.com\/product\/yoast-seo-wordpress\/ -->\n<title>Tiago Ara\u00fajo estreia-se a marcar pelo Gent com remate de 106 km\/h - Portal Tela Portugal<\/title>\n<meta name=\"robots\" content=\"index, follow, max-snippet:-1, max-image-preview:large, max-video-preview:-1\" \/>\n<meta property=\"og:locale\" content=\"pt_PT\" \/>\n<meta property=\"og:type\" content=\"article\" \/>\n<meta property=\"og:title\" content=\"Tiago Ara\u00fajo estreia-se a marcar pelo Gent com remate de 106 km\/h - Portal Tela Portugal\" \/>\n<meta property=\"og:description\" content=\"O Gent venceu o Anderlecht por 4-2, em jogo da Liga belga. Tiago Ara\u00fajo estreou-se a marcar pela equipa belga, ao marcar o segundo golo aos 81 minutos. O remate de Ara\u00fajo foi um aut\u00eantico m\u00edssil que rep\u00f4s a igualdade no marcador. A velocidade do remate, segundo a DAZN, atingiu 106 quil\u00f3metros por hora. Com o triunfo, o Gent subiu ao sexto lugar, com 29 pontos.\" \/>\n<meta property=\"og:url\" content=\"https:\/\/portaltela.pt\/noticias\/2026\/01\/19\/tiago-araujo-estreia-se-a-marcar-pelo-gent-com-remate-de-106-km-h-4\/\" \/>\n<meta property=\"og:site_name\" content=\"Portal Tela Portugal\" \/>\n<meta property=\"article:published_time\" content=\"2026-01-19T12:18:24+00:00\" \/>\n<meta name=\"author\" content=\"Telinha\" \/>\n<meta name=\"twitter:card\" content=\"summary_large_image\" \/>\n<meta name=\"twitter:label1\" content=\"Escrito por\" \/>\n\t<meta name=\"twitter:data1\" content=\"Telinha\" \/>\n\t<meta name=\"twitter:label2\" content=\"Tempo estimado de leitura\" \/>\n\t<meta name=\"twitter:data2\" content=\"1 minuto\" \/>\n<script type=\"application\/ld+json\" class=\"yoast-schema-graph\">{\"@context\":\"https:\/\/schema.org\",\"@graph\":[{\"@type\":\"Article\",\"@id\":\"https:\/\/portaltela.pt\/noticias\/2026\/01\/19\/tiago-araujo-estreia-se-a-marcar-pelo-gent-com-remate-de-106-km-h-4\/#article\",\"isPartOf\":{\"@id\":\"https:\/\/portaltela.pt\/noticias\/2026\/01\/19\/tiago-araujo-estreia-se-a-marcar-pelo-gent-com-remate-de-106-km-h-4\/\"},\"author\":{\"name\":\"Telinha\",\"@id\":\"https:\/\/portaltela.pt\/#\/schema\/person\/c4278d4a6028830caff9ee44b42d32ed\"},\"headline\":\"Tiago Ara\u00fajo estreia-se a marcar pelo Gent com remate de 106 km\/h\",\"datePublished\":\"2026-01-19T12:18:24+00:00\",\"mainEntityOfPage\":{\"@id\":\"https:\/\/portaltela.pt\/noticias\/2026\/01\/19\/tiago-araujo-estreia-se-a-marcar-pelo-gent-com-remate-de-106-km-h-4\/\"},\"wordCount\":114,\"image\":{\"@id\":\"https:\/\/portaltela.pt\/noticias\/2026\/01\/19\/tiago-araujo-estreia-se-a-marcar-pelo-gent-com-remate-de-106-km-h-4\/#primaryimage\"},\"thumbnailUrl\":\"https:\/\/portaltela.pt\/s.01k8rhncp4jt1\/2026\/01\/img_920x518uu2026-01-19-12-10-13-2415729-3.jpg\",\"keywords\":[\"Anderlecht\",\"desportos\",\"futebol\",\"Liga\"],\"articleSection\":[\"Desporto\",\"Futebol\"],\"inLanguage\":\"pt-PT\"},{\"@type\":\"WebPage\",\"@id\":\"https:\/\/portaltela.pt\/noticias\/2026\/01\/19\/tiago-araujo-estreia-se-a-marcar-pelo-gent-com-remate-de-106-km-h-4\/\",\"url\":\"https:\/\/portaltela.pt\/noticias\/2026\/01\/19\/tiago-araujo-estreia-se-a-marcar-pelo-gent-com-remate-de-106-km-h-4\/\",\"name\":\"Tiago Ara\u00fajo estreia-se a marcar pelo Gent com remate de 106 km\/h - Portal Tela Portugal\",\"isPartOf\":{\"@id\":\"https:\/\/portaltela.pt\/#website\"},\"primaryImageOfPage\":{\"@id\":\"https:\/\/portaltela.pt\/noticias\/2026\/01\/19\/tiago-araujo-estreia-se-a-marcar-pelo-gent-com-remate-de-106-km-h-4\/#primaryimage\"},\"image\":{\"@id\":\"https:\/\/portaltela.pt\/noticias\/2026\/01\/19\/tiago-araujo-estreia-se-a-marcar-pelo-gent-com-remate-de-106-km-h-4\/#primaryimage\"},\"thumbnailUrl\":\"https:\/\/portaltela.pt\/s.01k8rhncp4jt1\/2026\/01\/img_920x518uu2026-01-19-12-10-13-2415729-3.jpg\",\"datePublished\":\"2026-01-19T12:18:24+00:00\",\"author\":{\"@id\":\"https:\/\/portaltela.pt\/#\/schema\/person\/c4278d4a6028830caff9ee44b42d32ed\"},\"breadcrumb\":{\"@id\":\"https:\/\/portaltela.pt\/noticias\/2026\/01\/19\/tiago-araujo-estreia-se-a-marcar-pelo-gent-com-remate-de-106-km-h-4\/#breadcrumb\"},\"inLanguage\":\"pt-PT\",\"potentialAction\":[{\"@type\":\"ReadAction\",\"target\":[\"https:\/\/portaltela.pt\/noticias\/2026\/01\/19\/tiago-araujo-estreia-se-a-marcar-pelo-gent-com-remate-de-106-km-h-4\/\"]}]},{\"@type\":\"ImageObject\",\"inLanguage\":\"pt-PT\",\"@id\":\"https:\/\/portaltela.pt\/noticias\/2026\/01\/19\/tiago-araujo-estreia-se-a-marcar-pelo-gent-com-remate-de-106-km-h-4\/#primaryimage\",\"url\":\"https:\/\/portaltela.pt\/s.01k8rhncp4jt1\/2026\/01\/img_920x518uu2026-01-19-12-10-13-2415729-3.jpg\",\"contentUrl\":\"https:\/\/portaltela.pt\/s.01k8rhncp4jt1\/2026\/01\/img_920x518uu2026-01-19-12-10-13-2415729-3.jpg\",\"width\":796,\"height\":448,\"caption\":\"Golo de Tiago Ara\u00fajo frente ao Anderlecht\"},{\"@type\":\"BreadcrumbList\",\"@id\":\"https:\/\/portaltela.pt\/noticias\/2026\/01\/19\/tiago-araujo-estreia-se-a-marcar-pelo-gent-com-remate-de-106-km-h-4\/#breadcrumb\",\"itemListElement\":[{\"@type\":\"ListItem\",\"position\":1,\"name\":\"In\u00edcio\",\"item\":\"https:\/\/portaltela.pt\/\"},{\"@type\":\"ListItem\",\"position\":2,\"name\":\"Tiago Ara\u00fajo estreia-se a marcar pelo Gent com remate de 106 km\/h\"}]},{\"@type\":\"WebSite\",\"@id\":\"https:\/\/portaltela.pt\/#website\",\"url\":\"https:\/\/portaltela.pt\/\",\"name\":\"Portal Tela Portugal\",\"description\":\"\",\"potentialAction\":[{\"@type\":\"SearchAction\",\"target\":{\"@type\":\"EntryPoint\",\"urlTemplate\":\"https:\/\/portaltela.pt\/?s={search_term_string}\"},\"query-input\":{\"@type\":\"PropertyValueSpecification\",\"valueRequired\":true,\"valueName\":\"search_term_string\"}}],\"inLanguage\":\"pt-PT\"},{\"@type\":\"Person\",\"@id\":\"https:\/\/portaltela.pt\/#\/schema\/person\/c4278d4a6028830caff9ee44b42d32ed\",\"name\":\"Telinha\",\"image\":{\"@type\":\"ImageObject\",\"inLanguage\":\"pt-PT\",\"@id\":\"https:\/\/portaltela.pt\/s.01k8rhncp4jt1\/2025\/11\/talking-bot-125x125.png\",\"url\":\"https:\/\/portaltela.pt\/s.01k8rhncp4jt1\/2025\/11\/talking-bot-125x125.png\",\"contentUrl\":\"https:\/\/portaltela.pt\/s.01k8rhncp4jt1\/2025\/11\/talking-bot-125x125.png\",\"caption\":\"Telinha\"},\"sameAs\":[\"https:\/\/portaltela.pt\/\"],\"url\":\"https:\/\/portaltela.pt\/por\/367410592786\/\"}]}<\/script>\n<!-- \/ Yoast SEO plugin. -->","yoast_head_json":{"title":"Tiago Ara\u00fajo estreia-se a marcar pelo Gent com remate de 106 km\/h - Portal Tela Portugal","robots":{"index":"index","follow":"follow","max-snippet":"max-snippet:-1","max-image-preview":"max-image-preview:large","max-video-preview":"max-video-preview:-1"},"og_locale":"pt_PT","og_type":"article","og_title":"Tiago Ara\u00fajo estreia-se a marcar pelo Gent com remate de 106 km\/h - Portal Tela Portugal","og_description":"O Gent venceu o Anderlecht por 4-2, em jogo da Liga belga. Tiago Ara\u00fajo estreou-se a marcar pela equipa belga, ao marcar o segundo golo aos 81 minutos. O remate de Ara\u00fajo foi um aut\u00eantico m\u00edssil que rep\u00f4s a igualdade no marcador. A velocidade do remate, segundo a DAZN, atingiu 106 quil\u00f3metros por hora. Com o triunfo, o Gent subiu ao sexto lugar, com 29 pontos.","og_url":"https:\/\/portaltela.pt\/noticias\/2026\/01\/19\/tiago-araujo-estreia-se-a-marcar-pelo-gent-com-remate-de-106-km-h-4\/","og_site_name":"Portal Tela Portugal","article_published_time":"2026-01-19T12:18:24+00:00","author":"Telinha","twitter_card":"summary_large_image","twitter_misc":{"Escrito por":"Telinha","Tempo estimado de leitura":"1 minuto"},"schema":{"@context":"https:\/\/schema.org","@graph":[{"@type":"Article","@id":"https:\/\/portaltela.pt\/noticias\/2026\/01\/19\/tiago-araujo-estreia-se-a-marcar-pelo-gent-com-remate-de-106-km-h-4\/#article","isPartOf":{"@id":"https:\/\/portaltela.pt\/noticias\/2026\/01\/19\/tiago-araujo-estreia-se-a-marcar-pelo-gent-com-remate-de-106-km-h-4\/"},"author":{"name":"Telinha","@id":"https:\/\/portaltela.pt\/#\/schema\/person\/c4278d4a6028830caff9ee44b42d32ed"},"headline":"Tiago Ara\u00fajo estreia-se a marcar pelo Gent com remate de 106 km\/h","datePublished":"2026-01-19T12:18:24+00:00","mainEntityOfPage":{"@id":"https:\/\/portaltela.pt\/noticias\/2026\/01\/19\/tiago-araujo-estreia-se-a-marcar-pelo-gent-com-remate-de-106-km-h-4\/"},"wordCount":114,"image":{"@id":"https:\/\/portaltela.pt\/noticias\/2026\/01\/19\/tiago-araujo-estreia-se-a-marcar-pelo-gent-com-remate-de-106-km-h-4\/#primaryimage"},"thumbnailUrl":"https:\/\/portaltela.pt\/s.01k8rhncp4jt1\/2026\/01\/img_920x518uu2026-01-19-12-10-13-2415729-3.jpg","keywords":["Anderlecht","desportos","futebol","Liga"],"articleSection":["Desporto","Futebol"],"inLanguage":"pt-PT"},{"@type":"WebPage","@id":"https:\/\/portaltela.pt\/noticias\/2026\/01\/19\/tiago-araujo-estreia-se-a-marcar-pelo-gent-com-remate-de-106-km-h-4\/","url":"https:\/\/portaltela.pt\/noticias\/2026\/01\/19\/tiago-araujo-estreia-se-a-marcar-pelo-gent-com-remate-de-106-km-h-4\/","name":"Tiago Ara\u00fajo estreia-se a marcar pelo Gent com remate de 106 km\/h - Portal Tela Portugal","isPartOf":{"@id":"https:\/\/portaltela.pt\/#website"},"primaryImageOfPage":{"@id":"https:\/\/portaltela.pt\/noticias\/2026\/01\/19\/tiago-araujo-estreia-se-a-marcar-pelo-gent-com-remate-de-106-km-h-4\/#primaryimage"},"image":{"@id":"https:\/\/portaltela.pt\/noticias\/2026\/01\/19\/tiago-araujo-estreia-se-a-marcar-pelo-gent-com-remate-de-106-km-h-4\/#primaryimage"},"thumbnailUrl":"https:\/\/portaltela.pt\/s.01k8rhncp4jt1\/2026\/01\/img_920x518uu2026-01-19-12-10-13-2415729-3.jpg","datePublished":"2026-01-19T12:18:24+00:00","author":{"@id":"https:\/\/portaltela.pt\/#\/schema\/person\/c4278d4a6028830caff9ee44b42d32ed"},"breadcrumb":{"@id":"https:\/\/portaltela.pt\/noticias\/2026\/01\/19\/tiago-araujo-estreia-se-a-marcar-pelo-gent-com-remate-de-106-km-h-4\/#breadcrumb"},"inLanguage":"pt-PT","potentialAction":[{"@type":"ReadAction","target":["https:\/\/portaltela.pt\/noticias\/2026\/01\/19\/tiago-araujo-estreia-se-a-marcar-pelo-gent-com-remate-de-106-km-h-4\/"]}]},{"@type":"ImageObject","inLanguage":"pt-PT","@id":"https:\/\/portaltela.pt\/noticias\/2026\/01\/19\/tiago-araujo-estreia-se-a-marcar-pelo-gent-com-remate-de-106-km-h-4\/#primaryimage","url":"https:\/\/portaltela.pt\/s.01k8rhncp4jt1\/2026\/01\/img_920x518uu2026-01-19-12-10-13-2415729-3.jpg","contentUrl":"https:\/\/portaltela.pt\/s.01k8rhncp4jt1\/2026\/01\/img_920x518uu2026-01-19-12-10-13-2415729-3.jpg","width":796,"height":448,"caption":"Golo de Tiago Ara\u00fajo frente ao Anderlecht"},{"@type":"BreadcrumbList","@id":"https:\/\/portaltela.pt\/noticias\/2026\/01\/19\/tiago-araujo-estreia-se-a-marcar-pelo-gent-com-remate-de-106-km-h-4\/#breadcrumb","itemListElement":[{"@type":"ListItem","position":1,"name":"In\u00edcio","item":"https:\/\/portaltela.pt\/"},{"@type":"ListItem","position":2,"name":"Tiago Ara\u00fajo estreia-se a marcar pelo Gent com remate de 106 km\/h"}]},{"@type":"WebSite","@id":"https:\/\/portaltela.pt\/#website","url":"https:\/\/portaltela.pt\/","name":"Portal Tela Portugal","description":"","potentialAction":[{"@type":"SearchAction","target":{"@type":"EntryPoint","urlTemplate":"https:\/\/portaltela.pt\/?s={search_term_string}"},"query-input":{"@type":"PropertyValueSpecification","valueRequired":true,"valueName":"search_term_string"}}],"inLanguage":"pt-PT"},{"@type":"Person","@id":"https:\/\/portaltela.pt\/#\/schema\/person\/c4278d4a6028830caff9ee44b42d32ed","name":"Telinha","image":{"@type":"ImageObject","inLanguage":"pt-PT","@id":"https:\/\/portaltela.pt\/s.01k8rhncp4jt1\/2025\/11\/talking-bot-125x125.png","url":"https:\/\/portaltela.pt\/s.01k8rhncp4jt1\/2025\/11\/talking-bot-125x125.png","contentUrl":"https:\/\/portaltela.pt\/s.01k8rhncp4jt1\/2025\/11\/talking-bot-125x125.png","caption":"Telinha"},"sameAs":["https:\/\/portaltela.pt\/"],"url":"https:\/\/portaltela.pt\/por\/367410592786\/"}]}},"_links":{"self":[{"href":"https:\/\/portaltela.pt\/api\/wp\/v2\/posts\/154033","targetHints":{"allow":["GET"]}}],"collection":[{"href":"https:\/\/portaltela.pt\/api\/wp\/v2\/posts"}],"about":[{"href":"https:\/\/portaltela.pt\/api\/wp\/v2\/types\/post"}],"author":[{"embeddable":true,"href":"https:\/\/portaltela.pt\/api\/wp\/v2\/users\/2"}],"replies":[{"embeddable":true,"href":"https:\/\/portaltela.pt\/api\/wp\/v2\/comments?post=154033"}],"version-history":[{"count":0,"href":"https:\/\/portaltela.pt\/api\/wp\/v2\/posts\/154033\/revisions"}],"wp:featuredmedia":[{"embeddable":true,"href":"https:\/\/portaltela.pt\/api\/wp\/v2\/media\/154062"}],"wp:attachment":[{"href":"https:\/\/portaltela.pt\/api\/wp\/v2\/media?parent=154033"}],"wp:term":[{"taxonomy":"category","embeddable":true,"href":"https:\/\/portaltela.pt\/api\/wp\/v2\/categories?post=154033"},{"taxonomy":"post_tag","embeddable":true,"href":"https:\/\/portaltela.pt\/api\/wp\/v2\/tags?post=154033"}],"curies":[{"name":"wp","href":"https:\/\/api.w.org\/{rel}","templated":true}]}}