{"id":153965,"date":"2026-01-19T15:54:00","date_gmt":"2026-01-19T18:54:00","guid":{"rendered":"https:\/\/portaltela.pt\/noticias\/2026\/01\/19\/luis-enrique-comenta-ausencia-de-joao-neves-se-fosse-uma-final-jogaria\/"},"modified":"2026-01-19T15:54:00","modified_gmt":"2026-01-19T18:54:00","slug":"luis-enrique-comenta-ausencia-de-joao-neves-se-fosse-uma-final-jogaria","status":"publish","type":"post","link":"https:\/\/portaltela.pt\/desporto\/futebol\/2026\/01\/19\/luis-enrique-comenta-ausencia-de-joao-neves-se-fosse-uma-final-jogaria\/","title":{"rendered":"Luis Enrique comenta aus\u00eancia de Jo\u00e3o Neves: &#8216;Se fosse uma final jogaria&#8217;"},"content":{"rendered":"<p>Lu\u00eds Enrique, treinador do PSG, afirmou que a equipa vem a Lisboa para vencer o Sporting e assegurar um passo decisivo rumo aos oitavos de final da Liga dos Campe\u00f5es. No discurso pr\u00e9-jogo, o t\u00e9cnico elogiou o advers\u00e1rio, mas manteve o objetivo claro de obter a vit\u00f3ria na 7.\u00aa jornada.<\/p>\n<p>O treinador destacou ainda que a equipa est\u00e1 numa fase importante da temporada, com a recupera\u00e7\u00e3o de jogadores lesionados, e que os pr\u00f3ximos dois encontros da Champions s\u00e3o determinantes. O encontro com o Sporting realiza-se em casa dos le\u00f5es, num est\u00e1dio considerado excecional.<\/p>\n<h3>Aus\u00eancia de Jo\u00e3o Neves<\/h3>\n<p>Entre as novidades, n\u00e3o est\u00e1 inclu\u00eddo Jo\u00e3o Neves no grupo reservado para a\u00ed ficar. O t\u00e9cnico explicou que o caso n\u00e3o \u00e9 grave, apenas um cuidado para evitar les\u00f5es, com o jogador ainda a recuperar.<\/p>\n<h3>Demb\u00e9l\u00e9, l\u00edder e regresso<\/h3>\n<p>A recupera\u00e7\u00e3o de Ousmane Demb\u00e9l\u00e9 devolve ao PSG um marcador e um l\u00edder dentro e fora de campo. O treinador enfatizou a import\u00e2ncia do apoio que ele d\u00e1 \u00e0 equipa, especialmente no processo de press\u00e3o alta sobre defensores e guarda-redes advers\u00e1rios.<\/p>\n<h3>Objetivo e cen\u00e1rio na competi\u00e7\u00e3o<\/h3>\n<p>Sobre a posi\u00e7\u00e3o na discuss\u00e3o de classifica\u00e7\u00e3o, Lu\u00eds Enrique disse que entrar nos oitavos \u00e9 crucial pela confian\u00e7a, ainda que haja nuances: passar diretamente evita jogos adicionais da Ta\u00e7a de Fran\u00e7a, o que pode ser visto como uma contradi\u00e7\u00e3o estrat\u00e9gica.<\/p>\n","protected":false},"excerpt":{"rendered":"<ul>\n<li>Lu\u00eds Enrique quer sair de Alvalade com vit\u00f3ria para dar passo gigante rumo aos oitavos na Liga dos Campe\u00f5es.<\/li>\n<li>O PSG enfrenta o Sporting na 7.\u00aa ronda, com a aus\u00eancia de Jo\u00e3o Neves prevista por precau\u00e7\u00e3o.<\/li>\n<li>O treinador destaca o regresso de Ousmane Demb\u00e9l\u00e9, que oferece lideran\u00e7a e refor\u00e7a o poder ofensivo da equipa.<\/li>\n<li>Enfatiza que os dois jogos da Liga dos Campe\u00f5es s\u00e3o cruciais e o objetivo \u00e9 qualificar-se diretamente para os oitavos.<\/li>\n<li>Sobre o equil\u00edbrio entre chegar aos oitavos e manter a Ta\u00e7a de Fran\u00e7a, admite ser contradit\u00f3rio, mas mant\u00e9m o foco na qualifica\u00e7\u00e3o direta.<\/li>\n<\/ul>\n","protected":false},"author":2,"featured_media":153983,"comment_status":"closed","ping_status":"closed","sticky":false,"template":"","format":"standard","meta":{"footnotes":""},"categories":[21,24],"tags":[3492,32,2538,981,1652,79],"class_list":["post-153965","post","type-post","status-publish","format-standard","has-post-thumbnail","hentry","category-desporto","category-futebol","tag-dembele","tag-futebol","tag-lesoes","tag-lisboa","tag-sporting","tag-uefa-champions-league"],"yoast_head":"<!-- This site is optimized with the Yoast SEO plugin v27.2 - https:\/\/yoast.com\/product\/yoast-seo-wordpress\/ -->\n<title>Luis Enrique comenta aus\u00eancia de Jo\u00e3o Neves: &#039;Se fosse uma final jogaria&#039; - Portal Tela Portugal<\/title>\n<meta name=\"robots\" content=\"index, follow, max-snippet:-1, max-image-preview:large, max-video-preview:-1\" \/>\n<meta property=\"og:locale\" content=\"pt_PT\" \/>\n<meta property=\"og:type\" content=\"article\" \/>\n<meta property=\"og:title\" content=\"Luis Enrique comenta aus\u00eancia de Jo\u00e3o Neves: &#039;Se fosse uma final jogaria&#039; - Portal Tela Portugal\" \/>\n<meta property=\"og:description\" content=\"Lu\u00eds Enrique quer sair de Alvalade com vit\u00f3ria para dar passo gigante rumo aos oitavos na Liga dos Campe\u00f5es. O PSG enfrenta o Sporting na 7.\u00aa ronda, com a aus\u00eancia de Jo\u00e3o Neves prevista por precau\u00e7\u00e3o. O treinador destaca o regresso de Ousmane Demb\u00e9l\u00e9, que oferece lideran\u00e7a e refor\u00e7a o poder ofensivo da equipa. Enfatiza que os dois jogos da Liga dos Campe\u00f5es s\u00e3o cruciais e o objetivo \u00e9 qualificar-se diretamente para os oitavos. Sobre o equil\u00edbrio entre chegar aos oitavos e manter a Ta\u00e7a de Fran\u00e7a, admite ser contradit\u00f3rio, mas mant\u00e9m o foco na qualifica\u00e7\u00e3o direta.\" \/>\n<meta property=\"og:url\" content=\"https:\/\/portaltela.pt\/noticias\/2026\/01\/19\/luis-enrique-comenta-ausencia-de-joao-neves-se-fosse-uma-final-jogaria\/\" \/>\n<meta property=\"og:site_name\" content=\"Portal Tela Portugal\" \/>\n<meta property=\"article:published_time\" content=\"2026-01-19T18:54:00+00:00\" \/>\n<meta name=\"author\" content=\"Telinha\" \/>\n<meta name=\"twitter:card\" content=\"summary_large_image\" \/>\n<meta name=\"twitter:label1\" content=\"Escrito por\" \/>\n\t<meta name=\"twitter:data1\" content=\"Telinha\" \/>\n\t<meta name=\"twitter:label2\" content=\"Tempo estimado de leitura\" \/>\n\t<meta name=\"twitter:data2\" content=\"1 minuto\" \/>\n<script type=\"application\/ld+json\" class=\"yoast-schema-graph\">{\"@context\":\"https:\/\/schema.org\",\"@graph\":[{\"@type\":\"Article\",\"@id\":\"https:\/\/portaltela.pt\/noticias\/2026\/01\/19\/luis-enrique-comenta-ausencia-de-joao-neves-se-fosse-uma-final-jogaria\/#article\",\"isPartOf\":{\"@id\":\"https:\/\/portaltela.pt\/noticias\/2026\/01\/19\/luis-enrique-comenta-ausencia-de-joao-neves-se-fosse-uma-final-jogaria\/\"},\"author\":{\"name\":\"Telinha\",\"@id\":\"https:\/\/portaltela.pt\/#\/schema\/person\/c4278d4a6028830caff9ee44b42d32ed\"},\"headline\":\"Luis Enrique comenta aus\u00eancia de Jo\u00e3o Neves: &#8216;Se fosse uma final jogaria&#8217;\",\"datePublished\":\"2026-01-19T18:54:00+00:00\",\"mainEntityOfPage\":{\"@id\":\"https:\/\/portaltela.pt\/noticias\/2026\/01\/19\/luis-enrique-comenta-ausencia-de-joao-neves-se-fosse-uma-final-jogaria\/\"},\"wordCount\":270,\"image\":{\"@id\":\"https:\/\/portaltela.pt\/noticias\/2026\/01\/19\/luis-enrique-comenta-ausencia-de-joao-neves-se-fosse-uma-final-jogaria\/#primaryimage\"},\"thumbnailUrl\":\"https:\/\/portaltela.pt\/s.01k8rhncp4jt1\/2026\/01\/img_920x518uu2026-01-19-18-53-42-2415803-im-639044456457622339-1.jpg\",\"keywords\":[\"Demb\u00e9l\u00e9\",\"futebol\",\"les\u00f5es\",\"Lisboa\",\"Sporting\",\"uefa champions league\"],\"articleSection\":[\"Desporto\",\"Futebol\"],\"inLanguage\":\"pt-PT\"},{\"@type\":\"WebPage\",\"@id\":\"https:\/\/portaltela.pt\/noticias\/2026\/01\/19\/luis-enrique-comenta-ausencia-de-joao-neves-se-fosse-uma-final-jogaria\/\",\"url\":\"https:\/\/portaltela.pt\/noticias\/2026\/01\/19\/luis-enrique-comenta-ausencia-de-joao-neves-se-fosse-uma-final-jogaria\/\",\"name\":\"Luis Enrique comenta aus\u00eancia de Jo\u00e3o Neves: 'Se fosse uma final jogaria' - Portal Tela Portugal\",\"isPartOf\":{\"@id\":\"https:\/\/portaltela.pt\/#website\"},\"primaryImageOfPage\":{\"@id\":\"https:\/\/portaltela.pt\/noticias\/2026\/01\/19\/luis-enrique-comenta-ausencia-de-joao-neves-se-fosse-uma-final-jogaria\/#primaryimage\"},\"image\":{\"@id\":\"https:\/\/portaltela.pt\/noticias\/2026\/01\/19\/luis-enrique-comenta-ausencia-de-joao-neves-se-fosse-uma-final-jogaria\/#primaryimage\"},\"thumbnailUrl\":\"https:\/\/portaltela.pt\/s.01k8rhncp4jt1\/2026\/01\/img_920x518uu2026-01-19-18-53-42-2415803-im-639044456457622339-1.jpg\",\"datePublished\":\"2026-01-19T18:54:00+00:00\",\"author\":{\"@id\":\"https:\/\/portaltela.pt\/#\/schema\/person\/c4278d4a6028830caff9ee44b42d32ed\"},\"breadcrumb\":{\"@id\":\"https:\/\/portaltela.pt\/noticias\/2026\/01\/19\/luis-enrique-comenta-ausencia-de-joao-neves-se-fosse-uma-final-jogaria\/#breadcrumb\"},\"inLanguage\":\"pt-PT\",\"potentialAction\":[{\"@type\":\"ReadAction\",\"target\":[\"https:\/\/portaltela.pt\/noticias\/2026\/01\/19\/luis-enrique-comenta-ausencia-de-joao-neves-se-fosse-uma-final-jogaria\/\"]}]},{\"@type\":\"ImageObject\",\"inLanguage\":\"pt-PT\",\"@id\":\"https:\/\/portaltela.pt\/noticias\/2026\/01\/19\/luis-enrique-comenta-ausencia-de-joao-neves-se-fosse-uma-final-jogaria\/#primaryimage\",\"url\":\"https:\/\/portaltela.pt\/s.01k8rhncp4jt1\/2026\/01\/img_920x518uu2026-01-19-18-53-42-2415803-im-639044456457622339-1.jpg\",\"contentUrl\":\"https:\/\/portaltela.pt\/s.01k8rhncp4jt1\/2026\/01\/img_920x518uu2026-01-19-18-53-42-2415803-im-639044456457622339-1.jpg\",\"width\":796,\"height\":448,\"caption\":\"Lu\u00eds Enrique, treinador do PSG\"},{\"@type\":\"BreadcrumbList\",\"@id\":\"https:\/\/portaltela.pt\/noticias\/2026\/01\/19\/luis-enrique-comenta-ausencia-de-joao-neves-se-fosse-uma-final-jogaria\/#breadcrumb\",\"itemListElement\":[{\"@type\":\"ListItem\",\"position\":1,\"name\":\"In\u00edcio\",\"item\":\"https:\/\/portaltela.pt\/\"},{\"@type\":\"ListItem\",\"position\":2,\"name\":\"Luis Enrique comenta aus\u00eancia de Jo\u00e3o Neves: &#8216;Se fosse uma final jogaria&#8217;\"}]},{\"@type\":\"WebSite\",\"@id\":\"https:\/\/portaltela.pt\/#website\",\"url\":\"https:\/\/portaltela.pt\/\",\"name\":\"Portal Tela Portugal\",\"description\":\"\",\"potentialAction\":[{\"@type\":\"SearchAction\",\"target\":{\"@type\":\"EntryPoint\",\"urlTemplate\":\"https:\/\/portaltela.pt\/?s={search_term_string}\"},\"query-input\":{\"@type\":\"PropertyValueSpecification\",\"valueRequired\":true,\"valueName\":\"search_term_string\"}}],\"inLanguage\":\"pt-PT\"},{\"@type\":\"Person\",\"@id\":\"https:\/\/portaltela.pt\/#\/schema\/person\/c4278d4a6028830caff9ee44b42d32ed\",\"name\":\"Telinha\",\"image\":{\"@type\":\"ImageObject\",\"inLanguage\":\"pt-PT\",\"@id\":\"https:\/\/portaltela.pt\/s.01k8rhncp4jt1\/2025\/11\/talking-bot-125x125.png\",\"url\":\"https:\/\/portaltela.pt\/s.01k8rhncp4jt1\/2025\/11\/talking-bot-125x125.png\",\"contentUrl\":\"https:\/\/portaltela.pt\/s.01k8rhncp4jt1\/2025\/11\/talking-bot-125x125.png\",\"caption\":\"Telinha\"},\"sameAs\":[\"https:\/\/portaltela.pt\/\"],\"url\":\"https:\/\/portaltela.pt\/por\/367410592786\/\"}]}<\/script>\n<!-- \/ Yoast SEO plugin. -->","yoast_head_json":{"title":"Luis Enrique comenta aus\u00eancia de Jo\u00e3o Neves: 'Se fosse uma final jogaria' - Portal Tela Portugal","robots":{"index":"index","follow":"follow","max-snippet":"max-snippet:-1","max-image-preview":"max-image-preview:large","max-video-preview":"max-video-preview:-1"},"og_locale":"pt_PT","og_type":"article","og_title":"Luis Enrique comenta aus\u00eancia de Jo\u00e3o Neves: 'Se fosse uma final jogaria' - Portal Tela Portugal","og_description":"Lu\u00eds Enrique quer sair de Alvalade com vit\u00f3ria para dar passo gigante rumo aos oitavos na Liga dos Campe\u00f5es. O PSG enfrenta o Sporting na 7.\u00aa ronda, com a aus\u00eancia de Jo\u00e3o Neves prevista por precau\u00e7\u00e3o. O treinador destaca o regresso de Ousmane Demb\u00e9l\u00e9, que oferece lideran\u00e7a e refor\u00e7a o poder ofensivo da equipa. Enfatiza que os dois jogos da Liga dos Campe\u00f5es s\u00e3o cruciais e o objetivo \u00e9 qualificar-se diretamente para os oitavos. Sobre o equil\u00edbrio entre chegar aos oitavos e manter a Ta\u00e7a de Fran\u00e7a, admite ser contradit\u00f3rio, mas mant\u00e9m o foco na qualifica\u00e7\u00e3o direta.","og_url":"https:\/\/portaltela.pt\/noticias\/2026\/01\/19\/luis-enrique-comenta-ausencia-de-joao-neves-se-fosse-uma-final-jogaria\/","og_site_name":"Portal Tela Portugal","article_published_time":"2026-01-19T18:54:00+00:00","author":"Telinha","twitter_card":"summary_large_image","twitter_misc":{"Escrito por":"Telinha","Tempo estimado de leitura":"1 minuto"},"schema":{"@context":"https:\/\/schema.org","@graph":[{"@type":"Article","@id":"https:\/\/portaltela.pt\/noticias\/2026\/01\/19\/luis-enrique-comenta-ausencia-de-joao-neves-se-fosse-uma-final-jogaria\/#article","isPartOf":{"@id":"https:\/\/portaltela.pt\/noticias\/2026\/01\/19\/luis-enrique-comenta-ausencia-de-joao-neves-se-fosse-uma-final-jogaria\/"},"author":{"name":"Telinha","@id":"https:\/\/portaltela.pt\/#\/schema\/person\/c4278d4a6028830caff9ee44b42d32ed"},"headline":"Luis Enrique comenta aus\u00eancia de Jo\u00e3o Neves: &#8216;Se fosse uma final jogaria&#8217;","datePublished":"2026-01-19T18:54:00+00:00","mainEntityOfPage":{"@id":"https:\/\/portaltela.pt\/noticias\/2026\/01\/19\/luis-enrique-comenta-ausencia-de-joao-neves-se-fosse-uma-final-jogaria\/"},"wordCount":270,"image":{"@id":"https:\/\/portaltela.pt\/noticias\/2026\/01\/19\/luis-enrique-comenta-ausencia-de-joao-neves-se-fosse-uma-final-jogaria\/#primaryimage"},"thumbnailUrl":"https:\/\/portaltela.pt\/s.01k8rhncp4jt1\/2026\/01\/img_920x518uu2026-01-19-18-53-42-2415803-im-639044456457622339-1.jpg","keywords":["Demb\u00e9l\u00e9","futebol","les\u00f5es","Lisboa","Sporting","uefa champions league"],"articleSection":["Desporto","Futebol"],"inLanguage":"pt-PT"},{"@type":"WebPage","@id":"https:\/\/portaltela.pt\/noticias\/2026\/01\/19\/luis-enrique-comenta-ausencia-de-joao-neves-se-fosse-uma-final-jogaria\/","url":"https:\/\/portaltela.pt\/noticias\/2026\/01\/19\/luis-enrique-comenta-ausencia-de-joao-neves-se-fosse-uma-final-jogaria\/","name":"Luis Enrique comenta aus\u00eancia de Jo\u00e3o Neves: 'Se fosse uma final jogaria' - Portal Tela Portugal","isPartOf":{"@id":"https:\/\/portaltela.pt\/#website"},"primaryImageOfPage":{"@id":"https:\/\/portaltela.pt\/noticias\/2026\/01\/19\/luis-enrique-comenta-ausencia-de-joao-neves-se-fosse-uma-final-jogaria\/#primaryimage"},"image":{"@id":"https:\/\/portaltela.pt\/noticias\/2026\/01\/19\/luis-enrique-comenta-ausencia-de-joao-neves-se-fosse-uma-final-jogaria\/#primaryimage"},"thumbnailUrl":"https:\/\/portaltela.pt\/s.01k8rhncp4jt1\/2026\/01\/img_920x518uu2026-01-19-18-53-42-2415803-im-639044456457622339-1.jpg","datePublished":"2026-01-19T18:54:00+00:00","author":{"@id":"https:\/\/portaltela.pt\/#\/schema\/person\/c4278d4a6028830caff9ee44b42d32ed"},"breadcrumb":{"@id":"https:\/\/portaltela.pt\/noticias\/2026\/01\/19\/luis-enrique-comenta-ausencia-de-joao-neves-se-fosse-uma-final-jogaria\/#breadcrumb"},"inLanguage":"pt-PT","potentialAction":[{"@type":"ReadAction","target":["https:\/\/portaltela.pt\/noticias\/2026\/01\/19\/luis-enrique-comenta-ausencia-de-joao-neves-se-fosse-uma-final-jogaria\/"]}]},{"@type":"ImageObject","inLanguage":"pt-PT","@id":"https:\/\/portaltela.pt\/noticias\/2026\/01\/19\/luis-enrique-comenta-ausencia-de-joao-neves-se-fosse-uma-final-jogaria\/#primaryimage","url":"https:\/\/portaltela.pt\/s.01k8rhncp4jt1\/2026\/01\/img_920x518uu2026-01-19-18-53-42-2415803-im-639044456457622339-1.jpg","contentUrl":"https:\/\/portaltela.pt\/s.01k8rhncp4jt1\/2026\/01\/img_920x518uu2026-01-19-18-53-42-2415803-im-639044456457622339-1.jpg","width":796,"height":448,"caption":"Lu\u00eds Enrique, treinador do PSG"},{"@type":"BreadcrumbList","@id":"https:\/\/portaltela.pt\/noticias\/2026\/01\/19\/luis-enrique-comenta-ausencia-de-joao-neves-se-fosse-uma-final-jogaria\/#breadcrumb","itemListElement":[{"@type":"ListItem","position":1,"name":"In\u00edcio","item":"https:\/\/portaltela.pt\/"},{"@type":"ListItem","position":2,"name":"Luis Enrique comenta aus\u00eancia de Jo\u00e3o Neves: &#8216;Se fosse uma final jogaria&#8217;"}]},{"@type":"WebSite","@id":"https:\/\/portaltela.pt\/#website","url":"https:\/\/portaltela.pt\/","name":"Portal Tela Portugal","description":"","potentialAction":[{"@type":"SearchAction","target":{"@type":"EntryPoint","urlTemplate":"https:\/\/portaltela.pt\/?s={search_term_string}"},"query-input":{"@type":"PropertyValueSpecification","valueRequired":true,"valueName":"search_term_string"}}],"inLanguage":"pt-PT"},{"@type":"Person","@id":"https:\/\/portaltela.pt\/#\/schema\/person\/c4278d4a6028830caff9ee44b42d32ed","name":"Telinha","image":{"@type":"ImageObject","inLanguage":"pt-PT","@id":"https:\/\/portaltela.pt\/s.01k8rhncp4jt1\/2025\/11\/talking-bot-125x125.png","url":"https:\/\/portaltela.pt\/s.01k8rhncp4jt1\/2025\/11\/talking-bot-125x125.png","contentUrl":"https:\/\/portaltela.pt\/s.01k8rhncp4jt1\/2025\/11\/talking-bot-125x125.png","caption":"Telinha"},"sameAs":["https:\/\/portaltela.pt\/"],"url":"https:\/\/portaltela.pt\/por\/367410592786\/"}]}},"_links":{"self":[{"href":"https:\/\/portaltela.pt\/api\/wp\/v2\/posts\/153965","targetHints":{"allow":["GET"]}}],"collection":[{"href":"https:\/\/portaltela.pt\/api\/wp\/v2\/posts"}],"about":[{"href":"https:\/\/portaltela.pt\/api\/wp\/v2\/types\/post"}],"author":[{"embeddable":true,"href":"https:\/\/portaltela.pt\/api\/wp\/v2\/users\/2"}],"replies":[{"embeddable":true,"href":"https:\/\/portaltela.pt\/api\/wp\/v2\/comments?post=153965"}],"version-history":[{"count":0,"href":"https:\/\/portaltela.pt\/api\/wp\/v2\/posts\/153965\/revisions"}],"wp:featuredmedia":[{"embeddable":true,"href":"https:\/\/portaltela.pt\/api\/wp\/v2\/media\/153983"}],"wp:attachment":[{"href":"https:\/\/portaltela.pt\/api\/wp\/v2\/media?parent=153965"}],"wp:term":[{"taxonomy":"category","embeddable":true,"href":"https:\/\/portaltela.pt\/api\/wp\/v2\/categories?post=153965"},{"taxonomy":"post_tag","embeddable":true,"href":"https:\/\/portaltela.pt\/api\/wp\/v2\/tags?post=153965"}],"curies":[{"name":"wp","href":"https:\/\/api.w.org\/{rel}","templated":true}]}}