{"id":153870,"date":"2026-01-19T15:32:01","date_gmt":"2026-01-19T18:32:01","guid":{"rendered":"https:\/\/portaltela.pt\/noticias\/2026\/01\/19\/luis-enrique-defende-brahim-diaz-apos-penalti-falhado-na-final-da-can\/"},"modified":"2026-01-19T15:32:01","modified_gmt":"2026-01-19T18:32:01","slug":"luis-enrique-defende-brahim-diaz-apos-penalti-falhado-na-final-da-can","status":"publish","type":"post","link":"https:\/\/portaltela.pt\/desporto\/futebol\/2026\/01\/19\/luis-enrique-defende-brahim-diaz-apos-penalti-falhado-na-final-da-can\/","title":{"rendered":"Lu\u00eds Enrique defende Brahim D\u00edaz ap\u00f3s pen\u00e1lti falhado na final da CAN"},"content":{"rendered":"<p>Na antevis\u00e3o do jogo do PSG contra o Sporting, Lu\u00eds Enrique defendeu Brahim D\u00edaz ap\u00f3s o pen\u00e1lti falhado na final da CAN. O treinador espanhol pediu conten\u00e7\u00e3o \u00e0 cobertura medi\u00e1tica efetuada ao jovem jogador, destacando que o desporto envolve tremenda press\u00e3o.<\/p>\n<p>O t\u00e9cnico afirmou que a cr\u00edtica \u00e9 frequente quando se falha, lembrando Zidane, que tamb\u00e9m falhou numa final mundial em 2006. Segundo Lu\u00eds Enrique, a situa\u00e7\u00e3o de D\u00edaz n\u00e3o \u00e9 incomum e faz parte da carreira de qualquer atleta de alto rendimento.<\/p>\n<p>Referindo-se ao contexto, o treinador sublinhou a import\u00e2ncia de manter o respeito pelo jogador, que, segundo ele, j\u00e1 demonstrou qualidade ao longo da carreira internacional. O foco deve manter-se no desempenho coletivo e na recupera\u00e7\u00e3o de D\u00edaz.<\/p>\n<p>Lu\u00eds Enrique refor\u00e7ou ainda que o futebol envolve tanto acertos como erros, e que n\u00e3o se deve exagerar a rea\u00e7\u00e3o p\u00fablica a uma ocorr\u00eancia isolada. A mensagem para a equipa foi de manter a confian\u00e7a e o foco no pr\u00f3ximo desafio.<\/p>\n","protected":false},"excerpt":{"rendered":"<ul>\n<li>Lu\u00eds Enrique defendeu Brahim D\u00edaz ap\u00f3s o pen\u00e1lti falhado na final da CAN, destacando que o jogador enfrenta forte press\u00e3o.<\/li>\n<li>O treinador do PSG lembrou o exemplo de Zinedine Zidane, que tamb\u00e9m falhou um pen\u00e1lti numa final (Mundial de 2006 contra a It\u00e1lia).<\/li>\n<li>Afirma que, quando se acerta, \u00e9 aplaudido; quando se falha num jogo como aquele, surgem cr\u00edticas intensas.<\/li>\n<li>Refor\u00e7ou que Brahim n\u00e3o cometeu nenhum mal e que o desporto envolve ganhar e perder, apelando ao respeito por um jogador jovem.<\/li>\n<li>Lu\u00eds Enrique falou em antecipa\u00e7\u00e3o ao jogo do PSG frente ao Sporting.<\/li>\n<\/ul>\n","protected":false},"author":2,"featured_media":153876,"comment_status":"closed","ping_status":"closed","sticky":false,"template":"","format":"standard","meta":{"footnotes":""},"categories":[21,24],"tags":[2997,152,32,3338,1652,3240],"class_list":["post-153870","post","type-post","status-publish","format-standard","has-post-thumbnail","hentry","category-desporto","category-futebol","tag-brahim-diaz","tag-desporto","tag-futebol","tag-futebol-internacional","tag-sporting","tag-zidane"],"yoast_head":"<!-- This site is optimized with the Yoast SEO plugin v27.2 - https:\/\/yoast.com\/product\/yoast-seo-wordpress\/ -->\n<title>Lu\u00eds Enrique defende Brahim D\u00edaz ap\u00f3s pen\u00e1lti falhado na final da CAN - Portal Tela Portugal<\/title>\n<meta name=\"robots\" content=\"index, follow, max-snippet:-1, max-image-preview:large, max-video-preview:-1\" \/>\n<meta property=\"og:locale\" content=\"pt_PT\" \/>\n<meta property=\"og:type\" content=\"article\" \/>\n<meta property=\"og:title\" content=\"Lu\u00eds Enrique defende Brahim D\u00edaz ap\u00f3s pen\u00e1lti falhado na final da CAN - Portal Tela Portugal\" \/>\n<meta property=\"og:description\" content=\"Lu\u00eds Enrique defendeu Brahim D\u00edaz ap\u00f3s o pen\u00e1lti falhado na final da CAN, destacando que o jogador enfrenta forte press\u00e3o. O treinador do PSG lembrou o exemplo de Zinedine Zidane, que tamb\u00e9m falhou um pen\u00e1lti numa final (Mundial de 2006 contra a It\u00e1lia). Afirma que, quando se acerta, \u00e9 aplaudido; quando se falha num jogo como aquele, surgem cr\u00edticas intensas. Refor\u00e7ou que Brahim n\u00e3o cometeu nenhum mal e que o desporto envolve ganhar e perder, apelando ao respeito por um jogador jovem. Lu\u00eds Enrique falou em antecipa\u00e7\u00e3o ao jogo do PSG frente ao Sporting.\" \/>\n<meta property=\"og:url\" content=\"https:\/\/portaltela.pt\/noticias\/2026\/01\/19\/luis-enrique-defende-brahim-diaz-apos-penalti-falhado-na-final-da-can\/\" \/>\n<meta property=\"og:site_name\" content=\"Portal Tela Portugal\" \/>\n<meta property=\"article:published_time\" content=\"2026-01-19T18:32:01+00:00\" \/>\n<meta name=\"author\" content=\"Telinha\" \/>\n<meta name=\"twitter:card\" content=\"summary_large_image\" \/>\n<meta name=\"twitter:label1\" content=\"Escrito por\" \/>\n\t<meta name=\"twitter:data1\" content=\"Telinha\" \/>\n\t<meta name=\"twitter:label2\" content=\"Tempo estimado de leitura\" \/>\n\t<meta name=\"twitter:data2\" content=\"1 minuto\" \/>\n<script type=\"application\/ld+json\" class=\"yoast-schema-graph\">{\"@context\":\"https:\/\/schema.org\",\"@graph\":[{\"@type\":\"Article\",\"@id\":\"https:\/\/portaltela.pt\/noticias\/2026\/01\/19\/luis-enrique-defende-brahim-diaz-apos-penalti-falhado-na-final-da-can\/#article\",\"isPartOf\":{\"@id\":\"https:\/\/portaltela.pt\/noticias\/2026\/01\/19\/luis-enrique-defende-brahim-diaz-apos-penalti-falhado-na-final-da-can\/\"},\"author\":{\"name\":\"Telinha\",\"@id\":\"https:\/\/portaltela.pt\/#\/schema\/person\/c4278d4a6028830caff9ee44b42d32ed\"},\"headline\":\"Lu\u00eds Enrique defende Brahim D\u00edaz ap\u00f3s pen\u00e1lti falhado na final da CAN\",\"datePublished\":\"2026-01-19T18:32:01+00:00\",\"mainEntityOfPage\":{\"@id\":\"https:\/\/portaltela.pt\/noticias\/2026\/01\/19\/luis-enrique-defende-brahim-diaz-apos-penalti-falhado-na-final-da-can\/\"},\"wordCount\":199,\"image\":{\"@id\":\"https:\/\/portaltela.pt\/noticias\/2026\/01\/19\/luis-enrique-defende-brahim-diaz-apos-penalti-falhado-na-final-da-can\/#primaryimage\"},\"thumbnailUrl\":\"https:\/\/portaltela.pt\/s.01k8rhncp4jt1\/2026\/01\/img_920x518uu2026-01-19-18-30-43-2415798-im-639044442712346657.jpg\",\"keywords\":[\"Brahim D\u00edaz\",\"desporto\",\"futebol\",\"futebol internacional\",\"Sporting\",\"Zidane\"],\"articleSection\":[\"Desporto\",\"Futebol\"],\"inLanguage\":\"pt-PT\"},{\"@type\":\"WebPage\",\"@id\":\"https:\/\/portaltela.pt\/noticias\/2026\/01\/19\/luis-enrique-defende-brahim-diaz-apos-penalti-falhado-na-final-da-can\/\",\"url\":\"https:\/\/portaltela.pt\/noticias\/2026\/01\/19\/luis-enrique-defende-brahim-diaz-apos-penalti-falhado-na-final-da-can\/\",\"name\":\"Lu\u00eds Enrique defende Brahim D\u00edaz ap\u00f3s pen\u00e1lti falhado na final da CAN - Portal Tela Portugal\",\"isPartOf\":{\"@id\":\"https:\/\/portaltela.pt\/#website\"},\"primaryImageOfPage\":{\"@id\":\"https:\/\/portaltela.pt\/noticias\/2026\/01\/19\/luis-enrique-defende-brahim-diaz-apos-penalti-falhado-na-final-da-can\/#primaryimage\"},\"image\":{\"@id\":\"https:\/\/portaltela.pt\/noticias\/2026\/01\/19\/luis-enrique-defende-brahim-diaz-apos-penalti-falhado-na-final-da-can\/#primaryimage\"},\"thumbnailUrl\":\"https:\/\/portaltela.pt\/s.01k8rhncp4jt1\/2026\/01\/img_920x518uu2026-01-19-18-30-43-2415798-im-639044442712346657.jpg\",\"datePublished\":\"2026-01-19T18:32:01+00:00\",\"author\":{\"@id\":\"https:\/\/portaltela.pt\/#\/schema\/person\/c4278d4a6028830caff9ee44b42d32ed\"},\"breadcrumb\":{\"@id\":\"https:\/\/portaltela.pt\/noticias\/2026\/01\/19\/luis-enrique-defende-brahim-diaz-apos-penalti-falhado-na-final-da-can\/#breadcrumb\"},\"inLanguage\":\"pt-PT\",\"potentialAction\":[{\"@type\":\"ReadAction\",\"target\":[\"https:\/\/portaltela.pt\/noticias\/2026\/01\/19\/luis-enrique-defende-brahim-diaz-apos-penalti-falhado-na-final-da-can\/\"]}]},{\"@type\":\"ImageObject\",\"inLanguage\":\"pt-PT\",\"@id\":\"https:\/\/portaltela.pt\/noticias\/2026\/01\/19\/luis-enrique-defende-brahim-diaz-apos-penalti-falhado-na-final-da-can\/#primaryimage\",\"url\":\"https:\/\/portaltela.pt\/s.01k8rhncp4jt1\/2026\/01\/img_920x518uu2026-01-19-18-30-43-2415798-im-639044442712346657.jpg\",\"contentUrl\":\"https:\/\/portaltela.pt\/s.01k8rhncp4jt1\/2026\/01\/img_920x518uu2026-01-19-18-30-43-2415798-im-639044442712346657.jpg\",\"width\":796,\"height\":448,\"caption\":\"Lu\u00eds Enrique, treinador do PSG\"},{\"@type\":\"BreadcrumbList\",\"@id\":\"https:\/\/portaltela.pt\/noticias\/2026\/01\/19\/luis-enrique-defende-brahim-diaz-apos-penalti-falhado-na-final-da-can\/#breadcrumb\",\"itemListElement\":[{\"@type\":\"ListItem\",\"position\":1,\"name\":\"In\u00edcio\",\"item\":\"https:\/\/portaltela.pt\/\"},{\"@type\":\"ListItem\",\"position\":2,\"name\":\"Lu\u00eds Enrique defende Brahim D\u00edaz ap\u00f3s pen\u00e1lti falhado na final da CAN\"}]},{\"@type\":\"WebSite\",\"@id\":\"https:\/\/portaltela.pt\/#website\",\"url\":\"https:\/\/portaltela.pt\/\",\"name\":\"Portal Tela Portugal\",\"description\":\"\",\"potentialAction\":[{\"@type\":\"SearchAction\",\"target\":{\"@type\":\"EntryPoint\",\"urlTemplate\":\"https:\/\/portaltela.pt\/?s={search_term_string}\"},\"query-input\":{\"@type\":\"PropertyValueSpecification\",\"valueRequired\":true,\"valueName\":\"search_term_string\"}}],\"inLanguage\":\"pt-PT\"},{\"@type\":\"Person\",\"@id\":\"https:\/\/portaltela.pt\/#\/schema\/person\/c4278d4a6028830caff9ee44b42d32ed\",\"name\":\"Telinha\",\"image\":{\"@type\":\"ImageObject\",\"inLanguage\":\"pt-PT\",\"@id\":\"https:\/\/portaltela.pt\/s.01k8rhncp4jt1\/2025\/11\/talking-bot-125x125.png\",\"url\":\"https:\/\/portaltela.pt\/s.01k8rhncp4jt1\/2025\/11\/talking-bot-125x125.png\",\"contentUrl\":\"https:\/\/portaltela.pt\/s.01k8rhncp4jt1\/2025\/11\/talking-bot-125x125.png\",\"caption\":\"Telinha\"},\"sameAs\":[\"https:\/\/portaltela.pt\/\"],\"url\":\"https:\/\/portaltela.pt\/por\/367410592786\/\"}]}<\/script>\n<!-- \/ Yoast SEO plugin. -->","yoast_head_json":{"title":"Lu\u00eds Enrique defende Brahim D\u00edaz ap\u00f3s pen\u00e1lti falhado na final da CAN - Portal Tela Portugal","robots":{"index":"index","follow":"follow","max-snippet":"max-snippet:-1","max-image-preview":"max-image-preview:large","max-video-preview":"max-video-preview:-1"},"og_locale":"pt_PT","og_type":"article","og_title":"Lu\u00eds Enrique defende Brahim D\u00edaz ap\u00f3s pen\u00e1lti falhado na final da CAN - Portal Tela Portugal","og_description":"Lu\u00eds Enrique defendeu Brahim D\u00edaz ap\u00f3s o pen\u00e1lti falhado na final da CAN, destacando que o jogador enfrenta forte press\u00e3o. O treinador do PSG lembrou o exemplo de Zinedine Zidane, que tamb\u00e9m falhou um pen\u00e1lti numa final (Mundial de 2006 contra a It\u00e1lia). Afirma que, quando se acerta, \u00e9 aplaudido; quando se falha num jogo como aquele, surgem cr\u00edticas intensas. Refor\u00e7ou que Brahim n\u00e3o cometeu nenhum mal e que o desporto envolve ganhar e perder, apelando ao respeito por um jogador jovem. Lu\u00eds Enrique falou em antecipa\u00e7\u00e3o ao jogo do PSG frente ao Sporting.","og_url":"https:\/\/portaltela.pt\/noticias\/2026\/01\/19\/luis-enrique-defende-brahim-diaz-apos-penalti-falhado-na-final-da-can\/","og_site_name":"Portal Tela Portugal","article_published_time":"2026-01-19T18:32:01+00:00","author":"Telinha","twitter_card":"summary_large_image","twitter_misc":{"Escrito por":"Telinha","Tempo estimado de leitura":"1 minuto"},"schema":{"@context":"https:\/\/schema.org","@graph":[{"@type":"Article","@id":"https:\/\/portaltela.pt\/noticias\/2026\/01\/19\/luis-enrique-defende-brahim-diaz-apos-penalti-falhado-na-final-da-can\/#article","isPartOf":{"@id":"https:\/\/portaltela.pt\/noticias\/2026\/01\/19\/luis-enrique-defende-brahim-diaz-apos-penalti-falhado-na-final-da-can\/"},"author":{"name":"Telinha","@id":"https:\/\/portaltela.pt\/#\/schema\/person\/c4278d4a6028830caff9ee44b42d32ed"},"headline":"Lu\u00eds Enrique defende Brahim D\u00edaz ap\u00f3s pen\u00e1lti falhado na final da CAN","datePublished":"2026-01-19T18:32:01+00:00","mainEntityOfPage":{"@id":"https:\/\/portaltela.pt\/noticias\/2026\/01\/19\/luis-enrique-defende-brahim-diaz-apos-penalti-falhado-na-final-da-can\/"},"wordCount":199,"image":{"@id":"https:\/\/portaltela.pt\/noticias\/2026\/01\/19\/luis-enrique-defende-brahim-diaz-apos-penalti-falhado-na-final-da-can\/#primaryimage"},"thumbnailUrl":"https:\/\/portaltela.pt\/s.01k8rhncp4jt1\/2026\/01\/img_920x518uu2026-01-19-18-30-43-2415798-im-639044442712346657.jpg","keywords":["Brahim D\u00edaz","desporto","futebol","futebol internacional","Sporting","Zidane"],"articleSection":["Desporto","Futebol"],"inLanguage":"pt-PT"},{"@type":"WebPage","@id":"https:\/\/portaltela.pt\/noticias\/2026\/01\/19\/luis-enrique-defende-brahim-diaz-apos-penalti-falhado-na-final-da-can\/","url":"https:\/\/portaltela.pt\/noticias\/2026\/01\/19\/luis-enrique-defende-brahim-diaz-apos-penalti-falhado-na-final-da-can\/","name":"Lu\u00eds Enrique defende Brahim D\u00edaz ap\u00f3s pen\u00e1lti falhado na final da CAN - Portal Tela Portugal","isPartOf":{"@id":"https:\/\/portaltela.pt\/#website"},"primaryImageOfPage":{"@id":"https:\/\/portaltela.pt\/noticias\/2026\/01\/19\/luis-enrique-defende-brahim-diaz-apos-penalti-falhado-na-final-da-can\/#primaryimage"},"image":{"@id":"https:\/\/portaltela.pt\/noticias\/2026\/01\/19\/luis-enrique-defende-brahim-diaz-apos-penalti-falhado-na-final-da-can\/#primaryimage"},"thumbnailUrl":"https:\/\/portaltela.pt\/s.01k8rhncp4jt1\/2026\/01\/img_920x518uu2026-01-19-18-30-43-2415798-im-639044442712346657.jpg","datePublished":"2026-01-19T18:32:01+00:00","author":{"@id":"https:\/\/portaltela.pt\/#\/schema\/person\/c4278d4a6028830caff9ee44b42d32ed"},"breadcrumb":{"@id":"https:\/\/portaltela.pt\/noticias\/2026\/01\/19\/luis-enrique-defende-brahim-diaz-apos-penalti-falhado-na-final-da-can\/#breadcrumb"},"inLanguage":"pt-PT","potentialAction":[{"@type":"ReadAction","target":["https:\/\/portaltela.pt\/noticias\/2026\/01\/19\/luis-enrique-defende-brahim-diaz-apos-penalti-falhado-na-final-da-can\/"]}]},{"@type":"ImageObject","inLanguage":"pt-PT","@id":"https:\/\/portaltela.pt\/noticias\/2026\/01\/19\/luis-enrique-defende-brahim-diaz-apos-penalti-falhado-na-final-da-can\/#primaryimage","url":"https:\/\/portaltela.pt\/s.01k8rhncp4jt1\/2026\/01\/img_920x518uu2026-01-19-18-30-43-2415798-im-639044442712346657.jpg","contentUrl":"https:\/\/portaltela.pt\/s.01k8rhncp4jt1\/2026\/01\/img_920x518uu2026-01-19-18-30-43-2415798-im-639044442712346657.jpg","width":796,"height":448,"caption":"Lu\u00eds Enrique, treinador do PSG"},{"@type":"BreadcrumbList","@id":"https:\/\/portaltela.pt\/noticias\/2026\/01\/19\/luis-enrique-defende-brahim-diaz-apos-penalti-falhado-na-final-da-can\/#breadcrumb","itemListElement":[{"@type":"ListItem","position":1,"name":"In\u00edcio","item":"https:\/\/portaltela.pt\/"},{"@type":"ListItem","position":2,"name":"Lu\u00eds Enrique defende Brahim D\u00edaz ap\u00f3s pen\u00e1lti falhado na final da CAN"}]},{"@type":"WebSite","@id":"https:\/\/portaltela.pt\/#website","url":"https:\/\/portaltela.pt\/","name":"Portal Tela Portugal","description":"","potentialAction":[{"@type":"SearchAction","target":{"@type":"EntryPoint","urlTemplate":"https:\/\/portaltela.pt\/?s={search_term_string}"},"query-input":{"@type":"PropertyValueSpecification","valueRequired":true,"valueName":"search_term_string"}}],"inLanguage":"pt-PT"},{"@type":"Person","@id":"https:\/\/portaltela.pt\/#\/schema\/person\/c4278d4a6028830caff9ee44b42d32ed","name":"Telinha","image":{"@type":"ImageObject","inLanguage":"pt-PT","@id":"https:\/\/portaltela.pt\/s.01k8rhncp4jt1\/2025\/11\/talking-bot-125x125.png","url":"https:\/\/portaltela.pt\/s.01k8rhncp4jt1\/2025\/11\/talking-bot-125x125.png","contentUrl":"https:\/\/portaltela.pt\/s.01k8rhncp4jt1\/2025\/11\/talking-bot-125x125.png","caption":"Telinha"},"sameAs":["https:\/\/portaltela.pt\/"],"url":"https:\/\/portaltela.pt\/por\/367410592786\/"}]}},"_links":{"self":[{"href":"https:\/\/portaltela.pt\/api\/wp\/v2\/posts\/153870","targetHints":{"allow":["GET"]}}],"collection":[{"href":"https:\/\/portaltela.pt\/api\/wp\/v2\/posts"}],"about":[{"href":"https:\/\/portaltela.pt\/api\/wp\/v2\/types\/post"}],"author":[{"embeddable":true,"href":"https:\/\/portaltela.pt\/api\/wp\/v2\/users\/2"}],"replies":[{"embeddable":true,"href":"https:\/\/portaltela.pt\/api\/wp\/v2\/comments?post=153870"}],"version-history":[{"count":0,"href":"https:\/\/portaltela.pt\/api\/wp\/v2\/posts\/153870\/revisions"}],"wp:featuredmedia":[{"embeddable":true,"href":"https:\/\/portaltela.pt\/api\/wp\/v2\/media\/153876"}],"wp:attachment":[{"href":"https:\/\/portaltela.pt\/api\/wp\/v2\/media?parent=153870"}],"wp:term":[{"taxonomy":"category","embeddable":true,"href":"https:\/\/portaltela.pt\/api\/wp\/v2\/categories?post=153870"},{"taxonomy":"post_tag","embeddable":true,"href":"https:\/\/portaltela.pt\/api\/wp\/v2\/tags?post=153870"}],"curies":[{"name":"wp","href":"https:\/\/api.w.org\/{rel}","templated":true}]}}