{"id":153861,"date":"2026-01-19T15:21:58","date_gmt":"2026-01-19T18:21:58","guid":{"rendered":"https:\/\/portaltela.pt\/noticias\/2026\/01\/19\/dois-motociclistas-ficam-feridos-num-acidente-em-santana\/"},"modified":"2026-01-19T15:21:58","modified_gmt":"2026-01-19T18:21:58","slug":"dois-motociclistas-ficam-feridos-num-acidente-em-santana","status":"publish","type":"post","link":"https:\/\/portaltela.pt\/noticias\/2026\/01\/19\/dois-motociclistas-ficam-feridos-num-acidente-em-santana\/","title":{"rendered":"Dois motociclistas ficam feridos num acidente em Santana"},"content":{"rendered":"<p>Dois motociclistas ficaram feridos num despiste numa zona de Santana, ao in\u00edcio da tarde de hoje. Ambos eram de nacionalidade espanhola e tinham cerca de 30 anos. O acidente ocorreu perto da rotunda do Farrobo, no concelho de Santana.<\/p>\n<p>Os Bombeiros Volunt\u00e1rios de Santana foram acionados para socorrer as v\u00edtimas. Ao chegar ao local, as equipas encontraram as duas pessoas feridas, que receberam tratamento no local.<\/p>\n<p>As circunst\u00e2ncias do despiste est\u00e3o a ser apuradas pelas autoridades competentes. N\u00e3o foram divulgados detalhes sobre o estado de sa\u00fade das v\u00edtimas nem sobre as causas do acidente.<\/p>\n","protected":false},"excerpt":{"rendered":"<ul>\n<li>Os Bombeiros Volunt\u00e1rios de Santana foram acionados ao in\u00edcio da tarde para socorrer duas pessoas de nacionalidade espanhola, com idades na casa dos 30 anos, ap\u00f3s despiste de motociclo.<\/li>\n<li>O acidente ocorreu nas imedia\u00e7\u00f5es da rotunda do Farrobo, no concelho de Santana.<\/li>\n<li>\u00c0 chegada, as equipas de socorro encontraram as duas v\u00edtimas feridas e prestaram assist\u00eancia no local.<\/li>\n<li>As v\u00edtimas foram assistidas no local sem indica\u00e7\u00e3o de encaminhamento imediato para hospital.<\/li>\n<\/ul>\n","protected":false},"author":2,"featured_media":153872,"comment_status":"closed","ping_status":"closed","sticky":false,"template":"","format":"standard","meta":{"footnotes":""},"categories":[1],"tags":[2088,971,3449,2096],"class_list":["post-153861","post","type-post","status-publish","format-standard","has-post-thumbnail","hentry","category-noticias","tag-acidente-de-viacao","tag-bombeiros","tag-feridos","tag-santana"],"yoast_head":"<!-- This site is optimized with the Yoast SEO plugin v27.2 - https:\/\/yoast.com\/product\/yoast-seo-wordpress\/ -->\n<title>Dois motociclistas ficam feridos num acidente em Santana - Portal Tela Portugal<\/title>\n<meta name=\"robots\" content=\"index, follow, max-snippet:-1, max-image-preview:large, max-video-preview:-1\" \/>\n<meta property=\"og:locale\" content=\"pt_PT\" \/>\n<meta property=\"og:type\" content=\"article\" \/>\n<meta property=\"og:title\" content=\"Dois motociclistas ficam feridos num acidente em Santana - Portal Tela Portugal\" \/>\n<meta property=\"og:description\" content=\"Os Bombeiros Volunt\u00e1rios de Santana foram acionados ao in\u00edcio da tarde para socorrer duas pessoas de nacionalidade espanhola, com idades na casa dos 30 anos, ap\u00f3s despiste de motociclo. O acidente ocorreu nas imedia\u00e7\u00f5es da rotunda do Farrobo, no concelho de Santana. \u00c0 chegada, as equipas de socorro encontraram as duas v\u00edtimas feridas e prestaram assist\u00eancia no local. As v\u00edtimas foram assistidas no local sem indica\u00e7\u00e3o de encaminhamento imediato para hospital.\" \/>\n<meta property=\"og:url\" content=\"https:\/\/portaltela.pt\/noticias\/2026\/01\/19\/dois-motociclistas-ficam-feridos-num-acidente-em-santana\/\" \/>\n<meta property=\"og:site_name\" content=\"Portal Tela Portugal\" \/>\n<meta property=\"article:published_time\" content=\"2026-01-19T18:21:58+00:00\" \/>\n<meta name=\"author\" content=\"Telinha\" \/>\n<meta name=\"twitter:card\" content=\"summary_large_image\" \/>\n<meta name=\"twitter:label1\" content=\"Escrito por\" \/>\n\t<meta name=\"twitter:data1\" content=\"Telinha\" \/>\n\t<meta name=\"twitter:label2\" content=\"Tempo estimado de leitura\" \/>\n\t<meta name=\"twitter:data2\" content=\"1 minuto\" \/>\n<script type=\"application\/ld+json\" class=\"yoast-schema-graph\">{\"@context\":\"https:\/\/schema.org\",\"@graph\":[{\"@type\":\"Article\",\"@id\":\"https:\/\/portaltela.pt\/noticias\/2026\/01\/19\/dois-motociclistas-ficam-feridos-num-acidente-em-santana\/#article\",\"isPartOf\":{\"@id\":\"https:\/\/portaltela.pt\/noticias\/2026\/01\/19\/dois-motociclistas-ficam-feridos-num-acidente-em-santana\/\"},\"author\":{\"name\":\"Telinha\",\"@id\":\"https:\/\/portaltela.pt\/#\/schema\/person\/c4278d4a6028830caff9ee44b42d32ed\"},\"headline\":\"Dois motociclistas ficam feridos num acidente em Santana\",\"datePublished\":\"2026-01-19T18:21:58+00:00\",\"mainEntityOfPage\":{\"@id\":\"https:\/\/portaltela.pt\/noticias\/2026\/01\/19\/dois-motociclistas-ficam-feridos-num-acidente-em-santana\/\"},\"wordCount\":109,\"image\":{\"@id\":\"https:\/\/portaltela.pt\/noticias\/2026\/01\/19\/dois-motociclistas-ficam-feridos-num-acidente-em-santana\/#primaryimage\"},\"thumbnailUrl\":\"https:\/\/portaltela.pt\/s.01k8rhncp4jt1\/2026\/01\/unnamed-file-3917.jpg\",\"keywords\":[\"acidente de via\u00e7\u00e3o\",\"bombeiros\",\"feridos\",\"Santana\"],\"articleSection\":[\"Not\u00edcias\"],\"inLanguage\":\"pt-PT\"},{\"@type\":\"WebPage\",\"@id\":\"https:\/\/portaltela.pt\/noticias\/2026\/01\/19\/dois-motociclistas-ficam-feridos-num-acidente-em-santana\/\",\"url\":\"https:\/\/portaltela.pt\/noticias\/2026\/01\/19\/dois-motociclistas-ficam-feridos-num-acidente-em-santana\/\",\"name\":\"Dois motociclistas ficam feridos num acidente em Santana - Portal Tela Portugal\",\"isPartOf\":{\"@id\":\"https:\/\/portaltela.pt\/#website\"},\"primaryImageOfPage\":{\"@id\":\"https:\/\/portaltela.pt\/noticias\/2026\/01\/19\/dois-motociclistas-ficam-feridos-num-acidente-em-santana\/#primaryimage\"},\"image\":{\"@id\":\"https:\/\/portaltela.pt\/noticias\/2026\/01\/19\/dois-motociclistas-ficam-feridos-num-acidente-em-santana\/#primaryimage\"},\"thumbnailUrl\":\"https:\/\/portaltela.pt\/s.01k8rhncp4jt1\/2026\/01\/unnamed-file-3917.jpg\",\"datePublished\":\"2026-01-19T18:21:58+00:00\",\"author\":{\"@id\":\"https:\/\/portaltela.pt\/#\/schema\/person\/c4278d4a6028830caff9ee44b42d32ed\"},\"breadcrumb\":{\"@id\":\"https:\/\/portaltela.pt\/noticias\/2026\/01\/19\/dois-motociclistas-ficam-feridos-num-acidente-em-santana\/#breadcrumb\"},\"inLanguage\":\"pt-PT\",\"potentialAction\":[{\"@type\":\"ReadAction\",\"target\":[\"https:\/\/portaltela.pt\/noticias\/2026\/01\/19\/dois-motociclistas-ficam-feridos-num-acidente-em-santana\/\"]}]},{\"@type\":\"ImageObject\",\"inLanguage\":\"pt-PT\",\"@id\":\"https:\/\/portaltela.pt\/noticias\/2026\/01\/19\/dois-motociclistas-ficam-feridos-num-acidente-em-santana\/#primaryimage\",\"url\":\"https:\/\/portaltela.pt\/s.01k8rhncp4jt1\/2026\/01\/unnamed-file-3917.jpg\",\"contentUrl\":\"https:\/\/portaltela.pt\/s.01k8rhncp4jt1\/2026\/01\/unnamed-file-3917.jpg\",\"width\":796,\"height\":448,\"caption\":\"Dois motociclistas feridos num acidente em Santana\"},{\"@type\":\"BreadcrumbList\",\"@id\":\"https:\/\/portaltela.pt\/noticias\/2026\/01\/19\/dois-motociclistas-ficam-feridos-num-acidente-em-santana\/#breadcrumb\",\"itemListElement\":[{\"@type\":\"ListItem\",\"position\":1,\"name\":\"In\u00edcio\",\"item\":\"https:\/\/portaltela.pt\/\"},{\"@type\":\"ListItem\",\"position\":2,\"name\":\"Dois motociclistas ficam feridos num acidente em Santana\"}]},{\"@type\":\"WebSite\",\"@id\":\"https:\/\/portaltela.pt\/#website\",\"url\":\"https:\/\/portaltela.pt\/\",\"name\":\"Portal Tela Portugal\",\"description\":\"\",\"potentialAction\":[{\"@type\":\"SearchAction\",\"target\":{\"@type\":\"EntryPoint\",\"urlTemplate\":\"https:\/\/portaltela.pt\/?s={search_term_string}\"},\"query-input\":{\"@type\":\"PropertyValueSpecification\",\"valueRequired\":true,\"valueName\":\"search_term_string\"}}],\"inLanguage\":\"pt-PT\"},{\"@type\":\"Person\",\"@id\":\"https:\/\/portaltela.pt\/#\/schema\/person\/c4278d4a6028830caff9ee44b42d32ed\",\"name\":\"Telinha\",\"image\":{\"@type\":\"ImageObject\",\"inLanguage\":\"pt-PT\",\"@id\":\"https:\/\/portaltela.pt\/s.01k8rhncp4jt1\/2025\/11\/talking-bot-125x125.png\",\"url\":\"https:\/\/portaltela.pt\/s.01k8rhncp4jt1\/2025\/11\/talking-bot-125x125.png\",\"contentUrl\":\"https:\/\/portaltela.pt\/s.01k8rhncp4jt1\/2025\/11\/talking-bot-125x125.png\",\"caption\":\"Telinha\"},\"sameAs\":[\"https:\/\/portaltela.pt\/\"],\"url\":\"https:\/\/portaltela.pt\/por\/367410592786\/\"}]}<\/script>\n<!-- \/ Yoast SEO plugin. -->","yoast_head_json":{"title":"Dois motociclistas ficam feridos num acidente em Santana - Portal Tela Portugal","robots":{"index":"index","follow":"follow","max-snippet":"max-snippet:-1","max-image-preview":"max-image-preview:large","max-video-preview":"max-video-preview:-1"},"og_locale":"pt_PT","og_type":"article","og_title":"Dois motociclistas ficam feridos num acidente em Santana - Portal Tela Portugal","og_description":"Os Bombeiros Volunt\u00e1rios de Santana foram acionados ao in\u00edcio da tarde para socorrer duas pessoas de nacionalidade espanhola, com idades na casa dos 30 anos, ap\u00f3s despiste de motociclo. O acidente ocorreu nas imedia\u00e7\u00f5es da rotunda do Farrobo, no concelho de Santana. \u00c0 chegada, as equipas de socorro encontraram as duas v\u00edtimas feridas e prestaram assist\u00eancia no local. As v\u00edtimas foram assistidas no local sem indica\u00e7\u00e3o de encaminhamento imediato para hospital.","og_url":"https:\/\/portaltela.pt\/noticias\/2026\/01\/19\/dois-motociclistas-ficam-feridos-num-acidente-em-santana\/","og_site_name":"Portal Tela Portugal","article_published_time":"2026-01-19T18:21:58+00:00","author":"Telinha","twitter_card":"summary_large_image","twitter_misc":{"Escrito por":"Telinha","Tempo estimado de leitura":"1 minuto"},"schema":{"@context":"https:\/\/schema.org","@graph":[{"@type":"Article","@id":"https:\/\/portaltela.pt\/noticias\/2026\/01\/19\/dois-motociclistas-ficam-feridos-num-acidente-em-santana\/#article","isPartOf":{"@id":"https:\/\/portaltela.pt\/noticias\/2026\/01\/19\/dois-motociclistas-ficam-feridos-num-acidente-em-santana\/"},"author":{"name":"Telinha","@id":"https:\/\/portaltela.pt\/#\/schema\/person\/c4278d4a6028830caff9ee44b42d32ed"},"headline":"Dois motociclistas ficam feridos num acidente em Santana","datePublished":"2026-01-19T18:21:58+00:00","mainEntityOfPage":{"@id":"https:\/\/portaltela.pt\/noticias\/2026\/01\/19\/dois-motociclistas-ficam-feridos-num-acidente-em-santana\/"},"wordCount":109,"image":{"@id":"https:\/\/portaltela.pt\/noticias\/2026\/01\/19\/dois-motociclistas-ficam-feridos-num-acidente-em-santana\/#primaryimage"},"thumbnailUrl":"https:\/\/portaltela.pt\/s.01k8rhncp4jt1\/2026\/01\/unnamed-file-3917.jpg","keywords":["acidente de via\u00e7\u00e3o","bombeiros","feridos","Santana"],"articleSection":["Not\u00edcias"],"inLanguage":"pt-PT"},{"@type":"WebPage","@id":"https:\/\/portaltela.pt\/noticias\/2026\/01\/19\/dois-motociclistas-ficam-feridos-num-acidente-em-santana\/","url":"https:\/\/portaltela.pt\/noticias\/2026\/01\/19\/dois-motociclistas-ficam-feridos-num-acidente-em-santana\/","name":"Dois motociclistas ficam feridos num acidente em Santana - Portal Tela Portugal","isPartOf":{"@id":"https:\/\/portaltela.pt\/#website"},"primaryImageOfPage":{"@id":"https:\/\/portaltela.pt\/noticias\/2026\/01\/19\/dois-motociclistas-ficam-feridos-num-acidente-em-santana\/#primaryimage"},"image":{"@id":"https:\/\/portaltela.pt\/noticias\/2026\/01\/19\/dois-motociclistas-ficam-feridos-num-acidente-em-santana\/#primaryimage"},"thumbnailUrl":"https:\/\/portaltela.pt\/s.01k8rhncp4jt1\/2026\/01\/unnamed-file-3917.jpg","datePublished":"2026-01-19T18:21:58+00:00","author":{"@id":"https:\/\/portaltela.pt\/#\/schema\/person\/c4278d4a6028830caff9ee44b42d32ed"},"breadcrumb":{"@id":"https:\/\/portaltela.pt\/noticias\/2026\/01\/19\/dois-motociclistas-ficam-feridos-num-acidente-em-santana\/#breadcrumb"},"inLanguage":"pt-PT","potentialAction":[{"@type":"ReadAction","target":["https:\/\/portaltela.pt\/noticias\/2026\/01\/19\/dois-motociclistas-ficam-feridos-num-acidente-em-santana\/"]}]},{"@type":"ImageObject","inLanguage":"pt-PT","@id":"https:\/\/portaltela.pt\/noticias\/2026\/01\/19\/dois-motociclistas-ficam-feridos-num-acidente-em-santana\/#primaryimage","url":"https:\/\/portaltela.pt\/s.01k8rhncp4jt1\/2026\/01\/unnamed-file-3917.jpg","contentUrl":"https:\/\/portaltela.pt\/s.01k8rhncp4jt1\/2026\/01\/unnamed-file-3917.jpg","width":796,"height":448,"caption":"Dois motociclistas feridos num acidente em Santana"},{"@type":"BreadcrumbList","@id":"https:\/\/portaltela.pt\/noticias\/2026\/01\/19\/dois-motociclistas-ficam-feridos-num-acidente-em-santana\/#breadcrumb","itemListElement":[{"@type":"ListItem","position":1,"name":"In\u00edcio","item":"https:\/\/portaltela.pt\/"},{"@type":"ListItem","position":2,"name":"Dois motociclistas ficam feridos num acidente em Santana"}]},{"@type":"WebSite","@id":"https:\/\/portaltela.pt\/#website","url":"https:\/\/portaltela.pt\/","name":"Portal Tela Portugal","description":"","potentialAction":[{"@type":"SearchAction","target":{"@type":"EntryPoint","urlTemplate":"https:\/\/portaltela.pt\/?s={search_term_string}"},"query-input":{"@type":"PropertyValueSpecification","valueRequired":true,"valueName":"search_term_string"}}],"inLanguage":"pt-PT"},{"@type":"Person","@id":"https:\/\/portaltela.pt\/#\/schema\/person\/c4278d4a6028830caff9ee44b42d32ed","name":"Telinha","image":{"@type":"ImageObject","inLanguage":"pt-PT","@id":"https:\/\/portaltela.pt\/s.01k8rhncp4jt1\/2025\/11\/talking-bot-125x125.png","url":"https:\/\/portaltela.pt\/s.01k8rhncp4jt1\/2025\/11\/talking-bot-125x125.png","contentUrl":"https:\/\/portaltela.pt\/s.01k8rhncp4jt1\/2025\/11\/talking-bot-125x125.png","caption":"Telinha"},"sameAs":["https:\/\/portaltela.pt\/"],"url":"https:\/\/portaltela.pt\/por\/367410592786\/"}]}},"_links":{"self":[{"href":"https:\/\/portaltela.pt\/api\/wp\/v2\/posts\/153861","targetHints":{"allow":["GET"]}}],"collection":[{"href":"https:\/\/portaltela.pt\/api\/wp\/v2\/posts"}],"about":[{"href":"https:\/\/portaltela.pt\/api\/wp\/v2\/types\/post"}],"author":[{"embeddable":true,"href":"https:\/\/portaltela.pt\/api\/wp\/v2\/users\/2"}],"replies":[{"embeddable":true,"href":"https:\/\/portaltela.pt\/api\/wp\/v2\/comments?post=153861"}],"version-history":[{"count":0,"href":"https:\/\/portaltela.pt\/api\/wp\/v2\/posts\/153861\/revisions"}],"wp:featuredmedia":[{"embeddable":true,"href":"https:\/\/portaltela.pt\/api\/wp\/v2\/media\/153872"}],"wp:attachment":[{"href":"https:\/\/portaltela.pt\/api\/wp\/v2\/media?parent=153861"}],"wp:term":[{"taxonomy":"category","embeddable":true,"href":"https:\/\/portaltela.pt\/api\/wp\/v2\/categories?post=153861"},{"taxonomy":"post_tag","embeddable":true,"href":"https:\/\/portaltela.pt\/api\/wp\/v2\/tags?post=153861"}],"curies":[{"name":"wp","href":"https:\/\/api.w.org\/{rel}","templated":true}]}}