{"id":153859,"date":"2026-01-19T15:21:00","date_gmt":"2026-01-19T18:21:00","guid":{"rendered":"https:\/\/portaltela.pt\/noticias\/2026\/01\/19\/tempos-de-espera-para-a-primeira-observacao-reduziram\/"},"modified":"2026-01-19T15:21:00","modified_gmt":"2026-01-19T18:21:00","slug":"tempos-de-espera-para-a-primeira-observacao-reduziram","status":"publish","type":"post","link":"https:\/\/portaltela.pt\/noticias\/2026\/01\/19\/tempos-de-espera-para-a-primeira-observacao-reduziram\/","title":{"rendered":"Tempos de espera para a primeira observa\u00e7\u00e3o reduziram"},"content":{"rendered":"<p>A ministra da Sa\u00fade afirmou que circulam algumas inverdades sobre o SNS e garantiu que houve redu\u00e7\u00e3o no tempo de espera para a primeira observa\u00e7\u00e3o durante a atual epidemia de gripe. Ana Paula Martins falou aos jornalistas no Hospital de Santa Luzia, em Viana do Castelo.<\/p>\n<p>A governante disse que o SNS est\u00e1 preparado para o que for necess\u00e1rio e sublinhou melhorias no atendimento de urg\u00eancia. Refutou a ideia de excesso de mortalidade em Portugal, afirmando que o pa\u00eds tem um excesso de mortalidade compar\u00e1vel a alguns outros anos.<\/p>\n<p>A ministra destacou ainda que o percurso da gripe \u00e9 longo e depende da evolu\u00e7\u00e3o do frio. Reiterou que o SNS tem mostrado capacidade de resposta e valorizou o trabalho humano e abnegado dos profissionais de sa\u00fade. N\u00e3o comentou sobre candidatos presidenciais.<\/p>\n<h3>Dados do INSA<\/h3>\n<p>O Boletim de vigil\u00e2ncia epidemiol\u00f3gica do INSA, divulgado em dezembro, indica aumento de infe\u00e7\u00f5es respirat\u00f3rias graves, sobretudo em idosos e crian\u00e7as, com mais casos de gripe em cuidados intensivos na semana 50.<\/p>\n<p>Na mesma semana, a mortalidade por todas as causas ficou acima do esperado para Portugal, com excedentes nas regi\u00f5es Norte, Centro e Algarve, e entre pessoas com mais de 75 anos. Os dados refletem o impacto da epidemia.<\/p>\n","protected":false},"excerpt":{"rendered":"<ul>\n<li>A ministra da Sa\u00fade, Ana Paula Martins, disse que os tempos de espera para a primeira observa\u00e7\u00e3o reduziram este ano durante a epidemia da gripe e que o SNS est\u00e1 preparado para o que for necess\u00e1rio, em declara\u00e7\u00f5es no Hospital de Santa Luzia, em Viana do Castelo.<\/li>\n<li>Considerou que existem inverdades sobre o SNS e afirmou que houve melhorias, especialmente ao tornar as urg\u00eancias mais eficazes para quem precisa.<\/li>\n<li>Referiu ainda que o excesso de mortalidade em Portugal \u00e9 compar\u00e1vel a outros anos, n\u00e3o sendo um dado \u00fanico deste per\u00edodo.<\/li>\n<li>O INSA mostrou que, na semana de 8 a 14 de dezembro (semana 50), a mortalidade por todas as causas ficou acima do esperado em v\u00e1rias regi\u00f5es e entre pessoas com mais de 75 anos.<\/li>\n<li>Foram registados aumentos de infe\u00e7\u00f5es respirat\u00f3rias graves, com maior impacto em idosos e crian\u00e7as, e um crescimento de casos de gripe nos cuidados intensivos na mesma semana.<\/li>\n<\/ul>\n","protected":false},"author":2,"featured_media":153873,"comment_status":"closed","ping_status":"closed","sticky":false,"template":"","format":"standard","meta":{"footnotes":""},"categories":[1],"tags":[3140,3305,1014,271,1775,1899],"class_list":["post-153859","post","type-post","status-publish","format-standard","has-post-thumbnail","hentry","category-noticias","tag-cuidados-intensivos","tag-infeccao-respiratoria","tag-portugal","tag-saude-publica","tag-sns","tag-urgencias"],"yoast_head":"<!-- This site is optimized with the Yoast SEO plugin v27.2 - https:\/\/yoast.com\/product\/yoast-seo-wordpress\/ -->\n<title>Tempos de espera para a primeira observa\u00e7\u00e3o reduziram - Portal Tela Portugal<\/title>\n<meta name=\"robots\" content=\"index, follow, max-snippet:-1, max-image-preview:large, max-video-preview:-1\" \/>\n<meta property=\"og:locale\" content=\"pt_PT\" \/>\n<meta property=\"og:type\" content=\"article\" \/>\n<meta property=\"og:title\" content=\"Tempos de espera para a primeira observa\u00e7\u00e3o reduziram - Portal Tela Portugal\" \/>\n<meta property=\"og:description\" content=\"A ministra da Sa\u00fade, Ana Paula Martins, disse que os tempos de espera para a primeira observa\u00e7\u00e3o reduziram este ano durante a epidemia da gripe e que o SNS est\u00e1 preparado para o que for necess\u00e1rio, em declara\u00e7\u00f5es no Hospital de Santa Luzia, em Viana do Castelo. Considerou que existem inverdades sobre o SNS e afirmou que houve melhorias, especialmente ao tornar as urg\u00eancias mais eficazes para quem precisa. Referiu ainda que o excesso de mortalidade em Portugal \u00e9 compar\u00e1vel a outros anos, n\u00e3o sendo um dado \u00fanico deste per\u00edodo. O INSA mostrou que, na semana de 8 a 14 de dezembro (semana 50), a mortalidade por todas as causas ficou acima do esperado em v\u00e1rias regi\u00f5es e entre pessoas com mais de 75 anos. Foram registados aumentos de infe\u00e7\u00f5es respirat\u00f3rias graves, com maior impacto em idosos e crian\u00e7as, e um crescimento de casos de gripe nos cuidados intensivos na mesma semana.\" \/>\n<meta property=\"og:url\" content=\"https:\/\/portaltela.pt\/noticias\/2026\/01\/19\/tempos-de-espera-para-a-primeira-observacao-reduziram\/\" \/>\n<meta property=\"og:site_name\" content=\"Portal Tela Portugal\" \/>\n<meta property=\"article:published_time\" content=\"2026-01-19T18:21:00+00:00\" \/>\n<meta name=\"author\" content=\"Telinha\" \/>\n<meta name=\"twitter:card\" content=\"summary_large_image\" \/>\n<meta name=\"twitter:label1\" content=\"Escrito por\" \/>\n\t<meta name=\"twitter:data1\" content=\"Telinha\" \/>\n\t<meta name=\"twitter:label2\" content=\"Tempo estimado de leitura\" \/>\n\t<meta name=\"twitter:data2\" content=\"1 minuto\" \/>\n<script type=\"application\/ld+json\" class=\"yoast-schema-graph\">{\"@context\":\"https:\/\/schema.org\",\"@graph\":[{\"@type\":\"Article\",\"@id\":\"https:\/\/portaltela.pt\/noticias\/2026\/01\/19\/tempos-de-espera-para-a-primeira-observacao-reduziram\/#article\",\"isPartOf\":{\"@id\":\"https:\/\/portaltela.pt\/noticias\/2026\/01\/19\/tempos-de-espera-para-a-primeira-observacao-reduziram\/\"},\"author\":{\"name\":\"Telinha\",\"@id\":\"https:\/\/portaltela.pt\/#\/schema\/person\/c4278d4a6028830caff9ee44b42d32ed\"},\"headline\":\"Tempos de espera para a primeira observa\u00e7\u00e3o reduziram\",\"datePublished\":\"2026-01-19T18:21:00+00:00\",\"mainEntityOfPage\":{\"@id\":\"https:\/\/portaltela.pt\/noticias\/2026\/01\/19\/tempos-de-espera-para-a-primeira-observacao-reduziram\/\"},\"wordCount\":226,\"image\":{\"@id\":\"https:\/\/portaltela.pt\/noticias\/2026\/01\/19\/tempos-de-espera-para-a-primeira-observacao-reduziram\/#primaryimage\"},\"thumbnailUrl\":\"https:\/\/portaltela.pt\/s.01k8rhncp4jt1\/2026\/01\/unnamed-file-3917.jpg\",\"keywords\":[\"cuidados intensivos\",\"infec\u00e7\u00e3o respirat\u00f3ria\",\"Portugal\",\"sa\u00fade p\u00fablica\",\"SNS\",\"urg\u00eancias\"],\"articleSection\":[\"Not\u00edcias\"],\"inLanguage\":\"pt-PT\"},{\"@type\":\"WebPage\",\"@id\":\"https:\/\/portaltela.pt\/noticias\/2026\/01\/19\/tempos-de-espera-para-a-primeira-observacao-reduziram\/\",\"url\":\"https:\/\/portaltela.pt\/noticias\/2026\/01\/19\/tempos-de-espera-para-a-primeira-observacao-reduziram\/\",\"name\":\"Tempos de espera para a primeira observa\u00e7\u00e3o reduziram - Portal Tela Portugal\",\"isPartOf\":{\"@id\":\"https:\/\/portaltela.pt\/#website\"},\"primaryImageOfPage\":{\"@id\":\"https:\/\/portaltela.pt\/noticias\/2026\/01\/19\/tempos-de-espera-para-a-primeira-observacao-reduziram\/#primaryimage\"},\"image\":{\"@id\":\"https:\/\/portaltela.pt\/noticias\/2026\/01\/19\/tempos-de-espera-para-a-primeira-observacao-reduziram\/#primaryimage\"},\"thumbnailUrl\":\"https:\/\/portaltela.pt\/s.01k8rhncp4jt1\/2026\/01\/unnamed-file-3917.jpg\",\"datePublished\":\"2026-01-19T18:21:00+00:00\",\"author\":{\"@id\":\"https:\/\/portaltela.pt\/#\/schema\/person\/c4278d4a6028830caff9ee44b42d32ed\"},\"breadcrumb\":{\"@id\":\"https:\/\/portaltela.pt\/noticias\/2026\/01\/19\/tempos-de-espera-para-a-primeira-observacao-reduziram\/#breadcrumb\"},\"inLanguage\":\"pt-PT\",\"potentialAction\":[{\"@type\":\"ReadAction\",\"target\":[\"https:\/\/portaltela.pt\/noticias\/2026\/01\/19\/tempos-de-espera-para-a-primeira-observacao-reduziram\/\"]}]},{\"@type\":\"ImageObject\",\"inLanguage\":\"pt-PT\",\"@id\":\"https:\/\/portaltela.pt\/noticias\/2026\/01\/19\/tempos-de-espera-para-a-primeira-observacao-reduziram\/#primaryimage\",\"url\":\"https:\/\/portaltela.pt\/s.01k8rhncp4jt1\/2026\/01\/unnamed-file-3917.jpg\",\"contentUrl\":\"https:\/\/portaltela.pt\/s.01k8rhncp4jt1\/2026\/01\/unnamed-file-3917.jpg\",\"width\":796,\"height\":448,\"caption\":\"Ministra garante que SNS est\u00e1 preparado para casos de gripe\"},{\"@type\":\"BreadcrumbList\",\"@id\":\"https:\/\/portaltela.pt\/noticias\/2026\/01\/19\/tempos-de-espera-para-a-primeira-observacao-reduziram\/#breadcrumb\",\"itemListElement\":[{\"@type\":\"ListItem\",\"position\":1,\"name\":\"In\u00edcio\",\"item\":\"https:\/\/portaltela.pt\/\"},{\"@type\":\"ListItem\",\"position\":2,\"name\":\"Tempos de espera para a primeira observa\u00e7\u00e3o reduziram\"}]},{\"@type\":\"WebSite\",\"@id\":\"https:\/\/portaltela.pt\/#website\",\"url\":\"https:\/\/portaltela.pt\/\",\"name\":\"Portal Tela Portugal\",\"description\":\"\",\"potentialAction\":[{\"@type\":\"SearchAction\",\"target\":{\"@type\":\"EntryPoint\",\"urlTemplate\":\"https:\/\/portaltela.pt\/?s={search_term_string}\"},\"query-input\":{\"@type\":\"PropertyValueSpecification\",\"valueRequired\":true,\"valueName\":\"search_term_string\"}}],\"inLanguage\":\"pt-PT\"},{\"@type\":\"Person\",\"@id\":\"https:\/\/portaltela.pt\/#\/schema\/person\/c4278d4a6028830caff9ee44b42d32ed\",\"name\":\"Telinha\",\"image\":{\"@type\":\"ImageObject\",\"inLanguage\":\"pt-PT\",\"@id\":\"https:\/\/portaltela.pt\/s.01k8rhncp4jt1\/2025\/11\/talking-bot-125x125.png\",\"url\":\"https:\/\/portaltela.pt\/s.01k8rhncp4jt1\/2025\/11\/talking-bot-125x125.png\",\"contentUrl\":\"https:\/\/portaltela.pt\/s.01k8rhncp4jt1\/2025\/11\/talking-bot-125x125.png\",\"caption\":\"Telinha\"},\"sameAs\":[\"https:\/\/portaltela.pt\/\"],\"url\":\"https:\/\/portaltela.pt\/por\/367410592786\/\"}]}<\/script>\n<!-- \/ Yoast SEO plugin. -->","yoast_head_json":{"title":"Tempos de espera para a primeira observa\u00e7\u00e3o reduziram - Portal Tela Portugal","robots":{"index":"index","follow":"follow","max-snippet":"max-snippet:-1","max-image-preview":"max-image-preview:large","max-video-preview":"max-video-preview:-1"},"og_locale":"pt_PT","og_type":"article","og_title":"Tempos de espera para a primeira observa\u00e7\u00e3o reduziram - Portal Tela Portugal","og_description":"A ministra da Sa\u00fade, Ana Paula Martins, disse que os tempos de espera para a primeira observa\u00e7\u00e3o reduziram este ano durante a epidemia da gripe e que o SNS est\u00e1 preparado para o que for necess\u00e1rio, em declara\u00e7\u00f5es no Hospital de Santa Luzia, em Viana do Castelo. Considerou que existem inverdades sobre o SNS e afirmou que houve melhorias, especialmente ao tornar as urg\u00eancias mais eficazes para quem precisa. Referiu ainda que o excesso de mortalidade em Portugal \u00e9 compar\u00e1vel a outros anos, n\u00e3o sendo um dado \u00fanico deste per\u00edodo. O INSA mostrou que, na semana de 8 a 14 de dezembro (semana 50), a mortalidade por todas as causas ficou acima do esperado em v\u00e1rias regi\u00f5es e entre pessoas com mais de 75 anos. Foram registados aumentos de infe\u00e7\u00f5es respirat\u00f3rias graves, com maior impacto em idosos e crian\u00e7as, e um crescimento de casos de gripe nos cuidados intensivos na mesma semana.","og_url":"https:\/\/portaltela.pt\/noticias\/2026\/01\/19\/tempos-de-espera-para-a-primeira-observacao-reduziram\/","og_site_name":"Portal Tela Portugal","article_published_time":"2026-01-19T18:21:00+00:00","author":"Telinha","twitter_card":"summary_large_image","twitter_misc":{"Escrito por":"Telinha","Tempo estimado de leitura":"1 minuto"},"schema":{"@context":"https:\/\/schema.org","@graph":[{"@type":"Article","@id":"https:\/\/portaltela.pt\/noticias\/2026\/01\/19\/tempos-de-espera-para-a-primeira-observacao-reduziram\/#article","isPartOf":{"@id":"https:\/\/portaltela.pt\/noticias\/2026\/01\/19\/tempos-de-espera-para-a-primeira-observacao-reduziram\/"},"author":{"name":"Telinha","@id":"https:\/\/portaltela.pt\/#\/schema\/person\/c4278d4a6028830caff9ee44b42d32ed"},"headline":"Tempos de espera para a primeira observa\u00e7\u00e3o reduziram","datePublished":"2026-01-19T18:21:00+00:00","mainEntityOfPage":{"@id":"https:\/\/portaltela.pt\/noticias\/2026\/01\/19\/tempos-de-espera-para-a-primeira-observacao-reduziram\/"},"wordCount":226,"image":{"@id":"https:\/\/portaltela.pt\/noticias\/2026\/01\/19\/tempos-de-espera-para-a-primeira-observacao-reduziram\/#primaryimage"},"thumbnailUrl":"https:\/\/portaltela.pt\/s.01k8rhncp4jt1\/2026\/01\/unnamed-file-3917.jpg","keywords":["cuidados intensivos","infec\u00e7\u00e3o respirat\u00f3ria","Portugal","sa\u00fade p\u00fablica","SNS","urg\u00eancias"],"articleSection":["Not\u00edcias"],"inLanguage":"pt-PT"},{"@type":"WebPage","@id":"https:\/\/portaltela.pt\/noticias\/2026\/01\/19\/tempos-de-espera-para-a-primeira-observacao-reduziram\/","url":"https:\/\/portaltela.pt\/noticias\/2026\/01\/19\/tempos-de-espera-para-a-primeira-observacao-reduziram\/","name":"Tempos de espera para a primeira observa\u00e7\u00e3o reduziram - Portal Tela Portugal","isPartOf":{"@id":"https:\/\/portaltela.pt\/#website"},"primaryImageOfPage":{"@id":"https:\/\/portaltela.pt\/noticias\/2026\/01\/19\/tempos-de-espera-para-a-primeira-observacao-reduziram\/#primaryimage"},"image":{"@id":"https:\/\/portaltela.pt\/noticias\/2026\/01\/19\/tempos-de-espera-para-a-primeira-observacao-reduziram\/#primaryimage"},"thumbnailUrl":"https:\/\/portaltela.pt\/s.01k8rhncp4jt1\/2026\/01\/unnamed-file-3917.jpg","datePublished":"2026-01-19T18:21:00+00:00","author":{"@id":"https:\/\/portaltela.pt\/#\/schema\/person\/c4278d4a6028830caff9ee44b42d32ed"},"breadcrumb":{"@id":"https:\/\/portaltela.pt\/noticias\/2026\/01\/19\/tempos-de-espera-para-a-primeira-observacao-reduziram\/#breadcrumb"},"inLanguage":"pt-PT","potentialAction":[{"@type":"ReadAction","target":["https:\/\/portaltela.pt\/noticias\/2026\/01\/19\/tempos-de-espera-para-a-primeira-observacao-reduziram\/"]}]},{"@type":"ImageObject","inLanguage":"pt-PT","@id":"https:\/\/portaltela.pt\/noticias\/2026\/01\/19\/tempos-de-espera-para-a-primeira-observacao-reduziram\/#primaryimage","url":"https:\/\/portaltela.pt\/s.01k8rhncp4jt1\/2026\/01\/unnamed-file-3917.jpg","contentUrl":"https:\/\/portaltela.pt\/s.01k8rhncp4jt1\/2026\/01\/unnamed-file-3917.jpg","width":796,"height":448,"caption":"Ministra garante que SNS est\u00e1 preparado para casos de gripe"},{"@type":"BreadcrumbList","@id":"https:\/\/portaltela.pt\/noticias\/2026\/01\/19\/tempos-de-espera-para-a-primeira-observacao-reduziram\/#breadcrumb","itemListElement":[{"@type":"ListItem","position":1,"name":"In\u00edcio","item":"https:\/\/portaltela.pt\/"},{"@type":"ListItem","position":2,"name":"Tempos de espera para a primeira observa\u00e7\u00e3o reduziram"}]},{"@type":"WebSite","@id":"https:\/\/portaltela.pt\/#website","url":"https:\/\/portaltela.pt\/","name":"Portal Tela Portugal","description":"","potentialAction":[{"@type":"SearchAction","target":{"@type":"EntryPoint","urlTemplate":"https:\/\/portaltela.pt\/?s={search_term_string}"},"query-input":{"@type":"PropertyValueSpecification","valueRequired":true,"valueName":"search_term_string"}}],"inLanguage":"pt-PT"},{"@type":"Person","@id":"https:\/\/portaltela.pt\/#\/schema\/person\/c4278d4a6028830caff9ee44b42d32ed","name":"Telinha","image":{"@type":"ImageObject","inLanguage":"pt-PT","@id":"https:\/\/portaltela.pt\/s.01k8rhncp4jt1\/2025\/11\/talking-bot-125x125.png","url":"https:\/\/portaltela.pt\/s.01k8rhncp4jt1\/2025\/11\/talking-bot-125x125.png","contentUrl":"https:\/\/portaltela.pt\/s.01k8rhncp4jt1\/2025\/11\/talking-bot-125x125.png","caption":"Telinha"},"sameAs":["https:\/\/portaltela.pt\/"],"url":"https:\/\/portaltela.pt\/por\/367410592786\/"}]}},"_links":{"self":[{"href":"https:\/\/portaltela.pt\/api\/wp\/v2\/posts\/153859","targetHints":{"allow":["GET"]}}],"collection":[{"href":"https:\/\/portaltela.pt\/api\/wp\/v2\/posts"}],"about":[{"href":"https:\/\/portaltela.pt\/api\/wp\/v2\/types\/post"}],"author":[{"embeddable":true,"href":"https:\/\/portaltela.pt\/api\/wp\/v2\/users\/2"}],"replies":[{"embeddable":true,"href":"https:\/\/portaltela.pt\/api\/wp\/v2\/comments?post=153859"}],"version-history":[{"count":0,"href":"https:\/\/portaltela.pt\/api\/wp\/v2\/posts\/153859\/revisions"}],"wp:featuredmedia":[{"embeddable":true,"href":"https:\/\/portaltela.pt\/api\/wp\/v2\/media\/153873"}],"wp:attachment":[{"href":"https:\/\/portaltela.pt\/api\/wp\/v2\/media?parent=153859"}],"wp:term":[{"taxonomy":"category","embeddable":true,"href":"https:\/\/portaltela.pt\/api\/wp\/v2\/categories?post=153859"},{"taxonomy":"post_tag","embeddable":true,"href":"https:\/\/portaltela.pt\/api\/wp\/v2\/tags?post=153859"}],"curies":[{"name":"wp","href":"https:\/\/api.w.org\/{rel}","templated":true}]}}