{"id":153771,"date":"2026-01-19T14:47:34","date_gmt":"2026-01-19T17:47:34","guid":{"rendered":"https:\/\/portaltela.pt\/noticias\/2026\/01\/19\/prisao-preventiva-para-homem-detido-por-tentativa-de-roubo-em-ferreira-do-alentejo\/"},"modified":"2026-01-19T14:47:34","modified_gmt":"2026-01-19T17:47:34","slug":"prisao-preventiva-para-homem-detido-por-tentativa-de-roubo-em-ferreira-do-alentejo","status":"publish","type":"post","link":"https:\/\/portaltela.pt\/noticias\/2026\/01\/19\/prisao-preventiva-para-homem-detido-por-tentativa-de-roubo-em-ferreira-do-alentejo\/","title":{"rendered":"Pris\u00e3o preventiva para homem detido por tentativa de roubo em Ferreira do Alentejo"},"content":{"rendered":"<p>Os detalhes oficiais indicam que um homem de 40 anos foi detido no s\u00e1bado, em Ferreira do Alentejo, por tentativa de roubo com recurso a arma. A investiga\u00e7\u00e3o envolve, tamb\u00e9m, a suspeita de ser c\u00famplice de um homic\u00eddio de um idoso.<\/p>\n<p>Segundo a Pol\u00edcia Judici\u00e1ria, o detido foi ouvido em primeiro interrogat\u00f3rio judicial no \u00e2mbito do inqu\u00e9rito de tentativa de roubo, tendo-lhe sido aplicada a medida de coa\u00e7\u00e3o mais gravosa. Foi ainda mandado para o Estabelecimento Prisional de Beja.<\/p>\n<p>O crime ocorreu quando o suspeito abordou dois homens num ve\u00edculo, exigindo o telem\u00f3vel de um deles, sob amea\u00e7a de arma. As v\u00edtimas desarmaram o agressor e entregaram-no \u00e0s autoridades.<\/p>\n<h3>Pris\u00e3o da c\u00famplice de homic\u00eddio e oculta\u00e7\u00e3o de cad\u00e1ver<\/h3>\n<p>A companheira do suspeito foi detida tamb\u00e9m no \u00e2mbito do mesmo caso. Ela \u00e9 acusada de homic\u00eddio e profana\u00e7\u00e3o de cad\u00e1ver, envolvendo um idoso de 88 anos cujo corpo apareceu num po\u00e7o em Aljustrel, no distrito de Beja.<\/p>\n<p>A PJ aponta que o homic\u00eddio ter\u00e1 ocorrido na sexta-feira, em Aljustrel, com alegada viol\u00eancia para facilitar o roubo de bens da v\u00edtima. O cad\u00e1ver foi ocultado num local remoto perto de Ervidel.<\/p>\n<p>Foram recolhidos elementos de prova que sustentam a emiss\u00e3o de mandados de deten\u00e7\u00e3o fora de flagrante delito contra a mulher. O inqu\u00e9rito ao homic\u00eddio est\u00e1 a cargo da Procuradoria de Ourique, e o da tentativa de roubo no DIAP de Ferreira do Alentejo.<\/p>\n","protected":false},"excerpt":{"rendered":"<ul>\n<li>Um homem de 40 anos ficou em pris\u00e3o preventiva, ap\u00f3s deten\u00e7\u00e3o no s\u00e1bado por tentativa de roubo em Ferreira do Alentejo, no \u00e2mbito de um inqu\u00e9rito da Pol\u00edcia Judici\u00e1ria.<\/li>\n<li>O detido foi ouvido em primeiro interrogat\u00f3rio judicial e indiciado por roubo agravado na forma tentada; foi encaminhado ao Estabelecimento Prisional de Beja.<\/li>\n<li>O caso ocorreu quando o suspeito abordou dois homens num ve\u00edculo, sob a amea\u00e7a de um rev\u00f3lver, para exigir o telem\u00f3vel; as v\u00edtimas conseguiram desarm\u00e1-lo e imobiliz\u00e1-lo at\u00e9 \u00e0 chegada da GNR.<\/li>\n<li>A arma mostrada pelo suspeito era uma arma de ar comprimido e os agentes apreenderam tamb\u00e9m uma pistola de airsoft.<\/li>\n<li>A mulher, companheira do homem, foi detida por suspeitas de homic\u00eddio e profana\u00e7\u00e3o de cad\u00e1ver de um idoso de 88 anos, cujo corpo foi encontrado num po\u00e7o em Aljustrel; ela j\u00e1 foi presente a primeiro interrogat\u00f3rio judicial, sem divulga\u00e7\u00f5es de medidas de coa\u00e7\u00e3o.<\/li>\n<\/ul>\n","protected":false},"author":2,"featured_media":153777,"comment_status":"closed","ping_status":"closed","sticky":false,"template":"","format":"standard","meta":{"footnotes":""},"categories":[1],"tags":[883,1325,943,1345,294,203],"class_list":["post-153771","post","type-post","status-publish","format-standard","has-post-thumbnail","hentry","category-noticias","tag-alentejo","tag-aljustrel","tag-beja","tag-homicidio","tag-ocultacao-de-cadaver","tag-roubo"],"yoast_head":"<!-- This site is optimized with the Yoast SEO plugin v27.2 - https:\/\/yoast.com\/product\/yoast-seo-wordpress\/ -->\n<title>Pris\u00e3o preventiva para homem detido por tentativa de roubo em Ferreira do Alentejo - Portal Tela Portugal<\/title>\n<meta name=\"robots\" content=\"index, follow, max-snippet:-1, max-image-preview:large, max-video-preview:-1\" \/>\n<meta property=\"og:locale\" content=\"pt_PT\" \/>\n<meta property=\"og:type\" content=\"article\" \/>\n<meta property=\"og:title\" content=\"Pris\u00e3o preventiva para homem detido por tentativa de roubo em Ferreira do Alentejo - Portal Tela Portugal\" \/>\n<meta property=\"og:description\" content=\"Um homem de 40 anos ficou em pris\u00e3o preventiva, ap\u00f3s deten\u00e7\u00e3o no s\u00e1bado por tentativa de roubo em Ferreira do Alentejo, no \u00e2mbito de um inqu\u00e9rito da Pol\u00edcia Judici\u00e1ria. O detido foi ouvido em primeiro interrogat\u00f3rio judicial e indiciado por roubo agravado na forma tentada; foi encaminhado ao Estabelecimento Prisional de Beja. O caso ocorreu quando o suspeito abordou dois homens num ve\u00edculo, sob a amea\u00e7a de um rev\u00f3lver, para exigir o telem\u00f3vel; as v\u00edtimas conseguiram desarm\u00e1-lo e imobiliz\u00e1-lo at\u00e9 \u00e0 chegada da GNR. A arma mostrada pelo suspeito era uma arma de ar comprimido e os agentes apreenderam tamb\u00e9m uma pistola de airsoft. A mulher, companheira do homem, foi detida por suspeitas de homic\u00eddio e profana\u00e7\u00e3o de cad\u00e1ver de um idoso de 88 anos, cujo corpo foi encontrado num po\u00e7o em Aljustrel; ela j\u00e1 foi presente a primeiro interrogat\u00f3rio judicial, sem divulga\u00e7\u00f5es de medidas de coa\u00e7\u00e3o.\" \/>\n<meta property=\"og:url\" content=\"https:\/\/portaltela.pt\/noticias\/2026\/01\/19\/prisao-preventiva-para-homem-detido-por-tentativa-de-roubo-em-ferreira-do-alentejo\/\" \/>\n<meta property=\"og:site_name\" content=\"Portal Tela Portugal\" \/>\n<meta property=\"article:published_time\" content=\"2026-01-19T17:47:34+00:00\" \/>\n<meta name=\"author\" content=\"Telinha\" \/>\n<meta name=\"twitter:card\" content=\"summary_large_image\" \/>\n<meta name=\"twitter:label1\" content=\"Escrito por\" \/>\n\t<meta name=\"twitter:data1\" content=\"Telinha\" \/>\n\t<meta name=\"twitter:label2\" content=\"Tempo estimado de leitura\" \/>\n\t<meta name=\"twitter:data2\" content=\"1 minuto\" \/>\n<script type=\"application\/ld+json\" class=\"yoast-schema-graph\">{\"@context\":\"https:\/\/schema.org\",\"@graph\":[{\"@type\":\"Article\",\"@id\":\"https:\/\/portaltela.pt\/noticias\/2026\/01\/19\/prisao-preventiva-para-homem-detido-por-tentativa-de-roubo-em-ferreira-do-alentejo\/#article\",\"isPartOf\":{\"@id\":\"https:\/\/portaltela.pt\/noticias\/2026\/01\/19\/prisao-preventiva-para-homem-detido-por-tentativa-de-roubo-em-ferreira-do-alentejo\/\"},\"author\":{\"name\":\"Telinha\",\"@id\":\"https:\/\/portaltela.pt\/#\/schema\/person\/c4278d4a6028830caff9ee44b42d32ed\"},\"headline\":\"Pris\u00e3o preventiva para homem detido por tentativa de roubo em Ferreira do Alentejo\",\"datePublished\":\"2026-01-19T17:47:34+00:00\",\"mainEntityOfPage\":{\"@id\":\"https:\/\/portaltela.pt\/noticias\/2026\/01\/19\/prisao-preventiva-para-homem-detido-por-tentativa-de-roubo-em-ferreira-do-alentejo\/\"},\"wordCount\":275,\"image\":{\"@id\":\"https:\/\/portaltela.pt\/noticias\/2026\/01\/19\/prisao-preventiva-para-homem-detido-por-tentativa-de-roubo-em-ferreira-do-alentejo\/#primaryimage\"},\"thumbnailUrl\":\"https:\/\/portaltela.pt\/s.01k8rhncp4jt1\/2026\/01\/imagem_odigital-22.jpg\",\"keywords\":[\"Alentejo\",\"Aljustrel\",\"Beja\",\"homic\u00eddio\",\"oculta\u00e7\u00e3o de cad\u00e1ver\",\"roubo\"],\"articleSection\":[\"Not\u00edcias\"],\"inLanguage\":\"pt-PT\"},{\"@type\":\"WebPage\",\"@id\":\"https:\/\/portaltela.pt\/noticias\/2026\/01\/19\/prisao-preventiva-para-homem-detido-por-tentativa-de-roubo-em-ferreira-do-alentejo\/\",\"url\":\"https:\/\/portaltela.pt\/noticias\/2026\/01\/19\/prisao-preventiva-para-homem-detido-por-tentativa-de-roubo-em-ferreira-do-alentejo\/\",\"name\":\"Pris\u00e3o preventiva para homem detido por tentativa de roubo em Ferreira do Alentejo - Portal Tela Portugal\",\"isPartOf\":{\"@id\":\"https:\/\/portaltela.pt\/#website\"},\"primaryImageOfPage\":{\"@id\":\"https:\/\/portaltela.pt\/noticias\/2026\/01\/19\/prisao-preventiva-para-homem-detido-por-tentativa-de-roubo-em-ferreira-do-alentejo\/#primaryimage\"},\"image\":{\"@id\":\"https:\/\/portaltela.pt\/noticias\/2026\/01\/19\/prisao-preventiva-para-homem-detido-por-tentativa-de-roubo-em-ferreira-do-alentejo\/#primaryimage\"},\"thumbnailUrl\":\"https:\/\/portaltela.pt\/s.01k8rhncp4jt1\/2026\/01\/imagem_odigital-22.jpg\",\"datePublished\":\"2026-01-19T17:47:34+00:00\",\"author\":{\"@id\":\"https:\/\/portaltela.pt\/#\/schema\/person\/c4278d4a6028830caff9ee44b42d32ed\"},\"breadcrumb\":{\"@id\":\"https:\/\/portaltela.pt\/noticias\/2026\/01\/19\/prisao-preventiva-para-homem-detido-por-tentativa-de-roubo-em-ferreira-do-alentejo\/#breadcrumb\"},\"inLanguage\":\"pt-PT\",\"potentialAction\":[{\"@type\":\"ReadAction\",\"target\":[\"https:\/\/portaltela.pt\/noticias\/2026\/01\/19\/prisao-preventiva-para-homem-detido-por-tentativa-de-roubo-em-ferreira-do-alentejo\/\"]}]},{\"@type\":\"ImageObject\",\"inLanguage\":\"pt-PT\",\"@id\":\"https:\/\/portaltela.pt\/noticias\/2026\/01\/19\/prisao-preventiva-para-homem-detido-por-tentativa-de-roubo-em-ferreira-do-alentejo\/#primaryimage\",\"url\":\"https:\/\/portaltela.pt\/s.01k8rhncp4jt1\/2026\/01\/imagem_odigital-22.jpg\",\"contentUrl\":\"https:\/\/portaltela.pt\/s.01k8rhncp4jt1\/2026\/01\/imagem_odigital-22.jpg\",\"width\":796,\"height\":448,\"caption\":\"Homem detido em Montemor-o-Novo por reincid\u00eancia em viol\u00eancia dom\u00e9stica\"},{\"@type\":\"BreadcrumbList\",\"@id\":\"https:\/\/portaltela.pt\/noticias\/2026\/01\/19\/prisao-preventiva-para-homem-detido-por-tentativa-de-roubo-em-ferreira-do-alentejo\/#breadcrumb\",\"itemListElement\":[{\"@type\":\"ListItem\",\"position\":1,\"name\":\"In\u00edcio\",\"item\":\"https:\/\/portaltela.pt\/\"},{\"@type\":\"ListItem\",\"position\":2,\"name\":\"Pris\u00e3o preventiva para homem detido por tentativa de roubo em Ferreira do Alentejo\"}]},{\"@type\":\"WebSite\",\"@id\":\"https:\/\/portaltela.pt\/#website\",\"url\":\"https:\/\/portaltela.pt\/\",\"name\":\"Portal Tela Portugal\",\"description\":\"\",\"potentialAction\":[{\"@type\":\"SearchAction\",\"target\":{\"@type\":\"EntryPoint\",\"urlTemplate\":\"https:\/\/portaltela.pt\/?s={search_term_string}\"},\"query-input\":{\"@type\":\"PropertyValueSpecification\",\"valueRequired\":true,\"valueName\":\"search_term_string\"}}],\"inLanguage\":\"pt-PT\"},{\"@type\":\"Person\",\"@id\":\"https:\/\/portaltela.pt\/#\/schema\/person\/c4278d4a6028830caff9ee44b42d32ed\",\"name\":\"Telinha\",\"image\":{\"@type\":\"ImageObject\",\"inLanguage\":\"pt-PT\",\"@id\":\"https:\/\/portaltela.pt\/s.01k8rhncp4jt1\/2025\/11\/talking-bot-125x125.png\",\"url\":\"https:\/\/portaltela.pt\/s.01k8rhncp4jt1\/2025\/11\/talking-bot-125x125.png\",\"contentUrl\":\"https:\/\/portaltela.pt\/s.01k8rhncp4jt1\/2025\/11\/talking-bot-125x125.png\",\"caption\":\"Telinha\"},\"sameAs\":[\"https:\/\/portaltela.pt\/\"],\"url\":\"https:\/\/portaltela.pt\/por\/367410592786\/\"}]}<\/script>\n<!-- \/ Yoast SEO plugin. -->","yoast_head_json":{"title":"Pris\u00e3o preventiva para homem detido por tentativa de roubo em Ferreira do Alentejo - Portal Tela Portugal","robots":{"index":"index","follow":"follow","max-snippet":"max-snippet:-1","max-image-preview":"max-image-preview:large","max-video-preview":"max-video-preview:-1"},"og_locale":"pt_PT","og_type":"article","og_title":"Pris\u00e3o preventiva para homem detido por tentativa de roubo em Ferreira do Alentejo - Portal Tela Portugal","og_description":"Um homem de 40 anos ficou em pris\u00e3o preventiva, ap\u00f3s deten\u00e7\u00e3o no s\u00e1bado por tentativa de roubo em Ferreira do Alentejo, no \u00e2mbito de um inqu\u00e9rito da Pol\u00edcia Judici\u00e1ria. O detido foi ouvido em primeiro interrogat\u00f3rio judicial e indiciado por roubo agravado na forma tentada; foi encaminhado ao Estabelecimento Prisional de Beja. O caso ocorreu quando o suspeito abordou dois homens num ve\u00edculo, sob a amea\u00e7a de um rev\u00f3lver, para exigir o telem\u00f3vel; as v\u00edtimas conseguiram desarm\u00e1-lo e imobiliz\u00e1-lo at\u00e9 \u00e0 chegada da GNR. A arma mostrada pelo suspeito era uma arma de ar comprimido e os agentes apreenderam tamb\u00e9m uma pistola de airsoft. A mulher, companheira do homem, foi detida por suspeitas de homic\u00eddio e profana\u00e7\u00e3o de cad\u00e1ver de um idoso de 88 anos, cujo corpo foi encontrado num po\u00e7o em Aljustrel; ela j\u00e1 foi presente a primeiro interrogat\u00f3rio judicial, sem divulga\u00e7\u00f5es de medidas de coa\u00e7\u00e3o.","og_url":"https:\/\/portaltela.pt\/noticias\/2026\/01\/19\/prisao-preventiva-para-homem-detido-por-tentativa-de-roubo-em-ferreira-do-alentejo\/","og_site_name":"Portal Tela Portugal","article_published_time":"2026-01-19T17:47:34+00:00","author":"Telinha","twitter_card":"summary_large_image","twitter_misc":{"Escrito por":"Telinha","Tempo estimado de leitura":"1 minuto"},"schema":{"@context":"https:\/\/schema.org","@graph":[{"@type":"Article","@id":"https:\/\/portaltela.pt\/noticias\/2026\/01\/19\/prisao-preventiva-para-homem-detido-por-tentativa-de-roubo-em-ferreira-do-alentejo\/#article","isPartOf":{"@id":"https:\/\/portaltela.pt\/noticias\/2026\/01\/19\/prisao-preventiva-para-homem-detido-por-tentativa-de-roubo-em-ferreira-do-alentejo\/"},"author":{"name":"Telinha","@id":"https:\/\/portaltela.pt\/#\/schema\/person\/c4278d4a6028830caff9ee44b42d32ed"},"headline":"Pris\u00e3o preventiva para homem detido por tentativa de roubo em Ferreira do Alentejo","datePublished":"2026-01-19T17:47:34+00:00","mainEntityOfPage":{"@id":"https:\/\/portaltela.pt\/noticias\/2026\/01\/19\/prisao-preventiva-para-homem-detido-por-tentativa-de-roubo-em-ferreira-do-alentejo\/"},"wordCount":275,"image":{"@id":"https:\/\/portaltela.pt\/noticias\/2026\/01\/19\/prisao-preventiva-para-homem-detido-por-tentativa-de-roubo-em-ferreira-do-alentejo\/#primaryimage"},"thumbnailUrl":"https:\/\/portaltela.pt\/s.01k8rhncp4jt1\/2026\/01\/imagem_odigital-22.jpg","keywords":["Alentejo","Aljustrel","Beja","homic\u00eddio","oculta\u00e7\u00e3o de cad\u00e1ver","roubo"],"articleSection":["Not\u00edcias"],"inLanguage":"pt-PT"},{"@type":"WebPage","@id":"https:\/\/portaltela.pt\/noticias\/2026\/01\/19\/prisao-preventiva-para-homem-detido-por-tentativa-de-roubo-em-ferreira-do-alentejo\/","url":"https:\/\/portaltela.pt\/noticias\/2026\/01\/19\/prisao-preventiva-para-homem-detido-por-tentativa-de-roubo-em-ferreira-do-alentejo\/","name":"Pris\u00e3o preventiva para homem detido por tentativa de roubo em Ferreira do Alentejo - Portal Tela Portugal","isPartOf":{"@id":"https:\/\/portaltela.pt\/#website"},"primaryImageOfPage":{"@id":"https:\/\/portaltela.pt\/noticias\/2026\/01\/19\/prisao-preventiva-para-homem-detido-por-tentativa-de-roubo-em-ferreira-do-alentejo\/#primaryimage"},"image":{"@id":"https:\/\/portaltela.pt\/noticias\/2026\/01\/19\/prisao-preventiva-para-homem-detido-por-tentativa-de-roubo-em-ferreira-do-alentejo\/#primaryimage"},"thumbnailUrl":"https:\/\/portaltela.pt\/s.01k8rhncp4jt1\/2026\/01\/imagem_odigital-22.jpg","datePublished":"2026-01-19T17:47:34+00:00","author":{"@id":"https:\/\/portaltela.pt\/#\/schema\/person\/c4278d4a6028830caff9ee44b42d32ed"},"breadcrumb":{"@id":"https:\/\/portaltela.pt\/noticias\/2026\/01\/19\/prisao-preventiva-para-homem-detido-por-tentativa-de-roubo-em-ferreira-do-alentejo\/#breadcrumb"},"inLanguage":"pt-PT","potentialAction":[{"@type":"ReadAction","target":["https:\/\/portaltela.pt\/noticias\/2026\/01\/19\/prisao-preventiva-para-homem-detido-por-tentativa-de-roubo-em-ferreira-do-alentejo\/"]}]},{"@type":"ImageObject","inLanguage":"pt-PT","@id":"https:\/\/portaltela.pt\/noticias\/2026\/01\/19\/prisao-preventiva-para-homem-detido-por-tentativa-de-roubo-em-ferreira-do-alentejo\/#primaryimage","url":"https:\/\/portaltela.pt\/s.01k8rhncp4jt1\/2026\/01\/imagem_odigital-22.jpg","contentUrl":"https:\/\/portaltela.pt\/s.01k8rhncp4jt1\/2026\/01\/imagem_odigital-22.jpg","width":796,"height":448,"caption":"Homem detido em Montemor-o-Novo por reincid\u00eancia em viol\u00eancia dom\u00e9stica"},{"@type":"BreadcrumbList","@id":"https:\/\/portaltela.pt\/noticias\/2026\/01\/19\/prisao-preventiva-para-homem-detido-por-tentativa-de-roubo-em-ferreira-do-alentejo\/#breadcrumb","itemListElement":[{"@type":"ListItem","position":1,"name":"In\u00edcio","item":"https:\/\/portaltela.pt\/"},{"@type":"ListItem","position":2,"name":"Pris\u00e3o preventiva para homem detido por tentativa de roubo em Ferreira do Alentejo"}]},{"@type":"WebSite","@id":"https:\/\/portaltela.pt\/#website","url":"https:\/\/portaltela.pt\/","name":"Portal Tela Portugal","description":"","potentialAction":[{"@type":"SearchAction","target":{"@type":"EntryPoint","urlTemplate":"https:\/\/portaltela.pt\/?s={search_term_string}"},"query-input":{"@type":"PropertyValueSpecification","valueRequired":true,"valueName":"search_term_string"}}],"inLanguage":"pt-PT"},{"@type":"Person","@id":"https:\/\/portaltela.pt\/#\/schema\/person\/c4278d4a6028830caff9ee44b42d32ed","name":"Telinha","image":{"@type":"ImageObject","inLanguage":"pt-PT","@id":"https:\/\/portaltela.pt\/s.01k8rhncp4jt1\/2025\/11\/talking-bot-125x125.png","url":"https:\/\/portaltela.pt\/s.01k8rhncp4jt1\/2025\/11\/talking-bot-125x125.png","contentUrl":"https:\/\/portaltela.pt\/s.01k8rhncp4jt1\/2025\/11\/talking-bot-125x125.png","caption":"Telinha"},"sameAs":["https:\/\/portaltela.pt\/"],"url":"https:\/\/portaltela.pt\/por\/367410592786\/"}]}},"_links":{"self":[{"href":"https:\/\/portaltela.pt\/api\/wp\/v2\/posts\/153771","targetHints":{"allow":["GET"]}}],"collection":[{"href":"https:\/\/portaltela.pt\/api\/wp\/v2\/posts"}],"about":[{"href":"https:\/\/portaltela.pt\/api\/wp\/v2\/types\/post"}],"author":[{"embeddable":true,"href":"https:\/\/portaltela.pt\/api\/wp\/v2\/users\/2"}],"replies":[{"embeddable":true,"href":"https:\/\/portaltela.pt\/api\/wp\/v2\/comments?post=153771"}],"version-history":[{"count":0,"href":"https:\/\/portaltela.pt\/api\/wp\/v2\/posts\/153771\/revisions"}],"wp:featuredmedia":[{"embeddable":true,"href":"https:\/\/portaltela.pt\/api\/wp\/v2\/media\/153777"}],"wp:attachment":[{"href":"https:\/\/portaltela.pt\/api\/wp\/v2\/media?parent=153771"}],"wp:term":[{"taxonomy":"category","embeddable":true,"href":"https:\/\/portaltela.pt\/api\/wp\/v2\/categories?post=153771"},{"taxonomy":"post_tag","embeddable":true,"href":"https:\/\/portaltela.pt\/api\/wp\/v2\/tags?post=153771"}],"curies":[{"name":"wp","href":"https:\/\/api.w.org\/{rel}","templated":true}]}}