{"id":153761,"date":"2026-01-19T14:47:58","date_gmt":"2026-01-19T17:47:58","guid":{"rendered":"https:\/\/portaltela.pt\/noticias\/2026\/01\/19\/caldas-anuncia-o-sucessor-de-jose-vala-regresso-confirmado\/"},"modified":"2026-01-19T14:47:58","modified_gmt":"2026-01-19T17:47:58","slug":"caldas-anuncia-o-sucessor-de-jose-vala-regresso-confirmado","status":"publish","type":"post","link":"https:\/\/portaltela.pt\/desporto\/futebol\/2026\/01\/19\/caldas-anuncia-o-sucessor-de-jose-vala-regresso-confirmado\/","title":{"rendered":"Caldas anuncia o sucessor de Jos\u00e9 Vala, regresso confirmado"},"content":{"rendered":"<p>O Caldas anunciou nesta segunda-feira o nome do seu novo treinador, Jo\u00e3o Aguiar, 39 anos, que assume o comando da equipa principal. Ele sucede a Jos\u00e9 Vala, cuja liga\u00e7\u00e3o ao clube das Caldas da Rainha terminou ap\u00f3s uma d\u00e9cada.<\/p>\n<p>Vala deixou o posto num momento de crise desportiva, com a sa\u00edda anunciada no s\u00e1bado, em comunicado emocional do emblema alvinegro, que enfatiza a sa\u00edda \u201cpor amor\u201d. O Caldas ocupa o 8.\u00ba lugar na S\u00e9rie B da Liga 3 e acumula nove derrotas consecutivas.<\/p>\n<p>Jo\u00e3o Aguiar chega ao clube depois de j\u00e1 exercer fun\u00e7\u00f5es no Casa Pia, esta \u00e9poca, como adjunto. Na temporada passada, orientou a equipa B do Caldas, com a conquista da Ta\u00e7a Distrital da AF Leiria.<\/p>\n<h3>Novo ciclo no Caldas<\/h3>\n<p>O clube adianta que a reconstru\u00e7\u00e3o vai partir das ra\u00edzes, com quem conhece a casa e sente o peso da camisola. Aguiar \u00e9 apresentado como l\u00edder resistente, comunicador por natureza, com foco numa gest\u00e3o mais exigente e humanista.<\/p>\n<p>A dire\u00e7\u00e3o real\u00e7a ainda que o t\u00e9cnico chega com ambi\u00e7\u00e3o, esp\u00edrito de uni\u00e3o e a determina\u00e7\u00e3o de lutar at\u00e9 ao fim. O objetivo passa pela consolida\u00e7\u00e3o na Liga 3 e pela recupera\u00e7\u00e3o do rendimento da equipa.<\/p>\n","protected":false},"excerpt":{"rendered":"<ul>\n<li>o caldas da rainha anunciou jo\u00e3o aguiar como novo treinador, sucedendo jos\u00e9 vala, que saiu ap\u00f3s uma liga\u00e7\u00e3o de 10 anos ao clube.<\/li>\n<li>vala deixou o cargo e a decis\u00e3o foi comunicada ao clube com a express\u00e3o de sair \u201cpor amor\u201d.<\/li>\n<li>jo\u00e3o aguiar, 39 anos, j\u00e1 era adjunto no casa pia e, na \u00e9poca passada, guiou a equipa B do caldas \u00e0 conquista da ta\u00e7a distrital da af leiria.<\/li>\n<li>o caldas ocupa o oitavo lugar na s\u00e9rie b da liga 3 e est\u00e1 numa sequ\u00eancia de nove derrotas consecutivas no campeonato.<\/li>\n<li>o clube destacou nas redes sociais a aposta em ra\u00edzes, uni\u00e3o e lideran\u00e7a de aguiar para manter a luta at\u00e9 ao fim.<\/li>\n<\/ul>\n","protected":false},"author":2,"featured_media":153776,"comment_status":"closed","ping_status":"closed","sticky":false,"template":"","format":"standard","meta":{"footnotes":""},"categories":[21,24],"tags":[3088,1672,152,32,1385,1786],"class_list":["post-153761","post","type-post","status-publish","format-standard","has-post-thumbnail","hentry","category-desporto","category-futebol","tag-af-leiria","tag-caldas-da-rainha","tag-desporto","tag-futebol","tag-leiria","tag-liga"],"yoast_head":"<!-- This site is optimized with the Yoast SEO plugin v27.2 - https:\/\/yoast.com\/product\/yoast-seo-wordpress\/ -->\n<title>Caldas anuncia o sucessor de Jos\u00e9 Vala, regresso confirmado - Portal Tela Portugal<\/title>\n<meta name=\"robots\" content=\"index, follow, max-snippet:-1, max-image-preview:large, max-video-preview:-1\" \/>\n<meta property=\"og:locale\" content=\"pt_PT\" \/>\n<meta property=\"og:type\" content=\"article\" \/>\n<meta property=\"og:title\" content=\"Caldas anuncia o sucessor de Jos\u00e9 Vala, regresso confirmado - Portal Tela Portugal\" \/>\n<meta property=\"og:description\" content=\"o caldas da rainha anunciou jo\u00e3o aguiar como novo treinador, sucedendo jos\u00e9 vala, que saiu ap\u00f3s uma liga\u00e7\u00e3o de 10 anos ao clube. vala deixou o cargo e a decis\u00e3o foi comunicada ao clube com a express\u00e3o de sair \u201cpor amor\u201d. jo\u00e3o aguiar, 39 anos, j\u00e1 era adjunto no casa pia e, na \u00e9poca passada, guiou a equipa B do caldas \u00e0 conquista da ta\u00e7a distrital da af leiria. o caldas ocupa o oitavo lugar na s\u00e9rie b da liga 3 e est\u00e1 numa sequ\u00eancia de nove derrotas consecutivas no campeonato. o clube destacou nas redes sociais a aposta em ra\u00edzes, uni\u00e3o e lideran\u00e7a de aguiar para manter a luta at\u00e9 ao fim.\" \/>\n<meta property=\"og:url\" content=\"https:\/\/portaltela.pt\/noticias\/2026\/01\/19\/caldas-anuncia-o-sucessor-de-jose-vala-regresso-confirmado\/\" \/>\n<meta property=\"og:site_name\" content=\"Portal Tela Portugal\" \/>\n<meta property=\"article:published_time\" content=\"2026-01-19T17:47:58+00:00\" \/>\n<meta name=\"author\" content=\"Telinha\" \/>\n<meta name=\"twitter:card\" content=\"summary_large_image\" \/>\n<meta name=\"twitter:label1\" content=\"Escrito por\" \/>\n\t<meta name=\"twitter:data1\" content=\"Telinha\" \/>\n\t<meta name=\"twitter:label2\" content=\"Tempo estimado de leitura\" \/>\n\t<meta name=\"twitter:data2\" content=\"1 minuto\" \/>\n<script type=\"application\/ld+json\" class=\"yoast-schema-graph\">{\"@context\":\"https:\/\/schema.org\",\"@graph\":[{\"@type\":\"Article\",\"@id\":\"https:\/\/portaltela.pt\/noticias\/2026\/01\/19\/caldas-anuncia-o-sucessor-de-jose-vala-regresso-confirmado\/#article\",\"isPartOf\":{\"@id\":\"https:\/\/portaltela.pt\/noticias\/2026\/01\/19\/caldas-anuncia-o-sucessor-de-jose-vala-regresso-confirmado\/\"},\"author\":{\"name\":\"Telinha\",\"@id\":\"https:\/\/portaltela.pt\/#\/schema\/person\/c4278d4a6028830caff9ee44b42d32ed\"},\"headline\":\"Caldas anuncia o sucessor de Jos\u00e9 Vala, regresso confirmado\",\"datePublished\":\"2026-01-19T17:47:58+00:00\",\"mainEntityOfPage\":{\"@id\":\"https:\/\/portaltela.pt\/noticias\/2026\/01\/19\/caldas-anuncia-o-sucessor-de-jose-vala-regresso-confirmado\/\"},\"wordCount\":224,\"image\":{\"@id\":\"https:\/\/portaltela.pt\/noticias\/2026\/01\/19\/caldas-anuncia-o-sucessor-de-jose-vala-regresso-confirmado\/#primaryimage\"},\"thumbnailUrl\":\"https:\/\/portaltela.pt\/s.01k8rhncp4jt1\/2026\/01\/965964e7-6b81-40fe-90b9-65e33f1c04f6.jpg\",\"keywords\":[\"AF Leiria\",\"Caldas da Rainha\",\"desporto\",\"futebol\",\"Leiria\",\"Liga\"],\"articleSection\":[\"Desporto\",\"Futebol\"],\"inLanguage\":\"pt-PT\"},{\"@type\":\"WebPage\",\"@id\":\"https:\/\/portaltela.pt\/noticias\/2026\/01\/19\/caldas-anuncia-o-sucessor-de-jose-vala-regresso-confirmado\/\",\"url\":\"https:\/\/portaltela.pt\/noticias\/2026\/01\/19\/caldas-anuncia-o-sucessor-de-jose-vala-regresso-confirmado\/\",\"name\":\"Caldas anuncia o sucessor de Jos\u00e9 Vala, regresso confirmado - Portal Tela Portugal\",\"isPartOf\":{\"@id\":\"https:\/\/portaltela.pt\/#website\"},\"primaryImageOfPage\":{\"@id\":\"https:\/\/portaltela.pt\/noticias\/2026\/01\/19\/caldas-anuncia-o-sucessor-de-jose-vala-regresso-confirmado\/#primaryimage\"},\"image\":{\"@id\":\"https:\/\/portaltela.pt\/noticias\/2026\/01\/19\/caldas-anuncia-o-sucessor-de-jose-vala-regresso-confirmado\/#primaryimage\"},\"thumbnailUrl\":\"https:\/\/portaltela.pt\/s.01k8rhncp4jt1\/2026\/01\/965964e7-6b81-40fe-90b9-65e33f1c04f6.jpg\",\"datePublished\":\"2026-01-19T17:47:58+00:00\",\"author\":{\"@id\":\"https:\/\/portaltela.pt\/#\/schema\/person\/c4278d4a6028830caff9ee44b42d32ed\"},\"breadcrumb\":{\"@id\":\"https:\/\/portaltela.pt\/noticias\/2026\/01\/19\/caldas-anuncia-o-sucessor-de-jose-vala-regresso-confirmado\/#breadcrumb\"},\"inLanguage\":\"pt-PT\",\"potentialAction\":[{\"@type\":\"ReadAction\",\"target\":[\"https:\/\/portaltela.pt\/noticias\/2026\/01\/19\/caldas-anuncia-o-sucessor-de-jose-vala-regresso-confirmado\/\"]}]},{\"@type\":\"ImageObject\",\"inLanguage\":\"pt-PT\",\"@id\":\"https:\/\/portaltela.pt\/noticias\/2026\/01\/19\/caldas-anuncia-o-sucessor-de-jose-vala-regresso-confirmado\/#primaryimage\",\"url\":\"https:\/\/portaltela.pt\/s.01k8rhncp4jt1\/2026\/01\/965964e7-6b81-40fe-90b9-65e33f1c04f6.jpg\",\"contentUrl\":\"https:\/\/portaltela.pt\/s.01k8rhncp4jt1\/2026\/01\/965964e7-6b81-40fe-90b9-65e33f1c04f6.jpg\",\"width\":796,\"height\":448,\"caption\":\"Jo\u00e3o Aguiar sucede a Jos\u00e9 Vala - Foto: Caldas\"},{\"@type\":\"BreadcrumbList\",\"@id\":\"https:\/\/portaltela.pt\/noticias\/2026\/01\/19\/caldas-anuncia-o-sucessor-de-jose-vala-regresso-confirmado\/#breadcrumb\",\"itemListElement\":[{\"@type\":\"ListItem\",\"position\":1,\"name\":\"In\u00edcio\",\"item\":\"https:\/\/portaltela.pt\/\"},{\"@type\":\"ListItem\",\"position\":2,\"name\":\"Caldas anuncia o sucessor de Jos\u00e9 Vala, regresso confirmado\"}]},{\"@type\":\"WebSite\",\"@id\":\"https:\/\/portaltela.pt\/#website\",\"url\":\"https:\/\/portaltela.pt\/\",\"name\":\"Portal Tela Portugal\",\"description\":\"\",\"potentialAction\":[{\"@type\":\"SearchAction\",\"target\":{\"@type\":\"EntryPoint\",\"urlTemplate\":\"https:\/\/portaltela.pt\/?s={search_term_string}\"},\"query-input\":{\"@type\":\"PropertyValueSpecification\",\"valueRequired\":true,\"valueName\":\"search_term_string\"}}],\"inLanguage\":\"pt-PT\"},{\"@type\":\"Person\",\"@id\":\"https:\/\/portaltela.pt\/#\/schema\/person\/c4278d4a6028830caff9ee44b42d32ed\",\"name\":\"Telinha\",\"image\":{\"@type\":\"ImageObject\",\"inLanguage\":\"pt-PT\",\"@id\":\"https:\/\/portaltela.pt\/s.01k8rhncp4jt1\/2025\/11\/talking-bot-125x125.png\",\"url\":\"https:\/\/portaltela.pt\/s.01k8rhncp4jt1\/2025\/11\/talking-bot-125x125.png\",\"contentUrl\":\"https:\/\/portaltela.pt\/s.01k8rhncp4jt1\/2025\/11\/talking-bot-125x125.png\",\"caption\":\"Telinha\"},\"sameAs\":[\"https:\/\/portaltela.pt\/\"],\"url\":\"https:\/\/portaltela.pt\/por\/367410592786\/\"}]}<\/script>\n<!-- \/ Yoast SEO plugin. -->","yoast_head_json":{"title":"Caldas anuncia o sucessor de Jos\u00e9 Vala, regresso confirmado - Portal Tela Portugal","robots":{"index":"index","follow":"follow","max-snippet":"max-snippet:-1","max-image-preview":"max-image-preview:large","max-video-preview":"max-video-preview:-1"},"og_locale":"pt_PT","og_type":"article","og_title":"Caldas anuncia o sucessor de Jos\u00e9 Vala, regresso confirmado - Portal Tela Portugal","og_description":"o caldas da rainha anunciou jo\u00e3o aguiar como novo treinador, sucedendo jos\u00e9 vala, que saiu ap\u00f3s uma liga\u00e7\u00e3o de 10 anos ao clube. vala deixou o cargo e a decis\u00e3o foi comunicada ao clube com a express\u00e3o de sair \u201cpor amor\u201d. jo\u00e3o aguiar, 39 anos, j\u00e1 era adjunto no casa pia e, na \u00e9poca passada, guiou a equipa B do caldas \u00e0 conquista da ta\u00e7a distrital da af leiria. o caldas ocupa o oitavo lugar na s\u00e9rie b da liga 3 e est\u00e1 numa sequ\u00eancia de nove derrotas consecutivas no campeonato. o clube destacou nas redes sociais a aposta em ra\u00edzes, uni\u00e3o e lideran\u00e7a de aguiar para manter a luta at\u00e9 ao fim.","og_url":"https:\/\/portaltela.pt\/noticias\/2026\/01\/19\/caldas-anuncia-o-sucessor-de-jose-vala-regresso-confirmado\/","og_site_name":"Portal Tela Portugal","article_published_time":"2026-01-19T17:47:58+00:00","author":"Telinha","twitter_card":"summary_large_image","twitter_misc":{"Escrito por":"Telinha","Tempo estimado de leitura":"1 minuto"},"schema":{"@context":"https:\/\/schema.org","@graph":[{"@type":"Article","@id":"https:\/\/portaltela.pt\/noticias\/2026\/01\/19\/caldas-anuncia-o-sucessor-de-jose-vala-regresso-confirmado\/#article","isPartOf":{"@id":"https:\/\/portaltela.pt\/noticias\/2026\/01\/19\/caldas-anuncia-o-sucessor-de-jose-vala-regresso-confirmado\/"},"author":{"name":"Telinha","@id":"https:\/\/portaltela.pt\/#\/schema\/person\/c4278d4a6028830caff9ee44b42d32ed"},"headline":"Caldas anuncia o sucessor de Jos\u00e9 Vala, regresso confirmado","datePublished":"2026-01-19T17:47:58+00:00","mainEntityOfPage":{"@id":"https:\/\/portaltela.pt\/noticias\/2026\/01\/19\/caldas-anuncia-o-sucessor-de-jose-vala-regresso-confirmado\/"},"wordCount":224,"image":{"@id":"https:\/\/portaltela.pt\/noticias\/2026\/01\/19\/caldas-anuncia-o-sucessor-de-jose-vala-regresso-confirmado\/#primaryimage"},"thumbnailUrl":"https:\/\/portaltela.pt\/s.01k8rhncp4jt1\/2026\/01\/965964e7-6b81-40fe-90b9-65e33f1c04f6.jpg","keywords":["AF Leiria","Caldas da Rainha","desporto","futebol","Leiria","Liga"],"articleSection":["Desporto","Futebol"],"inLanguage":"pt-PT"},{"@type":"WebPage","@id":"https:\/\/portaltela.pt\/noticias\/2026\/01\/19\/caldas-anuncia-o-sucessor-de-jose-vala-regresso-confirmado\/","url":"https:\/\/portaltela.pt\/noticias\/2026\/01\/19\/caldas-anuncia-o-sucessor-de-jose-vala-regresso-confirmado\/","name":"Caldas anuncia o sucessor de Jos\u00e9 Vala, regresso confirmado - Portal Tela Portugal","isPartOf":{"@id":"https:\/\/portaltela.pt\/#website"},"primaryImageOfPage":{"@id":"https:\/\/portaltela.pt\/noticias\/2026\/01\/19\/caldas-anuncia-o-sucessor-de-jose-vala-regresso-confirmado\/#primaryimage"},"image":{"@id":"https:\/\/portaltela.pt\/noticias\/2026\/01\/19\/caldas-anuncia-o-sucessor-de-jose-vala-regresso-confirmado\/#primaryimage"},"thumbnailUrl":"https:\/\/portaltela.pt\/s.01k8rhncp4jt1\/2026\/01\/965964e7-6b81-40fe-90b9-65e33f1c04f6.jpg","datePublished":"2026-01-19T17:47:58+00:00","author":{"@id":"https:\/\/portaltela.pt\/#\/schema\/person\/c4278d4a6028830caff9ee44b42d32ed"},"breadcrumb":{"@id":"https:\/\/portaltela.pt\/noticias\/2026\/01\/19\/caldas-anuncia-o-sucessor-de-jose-vala-regresso-confirmado\/#breadcrumb"},"inLanguage":"pt-PT","potentialAction":[{"@type":"ReadAction","target":["https:\/\/portaltela.pt\/noticias\/2026\/01\/19\/caldas-anuncia-o-sucessor-de-jose-vala-regresso-confirmado\/"]}]},{"@type":"ImageObject","inLanguage":"pt-PT","@id":"https:\/\/portaltela.pt\/noticias\/2026\/01\/19\/caldas-anuncia-o-sucessor-de-jose-vala-regresso-confirmado\/#primaryimage","url":"https:\/\/portaltela.pt\/s.01k8rhncp4jt1\/2026\/01\/965964e7-6b81-40fe-90b9-65e33f1c04f6.jpg","contentUrl":"https:\/\/portaltela.pt\/s.01k8rhncp4jt1\/2026\/01\/965964e7-6b81-40fe-90b9-65e33f1c04f6.jpg","width":796,"height":448,"caption":"Jo\u00e3o Aguiar sucede a Jos\u00e9 Vala - Foto: Caldas"},{"@type":"BreadcrumbList","@id":"https:\/\/portaltela.pt\/noticias\/2026\/01\/19\/caldas-anuncia-o-sucessor-de-jose-vala-regresso-confirmado\/#breadcrumb","itemListElement":[{"@type":"ListItem","position":1,"name":"In\u00edcio","item":"https:\/\/portaltela.pt\/"},{"@type":"ListItem","position":2,"name":"Caldas anuncia o sucessor de Jos\u00e9 Vala, regresso confirmado"}]},{"@type":"WebSite","@id":"https:\/\/portaltela.pt\/#website","url":"https:\/\/portaltela.pt\/","name":"Portal Tela Portugal","description":"","potentialAction":[{"@type":"SearchAction","target":{"@type":"EntryPoint","urlTemplate":"https:\/\/portaltela.pt\/?s={search_term_string}"},"query-input":{"@type":"PropertyValueSpecification","valueRequired":true,"valueName":"search_term_string"}}],"inLanguage":"pt-PT"},{"@type":"Person","@id":"https:\/\/portaltela.pt\/#\/schema\/person\/c4278d4a6028830caff9ee44b42d32ed","name":"Telinha","image":{"@type":"ImageObject","inLanguage":"pt-PT","@id":"https:\/\/portaltela.pt\/s.01k8rhncp4jt1\/2025\/11\/talking-bot-125x125.png","url":"https:\/\/portaltela.pt\/s.01k8rhncp4jt1\/2025\/11\/talking-bot-125x125.png","contentUrl":"https:\/\/portaltela.pt\/s.01k8rhncp4jt1\/2025\/11\/talking-bot-125x125.png","caption":"Telinha"},"sameAs":["https:\/\/portaltela.pt\/"],"url":"https:\/\/portaltela.pt\/por\/367410592786\/"}]}},"_links":{"self":[{"href":"https:\/\/portaltela.pt\/api\/wp\/v2\/posts\/153761","targetHints":{"allow":["GET"]}}],"collection":[{"href":"https:\/\/portaltela.pt\/api\/wp\/v2\/posts"}],"about":[{"href":"https:\/\/portaltela.pt\/api\/wp\/v2\/types\/post"}],"author":[{"embeddable":true,"href":"https:\/\/portaltela.pt\/api\/wp\/v2\/users\/2"}],"replies":[{"embeddable":true,"href":"https:\/\/portaltela.pt\/api\/wp\/v2\/comments?post=153761"}],"version-history":[{"count":0,"href":"https:\/\/portaltela.pt\/api\/wp\/v2\/posts\/153761\/revisions"}],"wp:featuredmedia":[{"embeddable":true,"href":"https:\/\/portaltela.pt\/api\/wp\/v2\/media\/153776"}],"wp:attachment":[{"href":"https:\/\/portaltela.pt\/api\/wp\/v2\/media?parent=153761"}],"wp:term":[{"taxonomy":"category","embeddable":true,"href":"https:\/\/portaltela.pt\/api\/wp\/v2\/categories?post=153761"},{"taxonomy":"post_tag","embeddable":true,"href":"https:\/\/portaltela.pt\/api\/wp\/v2\/tags?post=153761"}],"curies":[{"name":"wp","href":"https:\/\/api.w.org\/{rel}","templated":true}]}}