{"id":153760,"date":"2026-01-19T14:45:42","date_gmt":"2026-01-19T17:45:42","guid":{"rendered":"https:\/\/portaltela.pt\/noticias\/2026\/01\/19\/entrudo-de-gois-levou-portugal-ao-festival-de-mascaras-na-bulgaria\/"},"modified":"2026-01-19T14:45:42","modified_gmt":"2026-01-19T17:45:42","slug":"entrudo-de-gois-levou-portugal-ao-festival-de-mascaras-na-bulgaria","status":"publish","type":"post","link":"https:\/\/portaltela.pt\/noticias\/2026\/01\/19\/entrudo-de-gois-levou-portugal-ao-festival-de-mascaras-na-bulgaria\/","title":{"rendered":"Entrudo de G\u00f3is levou Portugal ao festival de m\u00e1scaras na Bulg\u00e1ria"},"content":{"rendered":"<p>A Corrida do Entrudo das Aldeias do Xisto de G\u00f3is representou Portugal no Festival de M\u00e1scaras de Surva, em Pernik, Bulg\u00e1ria, entre 16 e 18 de janeiro. A participa\u00e7\u00e3o contou com a atua\u00e7\u00e3o da m\u00e1scara de corti\u00e7a, acolhida pelo festival europeu de maior express\u00e3o nesta tradi\u00e7\u00e3o. A vereadora Paula Matos esteve presente na comitiva.<\/p>\n<p>A organiza\u00e7\u00e3o ficou a cargo do Munic\u00edpio de G\u00f3is, em parceria com a Lousit\u00e2nea, recebendo o convite do Festival Internacional da M\u00e1scara Ib\u00e9rica. O evento re\u00fane tradi\u00e7\u00f5es de v\u00e1rias na\u00e7\u00f5es e \u00e9 reconhecido como um importante ponto de encontro cultural de m\u00e1scaras.<\/p>\n<p>A Corrida do Entrudo de G\u00f3is regressa ao concelho no dia 15 de fevereiro, domingo de Carnaval, entre as 09h00 e as 18h00, na Aldeia do Xisto de Aigra Nova. A iniciativa mant\u00e9m-se como marco do calend\u00e1rio cultural local.<\/p>\n<h3>Participa\u00e7\u00e3o de G\u00f3is no festival<\/h3>\n<p>A comitiva levou a est\u00e9tica tradicional portuguesa, revelando a riqueza da corti\u00e7a enquanto elemento identit\u00e1rio. A presen\u00e7a da vereadora Paula Matos sinaliza o envolvimento institucional da autarquia na promo\u00e7\u00e3o das manifesta\u00e7\u00f5es locais no espa\u00e7o internacional.<\/p>\n","protected":false},"excerpt":{"rendered":"<ul>\n<li>A Corrida do Entrudo das Aldeias do Xisto de G\u00f3is representou Portugal no Festival de M\u00e1scaras de Surva, em Pernik, Bulg\u00e1ria, entre 16 e 18 de janeiro, com a m\u00e1scara de corti\u00e7a.<\/li>\n<li>O Munic\u00edpio de G\u00f3is, em parceria com a Lousit\u00e2nea, participou a convite do Festival Internacional da M\u00e1scara Ib\u00e9rica.<\/li>\n<li>A participa\u00e7\u00e3o contou com a presen\u00e7a da vereadora Paula Matos.<\/li>\n<li>O Festival de Surva \u00e9 descrito como o maior e mais relevante evento de m\u00e1scaras da Europa, reunindo tradi\u00e7\u00f5es de v\u00e1rios pa\u00edses.<\/li>\n<li>A Corrida do Entrudo de G\u00f3is regressa ao concelho no dia 15 de fevereiro, entre as 09h00 e as 18h00, na Aldeia do Xisto de Aigra Nova.<\/li>\n<\/ul>\n","protected":false},"author":2,"featured_media":153773,"comment_status":"closed","ping_status":"closed","sticky":false,"template":"","format":"standard","meta":{"footnotes":""},"categories":[1],"tags":[1487,145,2958,2019,2093,1014],"class_list":["post-153760","post","type-post","status-publish","format-standard","has-post-thumbnail","hentry","category-noticias","tag-bulgaria","tag-cultura","tag-eventos-internacionais","tag-gois","tag-municipios","tag-portugal"],"yoast_head":"<!-- This site is optimized with the Yoast SEO plugin v27.2 - https:\/\/yoast.com\/product\/yoast-seo-wordpress\/ -->\n<title>Entrudo de G\u00f3is levou Portugal ao festival de m\u00e1scaras na Bulg\u00e1ria - Portal Tela Portugal<\/title>\n<meta name=\"robots\" content=\"index, follow, max-snippet:-1, max-image-preview:large, max-video-preview:-1\" \/>\n<meta property=\"og:locale\" content=\"pt_PT\" \/>\n<meta property=\"og:type\" content=\"article\" \/>\n<meta property=\"og:title\" content=\"Entrudo de G\u00f3is levou Portugal ao festival de m\u00e1scaras na Bulg\u00e1ria - Portal Tela Portugal\" \/>\n<meta property=\"og:description\" content=\"A Corrida do Entrudo das Aldeias do Xisto de G\u00f3is representou Portugal no Festival de M\u00e1scaras de Surva, em Pernik, Bulg\u00e1ria, entre 16 e 18 de janeiro, com a m\u00e1scara de corti\u00e7a. O Munic\u00edpio de G\u00f3is, em parceria com a Lousit\u00e2nea, participou a convite do Festival Internacional da M\u00e1scara Ib\u00e9rica. A participa\u00e7\u00e3o contou com a presen\u00e7a da vereadora Paula Matos. O Festival de Surva \u00e9 descrito como o maior e mais relevante evento de m\u00e1scaras da Europa, reunindo tradi\u00e7\u00f5es de v\u00e1rios pa\u00edses. A Corrida do Entrudo de G\u00f3is regressa ao concelho no dia 15 de fevereiro, entre as 09h00 e as 18h00, na Aldeia do Xisto de Aigra Nova.\" \/>\n<meta property=\"og:url\" content=\"https:\/\/portaltela.pt\/noticias\/2026\/01\/19\/entrudo-de-gois-levou-portugal-ao-festival-de-mascaras-na-bulgaria\/\" \/>\n<meta property=\"og:site_name\" content=\"Portal Tela Portugal\" \/>\n<meta property=\"article:published_time\" content=\"2026-01-19T17:45:42+00:00\" \/>\n<meta name=\"author\" content=\"Telinha\" \/>\n<meta name=\"twitter:card\" content=\"summary_large_image\" \/>\n<meta name=\"twitter:label1\" content=\"Escrito por\" \/>\n\t<meta name=\"twitter:data1\" content=\"Telinha\" \/>\n\t<meta name=\"twitter:label2\" content=\"Tempo estimado de leitura\" \/>\n\t<meta name=\"twitter:data2\" content=\"1 minuto\" \/>\n<script type=\"application\/ld+json\" class=\"yoast-schema-graph\">{\"@context\":\"https:\/\/schema.org\",\"@graph\":[{\"@type\":\"Article\",\"@id\":\"https:\/\/portaltela.pt\/noticias\/2026\/01\/19\/entrudo-de-gois-levou-portugal-ao-festival-de-mascaras-na-bulgaria\/#article\",\"isPartOf\":{\"@id\":\"https:\/\/portaltela.pt\/noticias\/2026\/01\/19\/entrudo-de-gois-levou-portugal-ao-festival-de-mascaras-na-bulgaria\/\"},\"author\":{\"name\":\"Telinha\",\"@id\":\"https:\/\/portaltela.pt\/#\/schema\/person\/c4278d4a6028830caff9ee44b42d32ed\"},\"headline\":\"Entrudo de G\u00f3is levou Portugal ao festival de m\u00e1scaras na Bulg\u00e1ria\",\"datePublished\":\"2026-01-19T17:45:42+00:00\",\"mainEntityOfPage\":{\"@id\":\"https:\/\/portaltela.pt\/noticias\/2026\/01\/19\/entrudo-de-gois-levou-portugal-ao-festival-de-mascaras-na-bulgaria\/\"},\"wordCount\":217,\"image\":{\"@id\":\"https:\/\/portaltela.pt\/noticias\/2026\/01\/19\/entrudo-de-gois-levou-portugal-ao-festival-de-mascaras-na-bulgaria\/#primaryimage\"},\"thumbnailUrl\":\"https:\/\/portaltela.pt\/s.01k8rhncp4jt1\/2026\/01\/unnamed-file-3911.jpg\",\"keywords\":[\"Bulg\u00e1ria\",\"cultura\",\"eventos internacionais\",\"G\u00f3is\",\"munic\u00edpios\",\"Portugal\"],\"articleSection\":[\"Not\u00edcias\"],\"inLanguage\":\"pt-PT\"},{\"@type\":\"WebPage\",\"@id\":\"https:\/\/portaltela.pt\/noticias\/2026\/01\/19\/entrudo-de-gois-levou-portugal-ao-festival-de-mascaras-na-bulgaria\/\",\"url\":\"https:\/\/portaltela.pt\/noticias\/2026\/01\/19\/entrudo-de-gois-levou-portugal-ao-festival-de-mascaras-na-bulgaria\/\",\"name\":\"Entrudo de G\u00f3is levou Portugal ao festival de m\u00e1scaras na Bulg\u00e1ria - Portal Tela Portugal\",\"isPartOf\":{\"@id\":\"https:\/\/portaltela.pt\/#website\"},\"primaryImageOfPage\":{\"@id\":\"https:\/\/portaltela.pt\/noticias\/2026\/01\/19\/entrudo-de-gois-levou-portugal-ao-festival-de-mascaras-na-bulgaria\/#primaryimage\"},\"image\":{\"@id\":\"https:\/\/portaltela.pt\/noticias\/2026\/01\/19\/entrudo-de-gois-levou-portugal-ao-festival-de-mascaras-na-bulgaria\/#primaryimage\"},\"thumbnailUrl\":\"https:\/\/portaltela.pt\/s.01k8rhncp4jt1\/2026\/01\/unnamed-file-3911.jpg\",\"datePublished\":\"2026-01-19T17:45:42+00:00\",\"author\":{\"@id\":\"https:\/\/portaltela.pt\/#\/schema\/person\/c4278d4a6028830caff9ee44b42d32ed\"},\"breadcrumb\":{\"@id\":\"https:\/\/portaltela.pt\/noticias\/2026\/01\/19\/entrudo-de-gois-levou-portugal-ao-festival-de-mascaras-na-bulgaria\/#breadcrumb\"},\"inLanguage\":\"pt-PT\",\"potentialAction\":[{\"@type\":\"ReadAction\",\"target\":[\"https:\/\/portaltela.pt\/noticias\/2026\/01\/19\/entrudo-de-gois-levou-portugal-ao-festival-de-mascaras-na-bulgaria\/\"]}]},{\"@type\":\"ImageObject\",\"inLanguage\":\"pt-PT\",\"@id\":\"https:\/\/portaltela.pt\/noticias\/2026\/01\/19\/entrudo-de-gois-levou-portugal-ao-festival-de-mascaras-na-bulgaria\/#primaryimage\",\"url\":\"https:\/\/portaltela.pt\/s.01k8rhncp4jt1\/2026\/01\/unnamed-file-3911.jpg\",\"contentUrl\":\"https:\/\/portaltela.pt\/s.01k8rhncp4jt1\/2026\/01\/unnamed-file-3911.jpg\",\"width\":796,\"height\":448,\"caption\":\"Corrida do Entrudo de G\u00f3is representou Portugal no Festival de M\u00e1scaras da Bulg\u00e1ria\"},{\"@type\":\"BreadcrumbList\",\"@id\":\"https:\/\/portaltela.pt\/noticias\/2026\/01\/19\/entrudo-de-gois-levou-portugal-ao-festival-de-mascaras-na-bulgaria\/#breadcrumb\",\"itemListElement\":[{\"@type\":\"ListItem\",\"position\":1,\"name\":\"In\u00edcio\",\"item\":\"https:\/\/portaltela.pt\/\"},{\"@type\":\"ListItem\",\"position\":2,\"name\":\"Entrudo de G\u00f3is levou Portugal ao festival de m\u00e1scaras na Bulg\u00e1ria\"}]},{\"@type\":\"WebSite\",\"@id\":\"https:\/\/portaltela.pt\/#website\",\"url\":\"https:\/\/portaltela.pt\/\",\"name\":\"Portal Tela Portugal\",\"description\":\"\",\"potentialAction\":[{\"@type\":\"SearchAction\",\"target\":{\"@type\":\"EntryPoint\",\"urlTemplate\":\"https:\/\/portaltela.pt\/?s={search_term_string}\"},\"query-input\":{\"@type\":\"PropertyValueSpecification\",\"valueRequired\":true,\"valueName\":\"search_term_string\"}}],\"inLanguage\":\"pt-PT\"},{\"@type\":\"Person\",\"@id\":\"https:\/\/portaltela.pt\/#\/schema\/person\/c4278d4a6028830caff9ee44b42d32ed\",\"name\":\"Telinha\",\"image\":{\"@type\":\"ImageObject\",\"inLanguage\":\"pt-PT\",\"@id\":\"https:\/\/portaltela.pt\/s.01k8rhncp4jt1\/2025\/11\/talking-bot-125x125.png\",\"url\":\"https:\/\/portaltela.pt\/s.01k8rhncp4jt1\/2025\/11\/talking-bot-125x125.png\",\"contentUrl\":\"https:\/\/portaltela.pt\/s.01k8rhncp4jt1\/2025\/11\/talking-bot-125x125.png\",\"caption\":\"Telinha\"},\"sameAs\":[\"https:\/\/portaltela.pt\/\"],\"url\":\"https:\/\/portaltela.pt\/por\/367410592786\/\"}]}<\/script>\n<!-- \/ Yoast SEO plugin. -->","yoast_head_json":{"title":"Entrudo de G\u00f3is levou Portugal ao festival de m\u00e1scaras na Bulg\u00e1ria - Portal Tela Portugal","robots":{"index":"index","follow":"follow","max-snippet":"max-snippet:-1","max-image-preview":"max-image-preview:large","max-video-preview":"max-video-preview:-1"},"og_locale":"pt_PT","og_type":"article","og_title":"Entrudo de G\u00f3is levou Portugal ao festival de m\u00e1scaras na Bulg\u00e1ria - Portal Tela Portugal","og_description":"A Corrida do Entrudo das Aldeias do Xisto de G\u00f3is representou Portugal no Festival de M\u00e1scaras de Surva, em Pernik, Bulg\u00e1ria, entre 16 e 18 de janeiro, com a m\u00e1scara de corti\u00e7a. O Munic\u00edpio de G\u00f3is, em parceria com a Lousit\u00e2nea, participou a convite do Festival Internacional da M\u00e1scara Ib\u00e9rica. A participa\u00e7\u00e3o contou com a presen\u00e7a da vereadora Paula Matos. O Festival de Surva \u00e9 descrito como o maior e mais relevante evento de m\u00e1scaras da Europa, reunindo tradi\u00e7\u00f5es de v\u00e1rios pa\u00edses. A Corrida do Entrudo de G\u00f3is regressa ao concelho no dia 15 de fevereiro, entre as 09h00 e as 18h00, na Aldeia do Xisto de Aigra Nova.","og_url":"https:\/\/portaltela.pt\/noticias\/2026\/01\/19\/entrudo-de-gois-levou-portugal-ao-festival-de-mascaras-na-bulgaria\/","og_site_name":"Portal Tela Portugal","article_published_time":"2026-01-19T17:45:42+00:00","author":"Telinha","twitter_card":"summary_large_image","twitter_misc":{"Escrito por":"Telinha","Tempo estimado de leitura":"1 minuto"},"schema":{"@context":"https:\/\/schema.org","@graph":[{"@type":"Article","@id":"https:\/\/portaltela.pt\/noticias\/2026\/01\/19\/entrudo-de-gois-levou-portugal-ao-festival-de-mascaras-na-bulgaria\/#article","isPartOf":{"@id":"https:\/\/portaltela.pt\/noticias\/2026\/01\/19\/entrudo-de-gois-levou-portugal-ao-festival-de-mascaras-na-bulgaria\/"},"author":{"name":"Telinha","@id":"https:\/\/portaltela.pt\/#\/schema\/person\/c4278d4a6028830caff9ee44b42d32ed"},"headline":"Entrudo de G\u00f3is levou Portugal ao festival de m\u00e1scaras na Bulg\u00e1ria","datePublished":"2026-01-19T17:45:42+00:00","mainEntityOfPage":{"@id":"https:\/\/portaltela.pt\/noticias\/2026\/01\/19\/entrudo-de-gois-levou-portugal-ao-festival-de-mascaras-na-bulgaria\/"},"wordCount":217,"image":{"@id":"https:\/\/portaltela.pt\/noticias\/2026\/01\/19\/entrudo-de-gois-levou-portugal-ao-festival-de-mascaras-na-bulgaria\/#primaryimage"},"thumbnailUrl":"https:\/\/portaltela.pt\/s.01k8rhncp4jt1\/2026\/01\/unnamed-file-3911.jpg","keywords":["Bulg\u00e1ria","cultura","eventos internacionais","G\u00f3is","munic\u00edpios","Portugal"],"articleSection":["Not\u00edcias"],"inLanguage":"pt-PT"},{"@type":"WebPage","@id":"https:\/\/portaltela.pt\/noticias\/2026\/01\/19\/entrudo-de-gois-levou-portugal-ao-festival-de-mascaras-na-bulgaria\/","url":"https:\/\/portaltela.pt\/noticias\/2026\/01\/19\/entrudo-de-gois-levou-portugal-ao-festival-de-mascaras-na-bulgaria\/","name":"Entrudo de G\u00f3is levou Portugal ao festival de m\u00e1scaras na Bulg\u00e1ria - Portal Tela Portugal","isPartOf":{"@id":"https:\/\/portaltela.pt\/#website"},"primaryImageOfPage":{"@id":"https:\/\/portaltela.pt\/noticias\/2026\/01\/19\/entrudo-de-gois-levou-portugal-ao-festival-de-mascaras-na-bulgaria\/#primaryimage"},"image":{"@id":"https:\/\/portaltela.pt\/noticias\/2026\/01\/19\/entrudo-de-gois-levou-portugal-ao-festival-de-mascaras-na-bulgaria\/#primaryimage"},"thumbnailUrl":"https:\/\/portaltela.pt\/s.01k8rhncp4jt1\/2026\/01\/unnamed-file-3911.jpg","datePublished":"2026-01-19T17:45:42+00:00","author":{"@id":"https:\/\/portaltela.pt\/#\/schema\/person\/c4278d4a6028830caff9ee44b42d32ed"},"breadcrumb":{"@id":"https:\/\/portaltela.pt\/noticias\/2026\/01\/19\/entrudo-de-gois-levou-portugal-ao-festival-de-mascaras-na-bulgaria\/#breadcrumb"},"inLanguage":"pt-PT","potentialAction":[{"@type":"ReadAction","target":["https:\/\/portaltela.pt\/noticias\/2026\/01\/19\/entrudo-de-gois-levou-portugal-ao-festival-de-mascaras-na-bulgaria\/"]}]},{"@type":"ImageObject","inLanguage":"pt-PT","@id":"https:\/\/portaltela.pt\/noticias\/2026\/01\/19\/entrudo-de-gois-levou-portugal-ao-festival-de-mascaras-na-bulgaria\/#primaryimage","url":"https:\/\/portaltela.pt\/s.01k8rhncp4jt1\/2026\/01\/unnamed-file-3911.jpg","contentUrl":"https:\/\/portaltela.pt\/s.01k8rhncp4jt1\/2026\/01\/unnamed-file-3911.jpg","width":796,"height":448,"caption":"Corrida do Entrudo de G\u00f3is representou Portugal no Festival de M\u00e1scaras da Bulg\u00e1ria"},{"@type":"BreadcrumbList","@id":"https:\/\/portaltela.pt\/noticias\/2026\/01\/19\/entrudo-de-gois-levou-portugal-ao-festival-de-mascaras-na-bulgaria\/#breadcrumb","itemListElement":[{"@type":"ListItem","position":1,"name":"In\u00edcio","item":"https:\/\/portaltela.pt\/"},{"@type":"ListItem","position":2,"name":"Entrudo de G\u00f3is levou Portugal ao festival de m\u00e1scaras na Bulg\u00e1ria"}]},{"@type":"WebSite","@id":"https:\/\/portaltela.pt\/#website","url":"https:\/\/portaltela.pt\/","name":"Portal Tela Portugal","description":"","potentialAction":[{"@type":"SearchAction","target":{"@type":"EntryPoint","urlTemplate":"https:\/\/portaltela.pt\/?s={search_term_string}"},"query-input":{"@type":"PropertyValueSpecification","valueRequired":true,"valueName":"search_term_string"}}],"inLanguage":"pt-PT"},{"@type":"Person","@id":"https:\/\/portaltela.pt\/#\/schema\/person\/c4278d4a6028830caff9ee44b42d32ed","name":"Telinha","image":{"@type":"ImageObject","inLanguage":"pt-PT","@id":"https:\/\/portaltela.pt\/s.01k8rhncp4jt1\/2025\/11\/talking-bot-125x125.png","url":"https:\/\/portaltela.pt\/s.01k8rhncp4jt1\/2025\/11\/talking-bot-125x125.png","contentUrl":"https:\/\/portaltela.pt\/s.01k8rhncp4jt1\/2025\/11\/talking-bot-125x125.png","caption":"Telinha"},"sameAs":["https:\/\/portaltela.pt\/"],"url":"https:\/\/portaltela.pt\/por\/367410592786\/"}]}},"_links":{"self":[{"href":"https:\/\/portaltela.pt\/api\/wp\/v2\/posts\/153760","targetHints":{"allow":["GET"]}}],"collection":[{"href":"https:\/\/portaltela.pt\/api\/wp\/v2\/posts"}],"about":[{"href":"https:\/\/portaltela.pt\/api\/wp\/v2\/types\/post"}],"author":[{"embeddable":true,"href":"https:\/\/portaltela.pt\/api\/wp\/v2\/users\/2"}],"replies":[{"embeddable":true,"href":"https:\/\/portaltela.pt\/api\/wp\/v2\/comments?post=153760"}],"version-history":[{"count":0,"href":"https:\/\/portaltela.pt\/api\/wp\/v2\/posts\/153760\/revisions"}],"wp:featuredmedia":[{"embeddable":true,"href":"https:\/\/portaltela.pt\/api\/wp\/v2\/media\/153773"}],"wp:attachment":[{"href":"https:\/\/portaltela.pt\/api\/wp\/v2\/media?parent=153760"}],"wp:term":[{"taxonomy":"category","embeddable":true,"href":"https:\/\/portaltela.pt\/api\/wp\/v2\/categories?post=153760"},{"taxonomy":"post_tag","embeddable":true,"href":"https:\/\/portaltela.pt\/api\/wp\/v2\/tags?post=153760"}],"curies":[{"name":"wp","href":"https:\/\/api.w.org\/{rel}","templated":true}]}}