{"id":153664,"date":"2026-01-19T09:18:24","date_gmt":"2026-01-19T12:18:24","guid":{"rendered":"https:\/\/portaltela.pt\/noticias\/2026\/01\/19\/tiago-araujo-estreia-se-a-marcar-pelo-gent-com-remate-de-106-km-h-3\/"},"modified":"2026-01-19T09:18:24","modified_gmt":"2026-01-19T12:18:24","slug":"tiago-araujo-estreia-se-a-marcar-pelo-gent-com-remate-de-106-km-h-3","status":"publish","type":"post","link":"https:\/\/portaltela.pt\/desporto\/futebol\/2026\/01\/19\/tiago-araujo-estreia-se-a-marcar-pelo-gent-com-remate-de-106-km-h-3\/","title":{"rendered":"Tiago Ara\u00fajo estreia-se a marcar pelo Gent com remate de 106 km\/h"},"content":{"rendered":"<p>O Gent venceu o Anderlecht por 4-2, este domingo, em jogo da liga belga. O defesa Tiago Ara\u00fajo estreou-se a marcar pela equipa anfitri\u00e3, numa partida em que Aula marcou o segundo golo dos jovens anfitri\u00f5es.<\/p>\n<p>O tento de Ara\u00fajo chegou aos 81 minutos, restabelecendo a igualdade no marcador. O remate foi descrito pela DAZN como um verdadeiro m\u00edssil, estimado em 106 km\/h, marcando o momento alto do encontro.<\/p>\n<p>Com a vit\u00f3ria, o Gent alargou o seu registo e subiu ao sexto lugar da Liga belga, com 29 pontos.<\/p>\n<h3>Golo de Tiago Ara\u00fajo<\/h3>\n<p>Tiago Ara\u00fajo atua como lateral esquerdo, tendo passado por Benfica, Arouca e Estoril antes de chegar ao Gent. Este \u00e9 o seu primeiro golo pela equipa belga, em estreia de marca\u00e7\u00e3o que ficou para mem\u00f3ria.<\/p>\n<p>O jogador portugu\u00eas destacou-se pela impuls\u00e3o ofensiva, contribuindo para o equil\u00edbrio do jogo e para a recupera\u00e7\u00e3o do marcador frente ao Anderlecht. A equipa manteve o dom\u00ednio ap\u00f3s o golo.<\/p>\n","protected":false},"excerpt":{"rendered":"<ul>\n<li>O Gent venceu o Anderlecht por 4-2, este domingo.<\/li>\n<li>Tiago Ara\u00fajo estreou-se a marcar pela equipa belga, ao marcar aos 81 minutos.<\/li>\n<li>O golo de Ara\u00fajo chegou na      igualdade, com um remate considerado um m\u00edssil.<\/li>\n<li>Segundo a DAZN, o disparo dos 106 quil\u00f3metros por hora recordou Roberto Carlos.<\/li>\n<li>Com o triunfo, o Gent subiu ao sexto lugar da Liga belga, com 29 pontos.<\/li>\n<\/ul>\n","protected":false},"author":2,"featured_media":153703,"comment_status":"closed","ping_status":"closed","sticky":false,"template":"","format":"standard","meta":{"footnotes":""},"categories":[21,24],"tags":[2726,152,32,3338,48,1014],"class_list":["post-153664","post","type-post","status-publish","format-standard","has-post-thumbnail","hentry","category-desporto","category-futebol","tag-anderlecht","tag-desporto","tag-futebol","tag-futebol-internacional","tag-gols","tag-portugal"],"yoast_head":"<!-- This site is optimized with the Yoast SEO plugin v27.2 - https:\/\/yoast.com\/product\/yoast-seo-wordpress\/ -->\n<title>Tiago Ara\u00fajo estreia-se a marcar pelo Gent com remate de 106 km\/h - Portal Tela Portugal<\/title>\n<meta name=\"robots\" content=\"index, follow, max-snippet:-1, max-image-preview:large, max-video-preview:-1\" \/>\n<meta property=\"og:locale\" content=\"pt_PT\" \/>\n<meta property=\"og:type\" content=\"article\" \/>\n<meta property=\"og:title\" content=\"Tiago Ara\u00fajo estreia-se a marcar pelo Gent com remate de 106 km\/h - Portal Tela Portugal\" \/>\n<meta property=\"og:description\" content=\"O Gent venceu o Anderlecht por 4-2, este domingo. Tiago Ara\u00fajo estreou-se a marcar pela equipa belga, ao marcar aos 81 minutos. O golo de Ara\u00fajo chegou na   igualdade, com um remate considerado um m\u00edssil. Segundo a DAZN, o disparo dos 106 quil\u00f3metros por hora recordou Roberto Carlos. Com o triunfo, o Gent subiu ao sexto lugar da Liga belga, com 29 pontos.\" \/>\n<meta property=\"og:url\" content=\"https:\/\/portaltela.pt\/noticias\/2026\/01\/19\/tiago-araujo-estreia-se-a-marcar-pelo-gent-com-remate-de-106-km-h-3\/\" \/>\n<meta property=\"og:site_name\" content=\"Portal Tela Portugal\" \/>\n<meta property=\"article:published_time\" content=\"2026-01-19T12:18:24+00:00\" \/>\n<meta name=\"author\" content=\"Telinha\" \/>\n<meta name=\"twitter:card\" content=\"summary_large_image\" \/>\n<meta name=\"twitter:label1\" content=\"Escrito por\" \/>\n\t<meta name=\"twitter:data1\" content=\"Telinha\" \/>\n\t<meta name=\"twitter:label2\" content=\"Tempo estimado de leitura\" \/>\n\t<meta name=\"twitter:data2\" content=\"1 minuto\" \/>\n<script type=\"application\/ld+json\" class=\"yoast-schema-graph\">{\"@context\":\"https:\/\/schema.org\",\"@graph\":[{\"@type\":\"Article\",\"@id\":\"https:\/\/portaltela.pt\/noticias\/2026\/01\/19\/tiago-araujo-estreia-se-a-marcar-pelo-gent-com-remate-de-106-km-h-3\/#article\",\"isPartOf\":{\"@id\":\"https:\/\/portaltela.pt\/noticias\/2026\/01\/19\/tiago-araujo-estreia-se-a-marcar-pelo-gent-com-remate-de-106-km-h-3\/\"},\"author\":{\"name\":\"Telinha\",\"@id\":\"https:\/\/portaltela.pt\/#\/schema\/person\/c4278d4a6028830caff9ee44b42d32ed\"},\"headline\":\"Tiago Ara\u00fajo estreia-se a marcar pelo Gent com remate de 106 km\/h\",\"datePublished\":\"2026-01-19T12:18:24+00:00\",\"mainEntityOfPage\":{\"@id\":\"https:\/\/portaltela.pt\/noticias\/2026\/01\/19\/tiago-araujo-estreia-se-a-marcar-pelo-gent-com-remate-de-106-km-h-3\/\"},\"wordCount\":183,\"image\":{\"@id\":\"https:\/\/portaltela.pt\/noticias\/2026\/01\/19\/tiago-araujo-estreia-se-a-marcar-pelo-gent-com-remate-de-106-km-h-3\/#primaryimage\"},\"thumbnailUrl\":\"https:\/\/portaltela.pt\/s.01k8rhncp4jt1\/2026\/01\/img_920x518uu2026-01-19-12-10-13-2415729-2.jpg\",\"keywords\":[\"Anderlecht\",\"desporto\",\"futebol\",\"futebol internacional\",\"gols\",\"Portugal\"],\"articleSection\":[\"Desporto\",\"Futebol\"],\"inLanguage\":\"pt-PT\"},{\"@type\":\"WebPage\",\"@id\":\"https:\/\/portaltela.pt\/noticias\/2026\/01\/19\/tiago-araujo-estreia-se-a-marcar-pelo-gent-com-remate-de-106-km-h-3\/\",\"url\":\"https:\/\/portaltela.pt\/noticias\/2026\/01\/19\/tiago-araujo-estreia-se-a-marcar-pelo-gent-com-remate-de-106-km-h-3\/\",\"name\":\"Tiago Ara\u00fajo estreia-se a marcar pelo Gent com remate de 106 km\/h - Portal Tela Portugal\",\"isPartOf\":{\"@id\":\"https:\/\/portaltela.pt\/#website\"},\"primaryImageOfPage\":{\"@id\":\"https:\/\/portaltela.pt\/noticias\/2026\/01\/19\/tiago-araujo-estreia-se-a-marcar-pelo-gent-com-remate-de-106-km-h-3\/#primaryimage\"},\"image\":{\"@id\":\"https:\/\/portaltela.pt\/noticias\/2026\/01\/19\/tiago-araujo-estreia-se-a-marcar-pelo-gent-com-remate-de-106-km-h-3\/#primaryimage\"},\"thumbnailUrl\":\"https:\/\/portaltela.pt\/s.01k8rhncp4jt1\/2026\/01\/img_920x518uu2026-01-19-12-10-13-2415729-2.jpg\",\"datePublished\":\"2026-01-19T12:18:24+00:00\",\"author\":{\"@id\":\"https:\/\/portaltela.pt\/#\/schema\/person\/c4278d4a6028830caff9ee44b42d32ed\"},\"breadcrumb\":{\"@id\":\"https:\/\/portaltela.pt\/noticias\/2026\/01\/19\/tiago-araujo-estreia-se-a-marcar-pelo-gent-com-remate-de-106-km-h-3\/#breadcrumb\"},\"inLanguage\":\"pt-PT\",\"potentialAction\":[{\"@type\":\"ReadAction\",\"target\":[\"https:\/\/portaltela.pt\/noticias\/2026\/01\/19\/tiago-araujo-estreia-se-a-marcar-pelo-gent-com-remate-de-106-km-h-3\/\"]}]},{\"@type\":\"ImageObject\",\"inLanguage\":\"pt-PT\",\"@id\":\"https:\/\/portaltela.pt\/noticias\/2026\/01\/19\/tiago-araujo-estreia-se-a-marcar-pelo-gent-com-remate-de-106-km-h-3\/#primaryimage\",\"url\":\"https:\/\/portaltela.pt\/s.01k8rhncp4jt1\/2026\/01\/img_920x518uu2026-01-19-12-10-13-2415729-2.jpg\",\"contentUrl\":\"https:\/\/portaltela.pt\/s.01k8rhncp4jt1\/2026\/01\/img_920x518uu2026-01-19-12-10-13-2415729-2.jpg\",\"width\":796,\"height\":448,\"caption\":\"Golo de Tiago Ara\u00fajo frente ao Anderlecht\"},{\"@type\":\"BreadcrumbList\",\"@id\":\"https:\/\/portaltela.pt\/noticias\/2026\/01\/19\/tiago-araujo-estreia-se-a-marcar-pelo-gent-com-remate-de-106-km-h-3\/#breadcrumb\",\"itemListElement\":[{\"@type\":\"ListItem\",\"position\":1,\"name\":\"In\u00edcio\",\"item\":\"https:\/\/portaltela.pt\/\"},{\"@type\":\"ListItem\",\"position\":2,\"name\":\"Tiago Ara\u00fajo estreia-se a marcar pelo Gent com remate de 106 km\/h\"}]},{\"@type\":\"WebSite\",\"@id\":\"https:\/\/portaltela.pt\/#website\",\"url\":\"https:\/\/portaltela.pt\/\",\"name\":\"Portal Tela Portugal\",\"description\":\"\",\"potentialAction\":[{\"@type\":\"SearchAction\",\"target\":{\"@type\":\"EntryPoint\",\"urlTemplate\":\"https:\/\/portaltela.pt\/?s={search_term_string}\"},\"query-input\":{\"@type\":\"PropertyValueSpecification\",\"valueRequired\":true,\"valueName\":\"search_term_string\"}}],\"inLanguage\":\"pt-PT\"},{\"@type\":\"Person\",\"@id\":\"https:\/\/portaltela.pt\/#\/schema\/person\/c4278d4a6028830caff9ee44b42d32ed\",\"name\":\"Telinha\",\"image\":{\"@type\":\"ImageObject\",\"inLanguage\":\"pt-PT\",\"@id\":\"https:\/\/portaltela.pt\/s.01k8rhncp4jt1\/2025\/11\/talking-bot-125x125.png\",\"url\":\"https:\/\/portaltela.pt\/s.01k8rhncp4jt1\/2025\/11\/talking-bot-125x125.png\",\"contentUrl\":\"https:\/\/portaltela.pt\/s.01k8rhncp4jt1\/2025\/11\/talking-bot-125x125.png\",\"caption\":\"Telinha\"},\"sameAs\":[\"https:\/\/portaltela.pt\/\"],\"url\":\"https:\/\/portaltela.pt\/por\/367410592786\/\"}]}<\/script>\n<!-- \/ Yoast SEO plugin. -->","yoast_head_json":{"title":"Tiago Ara\u00fajo estreia-se a marcar pelo Gent com remate de 106 km\/h - Portal Tela Portugal","robots":{"index":"index","follow":"follow","max-snippet":"max-snippet:-1","max-image-preview":"max-image-preview:large","max-video-preview":"max-video-preview:-1"},"og_locale":"pt_PT","og_type":"article","og_title":"Tiago Ara\u00fajo estreia-se a marcar pelo Gent com remate de 106 km\/h - Portal Tela Portugal","og_description":"O Gent venceu o Anderlecht por 4-2, este domingo. Tiago Ara\u00fajo estreou-se a marcar pela equipa belga, ao marcar aos 81 minutos. O golo de Ara\u00fajo chegou na   igualdade, com um remate considerado um m\u00edssil. Segundo a DAZN, o disparo dos 106 quil\u00f3metros por hora recordou Roberto Carlos. Com o triunfo, o Gent subiu ao sexto lugar da Liga belga, com 29 pontos.","og_url":"https:\/\/portaltela.pt\/noticias\/2026\/01\/19\/tiago-araujo-estreia-se-a-marcar-pelo-gent-com-remate-de-106-km-h-3\/","og_site_name":"Portal Tela Portugal","article_published_time":"2026-01-19T12:18:24+00:00","author":"Telinha","twitter_card":"summary_large_image","twitter_misc":{"Escrito por":"Telinha","Tempo estimado de leitura":"1 minuto"},"schema":{"@context":"https:\/\/schema.org","@graph":[{"@type":"Article","@id":"https:\/\/portaltela.pt\/noticias\/2026\/01\/19\/tiago-araujo-estreia-se-a-marcar-pelo-gent-com-remate-de-106-km-h-3\/#article","isPartOf":{"@id":"https:\/\/portaltela.pt\/noticias\/2026\/01\/19\/tiago-araujo-estreia-se-a-marcar-pelo-gent-com-remate-de-106-km-h-3\/"},"author":{"name":"Telinha","@id":"https:\/\/portaltela.pt\/#\/schema\/person\/c4278d4a6028830caff9ee44b42d32ed"},"headline":"Tiago Ara\u00fajo estreia-se a marcar pelo Gent com remate de 106 km\/h","datePublished":"2026-01-19T12:18:24+00:00","mainEntityOfPage":{"@id":"https:\/\/portaltela.pt\/noticias\/2026\/01\/19\/tiago-araujo-estreia-se-a-marcar-pelo-gent-com-remate-de-106-km-h-3\/"},"wordCount":183,"image":{"@id":"https:\/\/portaltela.pt\/noticias\/2026\/01\/19\/tiago-araujo-estreia-se-a-marcar-pelo-gent-com-remate-de-106-km-h-3\/#primaryimage"},"thumbnailUrl":"https:\/\/portaltela.pt\/s.01k8rhncp4jt1\/2026\/01\/img_920x518uu2026-01-19-12-10-13-2415729-2.jpg","keywords":["Anderlecht","desporto","futebol","futebol internacional","gols","Portugal"],"articleSection":["Desporto","Futebol"],"inLanguage":"pt-PT"},{"@type":"WebPage","@id":"https:\/\/portaltela.pt\/noticias\/2026\/01\/19\/tiago-araujo-estreia-se-a-marcar-pelo-gent-com-remate-de-106-km-h-3\/","url":"https:\/\/portaltela.pt\/noticias\/2026\/01\/19\/tiago-araujo-estreia-se-a-marcar-pelo-gent-com-remate-de-106-km-h-3\/","name":"Tiago Ara\u00fajo estreia-se a marcar pelo Gent com remate de 106 km\/h - Portal Tela Portugal","isPartOf":{"@id":"https:\/\/portaltela.pt\/#website"},"primaryImageOfPage":{"@id":"https:\/\/portaltela.pt\/noticias\/2026\/01\/19\/tiago-araujo-estreia-se-a-marcar-pelo-gent-com-remate-de-106-km-h-3\/#primaryimage"},"image":{"@id":"https:\/\/portaltela.pt\/noticias\/2026\/01\/19\/tiago-araujo-estreia-se-a-marcar-pelo-gent-com-remate-de-106-km-h-3\/#primaryimage"},"thumbnailUrl":"https:\/\/portaltela.pt\/s.01k8rhncp4jt1\/2026\/01\/img_920x518uu2026-01-19-12-10-13-2415729-2.jpg","datePublished":"2026-01-19T12:18:24+00:00","author":{"@id":"https:\/\/portaltela.pt\/#\/schema\/person\/c4278d4a6028830caff9ee44b42d32ed"},"breadcrumb":{"@id":"https:\/\/portaltela.pt\/noticias\/2026\/01\/19\/tiago-araujo-estreia-se-a-marcar-pelo-gent-com-remate-de-106-km-h-3\/#breadcrumb"},"inLanguage":"pt-PT","potentialAction":[{"@type":"ReadAction","target":["https:\/\/portaltela.pt\/noticias\/2026\/01\/19\/tiago-araujo-estreia-se-a-marcar-pelo-gent-com-remate-de-106-km-h-3\/"]}]},{"@type":"ImageObject","inLanguage":"pt-PT","@id":"https:\/\/portaltela.pt\/noticias\/2026\/01\/19\/tiago-araujo-estreia-se-a-marcar-pelo-gent-com-remate-de-106-km-h-3\/#primaryimage","url":"https:\/\/portaltela.pt\/s.01k8rhncp4jt1\/2026\/01\/img_920x518uu2026-01-19-12-10-13-2415729-2.jpg","contentUrl":"https:\/\/portaltela.pt\/s.01k8rhncp4jt1\/2026\/01\/img_920x518uu2026-01-19-12-10-13-2415729-2.jpg","width":796,"height":448,"caption":"Golo de Tiago Ara\u00fajo frente ao Anderlecht"},{"@type":"BreadcrumbList","@id":"https:\/\/portaltela.pt\/noticias\/2026\/01\/19\/tiago-araujo-estreia-se-a-marcar-pelo-gent-com-remate-de-106-km-h-3\/#breadcrumb","itemListElement":[{"@type":"ListItem","position":1,"name":"In\u00edcio","item":"https:\/\/portaltela.pt\/"},{"@type":"ListItem","position":2,"name":"Tiago Ara\u00fajo estreia-se a marcar pelo Gent com remate de 106 km\/h"}]},{"@type":"WebSite","@id":"https:\/\/portaltela.pt\/#website","url":"https:\/\/portaltela.pt\/","name":"Portal Tela Portugal","description":"","potentialAction":[{"@type":"SearchAction","target":{"@type":"EntryPoint","urlTemplate":"https:\/\/portaltela.pt\/?s={search_term_string}"},"query-input":{"@type":"PropertyValueSpecification","valueRequired":true,"valueName":"search_term_string"}}],"inLanguage":"pt-PT"},{"@type":"Person","@id":"https:\/\/portaltela.pt\/#\/schema\/person\/c4278d4a6028830caff9ee44b42d32ed","name":"Telinha","image":{"@type":"ImageObject","inLanguage":"pt-PT","@id":"https:\/\/portaltela.pt\/s.01k8rhncp4jt1\/2025\/11\/talking-bot-125x125.png","url":"https:\/\/portaltela.pt\/s.01k8rhncp4jt1\/2025\/11\/talking-bot-125x125.png","contentUrl":"https:\/\/portaltela.pt\/s.01k8rhncp4jt1\/2025\/11\/talking-bot-125x125.png","caption":"Telinha"},"sameAs":["https:\/\/portaltela.pt\/"],"url":"https:\/\/portaltela.pt\/por\/367410592786\/"}]}},"_links":{"self":[{"href":"https:\/\/portaltela.pt\/api\/wp\/v2\/posts\/153664","targetHints":{"allow":["GET"]}}],"collection":[{"href":"https:\/\/portaltela.pt\/api\/wp\/v2\/posts"}],"about":[{"href":"https:\/\/portaltela.pt\/api\/wp\/v2\/types\/post"}],"author":[{"embeddable":true,"href":"https:\/\/portaltela.pt\/api\/wp\/v2\/users\/2"}],"replies":[{"embeddable":true,"href":"https:\/\/portaltela.pt\/api\/wp\/v2\/comments?post=153664"}],"version-history":[{"count":0,"href":"https:\/\/portaltela.pt\/api\/wp\/v2\/posts\/153664\/revisions"}],"wp:featuredmedia":[{"embeddable":true,"href":"https:\/\/portaltela.pt\/api\/wp\/v2\/media\/153703"}],"wp:attachment":[{"href":"https:\/\/portaltela.pt\/api\/wp\/v2\/media?parent=153664"}],"wp:term":[{"taxonomy":"category","embeddable":true,"href":"https:\/\/portaltela.pt\/api\/wp\/v2\/categories?post=153664"},{"taxonomy":"post_tag","embeddable":true,"href":"https:\/\/portaltela.pt\/api\/wp\/v2\/tags?post=153664"}],"curies":[{"name":"wp","href":"https:\/\/api.w.org\/{rel}","templated":true}]}}