{"id":153640,"date":"2026-01-19T14:39:33","date_gmt":"2026-01-19T17:39:33","guid":{"rendered":"https:\/\/portaltela.pt\/noticias\/2026\/01\/19\/tempo-de-espera-para-primeira-observacao-diminuiu-diz-ministra-da-saude\/"},"modified":"2026-01-19T14:39:33","modified_gmt":"2026-01-19T17:39:33","slug":"tempo-de-espera-para-primeira-observacao-diminuiu-diz-ministra-da-saude","status":"publish","type":"post","link":"https:\/\/portaltela.pt\/noticias\/2026\/01\/19\/tempo-de-espera-para-primeira-observacao-diminuiu-diz-ministra-da-saude\/","title":{"rendered":"Tempo de espera para primeira observa\u00e7\u00e3o diminuiu, diz ministra da Sa\u00fade"},"content":{"rendered":"<p>O tempo de espera para a primeira observa\u00e7\u00e3o diminuiu este ano, mesmo durante a epidemia de gripe, assegura a ministra da Sa\u00fade. Ana Paula Martins falou aos jornalistas no Hospital de Santa Luzia, em Viana do Castelo.<\/p>\n<p>A respons\u00e1vel pelo SNS afirmou que tem havido redu\u00e7\u00f5es nos tempos de triagem e que o servi\u00e7o est\u00e1 preparado para o que for necess\u00e1rio. Afirmou ainda que cr\u00edticas infundadas n\u00e3o ajudam o combate \u00e0 gripe.<\/p>\n<p>A ministra comentou tamb\u00e9m o tema da mortalidade, sustendo que Portugal tem um excesso de mortalidade compar\u00e1vel a outros anos, como 2022\/2023. Adiantou que a evolu\u00e7\u00e3o da gripe exige monitoriza\u00e7\u00e3o cont\u00ednua.<\/p>\n<h3>Dados da gripe e mortalidade<\/h3>\n<p>Segundo o INSA, as infe\u00e7\u00f5es respirat\u00f3rias graves mant\u00eam-se elevadas, sobretudo entre idosos e crian\u00e7as, com mais casos de gripe em cuidados intensivos na semana anterior. O relat\u00f3rio aponta aumento da mortalidade por todas as causas.<\/p>\n<p>Na semana 50, entre 8 e 14 de dezembro, a mortalidade excedeu o esperado em diversas regi\u00f5es. Norte, Centro e Algarve registaram excesso de mortalidade em ambos os sexos e entre maiores de 75 anos.<\/p>\n","protected":false},"excerpt":{"rendered":"<ul>\n<li>A ministra da Sa\u00fade, Ana Paula Martins, disse que os tempos de espera para a primeira observa\u00e7\u00e3o diminu\u00edram este ano no SNS durante a epidemia da gripe e que o servi\u00e7o est\u00e1 preparado.<\/li>\n<li>Rebateu acusa\u00e7\u00f5es de \u201cinverdades\u201d sobre o SNS e afirmou que Portugal tem excesso de mortalidade compar\u00e1vel a 2022\/2023.<\/li>\n<li>Sobre a epidemia de gripe, destacou que o percurso \u00e9 longo e depende de como evolui o frio.<\/li>\n<li>Afirmou que o SNS tem vindo a melhorar, especialmente ao tornar as urg\u00eancias um local mais adequado para casos urgentes.<\/li>\n<li>O boletim do INSA aponta mortalidade acima do esperado na semana 50, com excessos nos distritos Norte, Centro e Algarve, e aumento de infe\u00e7\u00f5es graves por v\u00edrus respirat\u00f3rios, com mais casos de gripe em cuidados intensivos, sobretudo em idosos e crian\u00e7as.<\/li>\n<\/ul>\n","protected":false},"author":2,"featured_media":153709,"comment_status":"closed","ping_status":"closed","sticky":false,"template":"","format":"standard","meta":{"footnotes":""},"categories":[1],"tags":[3140,1905,3305,1014,271,1530],"class_list":["post-153640","post","type-post","status-publish","format-standard","has-post-thumbnail","hentry","category-noticias","tag-cuidados-intensivos","tag-gripe","tag-infeccao-respiratoria","tag-portugal","tag-saude-publica","tag-viana-do-castelo"],"yoast_head":"<!-- This site is optimized with the Yoast SEO plugin v27.2 - https:\/\/yoast.com\/product\/yoast-seo-wordpress\/ -->\n<title>Tempo de espera para primeira observa\u00e7\u00e3o diminuiu, diz ministra da Sa\u00fade - Portal Tela Portugal<\/title>\n<meta name=\"robots\" content=\"index, follow, max-snippet:-1, max-image-preview:large, max-video-preview:-1\" \/>\n<meta property=\"og:locale\" content=\"pt_PT\" \/>\n<meta property=\"og:type\" content=\"article\" \/>\n<meta property=\"og:title\" content=\"Tempo de espera para primeira observa\u00e7\u00e3o diminuiu, diz ministra da Sa\u00fade - Portal Tela Portugal\" \/>\n<meta property=\"og:description\" content=\"A ministra da Sa\u00fade, Ana Paula Martins, disse que os tempos de espera para a primeira observa\u00e7\u00e3o diminu\u00edram este ano no SNS durante a epidemia da gripe e que o servi\u00e7o est\u00e1 preparado. Rebateu acusa\u00e7\u00f5es de \u201cinverdades\u201d sobre o SNS e afirmou que Portugal tem excesso de mortalidade compar\u00e1vel a 2022\/2023. Sobre a epidemia de gripe, destacou que o percurso \u00e9 longo e depende de como evolui o frio. Afirmou que o SNS tem vindo a melhorar, especialmente ao tornar as urg\u00eancias um local mais adequado para casos urgentes. O boletim do INSA aponta mortalidade acima do esperado na semana 50, com excessos nos distritos Norte, Centro e Algarve, e aumento de infe\u00e7\u00f5es graves por v\u00edrus respirat\u00f3rios, com mais casos de gripe em cuidados intensivos, sobretudo em idosos e crian\u00e7as.\" \/>\n<meta property=\"og:url\" content=\"https:\/\/portaltela.pt\/noticias\/2026\/01\/19\/tempo-de-espera-para-primeira-observacao-diminuiu-diz-ministra-da-saude\/\" \/>\n<meta property=\"og:site_name\" content=\"Portal Tela Portugal\" \/>\n<meta property=\"article:published_time\" content=\"2026-01-19T17:39:33+00:00\" \/>\n<meta name=\"author\" content=\"Telinha\" \/>\n<meta name=\"twitter:card\" content=\"summary_large_image\" \/>\n<meta name=\"twitter:label1\" content=\"Escrito por\" \/>\n\t<meta name=\"twitter:data1\" content=\"Telinha\" \/>\n\t<meta name=\"twitter:label2\" content=\"Tempo estimado de leitura\" \/>\n\t<meta name=\"twitter:data2\" content=\"1 minuto\" \/>\n<script type=\"application\/ld+json\" class=\"yoast-schema-graph\">{\"@context\":\"https:\/\/schema.org\",\"@graph\":[{\"@type\":\"Article\",\"@id\":\"https:\/\/portaltela.pt\/noticias\/2026\/01\/19\/tempo-de-espera-para-primeira-observacao-diminuiu-diz-ministra-da-saude\/#article\",\"isPartOf\":{\"@id\":\"https:\/\/portaltela.pt\/noticias\/2026\/01\/19\/tempo-de-espera-para-primeira-observacao-diminuiu-diz-ministra-da-saude\/\"},\"author\":{\"name\":\"Telinha\",\"@id\":\"https:\/\/portaltela.pt\/#\/schema\/person\/c4278d4a6028830caff9ee44b42d32ed\"},\"headline\":\"Tempo de espera para primeira observa\u00e7\u00e3o diminuiu, diz ministra da Sa\u00fade\",\"datePublished\":\"2026-01-19T17:39:33+00:00\",\"mainEntityOfPage\":{\"@id\":\"https:\/\/portaltela.pt\/noticias\/2026\/01\/19\/tempo-de-espera-para-primeira-observacao-diminuiu-diz-ministra-da-saude\/\"},\"wordCount\":204,\"image\":{\"@id\":\"https:\/\/portaltela.pt\/noticias\/2026\/01\/19\/tempo-de-espera-para-primeira-observacao-diminuiu-diz-ministra-da-saude\/#primaryimage\"},\"thumbnailUrl\":\"https:\/\/portaltela.pt\/s.01k8rhncp4jt1\/2026\/01\/unnamed-file-3905.jpg\",\"keywords\":[\"cuidados intensivos\",\"gripe\",\"infec\u00e7\u00e3o respirat\u00f3ria\",\"Portugal\",\"sa\u00fade p\u00fablica\",\"Viana do Castelo\"],\"articleSection\":[\"Not\u00edcias\"],\"inLanguage\":\"pt-PT\"},{\"@type\":\"WebPage\",\"@id\":\"https:\/\/portaltela.pt\/noticias\/2026\/01\/19\/tempo-de-espera-para-primeira-observacao-diminuiu-diz-ministra-da-saude\/\",\"url\":\"https:\/\/portaltela.pt\/noticias\/2026\/01\/19\/tempo-de-espera-para-primeira-observacao-diminuiu-diz-ministra-da-saude\/\",\"name\":\"Tempo de espera para primeira observa\u00e7\u00e3o diminuiu, diz ministra da Sa\u00fade - Portal Tela Portugal\",\"isPartOf\":{\"@id\":\"https:\/\/portaltela.pt\/#website\"},\"primaryImageOfPage\":{\"@id\":\"https:\/\/portaltela.pt\/noticias\/2026\/01\/19\/tempo-de-espera-para-primeira-observacao-diminuiu-diz-ministra-da-saude\/#primaryimage\"},\"image\":{\"@id\":\"https:\/\/portaltela.pt\/noticias\/2026\/01\/19\/tempo-de-espera-para-primeira-observacao-diminuiu-diz-ministra-da-saude\/#primaryimage\"},\"thumbnailUrl\":\"https:\/\/portaltela.pt\/s.01k8rhncp4jt1\/2026\/01\/unnamed-file-3905.jpg\",\"datePublished\":\"2026-01-19T17:39:33+00:00\",\"author\":{\"@id\":\"https:\/\/portaltela.pt\/#\/schema\/person\/c4278d4a6028830caff9ee44b42d32ed\"},\"breadcrumb\":{\"@id\":\"https:\/\/portaltela.pt\/noticias\/2026\/01\/19\/tempo-de-espera-para-primeira-observacao-diminuiu-diz-ministra-da-saude\/#breadcrumb\"},\"inLanguage\":\"pt-PT\",\"potentialAction\":[{\"@type\":\"ReadAction\",\"target\":[\"https:\/\/portaltela.pt\/noticias\/2026\/01\/19\/tempo-de-espera-para-primeira-observacao-diminuiu-diz-ministra-da-saude\/\"]}]},{\"@type\":\"ImageObject\",\"inLanguage\":\"pt-PT\",\"@id\":\"https:\/\/portaltela.pt\/noticias\/2026\/01\/19\/tempo-de-espera-para-primeira-observacao-diminuiu-diz-ministra-da-saude\/#primaryimage\",\"url\":\"https:\/\/portaltela.pt\/s.01k8rhncp4jt1\/2026\/01\/unnamed-file-3905.jpg\",\"contentUrl\":\"https:\/\/portaltela.pt\/s.01k8rhncp4jt1\/2026\/01\/unnamed-file-3905.jpg\",\"width\":796,\"height\":448,\"caption\":\"Ministra da Sa\u00fade diz que tempo de espera para primeira observa\u00e7\u00e3o diminuiu\"},{\"@type\":\"BreadcrumbList\",\"@id\":\"https:\/\/portaltela.pt\/noticias\/2026\/01\/19\/tempo-de-espera-para-primeira-observacao-diminuiu-diz-ministra-da-saude\/#breadcrumb\",\"itemListElement\":[{\"@type\":\"ListItem\",\"position\":1,\"name\":\"In\u00edcio\",\"item\":\"https:\/\/portaltela.pt\/\"},{\"@type\":\"ListItem\",\"position\":2,\"name\":\"Tempo de espera para primeira observa\u00e7\u00e3o diminuiu, diz ministra da Sa\u00fade\"}]},{\"@type\":\"WebSite\",\"@id\":\"https:\/\/portaltela.pt\/#website\",\"url\":\"https:\/\/portaltela.pt\/\",\"name\":\"Portal Tela Portugal\",\"description\":\"\",\"potentialAction\":[{\"@type\":\"SearchAction\",\"target\":{\"@type\":\"EntryPoint\",\"urlTemplate\":\"https:\/\/portaltela.pt\/?s={search_term_string}\"},\"query-input\":{\"@type\":\"PropertyValueSpecification\",\"valueRequired\":true,\"valueName\":\"search_term_string\"}}],\"inLanguage\":\"pt-PT\"},{\"@type\":\"Person\",\"@id\":\"https:\/\/portaltela.pt\/#\/schema\/person\/c4278d4a6028830caff9ee44b42d32ed\",\"name\":\"Telinha\",\"image\":{\"@type\":\"ImageObject\",\"inLanguage\":\"pt-PT\",\"@id\":\"https:\/\/portaltela.pt\/s.01k8rhncp4jt1\/2025\/11\/talking-bot-125x125.png\",\"url\":\"https:\/\/portaltela.pt\/s.01k8rhncp4jt1\/2025\/11\/talking-bot-125x125.png\",\"contentUrl\":\"https:\/\/portaltela.pt\/s.01k8rhncp4jt1\/2025\/11\/talking-bot-125x125.png\",\"caption\":\"Telinha\"},\"sameAs\":[\"https:\/\/portaltela.pt\/\"],\"url\":\"https:\/\/portaltela.pt\/por\/367410592786\/\"}]}<\/script>\n<!-- \/ Yoast SEO plugin. -->","yoast_head_json":{"title":"Tempo de espera para primeira observa\u00e7\u00e3o diminuiu, diz ministra da Sa\u00fade - Portal Tela Portugal","robots":{"index":"index","follow":"follow","max-snippet":"max-snippet:-1","max-image-preview":"max-image-preview:large","max-video-preview":"max-video-preview:-1"},"og_locale":"pt_PT","og_type":"article","og_title":"Tempo de espera para primeira observa\u00e7\u00e3o diminuiu, diz ministra da Sa\u00fade - Portal Tela Portugal","og_description":"A ministra da Sa\u00fade, Ana Paula Martins, disse que os tempos de espera para a primeira observa\u00e7\u00e3o diminu\u00edram este ano no SNS durante a epidemia da gripe e que o servi\u00e7o est\u00e1 preparado. Rebateu acusa\u00e7\u00f5es de \u201cinverdades\u201d sobre o SNS e afirmou que Portugal tem excesso de mortalidade compar\u00e1vel a 2022\/2023. Sobre a epidemia de gripe, destacou que o percurso \u00e9 longo e depende de como evolui o frio. Afirmou que o SNS tem vindo a melhorar, especialmente ao tornar as urg\u00eancias um local mais adequado para casos urgentes. O boletim do INSA aponta mortalidade acima do esperado na semana 50, com excessos nos distritos Norte, Centro e Algarve, e aumento de infe\u00e7\u00f5es graves por v\u00edrus respirat\u00f3rios, com mais casos de gripe em cuidados intensivos, sobretudo em idosos e crian\u00e7as.","og_url":"https:\/\/portaltela.pt\/noticias\/2026\/01\/19\/tempo-de-espera-para-primeira-observacao-diminuiu-diz-ministra-da-saude\/","og_site_name":"Portal Tela Portugal","article_published_time":"2026-01-19T17:39:33+00:00","author":"Telinha","twitter_card":"summary_large_image","twitter_misc":{"Escrito por":"Telinha","Tempo estimado de leitura":"1 minuto"},"schema":{"@context":"https:\/\/schema.org","@graph":[{"@type":"Article","@id":"https:\/\/portaltela.pt\/noticias\/2026\/01\/19\/tempo-de-espera-para-primeira-observacao-diminuiu-diz-ministra-da-saude\/#article","isPartOf":{"@id":"https:\/\/portaltela.pt\/noticias\/2026\/01\/19\/tempo-de-espera-para-primeira-observacao-diminuiu-diz-ministra-da-saude\/"},"author":{"name":"Telinha","@id":"https:\/\/portaltela.pt\/#\/schema\/person\/c4278d4a6028830caff9ee44b42d32ed"},"headline":"Tempo de espera para primeira observa\u00e7\u00e3o diminuiu, diz ministra da Sa\u00fade","datePublished":"2026-01-19T17:39:33+00:00","mainEntityOfPage":{"@id":"https:\/\/portaltela.pt\/noticias\/2026\/01\/19\/tempo-de-espera-para-primeira-observacao-diminuiu-diz-ministra-da-saude\/"},"wordCount":204,"image":{"@id":"https:\/\/portaltela.pt\/noticias\/2026\/01\/19\/tempo-de-espera-para-primeira-observacao-diminuiu-diz-ministra-da-saude\/#primaryimage"},"thumbnailUrl":"https:\/\/portaltela.pt\/s.01k8rhncp4jt1\/2026\/01\/unnamed-file-3905.jpg","keywords":["cuidados intensivos","gripe","infec\u00e7\u00e3o respirat\u00f3ria","Portugal","sa\u00fade p\u00fablica","Viana do Castelo"],"articleSection":["Not\u00edcias"],"inLanguage":"pt-PT"},{"@type":"WebPage","@id":"https:\/\/portaltela.pt\/noticias\/2026\/01\/19\/tempo-de-espera-para-primeira-observacao-diminuiu-diz-ministra-da-saude\/","url":"https:\/\/portaltela.pt\/noticias\/2026\/01\/19\/tempo-de-espera-para-primeira-observacao-diminuiu-diz-ministra-da-saude\/","name":"Tempo de espera para primeira observa\u00e7\u00e3o diminuiu, diz ministra da Sa\u00fade - Portal Tela Portugal","isPartOf":{"@id":"https:\/\/portaltela.pt\/#website"},"primaryImageOfPage":{"@id":"https:\/\/portaltela.pt\/noticias\/2026\/01\/19\/tempo-de-espera-para-primeira-observacao-diminuiu-diz-ministra-da-saude\/#primaryimage"},"image":{"@id":"https:\/\/portaltela.pt\/noticias\/2026\/01\/19\/tempo-de-espera-para-primeira-observacao-diminuiu-diz-ministra-da-saude\/#primaryimage"},"thumbnailUrl":"https:\/\/portaltela.pt\/s.01k8rhncp4jt1\/2026\/01\/unnamed-file-3905.jpg","datePublished":"2026-01-19T17:39:33+00:00","author":{"@id":"https:\/\/portaltela.pt\/#\/schema\/person\/c4278d4a6028830caff9ee44b42d32ed"},"breadcrumb":{"@id":"https:\/\/portaltela.pt\/noticias\/2026\/01\/19\/tempo-de-espera-para-primeira-observacao-diminuiu-diz-ministra-da-saude\/#breadcrumb"},"inLanguage":"pt-PT","potentialAction":[{"@type":"ReadAction","target":["https:\/\/portaltela.pt\/noticias\/2026\/01\/19\/tempo-de-espera-para-primeira-observacao-diminuiu-diz-ministra-da-saude\/"]}]},{"@type":"ImageObject","inLanguage":"pt-PT","@id":"https:\/\/portaltela.pt\/noticias\/2026\/01\/19\/tempo-de-espera-para-primeira-observacao-diminuiu-diz-ministra-da-saude\/#primaryimage","url":"https:\/\/portaltela.pt\/s.01k8rhncp4jt1\/2026\/01\/unnamed-file-3905.jpg","contentUrl":"https:\/\/portaltela.pt\/s.01k8rhncp4jt1\/2026\/01\/unnamed-file-3905.jpg","width":796,"height":448,"caption":"Ministra da Sa\u00fade diz que tempo de espera para primeira observa\u00e7\u00e3o diminuiu"},{"@type":"BreadcrumbList","@id":"https:\/\/portaltela.pt\/noticias\/2026\/01\/19\/tempo-de-espera-para-primeira-observacao-diminuiu-diz-ministra-da-saude\/#breadcrumb","itemListElement":[{"@type":"ListItem","position":1,"name":"In\u00edcio","item":"https:\/\/portaltela.pt\/"},{"@type":"ListItem","position":2,"name":"Tempo de espera para primeira observa\u00e7\u00e3o diminuiu, diz ministra da Sa\u00fade"}]},{"@type":"WebSite","@id":"https:\/\/portaltela.pt\/#website","url":"https:\/\/portaltela.pt\/","name":"Portal Tela Portugal","description":"","potentialAction":[{"@type":"SearchAction","target":{"@type":"EntryPoint","urlTemplate":"https:\/\/portaltela.pt\/?s={search_term_string}"},"query-input":{"@type":"PropertyValueSpecification","valueRequired":true,"valueName":"search_term_string"}}],"inLanguage":"pt-PT"},{"@type":"Person","@id":"https:\/\/portaltela.pt\/#\/schema\/person\/c4278d4a6028830caff9ee44b42d32ed","name":"Telinha","image":{"@type":"ImageObject","inLanguage":"pt-PT","@id":"https:\/\/portaltela.pt\/s.01k8rhncp4jt1\/2025\/11\/talking-bot-125x125.png","url":"https:\/\/portaltela.pt\/s.01k8rhncp4jt1\/2025\/11\/talking-bot-125x125.png","contentUrl":"https:\/\/portaltela.pt\/s.01k8rhncp4jt1\/2025\/11\/talking-bot-125x125.png","caption":"Telinha"},"sameAs":["https:\/\/portaltela.pt\/"],"url":"https:\/\/portaltela.pt\/por\/367410592786\/"}]}},"_links":{"self":[{"href":"https:\/\/portaltela.pt\/api\/wp\/v2\/posts\/153640","targetHints":{"allow":["GET"]}}],"collection":[{"href":"https:\/\/portaltela.pt\/api\/wp\/v2\/posts"}],"about":[{"href":"https:\/\/portaltela.pt\/api\/wp\/v2\/types\/post"}],"author":[{"embeddable":true,"href":"https:\/\/portaltela.pt\/api\/wp\/v2\/users\/2"}],"replies":[{"embeddable":true,"href":"https:\/\/portaltela.pt\/api\/wp\/v2\/comments?post=153640"}],"version-history":[{"count":0,"href":"https:\/\/portaltela.pt\/api\/wp\/v2\/posts\/153640\/revisions"}],"wp:featuredmedia":[{"embeddable":true,"href":"https:\/\/portaltela.pt\/api\/wp\/v2\/media\/153709"}],"wp:attachment":[{"href":"https:\/\/portaltela.pt\/api\/wp\/v2\/media?parent=153640"}],"wp:term":[{"taxonomy":"category","embeddable":true,"href":"https:\/\/portaltela.pt\/api\/wp\/v2\/categories?post=153640"},{"taxonomy":"post_tag","embeddable":true,"href":"https:\/\/portaltela.pt\/api\/wp\/v2\/tags?post=153640"}],"curies":[{"name":"wp","href":"https:\/\/api.w.org\/{rel}","templated":true}]}}