{"id":153630,"date":"2026-01-19T14:47:16","date_gmt":"2026-01-19T17:47:16","guid":{"rendered":"https:\/\/portaltela.pt\/noticias\/2026\/01\/19\/cumplice-de-homicidio-detido-por-tentativa-de-roubo-em-ferreira-do-alentejo\/"},"modified":"2026-01-19T14:47:16","modified_gmt":"2026-01-19T17:47:16","slug":"cumplice-de-homicidio-detido-por-tentativa-de-roubo-em-ferreira-do-alentejo","status":"publish","type":"post","link":"https:\/\/portaltela.pt\/noticias\/2026\/01\/19\/cumplice-de-homicidio-detido-por-tentativa-de-roubo-em-ferreira-do-alentejo\/","title":{"rendered":"C\u00famplice de homic\u00eddio detido por tentativa de roubo em Ferreira do Alentejo"},"content":{"rendered":"<p>Dupla detida em Ferreira do Alentejo permanece em pris\u00e3o preventiva, segundo a PJ. Um homem de 40 anos ficou at\u00e9-to s\u00e1bado detido por tentativa de roubo e \u00e9 considerado c\u00famplice no homic\u00eddio de um idoso de 88 anos. A medida de coa\u00e7\u00e3o mais gravosa foi aplicada no primeiro interrogat\u00f3rio judicial.<\/p>\n<p>O detido enfrentou acusa\u00e7\u00f5es de roubo agravado na forma tentada. Foi transferido para o Estabelecimento Prisional de Beja ap\u00f3s a audi\u00eancia. O caso insere-se num inqu\u00e9rito que corre sob a al\u00e7ada do DIAP de Ferreira do Alentejo.<\/p>\n<p>Segundo a PJ, o incidente de roubo ocorreu em Ferreira do Alentejo, quando o homem abordou dois indiv\u00edduos num ve\u00edculo e, sob a mira de um rev\u00f3lver, exigiu o telem\u00f3vel a uma das v\u00edtimas. As v\u00edtimas conseguiram desarmar o suspeito e imobiliz\u00e1-lo at\u00e9 \u00e0 chegada da GNR. O rev\u00f3lver revelou-se uma arma de ar comprimido, com uma pistola de airsoft tamb\u00e9m na posse do homem.<\/p>\n<p>A companheira do suspeito foi detida no \u00e2mbito de outro inqu\u00e9rito, suspeita de homic\u00eddio e profana\u00e7\u00e3o de cad\u00e1ver relacionados com o idoso de 88 anos. O corpo foi encontrado num po\u00e7o no concelho de Aljustrel, no distrito de Beja, na sexta-feira. A agress\u00e3o foi alegadamente praticada pela mulher em conluio com o companheiro, com o objetivo de roubar bens da v\u00edtima.<\/p>\n<p>A PJ apontou que o cad\u00e1ver foi transportado para um local ermo pr\u00f3ximo de Ervidel e ocultado no interior do po\u00e7o. Foram recolhidos elementos de prova que levaram \u00e0 emiss\u00e3o de mandados de deten\u00e7\u00e3o fora de flagrante delito para a mulher. A suspeita j\u00e1 foi presente a primeiro interrogat\u00f3rio, sem divulga\u00e7\u00e3o das medidas de coa\u00e7\u00e3o.<\/p>\n<p>O inqu\u00e9rito sobre o homic\u00eddio \u00e9 dirigido pela Procuradoria do Ju\u00edzo de Compet\u00eancia Gen\u00e9rica de Ourique, enquanto o do crime de tentativa de roubo est\u00e1 sob a tutela do DIAP de Ferreira do Alentejo.<\/p>\n","protected":false},"excerpt":{"rendered":"<ul>\n<li>O homem, de 40 anos, ficou em pris\u00e3o preventiva ap\u00f3s ser detido em Ferreira do Alentejo por tentativa de roubo, sendo indiciado de robo agravado na forma tentada.<\/li>\n<li>A deten\u00e7\u00e3o deu-se depois de ele ter abordado dois homens num autom\u00f3vel, sob a amea\u00e7a de um rev\u00f3lver; as v\u00edtimas desarmaram-no e entregaram-no \u00e0 Guarda Nacional Republicana.<\/li>\n<li>A arma anunciada pela PJ como rev\u00f3lver era de ar comprimido, e o suspeito ainda trazia consigo uma pistola de airsoft.<\/li>\n<li>A companheira do homem est\u00e1 tamb\u00e9m detida, suspeita de homic\u00eddio e profana\u00e7\u00e3o de cad\u00e1ver de um idoso de 88 anos encontrado num po\u00e7o em Aljustrel; o crime ocorreu na sexta-feira.<\/li>\n<li>O casal \u00e9 apontado como respons\u00e1vel pela agress\u00e3o que resultou na morte da v\u00edtima, com o corpo sendo ocultado num po\u00e7o junto a Ervidel; os inqu\u00e9ritos est\u00e3o a cargo da Procuradoria de Ourique (homic\u00eddio) e do DIAP de Ferreira do Alentejo (tentativa de roubo).<\/li>\n<\/ul>\n","protected":false},"author":2,"featured_media":153667,"comment_status":"closed","ping_status":"closed","sticky":false,"template":"","format":"standard","meta":{"footnotes":""},"categories":[1],"tags":[1325,3457,1345,1802,203,3102],"class_list":["post-153630","post","type-post","status-publish","format-standard","has-post-thumbnail","hentry","category-noticias","tag-aljustrel","tag-ervidel","tag-homicidio","tag-policia-judiciaria","tag-roubo","tag-roubo-agravado"],"yoast_head":"<!-- This site is optimized with the Yoast SEO plugin v27.2 - https:\/\/yoast.com\/product\/yoast-seo-wordpress\/ -->\n<title>C\u00famplice de homic\u00eddio detido por tentativa de roubo em Ferreira do Alentejo - Portal Tela Portugal<\/title>\n<meta name=\"robots\" content=\"index, follow, max-snippet:-1, max-image-preview:large, max-video-preview:-1\" \/>\n<meta property=\"og:locale\" content=\"pt_PT\" \/>\n<meta property=\"og:type\" content=\"article\" \/>\n<meta property=\"og:title\" content=\"C\u00famplice de homic\u00eddio detido por tentativa de roubo em Ferreira do Alentejo - Portal Tela Portugal\" \/>\n<meta property=\"og:description\" content=\"O homem, de 40 anos, ficou em pris\u00e3o preventiva ap\u00f3s ser detido em Ferreira do Alentejo por tentativa de roubo, sendo indiciado de robo agravado na forma tentada. A deten\u00e7\u00e3o deu-se depois de ele ter abordado dois homens num autom\u00f3vel, sob a amea\u00e7a de um rev\u00f3lver; as v\u00edtimas desarmaram-no e entregaram-no \u00e0 Guarda Nacional Republicana. A arma anunciada pela PJ como rev\u00f3lver era de ar comprimido, e o suspeito ainda trazia consigo uma pistola de airsoft. A companheira do homem est\u00e1 tamb\u00e9m detida, suspeita de homic\u00eddio e profana\u00e7\u00e3o de cad\u00e1ver de um idoso de 88 anos encontrado num po\u00e7o em Aljustrel; o crime ocorreu na sexta-feira. O casal \u00e9 apontado como respons\u00e1vel pela agress\u00e3o que resultou na morte da v\u00edtima, com o corpo sendo ocultado num po\u00e7o junto a Ervidel; os inqu\u00e9ritos est\u00e3o a cargo da Procuradoria de Ourique (homic\u00eddio) e do DIAP de Ferreira do Alentejo (tentativa de roubo).\" \/>\n<meta property=\"og:url\" content=\"https:\/\/portaltela.pt\/noticias\/2026\/01\/19\/cumplice-de-homicidio-detido-por-tentativa-de-roubo-em-ferreira-do-alentejo\/\" \/>\n<meta property=\"og:site_name\" content=\"Portal Tela Portugal\" \/>\n<meta property=\"article:published_time\" content=\"2026-01-19T17:47:16+00:00\" \/>\n<meta name=\"author\" content=\"Telinha\" \/>\n<meta name=\"twitter:card\" content=\"summary_large_image\" \/>\n<meta name=\"twitter:label1\" content=\"Escrito por\" \/>\n\t<meta name=\"twitter:data1\" content=\"Telinha\" \/>\n\t<meta name=\"twitter:label2\" content=\"Tempo estimado de leitura\" \/>\n\t<meta name=\"twitter:data2\" content=\"2 minutos\" \/>\n<script type=\"application\/ld+json\" class=\"yoast-schema-graph\">{\"@context\":\"https:\/\/schema.org\",\"@graph\":[{\"@type\":\"Article\",\"@id\":\"https:\/\/portaltela.pt\/noticias\/2026\/01\/19\/cumplice-de-homicidio-detido-por-tentativa-de-roubo-em-ferreira-do-alentejo\/#article\",\"isPartOf\":{\"@id\":\"https:\/\/portaltela.pt\/noticias\/2026\/01\/19\/cumplice-de-homicidio-detido-por-tentativa-de-roubo-em-ferreira-do-alentejo\/\"},\"author\":{\"name\":\"Telinha\",\"@id\":\"https:\/\/portaltela.pt\/#\/schema\/person\/c4278d4a6028830caff9ee44b42d32ed\"},\"headline\":\"C\u00famplice de homic\u00eddio detido por tentativa de roubo em Ferreira do Alentejo\",\"datePublished\":\"2026-01-19T17:47:16+00:00\",\"mainEntityOfPage\":{\"@id\":\"https:\/\/portaltela.pt\/noticias\/2026\/01\/19\/cumplice-de-homicidio-detido-por-tentativa-de-roubo-em-ferreira-do-alentejo\/\"},\"wordCount\":350,\"image\":{\"@id\":\"https:\/\/portaltela.pt\/noticias\/2026\/01\/19\/cumplice-de-homicidio-detido-por-tentativa-de-roubo-em-ferreira-do-alentejo\/#primaryimage\"},\"thumbnailUrl\":\"https:\/\/portaltela.pt\/s.01k8rhncp4jt1\/2026\/01\/img_1500x1000uu2026-01-18-19-21-46-2261100.jpg\",\"keywords\":[\"Aljustrel\",\"Ervidel\",\"homic\u00eddio\",\"Pol\u00edcia Judici\u00e1ria\",\"roubo\",\"roubo agravado\"],\"articleSection\":[\"Not\u00edcias\"],\"inLanguage\":\"pt-PT\"},{\"@type\":\"WebPage\",\"@id\":\"https:\/\/portaltela.pt\/noticias\/2026\/01\/19\/cumplice-de-homicidio-detido-por-tentativa-de-roubo-em-ferreira-do-alentejo\/\",\"url\":\"https:\/\/portaltela.pt\/noticias\/2026\/01\/19\/cumplice-de-homicidio-detido-por-tentativa-de-roubo-em-ferreira-do-alentejo\/\",\"name\":\"C\u00famplice de homic\u00eddio detido por tentativa de roubo em Ferreira do Alentejo - Portal Tela Portugal\",\"isPartOf\":{\"@id\":\"https:\/\/portaltela.pt\/#website\"},\"primaryImageOfPage\":{\"@id\":\"https:\/\/portaltela.pt\/noticias\/2026\/01\/19\/cumplice-de-homicidio-detido-por-tentativa-de-roubo-em-ferreira-do-alentejo\/#primaryimage\"},\"image\":{\"@id\":\"https:\/\/portaltela.pt\/noticias\/2026\/01\/19\/cumplice-de-homicidio-detido-por-tentativa-de-roubo-em-ferreira-do-alentejo\/#primaryimage\"},\"thumbnailUrl\":\"https:\/\/portaltela.pt\/s.01k8rhncp4jt1\/2026\/01\/img_1500x1000uu2026-01-18-19-21-46-2261100.jpg\",\"datePublished\":\"2026-01-19T17:47:16+00:00\",\"author\":{\"@id\":\"https:\/\/portaltela.pt\/#\/schema\/person\/c4278d4a6028830caff9ee44b42d32ed\"},\"breadcrumb\":{\"@id\":\"https:\/\/portaltela.pt\/noticias\/2026\/01\/19\/cumplice-de-homicidio-detido-por-tentativa-de-roubo-em-ferreira-do-alentejo\/#breadcrumb\"},\"inLanguage\":\"pt-PT\",\"potentialAction\":[{\"@type\":\"ReadAction\",\"target\":[\"https:\/\/portaltela.pt\/noticias\/2026\/01\/19\/cumplice-de-homicidio-detido-por-tentativa-de-roubo-em-ferreira-do-alentejo\/\"]}]},{\"@type\":\"ImageObject\",\"inLanguage\":\"pt-PT\",\"@id\":\"https:\/\/portaltela.pt\/noticias\/2026\/01\/19\/cumplice-de-homicidio-detido-por-tentativa-de-roubo-em-ferreira-do-alentejo\/#primaryimage\",\"url\":\"https:\/\/portaltela.pt\/s.01k8rhncp4jt1\/2026\/01\/img_1500x1000uu2026-01-18-19-21-46-2261100.jpg\",\"contentUrl\":\"https:\/\/portaltela.pt\/s.01k8rhncp4jt1\/2026\/01\/img_1500x1000uu2026-01-18-19-21-46-2261100.jpg\",\"width\":796,\"height\":448,\"caption\":\"Po\u00e7o onde foi encontrado o corpo da v\u00edtima\"},{\"@type\":\"BreadcrumbList\",\"@id\":\"https:\/\/portaltela.pt\/noticias\/2026\/01\/19\/cumplice-de-homicidio-detido-por-tentativa-de-roubo-em-ferreira-do-alentejo\/#breadcrumb\",\"itemListElement\":[{\"@type\":\"ListItem\",\"position\":1,\"name\":\"In\u00edcio\",\"item\":\"https:\/\/portaltela.pt\/\"},{\"@type\":\"ListItem\",\"position\":2,\"name\":\"C\u00famplice de homic\u00eddio detido por tentativa de roubo em Ferreira do Alentejo\"}]},{\"@type\":\"WebSite\",\"@id\":\"https:\/\/portaltela.pt\/#website\",\"url\":\"https:\/\/portaltela.pt\/\",\"name\":\"Portal Tela Portugal\",\"description\":\"\",\"potentialAction\":[{\"@type\":\"SearchAction\",\"target\":{\"@type\":\"EntryPoint\",\"urlTemplate\":\"https:\/\/portaltela.pt\/?s={search_term_string}\"},\"query-input\":{\"@type\":\"PropertyValueSpecification\",\"valueRequired\":true,\"valueName\":\"search_term_string\"}}],\"inLanguage\":\"pt-PT\"},{\"@type\":\"Person\",\"@id\":\"https:\/\/portaltela.pt\/#\/schema\/person\/c4278d4a6028830caff9ee44b42d32ed\",\"name\":\"Telinha\",\"image\":{\"@type\":\"ImageObject\",\"inLanguage\":\"pt-PT\",\"@id\":\"https:\/\/portaltela.pt\/s.01k8rhncp4jt1\/2025\/11\/talking-bot-125x125.png\",\"url\":\"https:\/\/portaltela.pt\/s.01k8rhncp4jt1\/2025\/11\/talking-bot-125x125.png\",\"contentUrl\":\"https:\/\/portaltela.pt\/s.01k8rhncp4jt1\/2025\/11\/talking-bot-125x125.png\",\"caption\":\"Telinha\"},\"sameAs\":[\"https:\/\/portaltela.pt\/\"],\"url\":\"https:\/\/portaltela.pt\/por\/367410592786\/\"}]}<\/script>\n<!-- \/ Yoast SEO plugin. -->","yoast_head_json":{"title":"C\u00famplice de homic\u00eddio detido por tentativa de roubo em Ferreira do Alentejo - Portal Tela Portugal","robots":{"index":"index","follow":"follow","max-snippet":"max-snippet:-1","max-image-preview":"max-image-preview:large","max-video-preview":"max-video-preview:-1"},"og_locale":"pt_PT","og_type":"article","og_title":"C\u00famplice de homic\u00eddio detido por tentativa de roubo em Ferreira do Alentejo - Portal Tela Portugal","og_description":"O homem, de 40 anos, ficou em pris\u00e3o preventiva ap\u00f3s ser detido em Ferreira do Alentejo por tentativa de roubo, sendo indiciado de robo agravado na forma tentada. A deten\u00e7\u00e3o deu-se depois de ele ter abordado dois homens num autom\u00f3vel, sob a amea\u00e7a de um rev\u00f3lver; as v\u00edtimas desarmaram-no e entregaram-no \u00e0 Guarda Nacional Republicana. A arma anunciada pela PJ como rev\u00f3lver era de ar comprimido, e o suspeito ainda trazia consigo uma pistola de airsoft. A companheira do homem est\u00e1 tamb\u00e9m detida, suspeita de homic\u00eddio e profana\u00e7\u00e3o de cad\u00e1ver de um idoso de 88 anos encontrado num po\u00e7o em Aljustrel; o crime ocorreu na sexta-feira. O casal \u00e9 apontado como respons\u00e1vel pela agress\u00e3o que resultou na morte da v\u00edtima, com o corpo sendo ocultado num po\u00e7o junto a Ervidel; os inqu\u00e9ritos est\u00e3o a cargo da Procuradoria de Ourique (homic\u00eddio) e do DIAP de Ferreira do Alentejo (tentativa de roubo).","og_url":"https:\/\/portaltela.pt\/noticias\/2026\/01\/19\/cumplice-de-homicidio-detido-por-tentativa-de-roubo-em-ferreira-do-alentejo\/","og_site_name":"Portal Tela Portugal","article_published_time":"2026-01-19T17:47:16+00:00","author":"Telinha","twitter_card":"summary_large_image","twitter_misc":{"Escrito por":"Telinha","Tempo estimado de leitura":"2 minutos"},"schema":{"@context":"https:\/\/schema.org","@graph":[{"@type":"Article","@id":"https:\/\/portaltela.pt\/noticias\/2026\/01\/19\/cumplice-de-homicidio-detido-por-tentativa-de-roubo-em-ferreira-do-alentejo\/#article","isPartOf":{"@id":"https:\/\/portaltela.pt\/noticias\/2026\/01\/19\/cumplice-de-homicidio-detido-por-tentativa-de-roubo-em-ferreira-do-alentejo\/"},"author":{"name":"Telinha","@id":"https:\/\/portaltela.pt\/#\/schema\/person\/c4278d4a6028830caff9ee44b42d32ed"},"headline":"C\u00famplice de homic\u00eddio detido por tentativa de roubo em Ferreira do Alentejo","datePublished":"2026-01-19T17:47:16+00:00","mainEntityOfPage":{"@id":"https:\/\/portaltela.pt\/noticias\/2026\/01\/19\/cumplice-de-homicidio-detido-por-tentativa-de-roubo-em-ferreira-do-alentejo\/"},"wordCount":350,"image":{"@id":"https:\/\/portaltela.pt\/noticias\/2026\/01\/19\/cumplice-de-homicidio-detido-por-tentativa-de-roubo-em-ferreira-do-alentejo\/#primaryimage"},"thumbnailUrl":"https:\/\/portaltela.pt\/s.01k8rhncp4jt1\/2026\/01\/img_1500x1000uu2026-01-18-19-21-46-2261100.jpg","keywords":["Aljustrel","Ervidel","homic\u00eddio","Pol\u00edcia Judici\u00e1ria","roubo","roubo agravado"],"articleSection":["Not\u00edcias"],"inLanguage":"pt-PT"},{"@type":"WebPage","@id":"https:\/\/portaltela.pt\/noticias\/2026\/01\/19\/cumplice-de-homicidio-detido-por-tentativa-de-roubo-em-ferreira-do-alentejo\/","url":"https:\/\/portaltela.pt\/noticias\/2026\/01\/19\/cumplice-de-homicidio-detido-por-tentativa-de-roubo-em-ferreira-do-alentejo\/","name":"C\u00famplice de homic\u00eddio detido por tentativa de roubo em Ferreira do Alentejo - Portal Tela Portugal","isPartOf":{"@id":"https:\/\/portaltela.pt\/#website"},"primaryImageOfPage":{"@id":"https:\/\/portaltela.pt\/noticias\/2026\/01\/19\/cumplice-de-homicidio-detido-por-tentativa-de-roubo-em-ferreira-do-alentejo\/#primaryimage"},"image":{"@id":"https:\/\/portaltela.pt\/noticias\/2026\/01\/19\/cumplice-de-homicidio-detido-por-tentativa-de-roubo-em-ferreira-do-alentejo\/#primaryimage"},"thumbnailUrl":"https:\/\/portaltela.pt\/s.01k8rhncp4jt1\/2026\/01\/img_1500x1000uu2026-01-18-19-21-46-2261100.jpg","datePublished":"2026-01-19T17:47:16+00:00","author":{"@id":"https:\/\/portaltela.pt\/#\/schema\/person\/c4278d4a6028830caff9ee44b42d32ed"},"breadcrumb":{"@id":"https:\/\/portaltela.pt\/noticias\/2026\/01\/19\/cumplice-de-homicidio-detido-por-tentativa-de-roubo-em-ferreira-do-alentejo\/#breadcrumb"},"inLanguage":"pt-PT","potentialAction":[{"@type":"ReadAction","target":["https:\/\/portaltela.pt\/noticias\/2026\/01\/19\/cumplice-de-homicidio-detido-por-tentativa-de-roubo-em-ferreira-do-alentejo\/"]}]},{"@type":"ImageObject","inLanguage":"pt-PT","@id":"https:\/\/portaltela.pt\/noticias\/2026\/01\/19\/cumplice-de-homicidio-detido-por-tentativa-de-roubo-em-ferreira-do-alentejo\/#primaryimage","url":"https:\/\/portaltela.pt\/s.01k8rhncp4jt1\/2026\/01\/img_1500x1000uu2026-01-18-19-21-46-2261100.jpg","contentUrl":"https:\/\/portaltela.pt\/s.01k8rhncp4jt1\/2026\/01\/img_1500x1000uu2026-01-18-19-21-46-2261100.jpg","width":796,"height":448,"caption":"Po\u00e7o onde foi encontrado o corpo da v\u00edtima"},{"@type":"BreadcrumbList","@id":"https:\/\/portaltela.pt\/noticias\/2026\/01\/19\/cumplice-de-homicidio-detido-por-tentativa-de-roubo-em-ferreira-do-alentejo\/#breadcrumb","itemListElement":[{"@type":"ListItem","position":1,"name":"In\u00edcio","item":"https:\/\/portaltela.pt\/"},{"@type":"ListItem","position":2,"name":"C\u00famplice de homic\u00eddio detido por tentativa de roubo em Ferreira do Alentejo"}]},{"@type":"WebSite","@id":"https:\/\/portaltela.pt\/#website","url":"https:\/\/portaltela.pt\/","name":"Portal Tela Portugal","description":"","potentialAction":[{"@type":"SearchAction","target":{"@type":"EntryPoint","urlTemplate":"https:\/\/portaltela.pt\/?s={search_term_string}"},"query-input":{"@type":"PropertyValueSpecification","valueRequired":true,"valueName":"search_term_string"}}],"inLanguage":"pt-PT"},{"@type":"Person","@id":"https:\/\/portaltela.pt\/#\/schema\/person\/c4278d4a6028830caff9ee44b42d32ed","name":"Telinha","image":{"@type":"ImageObject","inLanguage":"pt-PT","@id":"https:\/\/portaltela.pt\/s.01k8rhncp4jt1\/2025\/11\/talking-bot-125x125.png","url":"https:\/\/portaltela.pt\/s.01k8rhncp4jt1\/2025\/11\/talking-bot-125x125.png","contentUrl":"https:\/\/portaltela.pt\/s.01k8rhncp4jt1\/2025\/11\/talking-bot-125x125.png","caption":"Telinha"},"sameAs":["https:\/\/portaltela.pt\/"],"url":"https:\/\/portaltela.pt\/por\/367410592786\/"}]}},"_links":{"self":[{"href":"https:\/\/portaltela.pt\/api\/wp\/v2\/posts\/153630","targetHints":{"allow":["GET"]}}],"collection":[{"href":"https:\/\/portaltela.pt\/api\/wp\/v2\/posts"}],"about":[{"href":"https:\/\/portaltela.pt\/api\/wp\/v2\/types\/post"}],"author":[{"embeddable":true,"href":"https:\/\/portaltela.pt\/api\/wp\/v2\/users\/2"}],"replies":[{"embeddable":true,"href":"https:\/\/portaltela.pt\/api\/wp\/v2\/comments?post=153630"}],"version-history":[{"count":0,"href":"https:\/\/portaltela.pt\/api\/wp\/v2\/posts\/153630\/revisions"}],"wp:featuredmedia":[{"embeddable":true,"href":"https:\/\/portaltela.pt\/api\/wp\/v2\/media\/153667"}],"wp:attachment":[{"href":"https:\/\/portaltela.pt\/api\/wp\/v2\/media?parent=153630"}],"wp:term":[{"taxonomy":"category","embeddable":true,"href":"https:\/\/portaltela.pt\/api\/wp\/v2\/categories?post=153630"},{"taxonomy":"post_tag","embeddable":true,"href":"https:\/\/portaltela.pt\/api\/wp\/v2\/tags?post=153630"}],"curies":[{"name":"wp","href":"https:\/\/api.w.org\/{rel}","templated":true}]}}