{"id":153589,"date":"2026-01-19T14:43:46","date_gmt":"2026-01-19T17:43:46","guid":{"rendered":"https:\/\/portaltela.pt\/noticias\/2026\/01\/19\/daniel-nascimento-comenta-criticas-a-fanny-rodrigues\/"},"modified":"2026-01-19T14:43:46","modified_gmt":"2026-01-19T17:43:46","slug":"daniel-nascimento-comenta-criticas-a-fanny-rodrigues","status":"publish","type":"post","link":"https:\/\/portaltela.pt\/noticias\/2026\/01\/19\/daniel-nascimento-comenta-criticas-a-fanny-rodrigues\/","title":{"rendered":"Daniel Nascimento comenta cr\u00edticas a Fanny Rodrigues"},"content":{"rendered":"<p>O comentador Daniel Nascimento, do programa Tarde das Estrelas, analisou as cr\u00edticas dirigidas a Fanny Rodrigues, antiga apresentadora de televis\u00e3o. Segundo Nascimento, as mensagens negativas visam apenas ganhar visibilidade.<\/p>\n<p>A discuss\u00e3o envolve Fanny Rodrigues e os chamados haters, cr\u00edticos ativos nas redes sociais. O rep\u00f3rter do espa\u00e7o televisivo aponta que o escrut\u00ednio p\u00fablico acompanha a popularidade.<\/p>\n<p>O apresentador afirma que n\u00e3o h\u00e1 um pre\u00e7o para a fama, referindo-se \u00e0 exposi\u00e7\u00e3o constante que a ex-apresentadora enfrenta. A an\u00e1lise surge no \u00e2mbito de um debate sobre visibilidade e cr\u00edticas p\u00fablicas.<\/p>\n<p>A abordagem de Nascimento \u00e9 baseada na ideia de que cr\u00edticas podem ser um fen\u00f3meno ligado ao relevante alcance de quem foi figura medi\u00e1tica, sem buscar ju\u00edzos de valor sobre quem comenta.<\/p>\n","protected":false},"excerpt":{"rendered":"<ul>\n<li>Daniel Nascimento, comentador do programa Tarde das Estrelas, comenta sobre as cr\u00edticas feitas a Fanny Rodrigues.<\/li>\n<li>O comentador afirma que n\u00e3o h\u00e1 um pre\u00e7o a pagar pela fama.<\/li>\n<li>Diz ainda que os haters da ex-apresentadora de televis\u00e3o procuram apenas obter visibilidade.<\/li>\n<li>As afirma\u00e7\u00f5es foram proferidas no contexto do referido programa de televis\u00e3o.<\/li>\n<\/ul>\n","protected":false},"author":2,"featured_media":153593,"comment_status":"closed","ping_status":"closed","sticky":false,"template":"","format":"standard","meta":{"footnotes":""},"categories":[12,1],"tags":[1975,1423,3259,3115,506,40],"class_list":["post-153589","post","type-post","status-publish","format-standard","has-post-thumbnail","hentry","category-entretenimento","category-noticias","tag-arte-teatro-concertos","tag-artes-do-espectaculo","tag-celebidades","tag-fanny-rodrigues","tag-imprensa","tag-pessoas"],"yoast_head":"<!-- This site is optimized with the Yoast SEO plugin v27.2 - https:\/\/yoast.com\/product\/yoast-seo-wordpress\/ -->\n<title>Daniel Nascimento comenta cr\u00edticas a Fanny Rodrigues - Portal Tela Portugal<\/title>\n<meta name=\"robots\" content=\"index, follow, max-snippet:-1, max-image-preview:large, max-video-preview:-1\" \/>\n<meta property=\"og:locale\" content=\"pt_PT\" \/>\n<meta property=\"og:type\" content=\"article\" \/>\n<meta property=\"og:title\" content=\"Daniel Nascimento comenta cr\u00edticas a Fanny Rodrigues - Portal Tela Portugal\" \/>\n<meta property=\"og:description\" content=\"Daniel Nascimento, comentador do programa Tarde das Estrelas, comenta sobre as cr\u00edticas feitas a Fanny Rodrigues. O comentador afirma que n\u00e3o h\u00e1 um pre\u00e7o a pagar pela fama. Diz ainda que os haters da ex-apresentadora de televis\u00e3o procuram apenas obter visibilidade. As afirma\u00e7\u00f5es foram proferidas no contexto do referido programa de televis\u00e3o.\" \/>\n<meta property=\"og:url\" content=\"https:\/\/portaltela.pt\/noticias\/2026\/01\/19\/daniel-nascimento-comenta-criticas-a-fanny-rodrigues\/\" \/>\n<meta property=\"og:site_name\" content=\"Portal Tela Portugal\" \/>\n<meta property=\"article:published_time\" content=\"2026-01-19T17:43:46+00:00\" \/>\n<meta name=\"author\" content=\"Telinha\" \/>\n<meta name=\"twitter:card\" content=\"summary_large_image\" \/>\n<meta name=\"twitter:label1\" content=\"Escrito por\" \/>\n\t<meta name=\"twitter:data1\" content=\"Telinha\" \/>\n\t<meta name=\"twitter:label2\" content=\"Tempo estimado de leitura\" \/>\n\t<meta name=\"twitter:data2\" content=\"1 minuto\" \/>\n<script type=\"application\/ld+json\" class=\"yoast-schema-graph\">{\"@context\":\"https:\/\/schema.org\",\"@graph\":[{\"@type\":\"Article\",\"@id\":\"https:\/\/portaltela.pt\/noticias\/2026\/01\/19\/daniel-nascimento-comenta-criticas-a-fanny-rodrigues\/#article\",\"isPartOf\":{\"@id\":\"https:\/\/portaltela.pt\/noticias\/2026\/01\/19\/daniel-nascimento-comenta-criticas-a-fanny-rodrigues\/\"},\"author\":{\"name\":\"Telinha\",\"@id\":\"https:\/\/portaltela.pt\/#\/schema\/person\/c4278d4a6028830caff9ee44b42d32ed\"},\"headline\":\"Daniel Nascimento comenta cr\u00edticas a Fanny Rodrigues\",\"datePublished\":\"2026-01-19T17:43:46+00:00\",\"mainEntityOfPage\":{\"@id\":\"https:\/\/portaltela.pt\/noticias\/2026\/01\/19\/daniel-nascimento-comenta-criticas-a-fanny-rodrigues\/\"},\"wordCount\":144,\"image\":{\"@id\":\"https:\/\/portaltela.pt\/noticias\/2026\/01\/19\/daniel-nascimento-comenta-criticas-a-fanny-rodrigues\/#primaryimage\"},\"thumbnailUrl\":\"https:\/\/portaltela.pt\/s.01k8rhncp4jt1\/2026\/01\/img_1280x722uu2026-01-19-17-43-22-2261322.jpg\",\"keywords\":[\"arte\/teatro\/concertos\",\"artes do espect\u00e1culo\",\"celebidades\",\"Fanny Rodrigues\",\"imprensa\",\"pessoas\"],\"articleSection\":[\"Entretenimento\",\"Not\u00edcias\"],\"inLanguage\":\"pt-PT\"},{\"@type\":\"WebPage\",\"@id\":\"https:\/\/portaltela.pt\/noticias\/2026\/01\/19\/daniel-nascimento-comenta-criticas-a-fanny-rodrigues\/\",\"url\":\"https:\/\/portaltela.pt\/noticias\/2026\/01\/19\/daniel-nascimento-comenta-criticas-a-fanny-rodrigues\/\",\"name\":\"Daniel Nascimento comenta cr\u00edticas a Fanny Rodrigues - Portal Tela Portugal\",\"isPartOf\":{\"@id\":\"https:\/\/portaltela.pt\/#website\"},\"primaryImageOfPage\":{\"@id\":\"https:\/\/portaltela.pt\/noticias\/2026\/01\/19\/daniel-nascimento-comenta-criticas-a-fanny-rodrigues\/#primaryimage\"},\"image\":{\"@id\":\"https:\/\/portaltela.pt\/noticias\/2026\/01\/19\/daniel-nascimento-comenta-criticas-a-fanny-rodrigues\/#primaryimage\"},\"thumbnailUrl\":\"https:\/\/portaltela.pt\/s.01k8rhncp4jt1\/2026\/01\/img_1280x722uu2026-01-19-17-43-22-2261322.jpg\",\"datePublished\":\"2026-01-19T17:43:46+00:00\",\"author\":{\"@id\":\"https:\/\/portaltela.pt\/#\/schema\/person\/c4278d4a6028830caff9ee44b42d32ed\"},\"breadcrumb\":{\"@id\":\"https:\/\/portaltela.pt\/noticias\/2026\/01\/19\/daniel-nascimento-comenta-criticas-a-fanny-rodrigues\/#breadcrumb\"},\"inLanguage\":\"pt-PT\",\"potentialAction\":[{\"@type\":\"ReadAction\",\"target\":[\"https:\/\/portaltela.pt\/noticias\/2026\/01\/19\/daniel-nascimento-comenta-criticas-a-fanny-rodrigues\/\"]}]},{\"@type\":\"ImageObject\",\"inLanguage\":\"pt-PT\",\"@id\":\"https:\/\/portaltela.pt\/noticias\/2026\/01\/19\/daniel-nascimento-comenta-criticas-a-fanny-rodrigues\/#primaryimage\",\"url\":\"https:\/\/portaltela.pt\/s.01k8rhncp4jt1\/2026\/01\/img_1280x722uu2026-01-19-17-43-22-2261322.jpg\",\"contentUrl\":\"https:\/\/portaltela.pt\/s.01k8rhncp4jt1\/2026\/01\/img_1280x722uu2026-01-19-17-43-22-2261322.jpg\",\"width\":796,\"height\":448,\"caption\":\"Photo\"},{\"@type\":\"BreadcrumbList\",\"@id\":\"https:\/\/portaltela.pt\/noticias\/2026\/01\/19\/daniel-nascimento-comenta-criticas-a-fanny-rodrigues\/#breadcrumb\",\"itemListElement\":[{\"@type\":\"ListItem\",\"position\":1,\"name\":\"In\u00edcio\",\"item\":\"https:\/\/portaltela.pt\/\"},{\"@type\":\"ListItem\",\"position\":2,\"name\":\"Daniel Nascimento comenta cr\u00edticas a Fanny Rodrigues\"}]},{\"@type\":\"WebSite\",\"@id\":\"https:\/\/portaltela.pt\/#website\",\"url\":\"https:\/\/portaltela.pt\/\",\"name\":\"Portal Tela Portugal\",\"description\":\"\",\"potentialAction\":[{\"@type\":\"SearchAction\",\"target\":{\"@type\":\"EntryPoint\",\"urlTemplate\":\"https:\/\/portaltela.pt\/?s={search_term_string}\"},\"query-input\":{\"@type\":\"PropertyValueSpecification\",\"valueRequired\":true,\"valueName\":\"search_term_string\"}}],\"inLanguage\":\"pt-PT\"},{\"@type\":\"Person\",\"@id\":\"https:\/\/portaltela.pt\/#\/schema\/person\/c4278d4a6028830caff9ee44b42d32ed\",\"name\":\"Telinha\",\"image\":{\"@type\":\"ImageObject\",\"inLanguage\":\"pt-PT\",\"@id\":\"https:\/\/portaltela.pt\/s.01k8rhncp4jt1\/2025\/11\/talking-bot-125x125.png\",\"url\":\"https:\/\/portaltela.pt\/s.01k8rhncp4jt1\/2025\/11\/talking-bot-125x125.png\",\"contentUrl\":\"https:\/\/portaltela.pt\/s.01k8rhncp4jt1\/2025\/11\/talking-bot-125x125.png\",\"caption\":\"Telinha\"},\"sameAs\":[\"https:\/\/portaltela.pt\/\"],\"url\":\"https:\/\/portaltela.pt\/por\/367410592786\/\"}]}<\/script>\n<!-- \/ Yoast SEO plugin. -->","yoast_head_json":{"title":"Daniel Nascimento comenta cr\u00edticas a Fanny Rodrigues - Portal Tela Portugal","robots":{"index":"index","follow":"follow","max-snippet":"max-snippet:-1","max-image-preview":"max-image-preview:large","max-video-preview":"max-video-preview:-1"},"og_locale":"pt_PT","og_type":"article","og_title":"Daniel Nascimento comenta cr\u00edticas a Fanny Rodrigues - Portal Tela Portugal","og_description":"Daniel Nascimento, comentador do programa Tarde das Estrelas, comenta sobre as cr\u00edticas feitas a Fanny Rodrigues. O comentador afirma que n\u00e3o h\u00e1 um pre\u00e7o a pagar pela fama. Diz ainda que os haters da ex-apresentadora de televis\u00e3o procuram apenas obter visibilidade. As afirma\u00e7\u00f5es foram proferidas no contexto do referido programa de televis\u00e3o.","og_url":"https:\/\/portaltela.pt\/noticias\/2026\/01\/19\/daniel-nascimento-comenta-criticas-a-fanny-rodrigues\/","og_site_name":"Portal Tela Portugal","article_published_time":"2026-01-19T17:43:46+00:00","author":"Telinha","twitter_card":"summary_large_image","twitter_misc":{"Escrito por":"Telinha","Tempo estimado de leitura":"1 minuto"},"schema":{"@context":"https:\/\/schema.org","@graph":[{"@type":"Article","@id":"https:\/\/portaltela.pt\/noticias\/2026\/01\/19\/daniel-nascimento-comenta-criticas-a-fanny-rodrigues\/#article","isPartOf":{"@id":"https:\/\/portaltela.pt\/noticias\/2026\/01\/19\/daniel-nascimento-comenta-criticas-a-fanny-rodrigues\/"},"author":{"name":"Telinha","@id":"https:\/\/portaltela.pt\/#\/schema\/person\/c4278d4a6028830caff9ee44b42d32ed"},"headline":"Daniel Nascimento comenta cr\u00edticas a Fanny Rodrigues","datePublished":"2026-01-19T17:43:46+00:00","mainEntityOfPage":{"@id":"https:\/\/portaltela.pt\/noticias\/2026\/01\/19\/daniel-nascimento-comenta-criticas-a-fanny-rodrigues\/"},"wordCount":144,"image":{"@id":"https:\/\/portaltela.pt\/noticias\/2026\/01\/19\/daniel-nascimento-comenta-criticas-a-fanny-rodrigues\/#primaryimage"},"thumbnailUrl":"https:\/\/portaltela.pt\/s.01k8rhncp4jt1\/2026\/01\/img_1280x722uu2026-01-19-17-43-22-2261322.jpg","keywords":["arte\/teatro\/concertos","artes do espect\u00e1culo","celebidades","Fanny Rodrigues","imprensa","pessoas"],"articleSection":["Entretenimento","Not\u00edcias"],"inLanguage":"pt-PT"},{"@type":"WebPage","@id":"https:\/\/portaltela.pt\/noticias\/2026\/01\/19\/daniel-nascimento-comenta-criticas-a-fanny-rodrigues\/","url":"https:\/\/portaltela.pt\/noticias\/2026\/01\/19\/daniel-nascimento-comenta-criticas-a-fanny-rodrigues\/","name":"Daniel Nascimento comenta cr\u00edticas a Fanny Rodrigues - Portal Tela Portugal","isPartOf":{"@id":"https:\/\/portaltela.pt\/#website"},"primaryImageOfPage":{"@id":"https:\/\/portaltela.pt\/noticias\/2026\/01\/19\/daniel-nascimento-comenta-criticas-a-fanny-rodrigues\/#primaryimage"},"image":{"@id":"https:\/\/portaltela.pt\/noticias\/2026\/01\/19\/daniel-nascimento-comenta-criticas-a-fanny-rodrigues\/#primaryimage"},"thumbnailUrl":"https:\/\/portaltela.pt\/s.01k8rhncp4jt1\/2026\/01\/img_1280x722uu2026-01-19-17-43-22-2261322.jpg","datePublished":"2026-01-19T17:43:46+00:00","author":{"@id":"https:\/\/portaltela.pt\/#\/schema\/person\/c4278d4a6028830caff9ee44b42d32ed"},"breadcrumb":{"@id":"https:\/\/portaltela.pt\/noticias\/2026\/01\/19\/daniel-nascimento-comenta-criticas-a-fanny-rodrigues\/#breadcrumb"},"inLanguage":"pt-PT","potentialAction":[{"@type":"ReadAction","target":["https:\/\/portaltela.pt\/noticias\/2026\/01\/19\/daniel-nascimento-comenta-criticas-a-fanny-rodrigues\/"]}]},{"@type":"ImageObject","inLanguage":"pt-PT","@id":"https:\/\/portaltela.pt\/noticias\/2026\/01\/19\/daniel-nascimento-comenta-criticas-a-fanny-rodrigues\/#primaryimage","url":"https:\/\/portaltela.pt\/s.01k8rhncp4jt1\/2026\/01\/img_1280x722uu2026-01-19-17-43-22-2261322.jpg","contentUrl":"https:\/\/portaltela.pt\/s.01k8rhncp4jt1\/2026\/01\/img_1280x722uu2026-01-19-17-43-22-2261322.jpg","width":796,"height":448,"caption":"Photo"},{"@type":"BreadcrumbList","@id":"https:\/\/portaltela.pt\/noticias\/2026\/01\/19\/daniel-nascimento-comenta-criticas-a-fanny-rodrigues\/#breadcrumb","itemListElement":[{"@type":"ListItem","position":1,"name":"In\u00edcio","item":"https:\/\/portaltela.pt\/"},{"@type":"ListItem","position":2,"name":"Daniel Nascimento comenta cr\u00edticas a Fanny Rodrigues"}]},{"@type":"WebSite","@id":"https:\/\/portaltela.pt\/#website","url":"https:\/\/portaltela.pt\/","name":"Portal Tela Portugal","description":"","potentialAction":[{"@type":"SearchAction","target":{"@type":"EntryPoint","urlTemplate":"https:\/\/portaltela.pt\/?s={search_term_string}"},"query-input":{"@type":"PropertyValueSpecification","valueRequired":true,"valueName":"search_term_string"}}],"inLanguage":"pt-PT"},{"@type":"Person","@id":"https:\/\/portaltela.pt\/#\/schema\/person\/c4278d4a6028830caff9ee44b42d32ed","name":"Telinha","image":{"@type":"ImageObject","inLanguage":"pt-PT","@id":"https:\/\/portaltela.pt\/s.01k8rhncp4jt1\/2025\/11\/talking-bot-125x125.png","url":"https:\/\/portaltela.pt\/s.01k8rhncp4jt1\/2025\/11\/talking-bot-125x125.png","contentUrl":"https:\/\/portaltela.pt\/s.01k8rhncp4jt1\/2025\/11\/talking-bot-125x125.png","caption":"Telinha"},"sameAs":["https:\/\/portaltela.pt\/"],"url":"https:\/\/portaltela.pt\/por\/367410592786\/"}]}},"_links":{"self":[{"href":"https:\/\/portaltela.pt\/api\/wp\/v2\/posts\/153589","targetHints":{"allow":["GET"]}}],"collection":[{"href":"https:\/\/portaltela.pt\/api\/wp\/v2\/posts"}],"about":[{"href":"https:\/\/portaltela.pt\/api\/wp\/v2\/types\/post"}],"author":[{"embeddable":true,"href":"https:\/\/portaltela.pt\/api\/wp\/v2\/users\/2"}],"replies":[{"embeddable":true,"href":"https:\/\/portaltela.pt\/api\/wp\/v2\/comments?post=153589"}],"version-history":[{"count":0,"href":"https:\/\/portaltela.pt\/api\/wp\/v2\/posts\/153589\/revisions"}],"wp:featuredmedia":[{"embeddable":true,"href":"https:\/\/portaltela.pt\/api\/wp\/v2\/media\/153593"}],"wp:attachment":[{"href":"https:\/\/portaltela.pt\/api\/wp\/v2\/media?parent=153589"}],"wp:term":[{"taxonomy":"category","embeddable":true,"href":"https:\/\/portaltela.pt\/api\/wp\/v2\/categories?post=153589"},{"taxonomy":"post_tag","embeddable":true,"href":"https:\/\/portaltela.pt\/api\/wp\/v2\/tags?post=153589"}],"curies":[{"name":"wp","href":"https:\/\/api.w.org\/{rel}","templated":true}]}}