{"id":153510,"date":"2026-01-19T14:01:32","date_gmt":"2026-01-19T17:01:32","guid":{"rendered":"https:\/\/portaltela.pt\/noticias\/2026\/01\/19\/lisboa-perde-comercio-local-e-a-vitalidade-da-cidade\/"},"modified":"2026-01-19T14:01:32","modified_gmt":"2026-01-19T17:01:32","slug":"lisboa-perde-comercio-local-e-a-vitalidade-da-cidade","status":"publish","type":"post","link":"https:\/\/portaltela.pt\/noticias\/2026\/01\/19\/lisboa-perde-comercio-local-e-a-vitalidade-da-cidade\/","title":{"rendered":"Lisboa perde com\u00e9rcio local e a vitalidade da cidade"},"content":{"rendered":"<p>Lisboa atravessa um processo de redu\u00e7\u00e3o do com\u00e9rcio de proximidade, com o fecho de caf\u00e9s, padarias e estabelecimentos tradicionais a tornar-se mais frequente nas zonas centrais. O levantamento, partilhado pela iniciativa Vizinhos em Lisboa, revela que n\u00e3o \u00e9 apenas uma s\u00fabita inunda\u00e7\u00e3o de encerramentos, mas uma tend\u00eancia estruturante da cidade.<\/p>\n<p>Entre os exemplos mais emblem\u00e1ticos, destaca\u2011se o encerramento da Confeitaria Cister, abertura em 1838 e s\u00edmbolo da vida cultural lisboeta, que encerrou por raz\u00f5es econ\u00f3micas e imobili\u00e1rias. Este fecho ilustra a press\u00e3o que enfrenta o patrim\u00f3nio comercial tradicional, mesmo com uma hist\u00f3ria longa e reconhecida.<\/p>\n<p>A Confeitaria Vit\u00f3ria, no Largo D. Estef\u00e2nia, tamb\u00e9m fechou portas. Embora com clientela est\u00e1vel, n\u00e3o se manteve por falta de condi\u00e7\u00f5es estruturais para continuar. Em muitos casos, o que ocorre n\u00e3o \u00e9 fal\u00eancia, mas desist\u00eancia por rendas elevadas, contratos prec\u00e1rios e exig\u00eancias administrativas cumulativas.<\/p>\n<p>As causas s\u00e3o estruturais: rendas comerciais em aumento, contratos curtos, substitui\u00e7\u00e3o de moradores por alojamento local e aus\u00eancia de prote\u00e7\u00e3o p\u00fablica suficiente. Acresce a disparidade entre o tratamento fiscal de com\u00e9rcio de proximidade com fabrico pr\u00f3prio e grandes cadeias, agravando o cen\u00e1rio.<\/p>\n<h3>Contexto urbano<\/h3>\n<p>O mapa de 13 de janeiro de 2026 aponta 166 caf\u00e9s tradicionais ainda ativos, num recorte de Lisboa que inclui a Pra\u00e7a da Figueira, Cal\u00e7ada do Combro, Arroios, Baixa, Miradouro de S\u00e3o Pedro de Alc\u00e2ntara, Rua D. Pedro V e \u00e1reas do Bairro Alto. A preserva\u00e7\u00e3o depende de medidas p\u00fablicas mais robustas.<\/p>\n<p>As causas apontadas s\u00e3o conhecidas: rendas altas, instabilidade contratual, redu\u00e7\u00e3o de consumo di\u00e1rio previs\u00edvel e dificuldade de planeamento de m\u00e9dio prazo. A falta de diferencia\u00e7\u00e3o entre com\u00e9rcio de proximidade e cadeias de larga escala agrava o impacto urbano.<\/p>\n<p>O projeto O \u00daltimo Bolo de Arroz de Lisboa, da Vizinhos em Lisboa, funciona como alerta: mapear os caf\u00e9s ainda existentes revela o que j\u00e1 desapareceu e a velocidade da perda. A organiza\u00e7\u00e3o defende que preservar o com\u00e9rcio de proximidade n\u00e3o \u00e9 retrocesso, mas garantia de identidade.<\/p>\n<h3>Instrumentos e caminhos<\/h3>\n<p>Existem instrumentos legais como o Decreto n.\u00ba 42\/2012, o Regulamento Municipal n.\u00ba 35\/2015 e a Lei n.\u00ba 107\/2001, que protegem o patrim\u00f3nio cultural, incluindo o imaterial. Contudo, a aplica\u00e7\u00e3o pr\u00e1tica \u00e9 desigual e fragmentada, impedindo prote\u00e7\u00e3o eficaz frente \u00e0 press\u00e3o imobili\u00e1ria.<\/p>\n<p>O programa municipal Lojas com Hist\u00f3ria tem valor simb\u00f3lico, mas n\u00e3o assegura prote\u00e7\u00e3o estrutural. A an\u00e1lise aponta para a necessidade de estabilizar rendas, apoiar fiscalmente o com\u00e9rcio por bairro e refor\u00e7ar o planeamento comercial local.<\/p>\n<p>A atua\u00e7\u00e3o requer medidas pol\u00edticas claras. Sem interven\u00e7\u00e3o, o com\u00e9rcio de proximidade pode desaparecer progressivamente, reduzindo a densidade social e a identidade de bairros. A cidade mant\u00e9m o ritmo de transforma\u00e7\u00e3o sem freio apropriado.<\/p>\n<p>Quem conhecer um caf\u00e9 tradicional ainda aberto em Lisboa pode contribuir para o registo enviando o nome e a morada para geral@vizinhos.org. O objetivo \u00e9 ampliar o mapa e acelerar a resposta p\u00fablica a este fen\u00f3meno.<\/p>\n","protected":false},"excerpt":{"rendered":"<ul>\n<li>Lisboa est\u00e1 a perder com\u00e9rcio de proximidade, com encerramento de caf\u00e9s e pastelarias tradicionais em zonas centrais como Pra\u00e7a da Figueira, Cal\u00e7ada do Combro, Baixa, Bairro Alto e outros bairros hist\u00f3ricos.<\/li>\n<li>O projeto \u201cO \u00daltimo Bolo de Arroz de Lisboa\u201d da Vizinhos em Lisboa mapeou 166 caf\u00e9s tradicionais ainda em funcionamento a 13 de janeiro de 2026, indicando que a perda pode intensificar sem interven\u00e7\u00e3o p\u00fablica.<\/li>\n<li>Despedem-se espa\u00e7os centen\u00e1rios como a Confeitaria Cister (fundada em 1838) e a Confeitaria Vit\u00f3ria, n\u00e3o por falta de clientes, mas por condi\u00e7\u00f5es estruturais, rendas e burocracias.<\/li>\n<li>As causas s\u00e3o estruturais: aumentos de rendas, contratos curtos, substitui\u00e7\u00e3o de moradores por alojamento local e aus\u00eancia de prote\u00e7\u00e3o p\u00fablica adequada, agravadas pela aus\u00eancia de diferencia\u00e7\u00e3o fiscal entre com\u00e9rcio de proximidade e grandes cadeias.<\/li>\n<li>O movimento defende que proteger o com\u00e9rcio tradicional \u00e9 preservar mem\u00f3ria, densidade social e identidade urbana, apelando a a\u00e7\u00f5es pol\u00edticas de estabiliza\u00e7\u00e3o de rendas, apoio fiscal e planeamento por bairro; quem conhecer caf\u00e9s ainda abertos pode enviar dados para geral@vizinhos.org.<\/li>\n<\/ul>\n","protected":false},"author":2,"featured_media":153522,"comment_status":"closed","ping_status":"closed","sticky":false,"template":"","format":"standard","meta":{"footnotes":""},"categories":[1],"tags":[244,3035,981,814,3148,2493],"class_list":["post-153510","post","type-post","status-publish","format-standard","has-post-thumbnail","hentry","category-noticias","tag-comercio","tag-comunidade","tag-lisboa","tag-patrimonio","tag-planeamento-urbano","tag-rendas"],"yoast_head":"<!-- This site is optimized with the Yoast SEO plugin v27.2 - https:\/\/yoast.com\/product\/yoast-seo-wordpress\/ -->\n<title>Lisboa perde com\u00e9rcio local e a vitalidade da cidade - Portal Tela Portugal<\/title>\n<meta name=\"robots\" content=\"index, follow, max-snippet:-1, max-image-preview:large, max-video-preview:-1\" \/>\n<meta property=\"og:locale\" content=\"pt_PT\" \/>\n<meta property=\"og:type\" content=\"article\" \/>\n<meta property=\"og:title\" content=\"Lisboa perde com\u00e9rcio local e a vitalidade da cidade - Portal Tela Portugal\" \/>\n<meta property=\"og:description\" content=\"Lisboa est\u00e1 a perder com\u00e9rcio de proximidade, com encerramento de caf\u00e9s e pastelarias tradicionais em zonas centrais como Pra\u00e7a da Figueira, Cal\u00e7ada do Combro, Baixa, Bairro Alto e outros bairros hist\u00f3ricos. O projeto \u201cO \u00daltimo Bolo de Arroz de Lisboa\u201d da Vizinhos em Lisboa mapeou 166 caf\u00e9s tradicionais ainda em funcionamento a 13 de janeiro de 2026, indicando que a perda pode intensificar sem interven\u00e7\u00e3o p\u00fablica. Despedem-se espa\u00e7os centen\u00e1rios como a Confeitaria Cister (fundada em 1838) e a Confeitaria Vit\u00f3ria, n\u00e3o por falta de clientes, mas por condi\u00e7\u00f5es estruturais, rendas e burocracias. As causas s\u00e3o estruturais: aumentos de rendas, contratos curtos, substitui\u00e7\u00e3o de moradores por alojamento local e aus\u00eancia de prote\u00e7\u00e3o p\u00fablica adequada, agravadas pela aus\u00eancia de diferencia\u00e7\u00e3o fiscal entre com\u00e9rcio de proximidade e grandes cadeias. O movimento defende que proteger o com\u00e9rcio tradicional \u00e9 preservar mem\u00f3ria, densidade social e identidade urbana, apelando a a\u00e7\u00f5es pol\u00edticas de estabiliza\u00e7\u00e3o de rendas, apoio fiscal e planeamento por bairro; quem conhecer caf\u00e9s ainda abertos pode enviar dados para geral@vizinhos.org.\" \/>\n<meta property=\"og:url\" content=\"https:\/\/portaltela.pt\/noticias\/2026\/01\/19\/lisboa-perde-comercio-local-e-a-vitalidade-da-cidade\/\" \/>\n<meta property=\"og:site_name\" content=\"Portal Tela Portugal\" \/>\n<meta property=\"article:published_time\" content=\"2026-01-19T17:01:32+00:00\" \/>\n<meta name=\"author\" content=\"Telinha\" \/>\n<meta name=\"twitter:card\" content=\"summary_large_image\" \/>\n<meta name=\"twitter:label1\" content=\"Escrito por\" \/>\n\t<meta name=\"twitter:data1\" content=\"Telinha\" \/>\n\t<meta name=\"twitter:label2\" content=\"Tempo estimado de leitura\" \/>\n\t<meta name=\"twitter:data2\" content=\"3 minutos\" \/>\n<script type=\"application\/ld+json\" class=\"yoast-schema-graph\">{\"@context\":\"https:\/\/schema.org\",\"@graph\":[{\"@type\":\"Article\",\"@id\":\"https:\/\/portaltela.pt\/noticias\/2026\/01\/19\/lisboa-perde-comercio-local-e-a-vitalidade-da-cidade\/#article\",\"isPartOf\":{\"@id\":\"https:\/\/portaltela.pt\/noticias\/2026\/01\/19\/lisboa-perde-comercio-local-e-a-vitalidade-da-cidade\/\"},\"author\":{\"name\":\"Telinha\",\"@id\":\"https:\/\/portaltela.pt\/#\/schema\/person\/c4278d4a6028830caff9ee44b42d32ed\"},\"headline\":\"Lisboa perde com\u00e9rcio local e a vitalidade da cidade\",\"datePublished\":\"2026-01-19T17:01:32+00:00\",\"mainEntityOfPage\":{\"@id\":\"https:\/\/portaltela.pt\/noticias\/2026\/01\/19\/lisboa-perde-comercio-local-e-a-vitalidade-da-cidade\/\"},\"wordCount\":542,\"image\":{\"@id\":\"https:\/\/portaltela.pt\/noticias\/2026\/01\/19\/lisboa-perde-comercio-local-e-a-vitalidade-da-cidade\/#primaryimage\"},\"thumbnailUrl\":\"https:\/\/portaltela.pt\/s.01k8rhncp4jt1\/2026\/01\/4e3669221f82b1944d275e1a9fb93cadc2fe42.jpg\",\"keywords\":[\"com\u00e9rcio\",\"comunidade\",\"Lisboa\",\"patrim\u00f3nio\",\"planeamento urbano\",\"rendas\"],\"articleSection\":[\"Not\u00edcias\"],\"inLanguage\":\"pt-PT\"},{\"@type\":\"WebPage\",\"@id\":\"https:\/\/portaltela.pt\/noticias\/2026\/01\/19\/lisboa-perde-comercio-local-e-a-vitalidade-da-cidade\/\",\"url\":\"https:\/\/portaltela.pt\/noticias\/2026\/01\/19\/lisboa-perde-comercio-local-e-a-vitalidade-da-cidade\/\",\"name\":\"Lisboa perde com\u00e9rcio local e a vitalidade da cidade - Portal Tela Portugal\",\"isPartOf\":{\"@id\":\"https:\/\/portaltela.pt\/#website\"},\"primaryImageOfPage\":{\"@id\":\"https:\/\/portaltela.pt\/noticias\/2026\/01\/19\/lisboa-perde-comercio-local-e-a-vitalidade-da-cidade\/#primaryimage\"},\"image\":{\"@id\":\"https:\/\/portaltela.pt\/noticias\/2026\/01\/19\/lisboa-perde-comercio-local-e-a-vitalidade-da-cidade\/#primaryimage\"},\"thumbnailUrl\":\"https:\/\/portaltela.pt\/s.01k8rhncp4jt1\/2026\/01\/4e3669221f82b1944d275e1a9fb93cadc2fe42.jpg\",\"datePublished\":\"2026-01-19T17:01:32+00:00\",\"author\":{\"@id\":\"https:\/\/portaltela.pt\/#\/schema\/person\/c4278d4a6028830caff9ee44b42d32ed\"},\"breadcrumb\":{\"@id\":\"https:\/\/portaltela.pt\/noticias\/2026\/01\/19\/lisboa-perde-comercio-local-e-a-vitalidade-da-cidade\/#breadcrumb\"},\"inLanguage\":\"pt-PT\",\"potentialAction\":[{\"@type\":\"ReadAction\",\"target\":[\"https:\/\/portaltela.pt\/noticias\/2026\/01\/19\/lisboa-perde-comercio-local-e-a-vitalidade-da-cidade\/\"]}]},{\"@type\":\"ImageObject\",\"inLanguage\":\"pt-PT\",\"@id\":\"https:\/\/portaltela.pt\/noticias\/2026\/01\/19\/lisboa-perde-comercio-local-e-a-vitalidade-da-cidade\/#primaryimage\",\"url\":\"https:\/\/portaltela.pt\/s.01k8rhncp4jt1\/2026\/01\/4e3669221f82b1944d275e1a9fb93cadc2fe42.jpg\",\"contentUrl\":\"https:\/\/portaltela.pt\/s.01k8rhncp4jt1\/2026\/01\/4e3669221f82b1944d275e1a9fb93cadc2fe42.jpg\",\"width\":796,\"height\":448,\"caption\":\"Photo\"},{\"@type\":\"BreadcrumbList\",\"@id\":\"https:\/\/portaltela.pt\/noticias\/2026\/01\/19\/lisboa-perde-comercio-local-e-a-vitalidade-da-cidade\/#breadcrumb\",\"itemListElement\":[{\"@type\":\"ListItem\",\"position\":1,\"name\":\"In\u00edcio\",\"item\":\"https:\/\/portaltela.pt\/\"},{\"@type\":\"ListItem\",\"position\":2,\"name\":\"Lisboa perde com\u00e9rcio local e a vitalidade da cidade\"}]},{\"@type\":\"WebSite\",\"@id\":\"https:\/\/portaltela.pt\/#website\",\"url\":\"https:\/\/portaltela.pt\/\",\"name\":\"Portal Tela Portugal\",\"description\":\"\",\"potentialAction\":[{\"@type\":\"SearchAction\",\"target\":{\"@type\":\"EntryPoint\",\"urlTemplate\":\"https:\/\/portaltela.pt\/?s={search_term_string}\"},\"query-input\":{\"@type\":\"PropertyValueSpecification\",\"valueRequired\":true,\"valueName\":\"search_term_string\"}}],\"inLanguage\":\"pt-PT\"},{\"@type\":\"Person\",\"@id\":\"https:\/\/portaltela.pt\/#\/schema\/person\/c4278d4a6028830caff9ee44b42d32ed\",\"name\":\"Telinha\",\"image\":{\"@type\":\"ImageObject\",\"inLanguage\":\"pt-PT\",\"@id\":\"https:\/\/portaltela.pt\/s.01k8rhncp4jt1\/2025\/11\/talking-bot-125x125.png\",\"url\":\"https:\/\/portaltela.pt\/s.01k8rhncp4jt1\/2025\/11\/talking-bot-125x125.png\",\"contentUrl\":\"https:\/\/portaltela.pt\/s.01k8rhncp4jt1\/2025\/11\/talking-bot-125x125.png\",\"caption\":\"Telinha\"},\"sameAs\":[\"https:\/\/portaltela.pt\/\"],\"url\":\"https:\/\/portaltela.pt\/por\/367410592786\/\"}]}<\/script>\n<!-- \/ Yoast SEO plugin. -->","yoast_head_json":{"title":"Lisboa perde com\u00e9rcio local e a vitalidade da cidade - Portal Tela Portugal","robots":{"index":"index","follow":"follow","max-snippet":"max-snippet:-1","max-image-preview":"max-image-preview:large","max-video-preview":"max-video-preview:-1"},"og_locale":"pt_PT","og_type":"article","og_title":"Lisboa perde com\u00e9rcio local e a vitalidade da cidade - Portal Tela Portugal","og_description":"Lisboa est\u00e1 a perder com\u00e9rcio de proximidade, com encerramento de caf\u00e9s e pastelarias tradicionais em zonas centrais como Pra\u00e7a da Figueira, Cal\u00e7ada do Combro, Baixa, Bairro Alto e outros bairros hist\u00f3ricos. O projeto \u201cO \u00daltimo Bolo de Arroz de Lisboa\u201d da Vizinhos em Lisboa mapeou 166 caf\u00e9s tradicionais ainda em funcionamento a 13 de janeiro de 2026, indicando que a perda pode intensificar sem interven\u00e7\u00e3o p\u00fablica. Despedem-se espa\u00e7os centen\u00e1rios como a Confeitaria Cister (fundada em 1838) e a Confeitaria Vit\u00f3ria, n\u00e3o por falta de clientes, mas por condi\u00e7\u00f5es estruturais, rendas e burocracias. As causas s\u00e3o estruturais: aumentos de rendas, contratos curtos, substitui\u00e7\u00e3o de moradores por alojamento local e aus\u00eancia de prote\u00e7\u00e3o p\u00fablica adequada, agravadas pela aus\u00eancia de diferencia\u00e7\u00e3o fiscal entre com\u00e9rcio de proximidade e grandes cadeias. O movimento defende que proteger o com\u00e9rcio tradicional \u00e9 preservar mem\u00f3ria, densidade social e identidade urbana, apelando a a\u00e7\u00f5es pol\u00edticas de estabiliza\u00e7\u00e3o de rendas, apoio fiscal e planeamento por bairro; quem conhecer caf\u00e9s ainda abertos pode enviar dados para geral@vizinhos.org.","og_url":"https:\/\/portaltela.pt\/noticias\/2026\/01\/19\/lisboa-perde-comercio-local-e-a-vitalidade-da-cidade\/","og_site_name":"Portal Tela Portugal","article_published_time":"2026-01-19T17:01:32+00:00","author":"Telinha","twitter_card":"summary_large_image","twitter_misc":{"Escrito por":"Telinha","Tempo estimado de leitura":"3 minutos"},"schema":{"@context":"https:\/\/schema.org","@graph":[{"@type":"Article","@id":"https:\/\/portaltela.pt\/noticias\/2026\/01\/19\/lisboa-perde-comercio-local-e-a-vitalidade-da-cidade\/#article","isPartOf":{"@id":"https:\/\/portaltela.pt\/noticias\/2026\/01\/19\/lisboa-perde-comercio-local-e-a-vitalidade-da-cidade\/"},"author":{"name":"Telinha","@id":"https:\/\/portaltela.pt\/#\/schema\/person\/c4278d4a6028830caff9ee44b42d32ed"},"headline":"Lisboa perde com\u00e9rcio local e a vitalidade da cidade","datePublished":"2026-01-19T17:01:32+00:00","mainEntityOfPage":{"@id":"https:\/\/portaltela.pt\/noticias\/2026\/01\/19\/lisboa-perde-comercio-local-e-a-vitalidade-da-cidade\/"},"wordCount":542,"image":{"@id":"https:\/\/portaltela.pt\/noticias\/2026\/01\/19\/lisboa-perde-comercio-local-e-a-vitalidade-da-cidade\/#primaryimage"},"thumbnailUrl":"https:\/\/portaltela.pt\/s.01k8rhncp4jt1\/2026\/01\/4e3669221f82b1944d275e1a9fb93cadc2fe42.jpg","keywords":["com\u00e9rcio","comunidade","Lisboa","patrim\u00f3nio","planeamento urbano","rendas"],"articleSection":["Not\u00edcias"],"inLanguage":"pt-PT"},{"@type":"WebPage","@id":"https:\/\/portaltela.pt\/noticias\/2026\/01\/19\/lisboa-perde-comercio-local-e-a-vitalidade-da-cidade\/","url":"https:\/\/portaltela.pt\/noticias\/2026\/01\/19\/lisboa-perde-comercio-local-e-a-vitalidade-da-cidade\/","name":"Lisboa perde com\u00e9rcio local e a vitalidade da cidade - Portal Tela Portugal","isPartOf":{"@id":"https:\/\/portaltela.pt\/#website"},"primaryImageOfPage":{"@id":"https:\/\/portaltela.pt\/noticias\/2026\/01\/19\/lisboa-perde-comercio-local-e-a-vitalidade-da-cidade\/#primaryimage"},"image":{"@id":"https:\/\/portaltela.pt\/noticias\/2026\/01\/19\/lisboa-perde-comercio-local-e-a-vitalidade-da-cidade\/#primaryimage"},"thumbnailUrl":"https:\/\/portaltela.pt\/s.01k8rhncp4jt1\/2026\/01\/4e3669221f82b1944d275e1a9fb93cadc2fe42.jpg","datePublished":"2026-01-19T17:01:32+00:00","author":{"@id":"https:\/\/portaltela.pt\/#\/schema\/person\/c4278d4a6028830caff9ee44b42d32ed"},"breadcrumb":{"@id":"https:\/\/portaltela.pt\/noticias\/2026\/01\/19\/lisboa-perde-comercio-local-e-a-vitalidade-da-cidade\/#breadcrumb"},"inLanguage":"pt-PT","potentialAction":[{"@type":"ReadAction","target":["https:\/\/portaltela.pt\/noticias\/2026\/01\/19\/lisboa-perde-comercio-local-e-a-vitalidade-da-cidade\/"]}]},{"@type":"ImageObject","inLanguage":"pt-PT","@id":"https:\/\/portaltela.pt\/noticias\/2026\/01\/19\/lisboa-perde-comercio-local-e-a-vitalidade-da-cidade\/#primaryimage","url":"https:\/\/portaltela.pt\/s.01k8rhncp4jt1\/2026\/01\/4e3669221f82b1944d275e1a9fb93cadc2fe42.jpg","contentUrl":"https:\/\/portaltela.pt\/s.01k8rhncp4jt1\/2026\/01\/4e3669221f82b1944d275e1a9fb93cadc2fe42.jpg","width":796,"height":448,"caption":"Photo"},{"@type":"BreadcrumbList","@id":"https:\/\/portaltela.pt\/noticias\/2026\/01\/19\/lisboa-perde-comercio-local-e-a-vitalidade-da-cidade\/#breadcrumb","itemListElement":[{"@type":"ListItem","position":1,"name":"In\u00edcio","item":"https:\/\/portaltela.pt\/"},{"@type":"ListItem","position":2,"name":"Lisboa perde com\u00e9rcio local e a vitalidade da cidade"}]},{"@type":"WebSite","@id":"https:\/\/portaltela.pt\/#website","url":"https:\/\/portaltela.pt\/","name":"Portal Tela Portugal","description":"","potentialAction":[{"@type":"SearchAction","target":{"@type":"EntryPoint","urlTemplate":"https:\/\/portaltela.pt\/?s={search_term_string}"},"query-input":{"@type":"PropertyValueSpecification","valueRequired":true,"valueName":"search_term_string"}}],"inLanguage":"pt-PT"},{"@type":"Person","@id":"https:\/\/portaltela.pt\/#\/schema\/person\/c4278d4a6028830caff9ee44b42d32ed","name":"Telinha","image":{"@type":"ImageObject","inLanguage":"pt-PT","@id":"https:\/\/portaltela.pt\/s.01k8rhncp4jt1\/2025\/11\/talking-bot-125x125.png","url":"https:\/\/portaltela.pt\/s.01k8rhncp4jt1\/2025\/11\/talking-bot-125x125.png","contentUrl":"https:\/\/portaltela.pt\/s.01k8rhncp4jt1\/2025\/11\/talking-bot-125x125.png","caption":"Telinha"},"sameAs":["https:\/\/portaltela.pt\/"],"url":"https:\/\/portaltela.pt\/por\/367410592786\/"}]}},"_links":{"self":[{"href":"https:\/\/portaltela.pt\/api\/wp\/v2\/posts\/153510","targetHints":{"allow":["GET"]}}],"collection":[{"href":"https:\/\/portaltela.pt\/api\/wp\/v2\/posts"}],"about":[{"href":"https:\/\/portaltela.pt\/api\/wp\/v2\/types\/post"}],"author":[{"embeddable":true,"href":"https:\/\/portaltela.pt\/api\/wp\/v2\/users\/2"}],"replies":[{"embeddable":true,"href":"https:\/\/portaltela.pt\/api\/wp\/v2\/comments?post=153510"}],"version-history":[{"count":0,"href":"https:\/\/portaltela.pt\/api\/wp\/v2\/posts\/153510\/revisions"}],"wp:featuredmedia":[{"embeddable":true,"href":"https:\/\/portaltela.pt\/api\/wp\/v2\/media\/153522"}],"wp:attachment":[{"href":"https:\/\/portaltela.pt\/api\/wp\/v2\/media?parent=153510"}],"wp:term":[{"taxonomy":"category","embeddable":true,"href":"https:\/\/portaltela.pt\/api\/wp\/v2\/categories?post=153510"},{"taxonomy":"post_tag","embeddable":true,"href":"https:\/\/portaltela.pt\/api\/wp\/v2\/tags?post=153510"}],"curies":[{"name":"wp","href":"https:\/\/api.w.org\/{rel}","templated":true}]}}