{"id":153464,"date":"2026-01-19T13:51:01","date_gmt":"2026-01-19T16:51:01","guid":{"rendered":"https:\/\/portaltela.pt\/noticias\/2026\/01\/19\/nuno-mendes-desvaloriza-baixas-do-sporting-e-aposta-na-ex-equipa-para-tri\/"},"modified":"2026-01-19T13:51:01","modified_gmt":"2026-01-19T16:51:01","slug":"nuno-mendes-desvaloriza-baixas-do-sporting-e-aposta-na-ex-equipa-para-tri","status":"publish","type":"post","link":"https:\/\/portaltela.pt\/desporto\/futebol\/2026\/01\/19\/nuno-mendes-desvaloriza-baixas-do-sporting-e-aposta-na-ex-equipa-para-tri\/","title":{"rendered":"Nuno Mendes desvaloriza baixas do Sporting e aposta na ex-equipa para tri"},"content":{"rendered":"<p>Nuno Mendes, lateral-esquerdo de 23 anos, concedeu uma antevis\u00e3o \u00e0 Sport TV para o encontro Sporting-PSG, na 7.\u00aa jornada da fase de grupos da Liga dos Campe\u00f5es. O jogo realiza-se em Alvalade, casa que o lan\u00e7ou para o futebol profissional. O franc\u00eas representa o PSG h\u00e1 quase cinco temporadas.<\/p>\n<p>O defesa falou de um reencontro especial com o clube formador e admitiu que vai ser uma noite \u00fanica no est\u00e1dio que o projetou no futebol s\u00e9nior. Ele real\u00e7ou o carisma do recinto e a emo\u00e7\u00e3o de voltar a enfrentar as cores leoninas.<\/p>\n<p>Disse manter contacto com alguns antigos colegas, como Quaresma e Dani Bragan\u00e7a, o que torna o embate ainda mais pessoal. A ideia \u00e9 enfrentar o jogo com foco total e tratar cada partida com o mesmo rigor.<\/p>\n<p>O jogador destacou a qualidade do Sporting, reconhecendo baixas importantes, mas mantendo a cren\u00e7a numa equipa competente capaz de lutar pelo tricampeonato no campeonato nacional. \u00c0 dist\u00e2ncia, acompanha alguns duelos dos le\u00f5es.<\/p>\n<p>No seu entender, continua a ser o melhor lateral-esquerdo do Mundo, elogiando o pr\u00f3prio rendimento e a capacidade de cumprir o seu papel dentro de campo, independentemente do advers\u00e1rio.<\/p>\n<p>Fonte: Sport TV.<\/p>\n","protected":false},"excerpt":{"rendered":"<ul>\n<li>Nuno Mendes, formado no Sporting, joga pelo Paris Saint-Germain h\u00e1 quase cinco \u00e9pocas e vai enfrentar o ex-clube em Alvalade pela 7.\u00aa jornada da fase de grupos da Liga dos Campe\u00f5es.<\/li>\n<li>O jogo \u00e9 descrito como especial, j\u00e1 que o Est\u00e1dio de Alvalade foi o palco onde o defesa foi lan\u00e7ado ao futebol profissional.<\/li>\n<li>Mant\u00e9m contacto com antigos colegas do Sporting, como Eduardo Quaresma e Daniel Bragan\u00e7a, tendo recentemente feito uma chamada.<\/li>\n<li>Diz que quer jogar contra todos os jogadores do Sporting, que ser\u00e1 um objetivo dif\u00edcil, e que a equipa t\u00e9cnica do PSG est\u00e1 preparada, com boa an\u00e1lise.<\/li>\n<li>Acredita que o Sporting pode chegar ao tricampeonato no campeonato, mesmo com baixas importantes, e mant\u00e9m a confian\u00e7a na qualidade da equipa.<\/li>\n<\/ul>\n","protected":false},"author":2,"featured_media":153467,"comment_status":"closed","ping_status":"closed","sticky":false,"template":"","format":"standard","meta":{"footnotes":""},"categories":[21,24],"tags":[1588,3483,253,1982,2926,1652],"class_list":["post-153464","post","type-post","status-publish","format-standard","has-post-thumbnail","hentry","category-desporto","category-futebol","tag-alvalade","tag-dani-braganca","tag-liga-dos-campeoes","tag-paris-saint-germain","tag-quaresma","tag-sporting"],"yoast_head":"<!-- This site is optimized with the Yoast SEO plugin v27.2 - https:\/\/yoast.com\/product\/yoast-seo-wordpress\/ -->\n<title>Nuno Mendes desvaloriza baixas do Sporting e aposta na ex-equipa para tri - Portal Tela Portugal<\/title>\n<meta name=\"robots\" content=\"index, follow, max-snippet:-1, max-image-preview:large, max-video-preview:-1\" \/>\n<meta property=\"og:locale\" content=\"pt_PT\" \/>\n<meta property=\"og:type\" content=\"article\" \/>\n<meta property=\"og:title\" content=\"Nuno Mendes desvaloriza baixas do Sporting e aposta na ex-equipa para tri - Portal Tela Portugal\" \/>\n<meta property=\"og:description\" content=\"Nuno Mendes, formado no Sporting, joga pelo Paris Saint-Germain h\u00e1 quase cinco \u00e9pocas e vai enfrentar o ex-clube em Alvalade pela 7.\u00aa jornada da fase de grupos da Liga dos Campe\u00f5es. O jogo \u00e9 descrito como especial, j\u00e1 que o Est\u00e1dio de Alvalade foi o palco onde o defesa foi lan\u00e7ado ao futebol profissional. Mant\u00e9m contacto com antigos colegas do Sporting, como Eduardo Quaresma e Daniel Bragan\u00e7a, tendo recentemente feito uma chamada. Diz que quer jogar contra todos os jogadores do Sporting, que ser\u00e1 um objetivo dif\u00edcil, e que a equipa t\u00e9cnica do PSG est\u00e1 preparada, com boa an\u00e1lise. Acredita que o Sporting pode chegar ao tricampeonato no campeonato, mesmo com baixas importantes, e mant\u00e9m a confian\u00e7a na qualidade da equipa.\" \/>\n<meta property=\"og:url\" content=\"https:\/\/portaltela.pt\/noticias\/2026\/01\/19\/nuno-mendes-desvaloriza-baixas-do-sporting-e-aposta-na-ex-equipa-para-tri\/\" \/>\n<meta property=\"og:site_name\" content=\"Portal Tela Portugal\" \/>\n<meta property=\"article:published_time\" content=\"2026-01-19T16:51:01+00:00\" \/>\n<meta name=\"author\" content=\"Telinha\" \/>\n<meta name=\"twitter:card\" content=\"summary_large_image\" \/>\n<meta name=\"twitter:label1\" content=\"Escrito por\" \/>\n\t<meta name=\"twitter:data1\" content=\"Telinha\" \/>\n\t<meta name=\"twitter:label2\" content=\"Tempo estimado de leitura\" \/>\n\t<meta name=\"twitter:data2\" content=\"1 minuto\" \/>\n<script type=\"application\/ld+json\" class=\"yoast-schema-graph\">{\"@context\":\"https:\/\/schema.org\",\"@graph\":[{\"@type\":\"Article\",\"@id\":\"https:\/\/portaltela.pt\/noticias\/2026\/01\/19\/nuno-mendes-desvaloriza-baixas-do-sporting-e-aposta-na-ex-equipa-para-tri\/#article\",\"isPartOf\":{\"@id\":\"https:\/\/portaltela.pt\/noticias\/2026\/01\/19\/nuno-mendes-desvaloriza-baixas-do-sporting-e-aposta-na-ex-equipa-para-tri\/\"},\"author\":{\"name\":\"Telinha\",\"@id\":\"https:\/\/portaltela.pt\/#\/schema\/person\/c4278d4a6028830caff9ee44b42d32ed\"},\"headline\":\"Nuno Mendes desvaloriza baixas do Sporting e aposta na ex-equipa para tri\",\"datePublished\":\"2026-01-19T16:51:01+00:00\",\"mainEntityOfPage\":{\"@id\":\"https:\/\/portaltela.pt\/noticias\/2026\/01\/19\/nuno-mendes-desvaloriza-baixas-do-sporting-e-aposta-na-ex-equipa-para-tri\/\"},\"wordCount\":214,\"image\":{\"@id\":\"https:\/\/portaltela.pt\/noticias\/2026\/01\/19\/nuno-mendes-desvaloriza-baixas-do-sporting-e-aposta-na-ex-equipa-para-tri\/#primaryimage\"},\"thumbnailUrl\":\"https:\/\/portaltela.pt\/s.01k8rhncp4jt1\/2026\/01\/img_1200x721uu2026-01-19-16-45-08-2415770-1.jpg\",\"keywords\":[\"Alvalade\",\"Dani Bragan\u00e7a\",\"Liga dos Campe\u00f5es\",\"Paris Saint-Germain\",\"Quaresma\",\"Sporting\"],\"articleSection\":[\"Desporto\",\"Futebol\"],\"inLanguage\":\"pt-PT\"},{\"@type\":\"WebPage\",\"@id\":\"https:\/\/portaltela.pt\/noticias\/2026\/01\/19\/nuno-mendes-desvaloriza-baixas-do-sporting-e-aposta-na-ex-equipa-para-tri\/\",\"url\":\"https:\/\/portaltela.pt\/noticias\/2026\/01\/19\/nuno-mendes-desvaloriza-baixas-do-sporting-e-aposta-na-ex-equipa-para-tri\/\",\"name\":\"Nuno Mendes desvaloriza baixas do Sporting e aposta na ex-equipa para tri - Portal Tela Portugal\",\"isPartOf\":{\"@id\":\"https:\/\/portaltela.pt\/#website\"},\"primaryImageOfPage\":{\"@id\":\"https:\/\/portaltela.pt\/noticias\/2026\/01\/19\/nuno-mendes-desvaloriza-baixas-do-sporting-e-aposta-na-ex-equipa-para-tri\/#primaryimage\"},\"image\":{\"@id\":\"https:\/\/portaltela.pt\/noticias\/2026\/01\/19\/nuno-mendes-desvaloriza-baixas-do-sporting-e-aposta-na-ex-equipa-para-tri\/#primaryimage\"},\"thumbnailUrl\":\"https:\/\/portaltela.pt\/s.01k8rhncp4jt1\/2026\/01\/img_1200x721uu2026-01-19-16-45-08-2415770-1.jpg\",\"datePublished\":\"2026-01-19T16:51:01+00:00\",\"author\":{\"@id\":\"https:\/\/portaltela.pt\/#\/schema\/person\/c4278d4a6028830caff9ee44b42d32ed\"},\"breadcrumb\":{\"@id\":\"https:\/\/portaltela.pt\/noticias\/2026\/01\/19\/nuno-mendes-desvaloriza-baixas-do-sporting-e-aposta-na-ex-equipa-para-tri\/#breadcrumb\"},\"inLanguage\":\"pt-PT\",\"potentialAction\":[{\"@type\":\"ReadAction\",\"target\":[\"https:\/\/portaltela.pt\/noticias\/2026\/01\/19\/nuno-mendes-desvaloriza-baixas-do-sporting-e-aposta-na-ex-equipa-para-tri\/\"]}]},{\"@type\":\"ImageObject\",\"inLanguage\":\"pt-PT\",\"@id\":\"https:\/\/portaltela.pt\/noticias\/2026\/01\/19\/nuno-mendes-desvaloriza-baixas-do-sporting-e-aposta-na-ex-equipa-para-tri\/#primaryimage\",\"url\":\"https:\/\/portaltela.pt\/s.01k8rhncp4jt1\/2026\/01\/img_1200x721uu2026-01-19-16-45-08-2415770-1.jpg\",\"contentUrl\":\"https:\/\/portaltela.pt\/s.01k8rhncp4jt1\/2026\/01\/img_1200x721uu2026-01-19-16-45-08-2415770-1.jpg\",\"width\":796,\"height\":448,\"caption\":\"Nuno Mendes vai na quinta \u00e9poca ao servi\u00e7o do PSG\"},{\"@type\":\"BreadcrumbList\",\"@id\":\"https:\/\/portaltela.pt\/noticias\/2026\/01\/19\/nuno-mendes-desvaloriza-baixas-do-sporting-e-aposta-na-ex-equipa-para-tri\/#breadcrumb\",\"itemListElement\":[{\"@type\":\"ListItem\",\"position\":1,\"name\":\"In\u00edcio\",\"item\":\"https:\/\/portaltela.pt\/\"},{\"@type\":\"ListItem\",\"position\":2,\"name\":\"Nuno Mendes desvaloriza baixas do Sporting e aposta na ex-equipa para tri\"}]},{\"@type\":\"WebSite\",\"@id\":\"https:\/\/portaltela.pt\/#website\",\"url\":\"https:\/\/portaltela.pt\/\",\"name\":\"Portal Tela Portugal\",\"description\":\"\",\"potentialAction\":[{\"@type\":\"SearchAction\",\"target\":{\"@type\":\"EntryPoint\",\"urlTemplate\":\"https:\/\/portaltela.pt\/?s={search_term_string}\"},\"query-input\":{\"@type\":\"PropertyValueSpecification\",\"valueRequired\":true,\"valueName\":\"search_term_string\"}}],\"inLanguage\":\"pt-PT\"},{\"@type\":\"Person\",\"@id\":\"https:\/\/portaltela.pt\/#\/schema\/person\/c4278d4a6028830caff9ee44b42d32ed\",\"name\":\"Telinha\",\"image\":{\"@type\":\"ImageObject\",\"inLanguage\":\"pt-PT\",\"@id\":\"https:\/\/portaltela.pt\/s.01k8rhncp4jt1\/2025\/11\/talking-bot-125x125.png\",\"url\":\"https:\/\/portaltela.pt\/s.01k8rhncp4jt1\/2025\/11\/talking-bot-125x125.png\",\"contentUrl\":\"https:\/\/portaltela.pt\/s.01k8rhncp4jt1\/2025\/11\/talking-bot-125x125.png\",\"caption\":\"Telinha\"},\"sameAs\":[\"https:\/\/portaltela.pt\/\"],\"url\":\"https:\/\/portaltela.pt\/por\/367410592786\/\"}]}<\/script>\n<!-- \/ Yoast SEO plugin. -->","yoast_head_json":{"title":"Nuno Mendes desvaloriza baixas do Sporting e aposta na ex-equipa para tri - Portal Tela Portugal","robots":{"index":"index","follow":"follow","max-snippet":"max-snippet:-1","max-image-preview":"max-image-preview:large","max-video-preview":"max-video-preview:-1"},"og_locale":"pt_PT","og_type":"article","og_title":"Nuno Mendes desvaloriza baixas do Sporting e aposta na ex-equipa para tri - Portal Tela Portugal","og_description":"Nuno Mendes, formado no Sporting, joga pelo Paris Saint-Germain h\u00e1 quase cinco \u00e9pocas e vai enfrentar o ex-clube em Alvalade pela 7.\u00aa jornada da fase de grupos da Liga dos Campe\u00f5es. O jogo \u00e9 descrito como especial, j\u00e1 que o Est\u00e1dio de Alvalade foi o palco onde o defesa foi lan\u00e7ado ao futebol profissional. Mant\u00e9m contacto com antigos colegas do Sporting, como Eduardo Quaresma e Daniel Bragan\u00e7a, tendo recentemente feito uma chamada. Diz que quer jogar contra todos os jogadores do Sporting, que ser\u00e1 um objetivo dif\u00edcil, e que a equipa t\u00e9cnica do PSG est\u00e1 preparada, com boa an\u00e1lise. Acredita que o Sporting pode chegar ao tricampeonato no campeonato, mesmo com baixas importantes, e mant\u00e9m a confian\u00e7a na qualidade da equipa.","og_url":"https:\/\/portaltela.pt\/noticias\/2026\/01\/19\/nuno-mendes-desvaloriza-baixas-do-sporting-e-aposta-na-ex-equipa-para-tri\/","og_site_name":"Portal Tela Portugal","article_published_time":"2026-01-19T16:51:01+00:00","author":"Telinha","twitter_card":"summary_large_image","twitter_misc":{"Escrito por":"Telinha","Tempo estimado de leitura":"1 minuto"},"schema":{"@context":"https:\/\/schema.org","@graph":[{"@type":"Article","@id":"https:\/\/portaltela.pt\/noticias\/2026\/01\/19\/nuno-mendes-desvaloriza-baixas-do-sporting-e-aposta-na-ex-equipa-para-tri\/#article","isPartOf":{"@id":"https:\/\/portaltela.pt\/noticias\/2026\/01\/19\/nuno-mendes-desvaloriza-baixas-do-sporting-e-aposta-na-ex-equipa-para-tri\/"},"author":{"name":"Telinha","@id":"https:\/\/portaltela.pt\/#\/schema\/person\/c4278d4a6028830caff9ee44b42d32ed"},"headline":"Nuno Mendes desvaloriza baixas do Sporting e aposta na ex-equipa para tri","datePublished":"2026-01-19T16:51:01+00:00","mainEntityOfPage":{"@id":"https:\/\/portaltela.pt\/noticias\/2026\/01\/19\/nuno-mendes-desvaloriza-baixas-do-sporting-e-aposta-na-ex-equipa-para-tri\/"},"wordCount":214,"image":{"@id":"https:\/\/portaltela.pt\/noticias\/2026\/01\/19\/nuno-mendes-desvaloriza-baixas-do-sporting-e-aposta-na-ex-equipa-para-tri\/#primaryimage"},"thumbnailUrl":"https:\/\/portaltela.pt\/s.01k8rhncp4jt1\/2026\/01\/img_1200x721uu2026-01-19-16-45-08-2415770-1.jpg","keywords":["Alvalade","Dani Bragan\u00e7a","Liga dos Campe\u00f5es","Paris Saint-Germain","Quaresma","Sporting"],"articleSection":["Desporto","Futebol"],"inLanguage":"pt-PT"},{"@type":"WebPage","@id":"https:\/\/portaltela.pt\/noticias\/2026\/01\/19\/nuno-mendes-desvaloriza-baixas-do-sporting-e-aposta-na-ex-equipa-para-tri\/","url":"https:\/\/portaltela.pt\/noticias\/2026\/01\/19\/nuno-mendes-desvaloriza-baixas-do-sporting-e-aposta-na-ex-equipa-para-tri\/","name":"Nuno Mendes desvaloriza baixas do Sporting e aposta na ex-equipa para tri - Portal Tela Portugal","isPartOf":{"@id":"https:\/\/portaltela.pt\/#website"},"primaryImageOfPage":{"@id":"https:\/\/portaltela.pt\/noticias\/2026\/01\/19\/nuno-mendes-desvaloriza-baixas-do-sporting-e-aposta-na-ex-equipa-para-tri\/#primaryimage"},"image":{"@id":"https:\/\/portaltela.pt\/noticias\/2026\/01\/19\/nuno-mendes-desvaloriza-baixas-do-sporting-e-aposta-na-ex-equipa-para-tri\/#primaryimage"},"thumbnailUrl":"https:\/\/portaltela.pt\/s.01k8rhncp4jt1\/2026\/01\/img_1200x721uu2026-01-19-16-45-08-2415770-1.jpg","datePublished":"2026-01-19T16:51:01+00:00","author":{"@id":"https:\/\/portaltela.pt\/#\/schema\/person\/c4278d4a6028830caff9ee44b42d32ed"},"breadcrumb":{"@id":"https:\/\/portaltela.pt\/noticias\/2026\/01\/19\/nuno-mendes-desvaloriza-baixas-do-sporting-e-aposta-na-ex-equipa-para-tri\/#breadcrumb"},"inLanguage":"pt-PT","potentialAction":[{"@type":"ReadAction","target":["https:\/\/portaltela.pt\/noticias\/2026\/01\/19\/nuno-mendes-desvaloriza-baixas-do-sporting-e-aposta-na-ex-equipa-para-tri\/"]}]},{"@type":"ImageObject","inLanguage":"pt-PT","@id":"https:\/\/portaltela.pt\/noticias\/2026\/01\/19\/nuno-mendes-desvaloriza-baixas-do-sporting-e-aposta-na-ex-equipa-para-tri\/#primaryimage","url":"https:\/\/portaltela.pt\/s.01k8rhncp4jt1\/2026\/01\/img_1200x721uu2026-01-19-16-45-08-2415770-1.jpg","contentUrl":"https:\/\/portaltela.pt\/s.01k8rhncp4jt1\/2026\/01\/img_1200x721uu2026-01-19-16-45-08-2415770-1.jpg","width":796,"height":448,"caption":"Nuno Mendes vai na quinta \u00e9poca ao servi\u00e7o do PSG"},{"@type":"BreadcrumbList","@id":"https:\/\/portaltela.pt\/noticias\/2026\/01\/19\/nuno-mendes-desvaloriza-baixas-do-sporting-e-aposta-na-ex-equipa-para-tri\/#breadcrumb","itemListElement":[{"@type":"ListItem","position":1,"name":"In\u00edcio","item":"https:\/\/portaltela.pt\/"},{"@type":"ListItem","position":2,"name":"Nuno Mendes desvaloriza baixas do Sporting e aposta na ex-equipa para tri"}]},{"@type":"WebSite","@id":"https:\/\/portaltela.pt\/#website","url":"https:\/\/portaltela.pt\/","name":"Portal Tela Portugal","description":"","potentialAction":[{"@type":"SearchAction","target":{"@type":"EntryPoint","urlTemplate":"https:\/\/portaltela.pt\/?s={search_term_string}"},"query-input":{"@type":"PropertyValueSpecification","valueRequired":true,"valueName":"search_term_string"}}],"inLanguage":"pt-PT"},{"@type":"Person","@id":"https:\/\/portaltela.pt\/#\/schema\/person\/c4278d4a6028830caff9ee44b42d32ed","name":"Telinha","image":{"@type":"ImageObject","inLanguage":"pt-PT","@id":"https:\/\/portaltela.pt\/s.01k8rhncp4jt1\/2025\/11\/talking-bot-125x125.png","url":"https:\/\/portaltela.pt\/s.01k8rhncp4jt1\/2025\/11\/talking-bot-125x125.png","contentUrl":"https:\/\/portaltela.pt\/s.01k8rhncp4jt1\/2025\/11\/talking-bot-125x125.png","caption":"Telinha"},"sameAs":["https:\/\/portaltela.pt\/"],"url":"https:\/\/portaltela.pt\/por\/367410592786\/"}]}},"_links":{"self":[{"href":"https:\/\/portaltela.pt\/api\/wp\/v2\/posts\/153464","targetHints":{"allow":["GET"]}}],"collection":[{"href":"https:\/\/portaltela.pt\/api\/wp\/v2\/posts"}],"about":[{"href":"https:\/\/portaltela.pt\/api\/wp\/v2\/types\/post"}],"author":[{"embeddable":true,"href":"https:\/\/portaltela.pt\/api\/wp\/v2\/users\/2"}],"replies":[{"embeddable":true,"href":"https:\/\/portaltela.pt\/api\/wp\/v2\/comments?post=153464"}],"version-history":[{"count":0,"href":"https:\/\/portaltela.pt\/api\/wp\/v2\/posts\/153464\/revisions"}],"wp:featuredmedia":[{"embeddable":true,"href":"https:\/\/portaltela.pt\/api\/wp\/v2\/media\/153467"}],"wp:attachment":[{"href":"https:\/\/portaltela.pt\/api\/wp\/v2\/media?parent=153464"}],"wp:term":[{"taxonomy":"category","embeddable":true,"href":"https:\/\/portaltela.pt\/api\/wp\/v2\/categories?post=153464"},{"taxonomy":"post_tag","embeddable":true,"href":"https:\/\/portaltela.pt\/api\/wp\/v2\/tags?post=153464"}],"curies":[{"name":"wp","href":"https:\/\/api.w.org\/{rel}","templated":true}]}}