{"id":153446,"date":"2026-01-19T13:44:00","date_gmt":"2026-01-19T16:44:00","guid":{"rendered":"https:\/\/portaltela.pt\/noticias\/2026\/01\/19\/antigo-deputado-do-psd-duarte-pacheco-apoia-seguro-na-segunda-volta\/"},"modified":"2026-01-19T13:44:00","modified_gmt":"2026-01-19T16:44:00","slug":"antigo-deputado-do-psd-duarte-pacheco-apoia-seguro-na-segunda-volta","status":"publish","type":"post","link":"https:\/\/portaltela.pt\/noticias\/2026\/01\/19\/antigo-deputado-do-psd-duarte-pacheco-apoia-seguro-na-segunda-volta\/","title":{"rendered":"Antigo deputado do PSD Duarte Pacheco apoia Seguro na segunda volta"},"content":{"rendered":"<p>Duarte Pacheco, antigo deputado do PSD, declarou o seu apoio a Ant\u00f3nio Jos\u00e9 Seguro na segunda volta das elei\u00e7\u00f5es. Em declara\u00e7\u00f5es p\u00fablicas, afirmou que Seguro defende valores da democracia, do Estado de Direito e outros princ\u00edpios universais no pa\u00eds, acrescentando que o candidato \u00e9 moderado.<\/p>\n<p>O enfoque das declara\u00e7\u00f5es recai sobre a perce\u00e7\u00e3o de Seguro como algu\u00e9m que tamb\u00e9m re\u00fane tra\u00e7os de modera\u00e7\u00e3o pol\u00edtica, segundo o ex-parlamentar que atuou no PSD ao longo de 30 anos. Pacheco destacou ainda que, na perspetiva dele, Seguro \u00e9 a op\u00e7\u00e3o que melhor representa os valores defendidos.<\/p>\n<p>Questionado sobre outras op\u00e7\u00f5es, o ex-deputado sugeriu que n\u00e3o haveria d\u00favidas se o cen\u00e1rio envolvesse Catarina Martins ou Andr\u00e9 Ventura, o que n\u00e3o \u00e9 o caso na segunda volta. As declara\u00e7\u00f5es foram divulgadas no contexto da campanha eleitoral em curso.<\/p>\n<p>Apoiar Seguro, segundo Pacheco, traduz uma escolha por uma lideran\u00e7a que privilegia o Estado de Direito e a defesa de institui\u00e7\u00f5es democr\u00e1ticas, sem apontar cr\u00edticas diretas a outros candidatos. N\u00e3o foram detalhadas outras raz\u00f5es ou impactos pol\u00edticos espec\u00edficos dessa posi\u00e7\u00e3o.<\/p>\n","protected":false},"excerpt":{"rendered":"<ul>\n<li>Duarte Pacheco, antigo deputado do PSD, anunciou que votar\u00e1 Ant\u00f3nio Jos\u00e9 Seguro na segunda volta.<\/li>\n<li>O pol\u00edtico disse que Seguro defende a democracia, o Estado de Direito e valores universais, e o considera moderado.<\/li>\n<li>Acrescentou que, se tivesse de optar entre Catarina Martins e Andr\u00e9 Ventura, teria d\u00favidas sinceramente.<\/li>\n<li>Duarte Pacheco integrou o PSD durante 30 anos.<\/li>\n<\/ul>\n","protected":false},"author":2,"featured_media":153472,"comment_status":"closed","ping_status":"closed","sticky":false,"template":"","format":"standard","meta":{"footnotes":""},"categories":[1],"tags":[2453,2578,2795,68,2832,2458],"class_list":["post-153446","post","type-post","status-publish","format-standard","has-post-thumbnail","hentry","category-noticias","tag-andre-ventura","tag-catarina-martins","tag-democracia","tag-eleicoes","tag-politica","tag-psd-cds"],"yoast_head":"<!-- This site is optimized with the Yoast SEO plugin v27.2 - https:\/\/yoast.com\/product\/yoast-seo-wordpress\/ -->\n<title>Antigo deputado do PSD Duarte Pacheco apoia Seguro na segunda volta - Portal Tela Portugal<\/title>\n<meta name=\"robots\" content=\"index, follow, max-snippet:-1, max-image-preview:large, max-video-preview:-1\" \/>\n<meta property=\"og:locale\" content=\"pt_PT\" \/>\n<meta property=\"og:type\" content=\"article\" \/>\n<meta property=\"og:title\" content=\"Antigo deputado do PSD Duarte Pacheco apoia Seguro na segunda volta - Portal Tela Portugal\" \/>\n<meta property=\"og:description\" content=\"Duarte Pacheco, antigo deputado do PSD, anunciou que votar\u00e1 Ant\u00f3nio Jos\u00e9 Seguro na segunda volta. O pol\u00edtico disse que Seguro defende a democracia, o Estado de Direito e valores universais, e o considera moderado. Acrescentou que, se tivesse de optar entre Catarina Martins e Andr\u00e9 Ventura, teria d\u00favidas sinceramente. Duarte Pacheco integrou o PSD durante 30 anos.\" \/>\n<meta property=\"og:url\" content=\"https:\/\/portaltela.pt\/noticias\/2026\/01\/19\/antigo-deputado-do-psd-duarte-pacheco-apoia-seguro-na-segunda-volta\/\" \/>\n<meta property=\"og:site_name\" content=\"Portal Tela Portugal\" \/>\n<meta property=\"article:published_time\" content=\"2026-01-19T16:44:00+00:00\" \/>\n<meta name=\"author\" content=\"Telinha\" \/>\n<meta name=\"twitter:card\" content=\"summary_large_image\" \/>\n<meta name=\"twitter:label1\" content=\"Escrito por\" \/>\n\t<meta name=\"twitter:data1\" content=\"Telinha\" \/>\n\t<meta name=\"twitter:label2\" content=\"Tempo estimado de leitura\" \/>\n\t<meta name=\"twitter:data2\" content=\"1 minuto\" \/>\n<script type=\"application\/ld+json\" class=\"yoast-schema-graph\">{\"@context\":\"https:\/\/schema.org\",\"@graph\":[{\"@type\":\"Article\",\"@id\":\"https:\/\/portaltela.pt\/noticias\/2026\/01\/19\/antigo-deputado-do-psd-duarte-pacheco-apoia-seguro-na-segunda-volta\/#article\",\"isPartOf\":{\"@id\":\"https:\/\/portaltela.pt\/noticias\/2026\/01\/19\/antigo-deputado-do-psd-duarte-pacheco-apoia-seguro-na-segunda-volta\/\"},\"author\":{\"name\":\"Telinha\",\"@id\":\"https:\/\/portaltela.pt\/#\/schema\/person\/c4278d4a6028830caff9ee44b42d32ed\"},\"headline\":\"Antigo deputado do PSD Duarte Pacheco apoia Seguro na segunda volta\",\"datePublished\":\"2026-01-19T16:44:00+00:00\",\"mainEntityOfPage\":{\"@id\":\"https:\/\/portaltela.pt\/noticias\/2026\/01\/19\/antigo-deputado-do-psd-duarte-pacheco-apoia-seguro-na-segunda-volta\/\"},\"wordCount\":210,\"image\":{\"@id\":\"https:\/\/portaltela.pt\/noticias\/2026\/01\/19\/antigo-deputado-do-psd-duarte-pacheco-apoia-seguro-na-segunda-volta\/#primaryimage\"},\"thumbnailUrl\":\"https:\/\/portaltela.pt\/s.01k8rhncp4jt1\/2026\/01\/image-1179.jpg\",\"keywords\":[\"Andr\u00e9 Ventura\",\"Catarina Martins\",\"democracia\",\"elei\u00e7\u00f5es\",\"pol\u00edtica\",\"PSD\/CDS\"],\"articleSection\":[\"Not\u00edcias\"],\"inLanguage\":\"pt-PT\"},{\"@type\":\"WebPage\",\"@id\":\"https:\/\/portaltela.pt\/noticias\/2026\/01\/19\/antigo-deputado-do-psd-duarte-pacheco-apoia-seguro-na-segunda-volta\/\",\"url\":\"https:\/\/portaltela.pt\/noticias\/2026\/01\/19\/antigo-deputado-do-psd-duarte-pacheco-apoia-seguro-na-segunda-volta\/\",\"name\":\"Antigo deputado do PSD Duarte Pacheco apoia Seguro na segunda volta - Portal Tela Portugal\",\"isPartOf\":{\"@id\":\"https:\/\/portaltela.pt\/#website\"},\"primaryImageOfPage\":{\"@id\":\"https:\/\/portaltela.pt\/noticias\/2026\/01\/19\/antigo-deputado-do-psd-duarte-pacheco-apoia-seguro-na-segunda-volta\/#primaryimage\"},\"image\":{\"@id\":\"https:\/\/portaltela.pt\/noticias\/2026\/01\/19\/antigo-deputado-do-psd-duarte-pacheco-apoia-seguro-na-segunda-volta\/#primaryimage\"},\"thumbnailUrl\":\"https:\/\/portaltela.pt\/s.01k8rhncp4jt1\/2026\/01\/image-1179.jpg\",\"datePublished\":\"2026-01-19T16:44:00+00:00\",\"author\":{\"@id\":\"https:\/\/portaltela.pt\/#\/schema\/person\/c4278d4a6028830caff9ee44b42d32ed\"},\"breadcrumb\":{\"@id\":\"https:\/\/portaltela.pt\/noticias\/2026\/01\/19\/antigo-deputado-do-psd-duarte-pacheco-apoia-seguro-na-segunda-volta\/#breadcrumb\"},\"inLanguage\":\"pt-PT\",\"potentialAction\":[{\"@type\":\"ReadAction\",\"target\":[\"https:\/\/portaltela.pt\/noticias\/2026\/01\/19\/antigo-deputado-do-psd-duarte-pacheco-apoia-seguro-na-segunda-volta\/\"]}]},{\"@type\":\"ImageObject\",\"inLanguage\":\"pt-PT\",\"@id\":\"https:\/\/portaltela.pt\/noticias\/2026\/01\/19\/antigo-deputado-do-psd-duarte-pacheco-apoia-seguro-na-segunda-volta\/#primaryimage\",\"url\":\"https:\/\/portaltela.pt\/s.01k8rhncp4jt1\/2026\/01\/image-1179.jpg\",\"contentUrl\":\"https:\/\/portaltela.pt\/s.01k8rhncp4jt1\/2026\/01\/image-1179.jpg\",\"width\":796,\"height\":448,\"caption\":\"Duarte Pacheco descreve Seguro como uma \\\"pessoa moderada\\\"\"},{\"@type\":\"BreadcrumbList\",\"@id\":\"https:\/\/portaltela.pt\/noticias\/2026\/01\/19\/antigo-deputado-do-psd-duarte-pacheco-apoia-seguro-na-segunda-volta\/#breadcrumb\",\"itemListElement\":[{\"@type\":\"ListItem\",\"position\":1,\"name\":\"In\u00edcio\",\"item\":\"https:\/\/portaltela.pt\/\"},{\"@type\":\"ListItem\",\"position\":2,\"name\":\"Antigo deputado do PSD Duarte Pacheco apoia Seguro na segunda volta\"}]},{\"@type\":\"WebSite\",\"@id\":\"https:\/\/portaltela.pt\/#website\",\"url\":\"https:\/\/portaltela.pt\/\",\"name\":\"Portal Tela Portugal\",\"description\":\"\",\"potentialAction\":[{\"@type\":\"SearchAction\",\"target\":{\"@type\":\"EntryPoint\",\"urlTemplate\":\"https:\/\/portaltela.pt\/?s={search_term_string}\"},\"query-input\":{\"@type\":\"PropertyValueSpecification\",\"valueRequired\":true,\"valueName\":\"search_term_string\"}}],\"inLanguage\":\"pt-PT\"},{\"@type\":\"Person\",\"@id\":\"https:\/\/portaltela.pt\/#\/schema\/person\/c4278d4a6028830caff9ee44b42d32ed\",\"name\":\"Telinha\",\"image\":{\"@type\":\"ImageObject\",\"inLanguage\":\"pt-PT\",\"@id\":\"https:\/\/portaltela.pt\/s.01k8rhncp4jt1\/2025\/11\/talking-bot-125x125.png\",\"url\":\"https:\/\/portaltela.pt\/s.01k8rhncp4jt1\/2025\/11\/talking-bot-125x125.png\",\"contentUrl\":\"https:\/\/portaltela.pt\/s.01k8rhncp4jt1\/2025\/11\/talking-bot-125x125.png\",\"caption\":\"Telinha\"},\"sameAs\":[\"https:\/\/portaltela.pt\/\"],\"url\":\"https:\/\/portaltela.pt\/por\/367410592786\/\"}]}<\/script>\n<!-- \/ Yoast SEO plugin. -->","yoast_head_json":{"title":"Antigo deputado do PSD Duarte Pacheco apoia Seguro na segunda volta - Portal Tela Portugal","robots":{"index":"index","follow":"follow","max-snippet":"max-snippet:-1","max-image-preview":"max-image-preview:large","max-video-preview":"max-video-preview:-1"},"og_locale":"pt_PT","og_type":"article","og_title":"Antigo deputado do PSD Duarte Pacheco apoia Seguro na segunda volta - Portal Tela Portugal","og_description":"Duarte Pacheco, antigo deputado do PSD, anunciou que votar\u00e1 Ant\u00f3nio Jos\u00e9 Seguro na segunda volta. O pol\u00edtico disse que Seguro defende a democracia, o Estado de Direito e valores universais, e o considera moderado. Acrescentou que, se tivesse de optar entre Catarina Martins e Andr\u00e9 Ventura, teria d\u00favidas sinceramente. Duarte Pacheco integrou o PSD durante 30 anos.","og_url":"https:\/\/portaltela.pt\/noticias\/2026\/01\/19\/antigo-deputado-do-psd-duarte-pacheco-apoia-seguro-na-segunda-volta\/","og_site_name":"Portal Tela Portugal","article_published_time":"2026-01-19T16:44:00+00:00","author":"Telinha","twitter_card":"summary_large_image","twitter_misc":{"Escrito por":"Telinha","Tempo estimado de leitura":"1 minuto"},"schema":{"@context":"https:\/\/schema.org","@graph":[{"@type":"Article","@id":"https:\/\/portaltela.pt\/noticias\/2026\/01\/19\/antigo-deputado-do-psd-duarte-pacheco-apoia-seguro-na-segunda-volta\/#article","isPartOf":{"@id":"https:\/\/portaltela.pt\/noticias\/2026\/01\/19\/antigo-deputado-do-psd-duarte-pacheco-apoia-seguro-na-segunda-volta\/"},"author":{"name":"Telinha","@id":"https:\/\/portaltela.pt\/#\/schema\/person\/c4278d4a6028830caff9ee44b42d32ed"},"headline":"Antigo deputado do PSD Duarte Pacheco apoia Seguro na segunda volta","datePublished":"2026-01-19T16:44:00+00:00","mainEntityOfPage":{"@id":"https:\/\/portaltela.pt\/noticias\/2026\/01\/19\/antigo-deputado-do-psd-duarte-pacheco-apoia-seguro-na-segunda-volta\/"},"wordCount":210,"image":{"@id":"https:\/\/portaltela.pt\/noticias\/2026\/01\/19\/antigo-deputado-do-psd-duarte-pacheco-apoia-seguro-na-segunda-volta\/#primaryimage"},"thumbnailUrl":"https:\/\/portaltela.pt\/s.01k8rhncp4jt1\/2026\/01\/image-1179.jpg","keywords":["Andr\u00e9 Ventura","Catarina Martins","democracia","elei\u00e7\u00f5es","pol\u00edtica","PSD\/CDS"],"articleSection":["Not\u00edcias"],"inLanguage":"pt-PT"},{"@type":"WebPage","@id":"https:\/\/portaltela.pt\/noticias\/2026\/01\/19\/antigo-deputado-do-psd-duarte-pacheco-apoia-seguro-na-segunda-volta\/","url":"https:\/\/portaltela.pt\/noticias\/2026\/01\/19\/antigo-deputado-do-psd-duarte-pacheco-apoia-seguro-na-segunda-volta\/","name":"Antigo deputado do PSD Duarte Pacheco apoia Seguro na segunda volta - Portal Tela Portugal","isPartOf":{"@id":"https:\/\/portaltela.pt\/#website"},"primaryImageOfPage":{"@id":"https:\/\/portaltela.pt\/noticias\/2026\/01\/19\/antigo-deputado-do-psd-duarte-pacheco-apoia-seguro-na-segunda-volta\/#primaryimage"},"image":{"@id":"https:\/\/portaltela.pt\/noticias\/2026\/01\/19\/antigo-deputado-do-psd-duarte-pacheco-apoia-seguro-na-segunda-volta\/#primaryimage"},"thumbnailUrl":"https:\/\/portaltela.pt\/s.01k8rhncp4jt1\/2026\/01\/image-1179.jpg","datePublished":"2026-01-19T16:44:00+00:00","author":{"@id":"https:\/\/portaltela.pt\/#\/schema\/person\/c4278d4a6028830caff9ee44b42d32ed"},"breadcrumb":{"@id":"https:\/\/portaltela.pt\/noticias\/2026\/01\/19\/antigo-deputado-do-psd-duarte-pacheco-apoia-seguro-na-segunda-volta\/#breadcrumb"},"inLanguage":"pt-PT","potentialAction":[{"@type":"ReadAction","target":["https:\/\/portaltela.pt\/noticias\/2026\/01\/19\/antigo-deputado-do-psd-duarte-pacheco-apoia-seguro-na-segunda-volta\/"]}]},{"@type":"ImageObject","inLanguage":"pt-PT","@id":"https:\/\/portaltela.pt\/noticias\/2026\/01\/19\/antigo-deputado-do-psd-duarte-pacheco-apoia-seguro-na-segunda-volta\/#primaryimage","url":"https:\/\/portaltela.pt\/s.01k8rhncp4jt1\/2026\/01\/image-1179.jpg","contentUrl":"https:\/\/portaltela.pt\/s.01k8rhncp4jt1\/2026\/01\/image-1179.jpg","width":796,"height":448,"caption":"Duarte Pacheco descreve Seguro como uma \"pessoa moderada\""},{"@type":"BreadcrumbList","@id":"https:\/\/portaltela.pt\/noticias\/2026\/01\/19\/antigo-deputado-do-psd-duarte-pacheco-apoia-seguro-na-segunda-volta\/#breadcrumb","itemListElement":[{"@type":"ListItem","position":1,"name":"In\u00edcio","item":"https:\/\/portaltela.pt\/"},{"@type":"ListItem","position":2,"name":"Antigo deputado do PSD Duarte Pacheco apoia Seguro na segunda volta"}]},{"@type":"WebSite","@id":"https:\/\/portaltela.pt\/#website","url":"https:\/\/portaltela.pt\/","name":"Portal Tela Portugal","description":"","potentialAction":[{"@type":"SearchAction","target":{"@type":"EntryPoint","urlTemplate":"https:\/\/portaltela.pt\/?s={search_term_string}"},"query-input":{"@type":"PropertyValueSpecification","valueRequired":true,"valueName":"search_term_string"}}],"inLanguage":"pt-PT"},{"@type":"Person","@id":"https:\/\/portaltela.pt\/#\/schema\/person\/c4278d4a6028830caff9ee44b42d32ed","name":"Telinha","image":{"@type":"ImageObject","inLanguage":"pt-PT","@id":"https:\/\/portaltela.pt\/s.01k8rhncp4jt1\/2025\/11\/talking-bot-125x125.png","url":"https:\/\/portaltela.pt\/s.01k8rhncp4jt1\/2025\/11\/talking-bot-125x125.png","contentUrl":"https:\/\/portaltela.pt\/s.01k8rhncp4jt1\/2025\/11\/talking-bot-125x125.png","caption":"Telinha"},"sameAs":["https:\/\/portaltela.pt\/"],"url":"https:\/\/portaltela.pt\/por\/367410592786\/"}]}},"_links":{"self":[{"href":"https:\/\/portaltela.pt\/api\/wp\/v2\/posts\/153446","targetHints":{"allow":["GET"]}}],"collection":[{"href":"https:\/\/portaltela.pt\/api\/wp\/v2\/posts"}],"about":[{"href":"https:\/\/portaltela.pt\/api\/wp\/v2\/types\/post"}],"author":[{"embeddable":true,"href":"https:\/\/portaltela.pt\/api\/wp\/v2\/users\/2"}],"replies":[{"embeddable":true,"href":"https:\/\/portaltela.pt\/api\/wp\/v2\/comments?post=153446"}],"version-history":[{"count":0,"href":"https:\/\/portaltela.pt\/api\/wp\/v2\/posts\/153446\/revisions"}],"wp:featuredmedia":[{"embeddable":true,"href":"https:\/\/portaltela.pt\/api\/wp\/v2\/media\/153472"}],"wp:attachment":[{"href":"https:\/\/portaltela.pt\/api\/wp\/v2\/media?parent=153446"}],"wp:term":[{"taxonomy":"category","embeddable":true,"href":"https:\/\/portaltela.pt\/api\/wp\/v2\/categories?post=153446"},{"taxonomy":"post_tag","embeddable":true,"href":"https:\/\/portaltela.pt\/api\/wp\/v2\/tags?post=153446"}],"curies":[{"name":"wp","href":"https:\/\/api.w.org\/{rel}","templated":true}]}}