{"id":153343,"date":"2026-01-19T13:08:10","date_gmt":"2026-01-19T16:08:10","guid":{"rendered":"https:\/\/portaltela.pt\/noticias\/2026\/01\/19\/redes-de-prostituicao-organizadas-em-aveiro-casos-investigacoes-e-condenacoes\/"},"modified":"2026-01-19T13:08:10","modified_gmt":"2026-01-19T16:08:10","slug":"redes-de-prostituicao-organizadas-em-aveiro-casos-investigacoes-e-condenacoes","status":"publish","type":"post","link":"https:\/\/portaltela.pt\/noticias\/2026\/01\/19\/redes-de-prostituicao-organizadas-em-aveiro-casos-investigacoes-e-condenacoes\/","title":{"rendered":"Redes de prostitui\u00e7\u00e3o organizadas em Aveiro: casos, investiga\u00e7\u00f5es e condena\u00e7\u00f5es"},"content":{"rendered":"<p>O que se passa em Aveiro envolve redes de prostitui\u00e7\u00e3o organizada e crimes relacionados, com v\u00e1rias a\u00e7\u00f5es judiciais e investiga\u00e7\u00f5es em curso. O foco tem sido a explora\u00e7\u00e3o de mulheres vulner\u00e1veis e a gest\u00e3o de casas de prostitui\u00e7\u00e3o com lucros duros de justificar.<\/p>\n<p>Em 2019, o SEF desmantelou uma rede operando entre Aveiro e Albergaria-a-Velha. A opera\u00e7\u00e3o El Pibe levou \u00e0 deten\u00e7\u00e3o de oito suspeitos, apreens\u00e3o de bens e liberta\u00e7\u00e3o de dezenas de v\u00edtimas romenas.<\/p>\n<p>O Minist\u00e9rio P\u00fablico avan\u00e7ou com acusa\u00e7\u00f5es a 12 pessoas por tr\u00e1fico de seres humanos, associa\u00e7\u00e3o criminosa e falsifica\u00e7\u00e3o, no \u00e2mbito de uma rede que atuava h\u00e1 anos para explorar mulheres na regi\u00e3o.<\/p>\n<p>Em janeiro de 2025, o MP acusou tr\u00eas mulheres por lenoc\u00ednio, por arrendarem im\u00f3veis entre 2019 e 2021 onde se praticava prostitui\u00e7\u00e3o. Parte da remunera\u00e7\u00e3o era desviada para as exploradoras do esquema.<\/p>\n<p>Em 2024, o Tribunal de Aveiro condenou um casal a pris\u00e3o efetiva por fomentar a prostitui\u00e7\u00e3o e facilitar a imigra\u00e7\u00e3o ilegal em v\u00e1rios estabelecimentos da regi\u00e3o. O veredito reconheceu a participa\u00e7\u00e3o em atividades organizadas de explora\u00e7\u00e3o.<\/p>\n<p>Estes casos demonstram a fronteira entre prostitui\u00e7\u00e3o consensual e explora\u00e7\u00e3o organizada. Em Portugal, a prostitui\u00e7\u00e3o n\u00e3o \u00e9 crime, mas o proxenetismo \u00e9. As investiga\u00e7\u00f5es visam distinguir consentimento de tr\u00e1fico e tr\u00e1fico humano.<\/p>\n<p>As decis\u00f5es judiciais mostram que redes que organizam a explora\u00e7\u00e3o sexual continuam sujeitas a investiga\u00e7\u00f5es e a a\u00e7\u00f5es penais, com condena\u00e7\u00f5es e processos em curso na regi\u00e3o de Aveiro.<\/p>\n","protected":false},"excerpt":{"rendered":"<ul>\n<li>Em 2019, o Servi\u00e7o de Estrangeiros e Fronteiras desmantelou uma rede criminosa dedicada \u00e0 explora\u00e7\u00e3o sexual na Zona de Aveiro e Albergaria-a-Velha, com oito detidos e dezenas de v\u00edtimas libertadas.<\/li>\n<li>O Minist\u00e9rio P\u00fablico acusou doze pessoas por tr\u00e1fico de seres humanos, associa\u00e7\u00e3o criminosa, falsifica\u00e7\u00e3o de documentos e branqueamento de capitais no \u00e2mbito dessa rede.<\/li>\n<li>Em janeiro de 2025, o Minist\u00e9rio P\u00fablico acusou tr\u00eas mulheres por lenoc\u00ednio, alegadamente arrendando apartamentos entre 2019 e 2021 onde se practicava prostitui\u00e7\u00e3o mediante pagamento.<\/li>\n<li>Em 2024, o Tribunal de Aveiro condenou um casal a pris\u00e3o efetiva por fomentar a prostitui\u00e7\u00e3o e auxiliar a imigra\u00e7\u00e3o ilegal, envolvendo v\u00e1rios estabelecimentos na regi\u00e3o.<\/li>\n<li>Os casos destacam a linha entre prostitui\u00e7\u00e3o consensual e explora\u00e7\u00e3o organizada, lembrando que, em Portugal, a prostitui\u00e7\u00e3o n\u00e3o \u00e9 crime, mas o proxenetismo \u00e9 crime.<\/li>\n<\/ul>\n","protected":false},"author":2,"featured_media":153346,"comment_status":"closed","ping_status":"closed","sticky":false,"template":"","format":"standard","meta":{"footnotes":""},"categories":[1],"tags":[1151,1059,712,3141,352,3475],"class_list":["post-153343","post","type-post","status-publish","format-standard","has-post-thumbnail","hentry","category-noticias","tag-associacao-criminosa","tag-aveiro","tag-imigracao","tag-lenocinio","tag-organizacao-criminosa","tag-trafico-de-seres-humanos"],"yoast_head":"<!-- This site is optimized with the Yoast SEO plugin v27.2 - https:\/\/yoast.com\/product\/yoast-seo-wordpress\/ -->\n<title>Redes de prostitui\u00e7\u00e3o organizadas em Aveiro: casos, investiga\u00e7\u00f5es e condena\u00e7\u00f5es - Portal Tela Portugal<\/title>\n<meta name=\"robots\" content=\"index, follow, max-snippet:-1, max-image-preview:large, max-video-preview:-1\" \/>\n<meta property=\"og:locale\" content=\"pt_PT\" \/>\n<meta property=\"og:type\" content=\"article\" \/>\n<meta property=\"og:title\" content=\"Redes de prostitui\u00e7\u00e3o organizadas em Aveiro: casos, investiga\u00e7\u00f5es e condena\u00e7\u00f5es - Portal Tela Portugal\" \/>\n<meta property=\"og:description\" content=\"Em 2019, o Servi\u00e7o de Estrangeiros e Fronteiras desmantelou uma rede criminosa dedicada \u00e0 explora\u00e7\u00e3o sexual na Zona de Aveiro e Albergaria-a-Velha, com oito detidos e dezenas de v\u00edtimas libertadas. O Minist\u00e9rio P\u00fablico acusou doze pessoas por tr\u00e1fico de seres humanos, associa\u00e7\u00e3o criminosa, falsifica\u00e7\u00e3o de documentos e branqueamento de capitais no \u00e2mbito dessa rede. Em janeiro de 2025, o Minist\u00e9rio P\u00fablico acusou tr\u00eas mulheres por lenoc\u00ednio, alegadamente arrendando apartamentos entre 2019 e 2021 onde se practicava prostitui\u00e7\u00e3o mediante pagamento. Em 2024, o Tribunal de Aveiro condenou um casal a pris\u00e3o efetiva por fomentar a prostitui\u00e7\u00e3o e auxiliar a imigra\u00e7\u00e3o ilegal, envolvendo v\u00e1rios estabelecimentos na regi\u00e3o. Os casos destacam a linha entre prostitui\u00e7\u00e3o consensual e explora\u00e7\u00e3o organizada, lembrando que, em Portugal, a prostitui\u00e7\u00e3o n\u00e3o \u00e9 crime, mas o proxenetismo \u00e9 crime.\" \/>\n<meta property=\"og:url\" content=\"https:\/\/portaltela.pt\/noticias\/2026\/01\/19\/redes-de-prostituicao-organizadas-em-aveiro-casos-investigacoes-e-condenacoes\/\" \/>\n<meta property=\"og:site_name\" content=\"Portal Tela Portugal\" \/>\n<meta property=\"article:published_time\" content=\"2026-01-19T16:08:10+00:00\" \/>\n<meta name=\"author\" content=\"Telinha\" \/>\n<meta name=\"twitter:card\" content=\"summary_large_image\" \/>\n<meta name=\"twitter:label1\" content=\"Escrito por\" \/>\n\t<meta name=\"twitter:data1\" content=\"Telinha\" \/>\n\t<meta name=\"twitter:label2\" content=\"Tempo estimado de leitura\" \/>\n\t<meta name=\"twitter:data2\" content=\"1 minuto\" \/>\n<script type=\"application\/ld+json\" class=\"yoast-schema-graph\">{\"@context\":\"https:\/\/schema.org\",\"@graph\":[{\"@type\":\"Article\",\"@id\":\"https:\/\/portaltela.pt\/noticias\/2026\/01\/19\/redes-de-prostituicao-organizadas-em-aveiro-casos-investigacoes-e-condenacoes\/#article\",\"isPartOf\":{\"@id\":\"https:\/\/portaltela.pt\/noticias\/2026\/01\/19\/redes-de-prostituicao-organizadas-em-aveiro-casos-investigacoes-e-condenacoes\/\"},\"author\":{\"name\":\"Telinha\",\"@id\":\"https:\/\/portaltela.pt\/#\/schema\/person\/c4278d4a6028830caff9ee44b42d32ed\"},\"headline\":\"Redes de prostitui\u00e7\u00e3o organizadas em Aveiro: casos, investiga\u00e7\u00f5es e condena\u00e7\u00f5es\",\"datePublished\":\"2026-01-19T16:08:10+00:00\",\"mainEntityOfPage\":{\"@id\":\"https:\/\/portaltela.pt\/noticias\/2026\/01\/19\/redes-de-prostituicao-organizadas-em-aveiro-casos-investigacoes-e-condenacoes\/\"},\"wordCount\":286,\"image\":{\"@id\":\"https:\/\/portaltela.pt\/noticias\/2026\/01\/19\/redes-de-prostituicao-organizadas-em-aveiro-casos-investigacoes-e-condenacoes\/#primaryimage\"},\"thumbnailUrl\":\"https:\/\/portaltela.pt\/s.01k8rhncp4jt1\/2026\/01\/1024-1-1.jpg\",\"keywords\":[\"associa\u00e7\u00e3o criminosa\",\"Aveiro\",\"imigra\u00e7\u00e3o\",\"lenoc\u00ednio\",\"organiza\u00e7\u00e3o criminosa\",\"tr\u00e1fico de seres humanos\"],\"articleSection\":[\"Not\u00edcias\"],\"inLanguage\":\"pt-PT\"},{\"@type\":\"WebPage\",\"@id\":\"https:\/\/portaltela.pt\/noticias\/2026\/01\/19\/redes-de-prostituicao-organizadas-em-aveiro-casos-investigacoes-e-condenacoes\/\",\"url\":\"https:\/\/portaltela.pt\/noticias\/2026\/01\/19\/redes-de-prostituicao-organizadas-em-aveiro-casos-investigacoes-e-condenacoes\/\",\"name\":\"Redes de prostitui\u00e7\u00e3o organizadas em Aveiro: casos, investiga\u00e7\u00f5es e condena\u00e7\u00f5es - Portal Tela Portugal\",\"isPartOf\":{\"@id\":\"https:\/\/portaltela.pt\/#website\"},\"primaryImageOfPage\":{\"@id\":\"https:\/\/portaltela.pt\/noticias\/2026\/01\/19\/redes-de-prostituicao-organizadas-em-aveiro-casos-investigacoes-e-condenacoes\/#primaryimage\"},\"image\":{\"@id\":\"https:\/\/portaltela.pt\/noticias\/2026\/01\/19\/redes-de-prostituicao-organizadas-em-aveiro-casos-investigacoes-e-condenacoes\/#primaryimage\"},\"thumbnailUrl\":\"https:\/\/portaltela.pt\/s.01k8rhncp4jt1\/2026\/01\/1024-1-1.jpg\",\"datePublished\":\"2026-01-19T16:08:10+00:00\",\"author\":{\"@id\":\"https:\/\/portaltela.pt\/#\/schema\/person\/c4278d4a6028830caff9ee44b42d32ed\"},\"breadcrumb\":{\"@id\":\"https:\/\/portaltela.pt\/noticias\/2026\/01\/19\/redes-de-prostituicao-organizadas-em-aveiro-casos-investigacoes-e-condenacoes\/#breadcrumb\"},\"inLanguage\":\"pt-PT\",\"potentialAction\":[{\"@type\":\"ReadAction\",\"target\":[\"https:\/\/portaltela.pt\/noticias\/2026\/01\/19\/redes-de-prostituicao-organizadas-em-aveiro-casos-investigacoes-e-condenacoes\/\"]}]},{\"@type\":\"ImageObject\",\"inLanguage\":\"pt-PT\",\"@id\":\"https:\/\/portaltela.pt\/noticias\/2026\/01\/19\/redes-de-prostituicao-organizadas-em-aveiro-casos-investigacoes-e-condenacoes\/#primaryimage\",\"url\":\"https:\/\/portaltela.pt\/s.01k8rhncp4jt1\/2026\/01\/1024-1-1.jpg\",\"contentUrl\":\"https:\/\/portaltela.pt\/s.01k8rhncp4jt1\/2026\/01\/1024-1-1.jpg\",\"width\":796,\"height\":448,\"caption\":\"Redes organizadas de prostitui\u00e7\u00e3o em Aveiro: casos, investiga\u00e7\u00f5es e condena\u00e7\u00f5es\"},{\"@type\":\"BreadcrumbList\",\"@id\":\"https:\/\/portaltela.pt\/noticias\/2026\/01\/19\/redes-de-prostituicao-organizadas-em-aveiro-casos-investigacoes-e-condenacoes\/#breadcrumb\",\"itemListElement\":[{\"@type\":\"ListItem\",\"position\":1,\"name\":\"In\u00edcio\",\"item\":\"https:\/\/portaltela.pt\/\"},{\"@type\":\"ListItem\",\"position\":2,\"name\":\"Redes de prostitui\u00e7\u00e3o organizadas em Aveiro: casos, investiga\u00e7\u00f5es e condena\u00e7\u00f5es\"}]},{\"@type\":\"WebSite\",\"@id\":\"https:\/\/portaltela.pt\/#website\",\"url\":\"https:\/\/portaltela.pt\/\",\"name\":\"Portal Tela Portugal\",\"description\":\"\",\"potentialAction\":[{\"@type\":\"SearchAction\",\"target\":{\"@type\":\"EntryPoint\",\"urlTemplate\":\"https:\/\/portaltela.pt\/?s={search_term_string}\"},\"query-input\":{\"@type\":\"PropertyValueSpecification\",\"valueRequired\":true,\"valueName\":\"search_term_string\"}}],\"inLanguage\":\"pt-PT\"},{\"@type\":\"Person\",\"@id\":\"https:\/\/portaltela.pt\/#\/schema\/person\/c4278d4a6028830caff9ee44b42d32ed\",\"name\":\"Telinha\",\"image\":{\"@type\":\"ImageObject\",\"inLanguage\":\"pt-PT\",\"@id\":\"https:\/\/portaltela.pt\/s.01k8rhncp4jt1\/2025\/11\/talking-bot-125x125.png\",\"url\":\"https:\/\/portaltela.pt\/s.01k8rhncp4jt1\/2025\/11\/talking-bot-125x125.png\",\"contentUrl\":\"https:\/\/portaltela.pt\/s.01k8rhncp4jt1\/2025\/11\/talking-bot-125x125.png\",\"caption\":\"Telinha\"},\"sameAs\":[\"https:\/\/portaltela.pt\/\"],\"url\":\"https:\/\/portaltela.pt\/por\/367410592786\/\"}]}<\/script>\n<!-- \/ Yoast SEO plugin. -->","yoast_head_json":{"title":"Redes de prostitui\u00e7\u00e3o organizadas em Aveiro: casos, investiga\u00e7\u00f5es e condena\u00e7\u00f5es - Portal Tela Portugal","robots":{"index":"index","follow":"follow","max-snippet":"max-snippet:-1","max-image-preview":"max-image-preview:large","max-video-preview":"max-video-preview:-1"},"og_locale":"pt_PT","og_type":"article","og_title":"Redes de prostitui\u00e7\u00e3o organizadas em Aveiro: casos, investiga\u00e7\u00f5es e condena\u00e7\u00f5es - Portal Tela Portugal","og_description":"Em 2019, o Servi\u00e7o de Estrangeiros e Fronteiras desmantelou uma rede criminosa dedicada \u00e0 explora\u00e7\u00e3o sexual na Zona de Aveiro e Albergaria-a-Velha, com oito detidos e dezenas de v\u00edtimas libertadas. O Minist\u00e9rio P\u00fablico acusou doze pessoas por tr\u00e1fico de seres humanos, associa\u00e7\u00e3o criminosa, falsifica\u00e7\u00e3o de documentos e branqueamento de capitais no \u00e2mbito dessa rede. Em janeiro de 2025, o Minist\u00e9rio P\u00fablico acusou tr\u00eas mulheres por lenoc\u00ednio, alegadamente arrendando apartamentos entre 2019 e 2021 onde se practicava prostitui\u00e7\u00e3o mediante pagamento. Em 2024, o Tribunal de Aveiro condenou um casal a pris\u00e3o efetiva por fomentar a prostitui\u00e7\u00e3o e auxiliar a imigra\u00e7\u00e3o ilegal, envolvendo v\u00e1rios estabelecimentos na regi\u00e3o. Os casos destacam a linha entre prostitui\u00e7\u00e3o consensual e explora\u00e7\u00e3o organizada, lembrando que, em Portugal, a prostitui\u00e7\u00e3o n\u00e3o \u00e9 crime, mas o proxenetismo \u00e9 crime.","og_url":"https:\/\/portaltela.pt\/noticias\/2026\/01\/19\/redes-de-prostituicao-organizadas-em-aveiro-casos-investigacoes-e-condenacoes\/","og_site_name":"Portal Tela Portugal","article_published_time":"2026-01-19T16:08:10+00:00","author":"Telinha","twitter_card":"summary_large_image","twitter_misc":{"Escrito por":"Telinha","Tempo estimado de leitura":"1 minuto"},"schema":{"@context":"https:\/\/schema.org","@graph":[{"@type":"Article","@id":"https:\/\/portaltela.pt\/noticias\/2026\/01\/19\/redes-de-prostituicao-organizadas-em-aveiro-casos-investigacoes-e-condenacoes\/#article","isPartOf":{"@id":"https:\/\/portaltela.pt\/noticias\/2026\/01\/19\/redes-de-prostituicao-organizadas-em-aveiro-casos-investigacoes-e-condenacoes\/"},"author":{"name":"Telinha","@id":"https:\/\/portaltela.pt\/#\/schema\/person\/c4278d4a6028830caff9ee44b42d32ed"},"headline":"Redes de prostitui\u00e7\u00e3o organizadas em Aveiro: casos, investiga\u00e7\u00f5es e condena\u00e7\u00f5es","datePublished":"2026-01-19T16:08:10+00:00","mainEntityOfPage":{"@id":"https:\/\/portaltela.pt\/noticias\/2026\/01\/19\/redes-de-prostituicao-organizadas-em-aveiro-casos-investigacoes-e-condenacoes\/"},"wordCount":286,"image":{"@id":"https:\/\/portaltela.pt\/noticias\/2026\/01\/19\/redes-de-prostituicao-organizadas-em-aveiro-casos-investigacoes-e-condenacoes\/#primaryimage"},"thumbnailUrl":"https:\/\/portaltela.pt\/s.01k8rhncp4jt1\/2026\/01\/1024-1-1.jpg","keywords":["associa\u00e7\u00e3o criminosa","Aveiro","imigra\u00e7\u00e3o","lenoc\u00ednio","organiza\u00e7\u00e3o criminosa","tr\u00e1fico de seres humanos"],"articleSection":["Not\u00edcias"],"inLanguage":"pt-PT"},{"@type":"WebPage","@id":"https:\/\/portaltela.pt\/noticias\/2026\/01\/19\/redes-de-prostituicao-organizadas-em-aveiro-casos-investigacoes-e-condenacoes\/","url":"https:\/\/portaltela.pt\/noticias\/2026\/01\/19\/redes-de-prostituicao-organizadas-em-aveiro-casos-investigacoes-e-condenacoes\/","name":"Redes de prostitui\u00e7\u00e3o organizadas em Aveiro: casos, investiga\u00e7\u00f5es e condena\u00e7\u00f5es - Portal Tela Portugal","isPartOf":{"@id":"https:\/\/portaltela.pt\/#website"},"primaryImageOfPage":{"@id":"https:\/\/portaltela.pt\/noticias\/2026\/01\/19\/redes-de-prostituicao-organizadas-em-aveiro-casos-investigacoes-e-condenacoes\/#primaryimage"},"image":{"@id":"https:\/\/portaltela.pt\/noticias\/2026\/01\/19\/redes-de-prostituicao-organizadas-em-aveiro-casos-investigacoes-e-condenacoes\/#primaryimage"},"thumbnailUrl":"https:\/\/portaltela.pt\/s.01k8rhncp4jt1\/2026\/01\/1024-1-1.jpg","datePublished":"2026-01-19T16:08:10+00:00","author":{"@id":"https:\/\/portaltela.pt\/#\/schema\/person\/c4278d4a6028830caff9ee44b42d32ed"},"breadcrumb":{"@id":"https:\/\/portaltela.pt\/noticias\/2026\/01\/19\/redes-de-prostituicao-organizadas-em-aveiro-casos-investigacoes-e-condenacoes\/#breadcrumb"},"inLanguage":"pt-PT","potentialAction":[{"@type":"ReadAction","target":["https:\/\/portaltela.pt\/noticias\/2026\/01\/19\/redes-de-prostituicao-organizadas-em-aveiro-casos-investigacoes-e-condenacoes\/"]}]},{"@type":"ImageObject","inLanguage":"pt-PT","@id":"https:\/\/portaltela.pt\/noticias\/2026\/01\/19\/redes-de-prostituicao-organizadas-em-aveiro-casos-investigacoes-e-condenacoes\/#primaryimage","url":"https:\/\/portaltela.pt\/s.01k8rhncp4jt1\/2026\/01\/1024-1-1.jpg","contentUrl":"https:\/\/portaltela.pt\/s.01k8rhncp4jt1\/2026\/01\/1024-1-1.jpg","width":796,"height":448,"caption":"Redes organizadas de prostitui\u00e7\u00e3o em Aveiro: casos, investiga\u00e7\u00f5es e condena\u00e7\u00f5es"},{"@type":"BreadcrumbList","@id":"https:\/\/portaltela.pt\/noticias\/2026\/01\/19\/redes-de-prostituicao-organizadas-em-aveiro-casos-investigacoes-e-condenacoes\/#breadcrumb","itemListElement":[{"@type":"ListItem","position":1,"name":"In\u00edcio","item":"https:\/\/portaltela.pt\/"},{"@type":"ListItem","position":2,"name":"Redes de prostitui\u00e7\u00e3o organizadas em Aveiro: casos, investiga\u00e7\u00f5es e condena\u00e7\u00f5es"}]},{"@type":"WebSite","@id":"https:\/\/portaltela.pt\/#website","url":"https:\/\/portaltela.pt\/","name":"Portal Tela Portugal","description":"","potentialAction":[{"@type":"SearchAction","target":{"@type":"EntryPoint","urlTemplate":"https:\/\/portaltela.pt\/?s={search_term_string}"},"query-input":{"@type":"PropertyValueSpecification","valueRequired":true,"valueName":"search_term_string"}}],"inLanguage":"pt-PT"},{"@type":"Person","@id":"https:\/\/portaltela.pt\/#\/schema\/person\/c4278d4a6028830caff9ee44b42d32ed","name":"Telinha","image":{"@type":"ImageObject","inLanguage":"pt-PT","@id":"https:\/\/portaltela.pt\/s.01k8rhncp4jt1\/2025\/11\/talking-bot-125x125.png","url":"https:\/\/portaltela.pt\/s.01k8rhncp4jt1\/2025\/11\/talking-bot-125x125.png","contentUrl":"https:\/\/portaltela.pt\/s.01k8rhncp4jt1\/2025\/11\/talking-bot-125x125.png","caption":"Telinha"},"sameAs":["https:\/\/portaltela.pt\/"],"url":"https:\/\/portaltela.pt\/por\/367410592786\/"}]}},"_links":{"self":[{"href":"https:\/\/portaltela.pt\/api\/wp\/v2\/posts\/153343","targetHints":{"allow":["GET"]}}],"collection":[{"href":"https:\/\/portaltela.pt\/api\/wp\/v2\/posts"}],"about":[{"href":"https:\/\/portaltela.pt\/api\/wp\/v2\/types\/post"}],"author":[{"embeddable":true,"href":"https:\/\/portaltela.pt\/api\/wp\/v2\/users\/2"}],"replies":[{"embeddable":true,"href":"https:\/\/portaltela.pt\/api\/wp\/v2\/comments?post=153343"}],"version-history":[{"count":0,"href":"https:\/\/portaltela.pt\/api\/wp\/v2\/posts\/153343\/revisions"}],"wp:featuredmedia":[{"embeddable":true,"href":"https:\/\/portaltela.pt\/api\/wp\/v2\/media\/153346"}],"wp:attachment":[{"href":"https:\/\/portaltela.pt\/api\/wp\/v2\/media?parent=153343"}],"wp:term":[{"taxonomy":"category","embeddable":true,"href":"https:\/\/portaltela.pt\/api\/wp\/v2\/categories?post=153343"},{"taxonomy":"post_tag","embeddable":true,"href":"https:\/\/portaltela.pt\/api\/wp\/v2\/tags?post=153343"}],"curies":[{"name":"wp","href":"https:\/\/api.w.org\/{rel}","templated":true}]}}