{"id":153266,"date":"2026-01-19T12:36:26","date_gmt":"2026-01-19T15:36:26","guid":{"rendered":"https:\/\/portaltela.pt\/noticias\/2026\/01\/19\/ze-vitor-faz-quatro-golos-pela-primeira-vez-numa-temporada-na-choupana\/"},"modified":"2026-01-19T12:36:26","modified_gmt":"2026-01-19T15:36:26","slug":"ze-vitor-faz-quatro-golos-pela-primeira-vez-numa-temporada-na-choupana","status":"publish","type":"post","link":"https:\/\/portaltela.pt\/desporto\/futebol\/2026\/01\/19\/ze-vitor-faz-quatro-golos-pela-primeira-vez-numa-temporada-na-choupana\/","title":{"rendered":"Z\u00e9 V\u00edtor faz quatro golos pela primeira vez numa temporada na Choupana"},"content":{"rendered":"<p>O Nacional n\u00e3o conseguiu somar pontos em Barcelos, ap\u00f3s perder frente ao Gil Vicente. O golo do central Z\u00e9 V\u00edtor foi insuficiente para evitar a derrota, em jogo da jornada da liga portuguesa. O brasileiro abriu o marcador, mas os alvinegros sa\u00edram de Barcos com um desfecho negativo.<\/p>\n<p>Depois do dia de descanso, a equipa voltou aos treinos com os jogadores n\u00e3o utilizados. Os titulares trabalharam entre o relvado e o gin\u00e1sio, centrando-se na recupera\u00e7\u00e3o f\u00edsica para o pr\u00f3ximo encontro.<\/p>\n<p>Z\u00e9 V\u00edtor, em confer\u00eancia de imprensa, agradeceu o esfor\u00e7o coletivo e destacou a marca pessoal. Os quatro golos na presente temporada representam, para ele, um objetivo alcan\u00e7ado pelo trabalho di\u00e1rio. Ainda assim, reconheceu que a vit\u00f3ria n\u00e3o chegou por detalhes.<\/p>\n<p>Sobre o advers\u00e1rio seguinte, o Rio Ave, o defesa-central apontou qualidade ofensiva dos advers\u00e1rios e apontou o objetivo de vencer j\u00e1 em casa, na pr\u00f3xima jornada. Afirmou que o plantel pode melhorar nos pormenores que definem os jogos.<\/p>\n<p>O jogador destacou ainda a necessidade de manter a regularidade e apelou aos adeptos para apoiarem a equipa na Choupana, acreditando numa virada favor\u00e1vel. A equipa mant\u00e9m v\u00e1rias baixas, com Ulisses Wilson, Filipe Soares e Ivanildo Fernandes a continuar no departamento m\u00e9dico.<\/p>\n<h3>Pr\u00f3ximo desafio e din\u00e2mica do plantel<\/h3>\n<p>A mancheta aponta para dificuldades de finaliza\u00e7\u00e3o, mas tamb\u00e9m para o crescimento da equipa em jogos fechados. O Nacional prepara-se para treinar amanh\u00e3, no relvado da Camacha, numa sess\u00e3o \u00e0 porta fechada marcada para as 10H30.<\/p>\n","protected":false},"excerpt":{"rendered":"<ul>\n<li>Z\u00e9 V\u00edtor marcou quatro golos esta \u00e9poca, a primeira vez que o defesa central os consegue, mas o Nacional perdeu frente ao Gil Vicente em Barcelos.<\/li>\n<li>O golo do Nacional n\u00e3o chegou para obter a vit\u00f3ria; ap\u00f3s o jogo, a equipa regressou aos treinos com jogadores n\u00e3o utilizados a praticarem, enquanto os titulares fizeram treino entre relvado e gin\u00e1sio.<\/li>\n<li>Z\u00e9 V\u00edtor mostrou-se confiante de que a equipa pode melhorar, destacando a import\u00e2ncia dos detalhes e apontando o Rio Ave como advers\u00e1rio mais dif\u00edcil fora de casa.<\/li>\n<li>O central brasileiro pediu apoio dos adeptos na Choupana para empurrar a equipa para as vit\u00f3rias.<\/li>\n<li>Ulisses Wilson, Filipe Soares e Ivanildo Fernandes continuam sob observa\u00e7\u00e3o m\u00e9dica; o Nacional treina amanh\u00e3 no relvado da Camacha, com sess\u00e3o \u00e0 porta fechada marcada para as 10h30.<\/li>\n<\/ul>\n","protected":false},"author":2,"featured_media":153271,"comment_status":"closed","ping_status":"closed","sticky":false,"template":"","format":"standard","meta":{"footnotes":""},"categories":[21,24],"tags":[1027,1327,32,1829,1786,1319],"class_list":["post-153266","post","type-post","status-publish","format-standard","has-post-thumbnail","hentry","category-desporto","category-futebol","tag-barcelos","tag-camacha","tag-futebol","tag-gil-vicente","tag-liga","tag-nacional"],"yoast_head":"<!-- This site is optimized with the Yoast SEO plugin v27.2 - https:\/\/yoast.com\/product\/yoast-seo-wordpress\/ -->\n<title>Z\u00e9 V\u00edtor faz quatro golos pela primeira vez numa temporada na Choupana - Portal Tela Portugal<\/title>\n<meta name=\"robots\" content=\"index, follow, max-snippet:-1, max-image-preview:large, max-video-preview:-1\" \/>\n<meta property=\"og:locale\" content=\"pt_PT\" \/>\n<meta property=\"og:type\" content=\"article\" \/>\n<meta property=\"og:title\" content=\"Z\u00e9 V\u00edtor faz quatro golos pela primeira vez numa temporada na Choupana - Portal Tela Portugal\" \/>\n<meta property=\"og:description\" content=\"Z\u00e9 V\u00edtor marcou quatro golos esta \u00e9poca, a primeira vez que o defesa central os consegue, mas o Nacional perdeu frente ao Gil Vicente em Barcelos. O golo do Nacional n\u00e3o chegou para obter a vit\u00f3ria; ap\u00f3s o jogo, a equipa regressou aos treinos com jogadores n\u00e3o utilizados a praticarem, enquanto os titulares fizeram treino entre relvado e gin\u00e1sio. Z\u00e9 V\u00edtor mostrou-se confiante de que a equipa pode melhorar, destacando a import\u00e2ncia dos detalhes e apontando o Rio Ave como advers\u00e1rio mais dif\u00edcil fora de casa. O central brasileiro pediu apoio dos adeptos na Choupana para empurrar a equipa para as vit\u00f3rias. Ulisses Wilson, Filipe Soares e Ivanildo Fernandes continuam sob observa\u00e7\u00e3o m\u00e9dica; o Nacional treina amanh\u00e3 no relvado da Camacha, com sess\u00e3o \u00e0 porta fechada marcada para as 10h30.\" \/>\n<meta property=\"og:url\" content=\"https:\/\/portaltela.pt\/noticias\/2026\/01\/19\/ze-vitor-faz-quatro-golos-pela-primeira-vez-numa-temporada-na-choupana\/\" \/>\n<meta property=\"og:site_name\" content=\"Portal Tela Portugal\" \/>\n<meta property=\"article:published_time\" content=\"2026-01-19T15:36:26+00:00\" \/>\n<meta name=\"author\" content=\"Telinha\" \/>\n<meta name=\"twitter:card\" content=\"summary_large_image\" \/>\n<meta name=\"twitter:label1\" content=\"Escrito por\" \/>\n\t<meta name=\"twitter:data1\" content=\"Telinha\" \/>\n\t<meta name=\"twitter:label2\" content=\"Tempo estimado de leitura\" \/>\n\t<meta name=\"twitter:data2\" content=\"1 minuto\" \/>\n<script type=\"application\/ld+json\" class=\"yoast-schema-graph\">{\"@context\":\"https:\/\/schema.org\",\"@graph\":[{\"@type\":\"Article\",\"@id\":\"https:\/\/portaltela.pt\/noticias\/2026\/01\/19\/ze-vitor-faz-quatro-golos-pela-primeira-vez-numa-temporada-na-choupana\/#article\",\"isPartOf\":{\"@id\":\"https:\/\/portaltela.pt\/noticias\/2026\/01\/19\/ze-vitor-faz-quatro-golos-pela-primeira-vez-numa-temporada-na-choupana\/\"},\"author\":{\"name\":\"Telinha\",\"@id\":\"https:\/\/portaltela.pt\/#\/schema\/person\/c4278d4a6028830caff9ee44b42d32ed\"},\"headline\":\"Z\u00e9 V\u00edtor faz quatro golos pela primeira vez numa temporada na Choupana\",\"datePublished\":\"2026-01-19T15:36:26+00:00\",\"mainEntityOfPage\":{\"@id\":\"https:\/\/portaltela.pt\/noticias\/2026\/01\/19\/ze-vitor-faz-quatro-golos-pela-primeira-vez-numa-temporada-na-choupana\/\"},\"wordCount\":282,\"image\":{\"@id\":\"https:\/\/portaltela.pt\/noticias\/2026\/01\/19\/ze-vitor-faz-quatro-golos-pela-primeira-vez-numa-temporada-na-choupana\/#primaryimage\"},\"thumbnailUrl\":\"https:\/\/portaltela.pt\/s.01k8rhncp4jt1\/2026\/01\/img_920x518uu2026-01-19-15-34-27-2415764-im-639044337453554976.jpg\",\"keywords\":[\"Barcelos\",\"Camacha\",\"futebol\",\"Gil Vicente\",\"Liga\",\"Nacional\"],\"articleSection\":[\"Desporto\",\"Futebol\"],\"inLanguage\":\"pt-PT\"},{\"@type\":\"WebPage\",\"@id\":\"https:\/\/portaltela.pt\/noticias\/2026\/01\/19\/ze-vitor-faz-quatro-golos-pela-primeira-vez-numa-temporada-na-choupana\/\",\"url\":\"https:\/\/portaltela.pt\/noticias\/2026\/01\/19\/ze-vitor-faz-quatro-golos-pela-primeira-vez-numa-temporada-na-choupana\/\",\"name\":\"Z\u00e9 V\u00edtor faz quatro golos pela primeira vez numa temporada na Choupana - Portal Tela Portugal\",\"isPartOf\":{\"@id\":\"https:\/\/portaltela.pt\/#website\"},\"primaryImageOfPage\":{\"@id\":\"https:\/\/portaltela.pt\/noticias\/2026\/01\/19\/ze-vitor-faz-quatro-golos-pela-primeira-vez-numa-temporada-na-choupana\/#primaryimage\"},\"image\":{\"@id\":\"https:\/\/portaltela.pt\/noticias\/2026\/01\/19\/ze-vitor-faz-quatro-golos-pela-primeira-vez-numa-temporada-na-choupana\/#primaryimage\"},\"thumbnailUrl\":\"https:\/\/portaltela.pt\/s.01k8rhncp4jt1\/2026\/01\/img_920x518uu2026-01-19-15-34-27-2415764-im-639044337453554976.jpg\",\"datePublished\":\"2026-01-19T15:36:26+00:00\",\"author\":{\"@id\":\"https:\/\/portaltela.pt\/#\/schema\/person\/c4278d4a6028830caff9ee44b42d32ed\"},\"breadcrumb\":{\"@id\":\"https:\/\/portaltela.pt\/noticias\/2026\/01\/19\/ze-vitor-faz-quatro-golos-pela-primeira-vez-numa-temporada-na-choupana\/#breadcrumb\"},\"inLanguage\":\"pt-PT\",\"potentialAction\":[{\"@type\":\"ReadAction\",\"target\":[\"https:\/\/portaltela.pt\/noticias\/2026\/01\/19\/ze-vitor-faz-quatro-golos-pela-primeira-vez-numa-temporada-na-choupana\/\"]}]},{\"@type\":\"ImageObject\",\"inLanguage\":\"pt-PT\",\"@id\":\"https:\/\/portaltela.pt\/noticias\/2026\/01\/19\/ze-vitor-faz-quatro-golos-pela-primeira-vez-numa-temporada-na-choupana\/#primaryimage\",\"url\":\"https:\/\/portaltela.pt\/s.01k8rhncp4jt1\/2026\/01\/img_920x518uu2026-01-19-15-34-27-2415764-im-639044337453554976.jpg\",\"contentUrl\":\"https:\/\/portaltela.pt\/s.01k8rhncp4jt1\/2026\/01\/img_920x518uu2026-01-19-15-34-27-2415764-im-639044337453554976.jpg\",\"width\":796,\"height\":448,\"caption\":\"Z\u00e9 V\u00edtor\"},{\"@type\":\"BreadcrumbList\",\"@id\":\"https:\/\/portaltela.pt\/noticias\/2026\/01\/19\/ze-vitor-faz-quatro-golos-pela-primeira-vez-numa-temporada-na-choupana\/#breadcrumb\",\"itemListElement\":[{\"@type\":\"ListItem\",\"position\":1,\"name\":\"In\u00edcio\",\"item\":\"https:\/\/portaltela.pt\/\"},{\"@type\":\"ListItem\",\"position\":2,\"name\":\"Z\u00e9 V\u00edtor faz quatro golos pela primeira vez numa temporada na Choupana\"}]},{\"@type\":\"WebSite\",\"@id\":\"https:\/\/portaltela.pt\/#website\",\"url\":\"https:\/\/portaltela.pt\/\",\"name\":\"Portal Tela Portugal\",\"description\":\"\",\"potentialAction\":[{\"@type\":\"SearchAction\",\"target\":{\"@type\":\"EntryPoint\",\"urlTemplate\":\"https:\/\/portaltela.pt\/?s={search_term_string}\"},\"query-input\":{\"@type\":\"PropertyValueSpecification\",\"valueRequired\":true,\"valueName\":\"search_term_string\"}}],\"inLanguage\":\"pt-PT\"},{\"@type\":\"Person\",\"@id\":\"https:\/\/portaltela.pt\/#\/schema\/person\/c4278d4a6028830caff9ee44b42d32ed\",\"name\":\"Telinha\",\"image\":{\"@type\":\"ImageObject\",\"inLanguage\":\"pt-PT\",\"@id\":\"https:\/\/portaltela.pt\/s.01k8rhncp4jt1\/2025\/11\/talking-bot-125x125.png\",\"url\":\"https:\/\/portaltela.pt\/s.01k8rhncp4jt1\/2025\/11\/talking-bot-125x125.png\",\"contentUrl\":\"https:\/\/portaltela.pt\/s.01k8rhncp4jt1\/2025\/11\/talking-bot-125x125.png\",\"caption\":\"Telinha\"},\"sameAs\":[\"https:\/\/portaltela.pt\/\"],\"url\":\"https:\/\/portaltela.pt\/por\/367410592786\/\"}]}<\/script>\n<!-- \/ Yoast SEO plugin. -->","yoast_head_json":{"title":"Z\u00e9 V\u00edtor faz quatro golos pela primeira vez numa temporada na Choupana - Portal Tela Portugal","robots":{"index":"index","follow":"follow","max-snippet":"max-snippet:-1","max-image-preview":"max-image-preview:large","max-video-preview":"max-video-preview:-1"},"og_locale":"pt_PT","og_type":"article","og_title":"Z\u00e9 V\u00edtor faz quatro golos pela primeira vez numa temporada na Choupana - Portal Tela Portugal","og_description":"Z\u00e9 V\u00edtor marcou quatro golos esta \u00e9poca, a primeira vez que o defesa central os consegue, mas o Nacional perdeu frente ao Gil Vicente em Barcelos. O golo do Nacional n\u00e3o chegou para obter a vit\u00f3ria; ap\u00f3s o jogo, a equipa regressou aos treinos com jogadores n\u00e3o utilizados a praticarem, enquanto os titulares fizeram treino entre relvado e gin\u00e1sio. Z\u00e9 V\u00edtor mostrou-se confiante de que a equipa pode melhorar, destacando a import\u00e2ncia dos detalhes e apontando o Rio Ave como advers\u00e1rio mais dif\u00edcil fora de casa. O central brasileiro pediu apoio dos adeptos na Choupana para empurrar a equipa para as vit\u00f3rias. Ulisses Wilson, Filipe Soares e Ivanildo Fernandes continuam sob observa\u00e7\u00e3o m\u00e9dica; o Nacional treina amanh\u00e3 no relvado da Camacha, com sess\u00e3o \u00e0 porta fechada marcada para as 10h30.","og_url":"https:\/\/portaltela.pt\/noticias\/2026\/01\/19\/ze-vitor-faz-quatro-golos-pela-primeira-vez-numa-temporada-na-choupana\/","og_site_name":"Portal Tela Portugal","article_published_time":"2026-01-19T15:36:26+00:00","author":"Telinha","twitter_card":"summary_large_image","twitter_misc":{"Escrito por":"Telinha","Tempo estimado de leitura":"1 minuto"},"schema":{"@context":"https:\/\/schema.org","@graph":[{"@type":"Article","@id":"https:\/\/portaltela.pt\/noticias\/2026\/01\/19\/ze-vitor-faz-quatro-golos-pela-primeira-vez-numa-temporada-na-choupana\/#article","isPartOf":{"@id":"https:\/\/portaltela.pt\/noticias\/2026\/01\/19\/ze-vitor-faz-quatro-golos-pela-primeira-vez-numa-temporada-na-choupana\/"},"author":{"name":"Telinha","@id":"https:\/\/portaltela.pt\/#\/schema\/person\/c4278d4a6028830caff9ee44b42d32ed"},"headline":"Z\u00e9 V\u00edtor faz quatro golos pela primeira vez numa temporada na Choupana","datePublished":"2026-01-19T15:36:26+00:00","mainEntityOfPage":{"@id":"https:\/\/portaltela.pt\/noticias\/2026\/01\/19\/ze-vitor-faz-quatro-golos-pela-primeira-vez-numa-temporada-na-choupana\/"},"wordCount":282,"image":{"@id":"https:\/\/portaltela.pt\/noticias\/2026\/01\/19\/ze-vitor-faz-quatro-golos-pela-primeira-vez-numa-temporada-na-choupana\/#primaryimage"},"thumbnailUrl":"https:\/\/portaltela.pt\/s.01k8rhncp4jt1\/2026\/01\/img_920x518uu2026-01-19-15-34-27-2415764-im-639044337453554976.jpg","keywords":["Barcelos","Camacha","futebol","Gil Vicente","Liga","Nacional"],"articleSection":["Desporto","Futebol"],"inLanguage":"pt-PT"},{"@type":"WebPage","@id":"https:\/\/portaltela.pt\/noticias\/2026\/01\/19\/ze-vitor-faz-quatro-golos-pela-primeira-vez-numa-temporada-na-choupana\/","url":"https:\/\/portaltela.pt\/noticias\/2026\/01\/19\/ze-vitor-faz-quatro-golos-pela-primeira-vez-numa-temporada-na-choupana\/","name":"Z\u00e9 V\u00edtor faz quatro golos pela primeira vez numa temporada na Choupana - Portal Tela Portugal","isPartOf":{"@id":"https:\/\/portaltela.pt\/#website"},"primaryImageOfPage":{"@id":"https:\/\/portaltela.pt\/noticias\/2026\/01\/19\/ze-vitor-faz-quatro-golos-pela-primeira-vez-numa-temporada-na-choupana\/#primaryimage"},"image":{"@id":"https:\/\/portaltela.pt\/noticias\/2026\/01\/19\/ze-vitor-faz-quatro-golos-pela-primeira-vez-numa-temporada-na-choupana\/#primaryimage"},"thumbnailUrl":"https:\/\/portaltela.pt\/s.01k8rhncp4jt1\/2026\/01\/img_920x518uu2026-01-19-15-34-27-2415764-im-639044337453554976.jpg","datePublished":"2026-01-19T15:36:26+00:00","author":{"@id":"https:\/\/portaltela.pt\/#\/schema\/person\/c4278d4a6028830caff9ee44b42d32ed"},"breadcrumb":{"@id":"https:\/\/portaltela.pt\/noticias\/2026\/01\/19\/ze-vitor-faz-quatro-golos-pela-primeira-vez-numa-temporada-na-choupana\/#breadcrumb"},"inLanguage":"pt-PT","potentialAction":[{"@type":"ReadAction","target":["https:\/\/portaltela.pt\/noticias\/2026\/01\/19\/ze-vitor-faz-quatro-golos-pela-primeira-vez-numa-temporada-na-choupana\/"]}]},{"@type":"ImageObject","inLanguage":"pt-PT","@id":"https:\/\/portaltela.pt\/noticias\/2026\/01\/19\/ze-vitor-faz-quatro-golos-pela-primeira-vez-numa-temporada-na-choupana\/#primaryimage","url":"https:\/\/portaltela.pt\/s.01k8rhncp4jt1\/2026\/01\/img_920x518uu2026-01-19-15-34-27-2415764-im-639044337453554976.jpg","contentUrl":"https:\/\/portaltela.pt\/s.01k8rhncp4jt1\/2026\/01\/img_920x518uu2026-01-19-15-34-27-2415764-im-639044337453554976.jpg","width":796,"height":448,"caption":"Z\u00e9 V\u00edtor"},{"@type":"BreadcrumbList","@id":"https:\/\/portaltela.pt\/noticias\/2026\/01\/19\/ze-vitor-faz-quatro-golos-pela-primeira-vez-numa-temporada-na-choupana\/#breadcrumb","itemListElement":[{"@type":"ListItem","position":1,"name":"In\u00edcio","item":"https:\/\/portaltela.pt\/"},{"@type":"ListItem","position":2,"name":"Z\u00e9 V\u00edtor faz quatro golos pela primeira vez numa temporada na Choupana"}]},{"@type":"WebSite","@id":"https:\/\/portaltela.pt\/#website","url":"https:\/\/portaltela.pt\/","name":"Portal Tela Portugal","description":"","potentialAction":[{"@type":"SearchAction","target":{"@type":"EntryPoint","urlTemplate":"https:\/\/portaltela.pt\/?s={search_term_string}"},"query-input":{"@type":"PropertyValueSpecification","valueRequired":true,"valueName":"search_term_string"}}],"inLanguage":"pt-PT"},{"@type":"Person","@id":"https:\/\/portaltela.pt\/#\/schema\/person\/c4278d4a6028830caff9ee44b42d32ed","name":"Telinha","image":{"@type":"ImageObject","inLanguage":"pt-PT","@id":"https:\/\/portaltela.pt\/s.01k8rhncp4jt1\/2025\/11\/talking-bot-125x125.png","url":"https:\/\/portaltela.pt\/s.01k8rhncp4jt1\/2025\/11\/talking-bot-125x125.png","contentUrl":"https:\/\/portaltela.pt\/s.01k8rhncp4jt1\/2025\/11\/talking-bot-125x125.png","caption":"Telinha"},"sameAs":["https:\/\/portaltela.pt\/"],"url":"https:\/\/portaltela.pt\/por\/367410592786\/"}]}},"_links":{"self":[{"href":"https:\/\/portaltela.pt\/api\/wp\/v2\/posts\/153266","targetHints":{"allow":["GET"]}}],"collection":[{"href":"https:\/\/portaltela.pt\/api\/wp\/v2\/posts"}],"about":[{"href":"https:\/\/portaltela.pt\/api\/wp\/v2\/types\/post"}],"author":[{"embeddable":true,"href":"https:\/\/portaltela.pt\/api\/wp\/v2\/users\/2"}],"replies":[{"embeddable":true,"href":"https:\/\/portaltela.pt\/api\/wp\/v2\/comments?post=153266"}],"version-history":[{"count":0,"href":"https:\/\/portaltela.pt\/api\/wp\/v2\/posts\/153266\/revisions"}],"wp:featuredmedia":[{"embeddable":true,"href":"https:\/\/portaltela.pt\/api\/wp\/v2\/media\/153271"}],"wp:attachment":[{"href":"https:\/\/portaltela.pt\/api\/wp\/v2\/media?parent=153266"}],"wp:term":[{"taxonomy":"category","embeddable":true,"href":"https:\/\/portaltela.pt\/api\/wp\/v2\/categories?post=153266"},{"taxonomy":"post_tag","embeddable":true,"href":"https:\/\/portaltela.pt\/api\/wp\/v2\/tags?post=153266"}],"curies":[{"name":"wp","href":"https:\/\/api.w.org\/{rel}","templated":true}]}}