{"id":153244,"date":"2026-01-19T12:26:00","date_gmt":"2026-01-19T15:26:00","guid":{"rendered":"https:\/\/portaltela.pt\/noticias\/2026\/01\/19\/roberto-martinez-afirma-que-a-selecao-e-melhor-com-ronaldo\/"},"modified":"2026-01-19T12:26:00","modified_gmt":"2026-01-19T15:26:00","slug":"roberto-martinez-afirma-que-a-selecao-e-melhor-com-ronaldo","status":"publish","type":"post","link":"https:\/\/portaltela.pt\/desporto\/futebol\/2026\/01\/19\/roberto-martinez-afirma-que-a-selecao-e-melhor-com-ronaldo\/","title":{"rendered":"Roberto Mart\u00ednez afirma que a sele\u00e7\u00e3o \u00e9 melhor com Ronaldo"},"content":{"rendered":"<p>Roberto Mart\u00ednez afirmou numa entrevista \u00e0 ESPN Brasil que a Sele\u00e7\u00e3o Nacional funciona melhor com Cristiano Ronaldo em campo. O t\u00e9cnico espanhol destacou o impacto do capit\u00e3o dentro e fora do terreno.<\/p>\n<p>O treinador avaliou o papel de Ronaldo como finalizador e jogador de posi\u00e7\u00e3o, lembrando que o capit\u00e3o tem mais de 220 internacionaliza\u00e7\u00f5es e um historial de influ\u00eancia no balne\u00e1rio. Define-o como o melhor marcador da equipa.<\/p>\n<p>Sobre o desempenho da sele\u00e7\u00e3o no Mundial, Mart\u00ednez n\u00e3o o colocou como favorita absoluta, privilegiando o r\u00f3tulo de candidata. Refor\u00e7ou que, com quase 20 semanas at\u00e9 o in\u00edcio do torneio, les\u00f5es e estrat\u00e9gia podem alterar o panorama.<\/p>\n<p>Ele explicou que o Mundial \u00e9 um evento complexo, com complexidades log\u00edsticas, clim\u00e1ticas e de altitude. Ressaltou a import\u00e2ncia dos tr\u00eas primeiros jogos para distinguir entre candidatas e favoritas.<\/p>\n<p>Cristiano Ronaldo foi elogiado pela evolu\u00e7\u00e3o ao longo da carreira na sele\u00e7\u00e3o, com destaque para a capacidade de abrir espa\u00e7os, atrair marcadores e manter o foco. O t\u00e9cnico real\u00e7ou ainda que Ronaldo continua em alto n\u00edvel, independentemente da idade.<\/p>\n<p>Mart\u00ednez recordou a import\u00e2ncia da experi\u00eancia do capit\u00e3o no balne\u00e1rio, descrevendo o jogador como exemplo de compromisso. Observou que a continuidade de Ronaldo \u00e9 positiva para o grupo e para o desempenho coletivo.<\/p>\n<p>Sobre Diogo Jota, o t\u00e9cnico mencionou a trag\u00e9dia pela perda do jogador e do irm\u00e3o, descrevendo Jota como fonte de uni\u00e3o, foco e motiva\u00e7\u00e3o dentro do vesti\u00e1rio. Encerrou, garantindo que a equipa continua a construir-se em torno desse n\u00facleo.<\/p>\n<p>Perguntado sobre a nacionalidade do treinador, Mart\u00ednez afastou d\u00favidas: para ele, a origem n\u00e3o define compet\u00eancia. Disse que o objetivo atual \u00e9 ajudar Portugal a vencer o Mundial, independentemente de nacionais.<\/p>\n<p>Em defesa do futebol da sele\u00e7\u00e3o, o treinador reconheceu cr\u00edticas, mas destacou n\u00fameros positivos: maior percentagem de golos e pontos por jogo. Considerou o desempenho como prova de uma equipa que gosta de dominar e atacar.<\/p>\n","protected":false},"excerpt":{"rendered":"<ul>\n<li>Roberto Mart\u00ednez afirma que a sele\u00e7\u00e3o \u00e9 melhor com Cristiano Ronaldo, destacando-o como finalizador e como for\u00e7a que contagia o balne\u00e1rio.<\/li>\n<li>O treinador diz que Portugal \u00e9 candidato, n\u00e3o favorito, e que o estatuto pode mudar ao longo do Mundial, com as primeiras tr\u00eas jornadas a serem decisivas.<\/li>\n<li>Ronaldo tem mais de 220 internacionaliza\u00e7\u00f5es e est\u00e1 em boa forma, com 25 golos nos \u00faltimos 30 jogos pela sele\u00e7\u00e3o.<\/li>\n<li>Mart\u00ednez sublinha o compromisso de Ronaldo e a influ\u00eancia no balne\u00e1rio, dizendo que a idade \u00e9 apenas um n\u00famero e ele atrai marcadores e abre espa\u00e7o.<\/li>\n<li>Sobre Diogo Jota, o t\u00e9cnico recordou a trag\u00e9dia de perder o jogador e o irm\u00e3o Andr\u00e9, descrevendo Jota como est\u00edmulo e for\u00e7a para a equipa.<\/li>\n<\/ul>\n","protected":false},"author":2,"featured_media":153249,"comment_status":"closed","ping_status":"closed","sticky":false,"template":"","format":"standard","meta":{"footnotes":""},"categories":[21,24],"tags":[1947,2536,32,198,1014,2057],"class_list":["post-153244","post","type-post","status-publish","format-standard","has-post-thumbnail","hentry","category-desporto","category-futebol","tag-cristiano-ronaldo","tag-diogo-dalot","tag-futebol","tag-golos","tag-portugal","tag-selecao-nacional"],"yoast_head":"<!-- This site is optimized with the Yoast SEO plugin v27.2 - https:\/\/yoast.com\/product\/yoast-seo-wordpress\/ -->\n<title>Roberto Mart\u00ednez afirma que a sele\u00e7\u00e3o \u00e9 melhor com Ronaldo - Portal Tela Portugal<\/title>\n<meta name=\"robots\" content=\"index, follow, max-snippet:-1, max-image-preview:large, max-video-preview:-1\" \/>\n<meta property=\"og:locale\" content=\"pt_PT\" \/>\n<meta property=\"og:type\" content=\"article\" \/>\n<meta property=\"og:title\" content=\"Roberto Mart\u00ednez afirma que a sele\u00e7\u00e3o \u00e9 melhor com Ronaldo - Portal Tela Portugal\" \/>\n<meta property=\"og:description\" content=\"Roberto Mart\u00ednez afirma que a sele\u00e7\u00e3o \u00e9 melhor com Cristiano Ronaldo, destacando-o como finalizador e como for\u00e7a que contagia o balne\u00e1rio. O treinador diz que Portugal \u00e9 candidato, n\u00e3o favorito, e que o estatuto pode mudar ao longo do Mundial, com as primeiras tr\u00eas jornadas a serem decisivas. Ronaldo tem mais de 220 internacionaliza\u00e7\u00f5es e est\u00e1 em boa forma, com 25 golos nos \u00faltimos 30 jogos pela sele\u00e7\u00e3o. Mart\u00ednez sublinha o compromisso de Ronaldo e a influ\u00eancia no balne\u00e1rio, dizendo que a idade \u00e9 apenas um n\u00famero e ele atrai marcadores e abre espa\u00e7o. Sobre Diogo Jota, o t\u00e9cnico recordou a trag\u00e9dia de perder o jogador e o irm\u00e3o Andr\u00e9, descrevendo Jota como est\u00edmulo e for\u00e7a para a equipa.\" \/>\n<meta property=\"og:url\" content=\"https:\/\/portaltela.pt\/noticias\/2026\/01\/19\/roberto-martinez-afirma-que-a-selecao-e-melhor-com-ronaldo\/\" \/>\n<meta property=\"og:site_name\" content=\"Portal Tela Portugal\" \/>\n<meta property=\"article:published_time\" content=\"2026-01-19T15:26:00+00:00\" \/>\n<meta name=\"author\" content=\"Telinha\" \/>\n<meta name=\"twitter:card\" content=\"summary_large_image\" \/>\n<meta name=\"twitter:label1\" content=\"Escrito por\" \/>\n\t<meta name=\"twitter:data1\" content=\"Telinha\" \/>\n\t<meta name=\"twitter:label2\" content=\"Tempo estimado de leitura\" \/>\n\t<meta name=\"twitter:data2\" content=\"2 minutos\" \/>\n<script type=\"application\/ld+json\" class=\"yoast-schema-graph\">{\"@context\":\"https:\/\/schema.org\",\"@graph\":[{\"@type\":\"Article\",\"@id\":\"https:\/\/portaltela.pt\/noticias\/2026\/01\/19\/roberto-martinez-afirma-que-a-selecao-e-melhor-com-ronaldo\/#article\",\"isPartOf\":{\"@id\":\"https:\/\/portaltela.pt\/noticias\/2026\/01\/19\/roberto-martinez-afirma-que-a-selecao-e-melhor-com-ronaldo\/\"},\"author\":{\"name\":\"Telinha\",\"@id\":\"https:\/\/portaltela.pt\/#\/schema\/person\/c4278d4a6028830caff9ee44b42d32ed\"},\"headline\":\"Roberto Mart\u00ednez afirma que a sele\u00e7\u00e3o \u00e9 melhor com Ronaldo\",\"datePublished\":\"2026-01-19T15:26:00+00:00\",\"mainEntityOfPage\":{\"@id\":\"https:\/\/portaltela.pt\/noticias\/2026\/01\/19\/roberto-martinez-afirma-que-a-selecao-e-melhor-com-ronaldo\/\"},\"wordCount\":363,\"image\":{\"@id\":\"https:\/\/portaltela.pt\/noticias\/2026\/01\/19\/roberto-martinez-afirma-que-a-selecao-e-melhor-com-ronaldo\/#primaryimage\"},\"thumbnailUrl\":\"https:\/\/portaltela.pt\/s.01k8rhncp4jt1\/2026\/01\/f7746ddb-ca4e-4234-949f-9bd55793be4b.jpg\",\"keywords\":[\"Cristiano Ronaldo\",\"Diogo Dalot\",\"futebol\",\"golos\",\"Portugal\",\"Sele\u00e7\u00e3o Nacional\"],\"articleSection\":[\"Desporto\",\"Futebol\"],\"inLanguage\":\"pt-PT\"},{\"@type\":\"WebPage\",\"@id\":\"https:\/\/portaltela.pt\/noticias\/2026\/01\/19\/roberto-martinez-afirma-que-a-selecao-e-melhor-com-ronaldo\/\",\"url\":\"https:\/\/portaltela.pt\/noticias\/2026\/01\/19\/roberto-martinez-afirma-que-a-selecao-e-melhor-com-ronaldo\/\",\"name\":\"Roberto Mart\u00ednez afirma que a sele\u00e7\u00e3o \u00e9 melhor com Ronaldo - Portal Tela Portugal\",\"isPartOf\":{\"@id\":\"https:\/\/portaltela.pt\/#website\"},\"primaryImageOfPage\":{\"@id\":\"https:\/\/portaltela.pt\/noticias\/2026\/01\/19\/roberto-martinez-afirma-que-a-selecao-e-melhor-com-ronaldo\/#primaryimage\"},\"image\":{\"@id\":\"https:\/\/portaltela.pt\/noticias\/2026\/01\/19\/roberto-martinez-afirma-que-a-selecao-e-melhor-com-ronaldo\/#primaryimage\"},\"thumbnailUrl\":\"https:\/\/portaltela.pt\/s.01k8rhncp4jt1\/2026\/01\/f7746ddb-ca4e-4234-949f-9bd55793be4b.jpg\",\"datePublished\":\"2026-01-19T15:26:00+00:00\",\"author\":{\"@id\":\"https:\/\/portaltela.pt\/#\/schema\/person\/c4278d4a6028830caff9ee44b42d32ed\"},\"breadcrumb\":{\"@id\":\"https:\/\/portaltela.pt\/noticias\/2026\/01\/19\/roberto-martinez-afirma-que-a-selecao-e-melhor-com-ronaldo\/#breadcrumb\"},\"inLanguage\":\"pt-PT\",\"potentialAction\":[{\"@type\":\"ReadAction\",\"target\":[\"https:\/\/portaltela.pt\/noticias\/2026\/01\/19\/roberto-martinez-afirma-que-a-selecao-e-melhor-com-ronaldo\/\"]}]},{\"@type\":\"ImageObject\",\"inLanguage\":\"pt-PT\",\"@id\":\"https:\/\/portaltela.pt\/noticias\/2026\/01\/19\/roberto-martinez-afirma-que-a-selecao-e-melhor-com-ronaldo\/#primaryimage\",\"url\":\"https:\/\/portaltela.pt\/s.01k8rhncp4jt1\/2026\/01\/f7746ddb-ca4e-4234-949f-9bd55793be4b.jpg\",\"contentUrl\":\"https:\/\/portaltela.pt\/s.01k8rhncp4jt1\/2026\/01\/f7746ddb-ca4e-4234-949f-9bd55793be4b.jpg\",\"width\":796,\"height\":448,\"caption\":\"Roberto Mart\u00ednez e Cristiano Ronaldo - Foto: IMAGO\"},{\"@type\":\"BreadcrumbList\",\"@id\":\"https:\/\/portaltela.pt\/noticias\/2026\/01\/19\/roberto-martinez-afirma-que-a-selecao-e-melhor-com-ronaldo\/#breadcrumb\",\"itemListElement\":[{\"@type\":\"ListItem\",\"position\":1,\"name\":\"In\u00edcio\",\"item\":\"https:\/\/portaltela.pt\/\"},{\"@type\":\"ListItem\",\"position\":2,\"name\":\"Roberto Mart\u00ednez afirma que a sele\u00e7\u00e3o \u00e9 melhor com Ronaldo\"}]},{\"@type\":\"WebSite\",\"@id\":\"https:\/\/portaltela.pt\/#website\",\"url\":\"https:\/\/portaltela.pt\/\",\"name\":\"Portal Tela Portugal\",\"description\":\"\",\"potentialAction\":[{\"@type\":\"SearchAction\",\"target\":{\"@type\":\"EntryPoint\",\"urlTemplate\":\"https:\/\/portaltela.pt\/?s={search_term_string}\"},\"query-input\":{\"@type\":\"PropertyValueSpecification\",\"valueRequired\":true,\"valueName\":\"search_term_string\"}}],\"inLanguage\":\"pt-PT\"},{\"@type\":\"Person\",\"@id\":\"https:\/\/portaltela.pt\/#\/schema\/person\/c4278d4a6028830caff9ee44b42d32ed\",\"name\":\"Telinha\",\"image\":{\"@type\":\"ImageObject\",\"inLanguage\":\"pt-PT\",\"@id\":\"https:\/\/portaltela.pt\/s.01k8rhncp4jt1\/2025\/11\/talking-bot-125x125.png\",\"url\":\"https:\/\/portaltela.pt\/s.01k8rhncp4jt1\/2025\/11\/talking-bot-125x125.png\",\"contentUrl\":\"https:\/\/portaltela.pt\/s.01k8rhncp4jt1\/2025\/11\/talking-bot-125x125.png\",\"caption\":\"Telinha\"},\"sameAs\":[\"https:\/\/portaltela.pt\/\"],\"url\":\"https:\/\/portaltela.pt\/por\/367410592786\/\"}]}<\/script>\n<!-- \/ Yoast SEO plugin. -->","yoast_head_json":{"title":"Roberto Mart\u00ednez afirma que a sele\u00e7\u00e3o \u00e9 melhor com Ronaldo - Portal Tela Portugal","robots":{"index":"index","follow":"follow","max-snippet":"max-snippet:-1","max-image-preview":"max-image-preview:large","max-video-preview":"max-video-preview:-1"},"og_locale":"pt_PT","og_type":"article","og_title":"Roberto Mart\u00ednez afirma que a sele\u00e7\u00e3o \u00e9 melhor com Ronaldo - Portal Tela Portugal","og_description":"Roberto Mart\u00ednez afirma que a sele\u00e7\u00e3o \u00e9 melhor com Cristiano Ronaldo, destacando-o como finalizador e como for\u00e7a que contagia o balne\u00e1rio. O treinador diz que Portugal \u00e9 candidato, n\u00e3o favorito, e que o estatuto pode mudar ao longo do Mundial, com as primeiras tr\u00eas jornadas a serem decisivas. Ronaldo tem mais de 220 internacionaliza\u00e7\u00f5es e est\u00e1 em boa forma, com 25 golos nos \u00faltimos 30 jogos pela sele\u00e7\u00e3o. Mart\u00ednez sublinha o compromisso de Ronaldo e a influ\u00eancia no balne\u00e1rio, dizendo que a idade \u00e9 apenas um n\u00famero e ele atrai marcadores e abre espa\u00e7o. Sobre Diogo Jota, o t\u00e9cnico recordou a trag\u00e9dia de perder o jogador e o irm\u00e3o Andr\u00e9, descrevendo Jota como est\u00edmulo e for\u00e7a para a equipa.","og_url":"https:\/\/portaltela.pt\/noticias\/2026\/01\/19\/roberto-martinez-afirma-que-a-selecao-e-melhor-com-ronaldo\/","og_site_name":"Portal Tela Portugal","article_published_time":"2026-01-19T15:26:00+00:00","author":"Telinha","twitter_card":"summary_large_image","twitter_misc":{"Escrito por":"Telinha","Tempo estimado de leitura":"2 minutos"},"schema":{"@context":"https:\/\/schema.org","@graph":[{"@type":"Article","@id":"https:\/\/portaltela.pt\/noticias\/2026\/01\/19\/roberto-martinez-afirma-que-a-selecao-e-melhor-com-ronaldo\/#article","isPartOf":{"@id":"https:\/\/portaltela.pt\/noticias\/2026\/01\/19\/roberto-martinez-afirma-que-a-selecao-e-melhor-com-ronaldo\/"},"author":{"name":"Telinha","@id":"https:\/\/portaltela.pt\/#\/schema\/person\/c4278d4a6028830caff9ee44b42d32ed"},"headline":"Roberto Mart\u00ednez afirma que a sele\u00e7\u00e3o \u00e9 melhor com Ronaldo","datePublished":"2026-01-19T15:26:00+00:00","mainEntityOfPage":{"@id":"https:\/\/portaltela.pt\/noticias\/2026\/01\/19\/roberto-martinez-afirma-que-a-selecao-e-melhor-com-ronaldo\/"},"wordCount":363,"image":{"@id":"https:\/\/portaltela.pt\/noticias\/2026\/01\/19\/roberto-martinez-afirma-que-a-selecao-e-melhor-com-ronaldo\/#primaryimage"},"thumbnailUrl":"https:\/\/portaltela.pt\/s.01k8rhncp4jt1\/2026\/01\/f7746ddb-ca4e-4234-949f-9bd55793be4b.jpg","keywords":["Cristiano Ronaldo","Diogo Dalot","futebol","golos","Portugal","Sele\u00e7\u00e3o Nacional"],"articleSection":["Desporto","Futebol"],"inLanguage":"pt-PT"},{"@type":"WebPage","@id":"https:\/\/portaltela.pt\/noticias\/2026\/01\/19\/roberto-martinez-afirma-que-a-selecao-e-melhor-com-ronaldo\/","url":"https:\/\/portaltela.pt\/noticias\/2026\/01\/19\/roberto-martinez-afirma-que-a-selecao-e-melhor-com-ronaldo\/","name":"Roberto Mart\u00ednez afirma que a sele\u00e7\u00e3o \u00e9 melhor com Ronaldo - Portal Tela Portugal","isPartOf":{"@id":"https:\/\/portaltela.pt\/#website"},"primaryImageOfPage":{"@id":"https:\/\/portaltela.pt\/noticias\/2026\/01\/19\/roberto-martinez-afirma-que-a-selecao-e-melhor-com-ronaldo\/#primaryimage"},"image":{"@id":"https:\/\/portaltela.pt\/noticias\/2026\/01\/19\/roberto-martinez-afirma-que-a-selecao-e-melhor-com-ronaldo\/#primaryimage"},"thumbnailUrl":"https:\/\/portaltela.pt\/s.01k8rhncp4jt1\/2026\/01\/f7746ddb-ca4e-4234-949f-9bd55793be4b.jpg","datePublished":"2026-01-19T15:26:00+00:00","author":{"@id":"https:\/\/portaltela.pt\/#\/schema\/person\/c4278d4a6028830caff9ee44b42d32ed"},"breadcrumb":{"@id":"https:\/\/portaltela.pt\/noticias\/2026\/01\/19\/roberto-martinez-afirma-que-a-selecao-e-melhor-com-ronaldo\/#breadcrumb"},"inLanguage":"pt-PT","potentialAction":[{"@type":"ReadAction","target":["https:\/\/portaltela.pt\/noticias\/2026\/01\/19\/roberto-martinez-afirma-que-a-selecao-e-melhor-com-ronaldo\/"]}]},{"@type":"ImageObject","inLanguage":"pt-PT","@id":"https:\/\/portaltela.pt\/noticias\/2026\/01\/19\/roberto-martinez-afirma-que-a-selecao-e-melhor-com-ronaldo\/#primaryimage","url":"https:\/\/portaltela.pt\/s.01k8rhncp4jt1\/2026\/01\/f7746ddb-ca4e-4234-949f-9bd55793be4b.jpg","contentUrl":"https:\/\/portaltela.pt\/s.01k8rhncp4jt1\/2026\/01\/f7746ddb-ca4e-4234-949f-9bd55793be4b.jpg","width":796,"height":448,"caption":"Roberto Mart\u00ednez e Cristiano Ronaldo - Foto: IMAGO"},{"@type":"BreadcrumbList","@id":"https:\/\/portaltela.pt\/noticias\/2026\/01\/19\/roberto-martinez-afirma-que-a-selecao-e-melhor-com-ronaldo\/#breadcrumb","itemListElement":[{"@type":"ListItem","position":1,"name":"In\u00edcio","item":"https:\/\/portaltela.pt\/"},{"@type":"ListItem","position":2,"name":"Roberto Mart\u00ednez afirma que a sele\u00e7\u00e3o \u00e9 melhor com Ronaldo"}]},{"@type":"WebSite","@id":"https:\/\/portaltela.pt\/#website","url":"https:\/\/portaltela.pt\/","name":"Portal Tela Portugal","description":"","potentialAction":[{"@type":"SearchAction","target":{"@type":"EntryPoint","urlTemplate":"https:\/\/portaltela.pt\/?s={search_term_string}"},"query-input":{"@type":"PropertyValueSpecification","valueRequired":true,"valueName":"search_term_string"}}],"inLanguage":"pt-PT"},{"@type":"Person","@id":"https:\/\/portaltela.pt\/#\/schema\/person\/c4278d4a6028830caff9ee44b42d32ed","name":"Telinha","image":{"@type":"ImageObject","inLanguage":"pt-PT","@id":"https:\/\/portaltela.pt\/s.01k8rhncp4jt1\/2025\/11\/talking-bot-125x125.png","url":"https:\/\/portaltela.pt\/s.01k8rhncp4jt1\/2025\/11\/talking-bot-125x125.png","contentUrl":"https:\/\/portaltela.pt\/s.01k8rhncp4jt1\/2025\/11\/talking-bot-125x125.png","caption":"Telinha"},"sameAs":["https:\/\/portaltela.pt\/"],"url":"https:\/\/portaltela.pt\/por\/367410592786\/"}]}},"_links":{"self":[{"href":"https:\/\/portaltela.pt\/api\/wp\/v2\/posts\/153244","targetHints":{"allow":["GET"]}}],"collection":[{"href":"https:\/\/portaltela.pt\/api\/wp\/v2\/posts"}],"about":[{"href":"https:\/\/portaltela.pt\/api\/wp\/v2\/types\/post"}],"author":[{"embeddable":true,"href":"https:\/\/portaltela.pt\/api\/wp\/v2\/users\/2"}],"replies":[{"embeddable":true,"href":"https:\/\/portaltela.pt\/api\/wp\/v2\/comments?post=153244"}],"version-history":[{"count":0,"href":"https:\/\/portaltela.pt\/api\/wp\/v2\/posts\/153244\/revisions"}],"wp:featuredmedia":[{"embeddable":true,"href":"https:\/\/portaltela.pt\/api\/wp\/v2\/media\/153249"}],"wp:attachment":[{"href":"https:\/\/portaltela.pt\/api\/wp\/v2\/media?parent=153244"}],"wp:term":[{"taxonomy":"category","embeddable":true,"href":"https:\/\/portaltela.pt\/api\/wp\/v2\/categories?post=153244"},{"taxonomy":"post_tag","embeddable":true,"href":"https:\/\/portaltela.pt\/api\/wp\/v2\/tags?post=153244"}],"curies":[{"name":"wp","href":"https:\/\/api.w.org\/{rel}","templated":true}]}}