{"id":153212,"date":"2026-01-19T12:12:24","date_gmt":"2026-01-19T15:12:24","guid":{"rendered":"https:\/\/portaltela.pt\/noticias\/2026\/01\/19\/redes-de-prostituicao-organizadas-em-aveiro-casos-e-condenacoes\/"},"modified":"2026-01-19T12:12:24","modified_gmt":"2026-01-19T15:12:24","slug":"redes-de-prostituicao-organizadas-em-aveiro-casos-e-condenacoes","status":"publish","type":"post","link":"https:\/\/portaltela.pt\/noticias\/2026\/01\/19\/redes-de-prostituicao-organizadas-em-aveiro-casos-e-condenacoes\/","title":{"rendered":"Redes de prostitui\u00e7\u00e3o organizadas em Aveiro: casos e condena\u00e7\u00f5es"},"content":{"rendered":"<p>A regi\u00e3o de Aveiro tem estado no centro de investiga\u00e7\u00f5es e a\u00e7\u00f5es judiciais relacionadas com prostitui\u00e7\u00e3o organizada e crimes conexos, desde a explora\u00e7\u00e3o de mulheres vulner\u00e1veis at\u00e9 \u00e0 gest\u00e3o de casas de prostitui\u00e7\u00e3o com lucros question\u00e1veis. Funcion\u00e1rios de autoridades policiais t\u00eam coordenado opera\u00e7\u00f5es e contribu\u00eddo para processos criminais com impacto social.<\/p>\n<p>Em 2019, o Servi\u00e7o de Estrangeiros e Fronteiras desmantelou uma rede operando na \u00e1rea de Aveiro e Albergaria-a-Velha, dedicada \u00e0 explora\u00e7\u00e3o sexual de mulheres, maioritariamente romenas. A opera\u00e7\u00e3o El Pibe deteve oito suspeitos, apreendeu bens e libertou dezenas de v\u00edtimas que eram for\u00e7adas a prostituir-se.<\/p>\n<p>Posteriormente, o Minist\u00e9rio P\u00fablico acusou 12 pessoas por crimes como tr\u00e1fico de seres humanos, associa\u00e7\u00e3o criminosa, falsifica\u00e7\u00e3o de documentos e branqueamento de capitais, no \u00e2mbito dessa rede que atuava h\u00e1 v\u00e1rios anos na regi\u00e3o.<\/p>\n<h3>Rede europeia de tr\u00e1fico de mulheres e explora\u00e7\u00e3o sexual<\/h3>\n<p>Em janeiro de 2025, o MP acusou tr\u00eas mulheres de arrendarem apartamentos em Santa Maria da Feira entre 2019 e 2021, onde se praticava prostitui\u00e7\u00e3o. As acusadas s\u00e3o suspeitas de lenoc\u00ednio, com parte da renda destinada \u00e0s exploradoras do esquema.<\/p>\n<p>Em 2024, o Tribunal de Aveiro condenou um casal a pris\u00e3o efetiva por fomentar a prostitui\u00e7\u00e3o e auxiliar a imigra\u00e7\u00e3o ilegal em v\u00e1rios estabelecimentos da regi\u00e3o. O veredicto confirmou a participa\u00e7\u00e3o em atividades organizadas de explora\u00e7\u00e3o de v\u00e1rias mulheres, com artif\u00edcios para ocultar a gest\u00e3o real das casas.<\/p>\n<h3>Debate social e legal<\/h3>\n<p>Estes casos ilustram a linha entre prostitui\u00e7\u00e3o consensual e explora\u00e7\u00e3o organizada. Em Portugal, a prostitui\u00e7\u00e3o n\u00e3o \u00e9 criminada por si, mas o proxenetismo \u00e9 crime. A discuss\u00e3o p\u00fablica envolve direitos humanos, vulnerabilidade social e tr\u00e1fico de seres humanos, com Aveiro a evidenciar que estruturas organisadas podem explorar a fragilidade de pessoas em necessidade.<\/p>\n<p>Os factos judiciais em Aveiro mostram que, embora grande parte da prostitui\u00e7\u00e3o n\u00e3o seja ilegal, as redes que organizam e lucram com a explora\u00e7\u00e3o permanecem sob investiga\u00e7\u00e3o e a\u00e7\u00e3o penal. Condena\u00e7\u00f5es e processos em curso sublinham a import\u00e2ncia de distinguir consentimento de explora\u00e7\u00e3o e de tr\u00e1fico humano.<\/p>\n","protected":false},"excerpt":{"rendered":"<ul>\n<li>Em 2019, o Servi\u00e7o de Estrangeiros e Fronteiras desmantelou a rede \u201cEl Pibe\u201d na regi\u00e3o de Aveiro e Albergaria-a-Velha, com oito deten\u00e7\u00f5es e dezenas de v\u00edtimas libertadas.<\/li>\n<li>O Minist\u00e9rio P\u00fablico acusou doze pessoas por trafficking, associa\u00e7\u00e3o criminosa, falsifica\u00e7\u00e3o de documentos e branqueamento de capitais no \u00e2mbito dessa rede.<\/li>\n<li>Em janeiro de 2025, tr\u00eas mulheres foram acusadas de lenoc\u00ednio por arrendar apartamentos entre 2019 e 2021 onde se praticava prostitui\u00e7\u00e3o em Santa Maria da Feira.<\/li>\n<li>Em 2024, o Tribunal de Aveiro condenou um casal por fomentar a prostitui\u00e7\u00e3o e auxiliar a imigra\u00e7\u00e3o ilegal em v\u00e1rios estabelecimentos da regi\u00e3o.<\/li>\n<li>Os casos evidenciam a linha entre prostitui\u00e7\u00e3o consensual e explora\u00e7\u00e3o organizada, com sociedades a debater direitos, vulnerabilidade e tr\u00e1fico de seres humanos.<\/li>\n<\/ul>\n","protected":false},"author":2,"featured_media":153219,"comment_status":"closed","ping_status":"closed","sticky":false,"template":"","format":"standard","meta":{"footnotes":""},"categories":[1],"tags":[1151,1059,3141,352,473,3475],"class_list":["post-153212","post","type-post","status-publish","format-standard","has-post-thumbnail","hentry","category-noticias","tag-associacao-criminosa","tag-aveiro","tag-lenocinio","tag-organizacao-criminosa","tag-trafico-de-pessoas","tag-trafico-de-seres-humanos"],"yoast_head":"<!-- This site is optimized with the Yoast SEO plugin v27.2 - https:\/\/yoast.com\/product\/yoast-seo-wordpress\/ -->\n<title>Redes de prostitui\u00e7\u00e3o organizadas em Aveiro: casos e condena\u00e7\u00f5es - Portal Tela Portugal<\/title>\n<meta name=\"robots\" content=\"index, follow, max-snippet:-1, max-image-preview:large, max-video-preview:-1\" \/>\n<meta property=\"og:locale\" content=\"pt_PT\" \/>\n<meta property=\"og:type\" content=\"article\" \/>\n<meta property=\"og:title\" content=\"Redes de prostitui\u00e7\u00e3o organizadas em Aveiro: casos e condena\u00e7\u00f5es - Portal Tela Portugal\" \/>\n<meta property=\"og:description\" content=\"Em 2019, o Servi\u00e7o de Estrangeiros e Fronteiras desmantelou a rede \u201cEl Pibe\u201d na regi\u00e3o de Aveiro e Albergaria-a-Velha, com oito deten\u00e7\u00f5es e dezenas de v\u00edtimas libertadas. O Minist\u00e9rio P\u00fablico acusou doze pessoas por trafficking, associa\u00e7\u00e3o criminosa, falsifica\u00e7\u00e3o de documentos e branqueamento de capitais no \u00e2mbito dessa rede. Em janeiro de 2025, tr\u00eas mulheres foram acusadas de lenoc\u00ednio por arrendar apartamentos entre 2019 e 2021 onde se praticava prostitui\u00e7\u00e3o em Santa Maria da Feira. Em 2024, o Tribunal de Aveiro condenou um casal por fomentar a prostitui\u00e7\u00e3o e auxiliar a imigra\u00e7\u00e3o ilegal em v\u00e1rios estabelecimentos da regi\u00e3o. Os casos evidenciam a linha entre prostitui\u00e7\u00e3o consensual e explora\u00e7\u00e3o organizada, com sociedades a debater direitos, vulnerabilidade e tr\u00e1fico de seres humanos.\" \/>\n<meta property=\"og:url\" content=\"https:\/\/portaltela.pt\/noticias\/2026\/01\/19\/redes-de-prostituicao-organizadas-em-aveiro-casos-e-condenacoes\/\" \/>\n<meta property=\"og:site_name\" content=\"Portal Tela Portugal\" \/>\n<meta property=\"article:published_time\" content=\"2026-01-19T15:12:24+00:00\" \/>\n<meta name=\"author\" content=\"Telinha\" \/>\n<meta name=\"twitter:card\" content=\"summary_large_image\" \/>\n<meta name=\"twitter:label1\" content=\"Escrito por\" \/>\n\t<meta name=\"twitter:data1\" content=\"Telinha\" \/>\n\t<meta name=\"twitter:label2\" content=\"Tempo estimado de leitura\" \/>\n\t<meta name=\"twitter:data2\" content=\"2 minutos\" \/>\n<script type=\"application\/ld+json\" class=\"yoast-schema-graph\">{\"@context\":\"https:\/\/schema.org\",\"@graph\":[{\"@type\":\"Article\",\"@id\":\"https:\/\/portaltela.pt\/noticias\/2026\/01\/19\/redes-de-prostituicao-organizadas-em-aveiro-casos-e-condenacoes\/#article\",\"isPartOf\":{\"@id\":\"https:\/\/portaltela.pt\/noticias\/2026\/01\/19\/redes-de-prostituicao-organizadas-em-aveiro-casos-e-condenacoes\/\"},\"author\":{\"name\":\"Telinha\",\"@id\":\"https:\/\/portaltela.pt\/#\/schema\/person\/c4278d4a6028830caff9ee44b42d32ed\"},\"headline\":\"Redes de prostitui\u00e7\u00e3o organizadas em Aveiro: casos e condena\u00e7\u00f5es\",\"datePublished\":\"2026-01-19T15:12:24+00:00\",\"mainEntityOfPage\":{\"@id\":\"https:\/\/portaltela.pt\/noticias\/2026\/01\/19\/redes-de-prostituicao-organizadas-em-aveiro-casos-e-condenacoes\/\"},\"wordCount\":389,\"image\":{\"@id\":\"https:\/\/portaltela.pt\/noticias\/2026\/01\/19\/redes-de-prostituicao-organizadas-em-aveiro-casos-e-condenacoes\/#primaryimage\"},\"thumbnailUrl\":\"https:\/\/portaltela.pt\/s.01k8rhncp4jt1\/2026\/01\/unnamed-file-3870.jpg\",\"keywords\":[\"associa\u00e7\u00e3o criminosa\",\"Aveiro\",\"lenoc\u00ednio\",\"organiza\u00e7\u00e3o criminosa\",\"tr\u00e1fico de pessoas\",\"tr\u00e1fico de seres humanos\"],\"articleSection\":[\"Not\u00edcias\"],\"inLanguage\":\"pt-PT\"},{\"@type\":\"WebPage\",\"@id\":\"https:\/\/portaltela.pt\/noticias\/2026\/01\/19\/redes-de-prostituicao-organizadas-em-aveiro-casos-e-condenacoes\/\",\"url\":\"https:\/\/portaltela.pt\/noticias\/2026\/01\/19\/redes-de-prostituicao-organizadas-em-aveiro-casos-e-condenacoes\/\",\"name\":\"Redes de prostitui\u00e7\u00e3o organizadas em Aveiro: casos e condena\u00e7\u00f5es - Portal Tela Portugal\",\"isPartOf\":{\"@id\":\"https:\/\/portaltela.pt\/#website\"},\"primaryImageOfPage\":{\"@id\":\"https:\/\/portaltela.pt\/noticias\/2026\/01\/19\/redes-de-prostituicao-organizadas-em-aveiro-casos-e-condenacoes\/#primaryimage\"},\"image\":{\"@id\":\"https:\/\/portaltela.pt\/noticias\/2026\/01\/19\/redes-de-prostituicao-organizadas-em-aveiro-casos-e-condenacoes\/#primaryimage\"},\"thumbnailUrl\":\"https:\/\/portaltela.pt\/s.01k8rhncp4jt1\/2026\/01\/unnamed-file-3870.jpg\",\"datePublished\":\"2026-01-19T15:12:24+00:00\",\"author\":{\"@id\":\"https:\/\/portaltela.pt\/#\/schema\/person\/c4278d4a6028830caff9ee44b42d32ed\"},\"breadcrumb\":{\"@id\":\"https:\/\/portaltela.pt\/noticias\/2026\/01\/19\/redes-de-prostituicao-organizadas-em-aveiro-casos-e-condenacoes\/#breadcrumb\"},\"inLanguage\":\"pt-PT\",\"potentialAction\":[{\"@type\":\"ReadAction\",\"target\":[\"https:\/\/portaltela.pt\/noticias\/2026\/01\/19\/redes-de-prostituicao-organizadas-em-aveiro-casos-e-condenacoes\/\"]}]},{\"@type\":\"ImageObject\",\"inLanguage\":\"pt-PT\",\"@id\":\"https:\/\/portaltela.pt\/noticias\/2026\/01\/19\/redes-de-prostituicao-organizadas-em-aveiro-casos-e-condenacoes\/#primaryimage\",\"url\":\"https:\/\/portaltela.pt\/s.01k8rhncp4jt1\/2026\/01\/unnamed-file-3870.jpg\",\"contentUrl\":\"https:\/\/portaltela.pt\/s.01k8rhncp4jt1\/2026\/01\/unnamed-file-3870.jpg\",\"width\":796,\"height\":448,\"caption\":\"Redes organizadas de prostitui\u00e7\u00e3o em Aveiro: casos, investiga\u00e7\u00f5es e condena\u00e7\u00f5es\"},{\"@type\":\"BreadcrumbList\",\"@id\":\"https:\/\/portaltela.pt\/noticias\/2026\/01\/19\/redes-de-prostituicao-organizadas-em-aveiro-casos-e-condenacoes\/#breadcrumb\",\"itemListElement\":[{\"@type\":\"ListItem\",\"position\":1,\"name\":\"In\u00edcio\",\"item\":\"https:\/\/portaltela.pt\/\"},{\"@type\":\"ListItem\",\"position\":2,\"name\":\"Redes de prostitui\u00e7\u00e3o organizadas em Aveiro: casos e condena\u00e7\u00f5es\"}]},{\"@type\":\"WebSite\",\"@id\":\"https:\/\/portaltela.pt\/#website\",\"url\":\"https:\/\/portaltela.pt\/\",\"name\":\"Portal Tela Portugal\",\"description\":\"\",\"potentialAction\":[{\"@type\":\"SearchAction\",\"target\":{\"@type\":\"EntryPoint\",\"urlTemplate\":\"https:\/\/portaltela.pt\/?s={search_term_string}\"},\"query-input\":{\"@type\":\"PropertyValueSpecification\",\"valueRequired\":true,\"valueName\":\"search_term_string\"}}],\"inLanguage\":\"pt-PT\"},{\"@type\":\"Person\",\"@id\":\"https:\/\/portaltela.pt\/#\/schema\/person\/c4278d4a6028830caff9ee44b42d32ed\",\"name\":\"Telinha\",\"image\":{\"@type\":\"ImageObject\",\"inLanguage\":\"pt-PT\",\"@id\":\"https:\/\/portaltela.pt\/s.01k8rhncp4jt1\/2025\/11\/talking-bot-125x125.png\",\"url\":\"https:\/\/portaltela.pt\/s.01k8rhncp4jt1\/2025\/11\/talking-bot-125x125.png\",\"contentUrl\":\"https:\/\/portaltela.pt\/s.01k8rhncp4jt1\/2025\/11\/talking-bot-125x125.png\",\"caption\":\"Telinha\"},\"sameAs\":[\"https:\/\/portaltela.pt\/\"],\"url\":\"https:\/\/portaltela.pt\/por\/367410592786\/\"}]}<\/script>\n<!-- \/ Yoast SEO plugin. -->","yoast_head_json":{"title":"Redes de prostitui\u00e7\u00e3o organizadas em Aveiro: casos e condena\u00e7\u00f5es - Portal Tela Portugal","robots":{"index":"index","follow":"follow","max-snippet":"max-snippet:-1","max-image-preview":"max-image-preview:large","max-video-preview":"max-video-preview:-1"},"og_locale":"pt_PT","og_type":"article","og_title":"Redes de prostitui\u00e7\u00e3o organizadas em Aveiro: casos e condena\u00e7\u00f5es - Portal Tela Portugal","og_description":"Em 2019, o Servi\u00e7o de Estrangeiros e Fronteiras desmantelou a rede \u201cEl Pibe\u201d na regi\u00e3o de Aveiro e Albergaria-a-Velha, com oito deten\u00e7\u00f5es e dezenas de v\u00edtimas libertadas. O Minist\u00e9rio P\u00fablico acusou doze pessoas por trafficking, associa\u00e7\u00e3o criminosa, falsifica\u00e7\u00e3o de documentos e branqueamento de capitais no \u00e2mbito dessa rede. Em janeiro de 2025, tr\u00eas mulheres foram acusadas de lenoc\u00ednio por arrendar apartamentos entre 2019 e 2021 onde se praticava prostitui\u00e7\u00e3o em Santa Maria da Feira. Em 2024, o Tribunal de Aveiro condenou um casal por fomentar a prostitui\u00e7\u00e3o e auxiliar a imigra\u00e7\u00e3o ilegal em v\u00e1rios estabelecimentos da regi\u00e3o. Os casos evidenciam a linha entre prostitui\u00e7\u00e3o consensual e explora\u00e7\u00e3o organizada, com sociedades a debater direitos, vulnerabilidade e tr\u00e1fico de seres humanos.","og_url":"https:\/\/portaltela.pt\/noticias\/2026\/01\/19\/redes-de-prostituicao-organizadas-em-aveiro-casos-e-condenacoes\/","og_site_name":"Portal Tela Portugal","article_published_time":"2026-01-19T15:12:24+00:00","author":"Telinha","twitter_card":"summary_large_image","twitter_misc":{"Escrito por":"Telinha","Tempo estimado de leitura":"2 minutos"},"schema":{"@context":"https:\/\/schema.org","@graph":[{"@type":"Article","@id":"https:\/\/portaltela.pt\/noticias\/2026\/01\/19\/redes-de-prostituicao-organizadas-em-aveiro-casos-e-condenacoes\/#article","isPartOf":{"@id":"https:\/\/portaltela.pt\/noticias\/2026\/01\/19\/redes-de-prostituicao-organizadas-em-aveiro-casos-e-condenacoes\/"},"author":{"name":"Telinha","@id":"https:\/\/portaltela.pt\/#\/schema\/person\/c4278d4a6028830caff9ee44b42d32ed"},"headline":"Redes de prostitui\u00e7\u00e3o organizadas em Aveiro: casos e condena\u00e7\u00f5es","datePublished":"2026-01-19T15:12:24+00:00","mainEntityOfPage":{"@id":"https:\/\/portaltela.pt\/noticias\/2026\/01\/19\/redes-de-prostituicao-organizadas-em-aveiro-casos-e-condenacoes\/"},"wordCount":389,"image":{"@id":"https:\/\/portaltela.pt\/noticias\/2026\/01\/19\/redes-de-prostituicao-organizadas-em-aveiro-casos-e-condenacoes\/#primaryimage"},"thumbnailUrl":"https:\/\/portaltela.pt\/s.01k8rhncp4jt1\/2026\/01\/unnamed-file-3870.jpg","keywords":["associa\u00e7\u00e3o criminosa","Aveiro","lenoc\u00ednio","organiza\u00e7\u00e3o criminosa","tr\u00e1fico de pessoas","tr\u00e1fico de seres humanos"],"articleSection":["Not\u00edcias"],"inLanguage":"pt-PT"},{"@type":"WebPage","@id":"https:\/\/portaltela.pt\/noticias\/2026\/01\/19\/redes-de-prostituicao-organizadas-em-aveiro-casos-e-condenacoes\/","url":"https:\/\/portaltela.pt\/noticias\/2026\/01\/19\/redes-de-prostituicao-organizadas-em-aveiro-casos-e-condenacoes\/","name":"Redes de prostitui\u00e7\u00e3o organizadas em Aveiro: casos e condena\u00e7\u00f5es - Portal Tela Portugal","isPartOf":{"@id":"https:\/\/portaltela.pt\/#website"},"primaryImageOfPage":{"@id":"https:\/\/portaltela.pt\/noticias\/2026\/01\/19\/redes-de-prostituicao-organizadas-em-aveiro-casos-e-condenacoes\/#primaryimage"},"image":{"@id":"https:\/\/portaltela.pt\/noticias\/2026\/01\/19\/redes-de-prostituicao-organizadas-em-aveiro-casos-e-condenacoes\/#primaryimage"},"thumbnailUrl":"https:\/\/portaltela.pt\/s.01k8rhncp4jt1\/2026\/01\/unnamed-file-3870.jpg","datePublished":"2026-01-19T15:12:24+00:00","author":{"@id":"https:\/\/portaltela.pt\/#\/schema\/person\/c4278d4a6028830caff9ee44b42d32ed"},"breadcrumb":{"@id":"https:\/\/portaltela.pt\/noticias\/2026\/01\/19\/redes-de-prostituicao-organizadas-em-aveiro-casos-e-condenacoes\/#breadcrumb"},"inLanguage":"pt-PT","potentialAction":[{"@type":"ReadAction","target":["https:\/\/portaltela.pt\/noticias\/2026\/01\/19\/redes-de-prostituicao-organizadas-em-aveiro-casos-e-condenacoes\/"]}]},{"@type":"ImageObject","inLanguage":"pt-PT","@id":"https:\/\/portaltela.pt\/noticias\/2026\/01\/19\/redes-de-prostituicao-organizadas-em-aveiro-casos-e-condenacoes\/#primaryimage","url":"https:\/\/portaltela.pt\/s.01k8rhncp4jt1\/2026\/01\/unnamed-file-3870.jpg","contentUrl":"https:\/\/portaltela.pt\/s.01k8rhncp4jt1\/2026\/01\/unnamed-file-3870.jpg","width":796,"height":448,"caption":"Redes organizadas de prostitui\u00e7\u00e3o em Aveiro: casos, investiga\u00e7\u00f5es e condena\u00e7\u00f5es"},{"@type":"BreadcrumbList","@id":"https:\/\/portaltela.pt\/noticias\/2026\/01\/19\/redes-de-prostituicao-organizadas-em-aveiro-casos-e-condenacoes\/#breadcrumb","itemListElement":[{"@type":"ListItem","position":1,"name":"In\u00edcio","item":"https:\/\/portaltela.pt\/"},{"@type":"ListItem","position":2,"name":"Redes de prostitui\u00e7\u00e3o organizadas em Aveiro: casos e condena\u00e7\u00f5es"}]},{"@type":"WebSite","@id":"https:\/\/portaltela.pt\/#website","url":"https:\/\/portaltela.pt\/","name":"Portal Tela Portugal","description":"","potentialAction":[{"@type":"SearchAction","target":{"@type":"EntryPoint","urlTemplate":"https:\/\/portaltela.pt\/?s={search_term_string}"},"query-input":{"@type":"PropertyValueSpecification","valueRequired":true,"valueName":"search_term_string"}}],"inLanguage":"pt-PT"},{"@type":"Person","@id":"https:\/\/portaltela.pt\/#\/schema\/person\/c4278d4a6028830caff9ee44b42d32ed","name":"Telinha","image":{"@type":"ImageObject","inLanguage":"pt-PT","@id":"https:\/\/portaltela.pt\/s.01k8rhncp4jt1\/2025\/11\/talking-bot-125x125.png","url":"https:\/\/portaltela.pt\/s.01k8rhncp4jt1\/2025\/11\/talking-bot-125x125.png","contentUrl":"https:\/\/portaltela.pt\/s.01k8rhncp4jt1\/2025\/11\/talking-bot-125x125.png","caption":"Telinha"},"sameAs":["https:\/\/portaltela.pt\/"],"url":"https:\/\/portaltela.pt\/por\/367410592786\/"}]}},"_links":{"self":[{"href":"https:\/\/portaltela.pt\/api\/wp\/v2\/posts\/153212","targetHints":{"allow":["GET"]}}],"collection":[{"href":"https:\/\/portaltela.pt\/api\/wp\/v2\/posts"}],"about":[{"href":"https:\/\/portaltela.pt\/api\/wp\/v2\/types\/post"}],"author":[{"embeddable":true,"href":"https:\/\/portaltela.pt\/api\/wp\/v2\/users\/2"}],"replies":[{"embeddable":true,"href":"https:\/\/portaltela.pt\/api\/wp\/v2\/comments?post=153212"}],"version-history":[{"count":0,"href":"https:\/\/portaltela.pt\/api\/wp\/v2\/posts\/153212\/revisions"}],"wp:featuredmedia":[{"embeddable":true,"href":"https:\/\/portaltela.pt\/api\/wp\/v2\/media\/153219"}],"wp:attachment":[{"href":"https:\/\/portaltela.pt\/api\/wp\/v2\/media?parent=153212"}],"wp:term":[{"taxonomy":"category","embeddable":true,"href":"https:\/\/portaltela.pt\/api\/wp\/v2\/categories?post=153212"},{"taxonomy":"post_tag","embeddable":true,"href":"https:\/\/portaltela.pt\/api\/wp\/v2\/tags?post=153212"}],"curies":[{"name":"wp","href":"https:\/\/api.w.org\/{rel}","templated":true}]}}