{"id":153175,"date":"2026-01-19T11:55:00","date_gmt":"2026-01-19T14:55:00","guid":{"rendered":"https:\/\/portaltela.pt\/noticias\/2026\/01\/19\/policia-detem-suspeito-de-matar-idoso-em-conluio-com-companheiro\/"},"modified":"2026-01-19T11:55:00","modified_gmt":"2026-01-19T14:55:00","slug":"policia-detem-suspeito-de-matar-idoso-em-conluio-com-companheiro","status":"publish","type":"post","link":"https:\/\/portaltela.pt\/noticias\/2026\/01\/19\/policia-detem-suspeito-de-matar-idoso-em-conluio-com-companheiro\/","title":{"rendered":"Pol\u00edcia det\u00e9m suspeito de matar idoso em conluio com companheiro"},"content":{"rendered":"<p>A Pol\u00edcia Judici\u00e1ria deteve uma mulher de 39 anos suspeita de homic\u00eddio de um idoso de 88 anos, cujo corpo foi encontrado num po\u00e7o em Aljustrel. O crime ocorreu na sexta-feira, com o corpo j\u00e1 sendo localizado no concelho do distrito de Beja.<\/p>\n<p>A PJ afirma que a agress\u00e3o ter\u00e1 sido praticada pela mulher em conluio com o companheiro, j\u00e1 detido. O objetivo seria roubar bens que a v\u00edtima tinha em casa, atrav\u00e9s de viol\u00eancia gratuita.<\/p>\n<p>Segundo os investigadores, a v\u00edtima foi morta com um objeto contundente. O corpo foi transportado para um local ermo perto de Ervidel e ocultado no po\u00e7o.<\/p>\n<h3>Investiga\u00e7\u00e3o e deten\u00e7\u00f5es<\/h3>\n<p>A PJ recolheu provas relevantes que sustentaram a emiss\u00e3o de mandados de deten\u00e7\u00e3o fora de flagrante delito, visando a mulher. O companheiro, de 40 anos, j\u00e1 estava sob cust\u00f3dia da GNR, detido pela madrugada de s\u00e1bado por tentativa de roubo.<\/p>\n<p>Na madrugada de s\u00e1bado, o suspeito abordou dois homens num autom\u00f3vel e, sob amea\u00e7a de rev\u00f3lver, exigiu o telem\u00f3vel de um deles. As v\u00edtimas desarmaram-no e imobilizaram-no at\u00e9 a chegada da GNR.<\/p>\n<p>A GNR indicou que o rev\u00f3lver era na verdade uma arma de ar comprimido e que o suspeito trazia uma pistola de airsoft. Ap\u00f3s a deten\u00e7\u00e3o, o homem confessou o homic\u00eddio do idoso \u00e0s autoridades.<\/p>\n<p>No s\u00e1bado, a mulher detida contactou a GNR para relatar o homic\u00eddio, sem confessar envolvimento direto. Os dois detidos dever\u00e3o ser presentes a primeiro interrogat\u00f3rio judicial para eventual coa\u00e7\u00e3o.<\/p>\n<p>O inqu\u00e9rito do homic\u00eddio est\u00e1 a cargo da Procuradoria do Ju\u00edzo de Compet\u00eancia Gen\u00e9rica de Ourique, enquanto o caso de tentativa de roubo est\u00e1 nos DIAP de Ferreira do Alentejo.<\/p>\n","protected":false},"excerpt":{"rendered":"<ul>\n<li>A Pol\u00edcia Judici\u00e1ria deteve uma mulher de 39 anos, suspeita de homic\u00eddio e profana\u00e7\u00e3o de cad\u00e1ver, relacionado com o idoso de 88 anos encontrado num po\u00e7o em Aljustrel.<\/li>\n<li>O crime ocorreu na sexta-feira, em conluio com o companheiro j\u00e1 detido, com a alega\u00e7\u00e3o de roubar bens da v\u00edtima.<\/li>\n<li>A v\u00edtima ter\u00e1 sido agredida com um objeto contundente e o corpo transportado para um local ermo pr\u00f3ximo de Ervidel, oculto num po\u00e7o.<\/li>\n<li>O companheiro, de 40 anos, j\u00e1 estava detido pela GNR por tentativa de roubo no concelho de Ferreira do Alentejo; ter\u00e1 ainda tentado abordar dois homens com uma arma de ar comprimido, e possu\u00eda uma pistola de airsoft.<\/li>\n<li>O homem confessou o homic\u00eddio; a mulher detida contactou a GNR sem confessar participa\u00e7\u00e3o. Ambos v\u00e3o ser presentes a primeiro interrogat\u00f3rio judicial; o inqu\u00e9rito do homic\u00eddio est\u00e1 a cargo da Procuradoria de Ourique, e o de roubo no DIAP de Ferreira do Alentejo.<\/li>\n<\/ul>\n","protected":false},"author":2,"featured_media":153189,"comment_status":"closed","ping_status":"closed","sticky":false,"template":"","format":"standard","meta":{"footnotes":""},"categories":[1],"tags":[883,1325,943,3457,1345,215],"class_list":["post-153175","post","type-post","status-publish","format-standard","has-post-thumbnail","hentry","category-noticias","tag-alentejo","tag-aljustrel","tag-beja","tag-ervidel","tag-homicidio","tag-investigacao"],"yoast_head":"<!-- This site is optimized with the Yoast SEO plugin v27.2 - https:\/\/yoast.com\/product\/yoast-seo-wordpress\/ -->\n<title>Pol\u00edcia det\u00e9m suspeito de matar idoso em conluio com companheiro - Portal Tela Portugal<\/title>\n<meta name=\"robots\" content=\"index, follow, max-snippet:-1, max-image-preview:large, max-video-preview:-1\" \/>\n<meta property=\"og:locale\" content=\"pt_PT\" \/>\n<meta property=\"og:type\" content=\"article\" \/>\n<meta property=\"og:title\" content=\"Pol\u00edcia det\u00e9m suspeito de matar idoso em conluio com companheiro - Portal Tela Portugal\" \/>\n<meta property=\"og:description\" content=\"A Pol\u00edcia Judici\u00e1ria deteve uma mulher de 39 anos, suspeita de homic\u00eddio e profana\u00e7\u00e3o de cad\u00e1ver, relacionado com o idoso de 88 anos encontrado num po\u00e7o em Aljustrel. O crime ocorreu na sexta-feira, em conluio com o companheiro j\u00e1 detido, com a alega\u00e7\u00e3o de roubar bens da v\u00edtima. A v\u00edtima ter\u00e1 sido agredida com um objeto contundente e o corpo transportado para um local ermo pr\u00f3ximo de Ervidel, oculto num po\u00e7o. O companheiro, de 40 anos, j\u00e1 estava detido pela GNR por tentativa de roubo no concelho de Ferreira do Alentejo; ter\u00e1 ainda tentado abordar dois homens com uma arma de ar comprimido, e possu\u00eda uma pistola de airsoft. O homem confessou o homic\u00eddio; a mulher detida contactou a GNR sem confessar participa\u00e7\u00e3o. Ambos v\u00e3o ser presentes a primeiro interrogat\u00f3rio judicial; o inqu\u00e9rito do homic\u00eddio est\u00e1 a cargo da Procuradoria de Ourique, e o de roubo no DIAP de Ferreira do Alentejo.\" \/>\n<meta property=\"og:url\" content=\"https:\/\/portaltela.pt\/noticias\/2026\/01\/19\/policia-detem-suspeito-de-matar-idoso-em-conluio-com-companheiro\/\" \/>\n<meta property=\"og:site_name\" content=\"Portal Tela Portugal\" \/>\n<meta property=\"article:published_time\" content=\"2026-01-19T14:55:00+00:00\" \/>\n<meta name=\"author\" content=\"Telinha\" \/>\n<meta name=\"twitter:card\" content=\"summary_large_image\" \/>\n<meta name=\"twitter:label1\" content=\"Escrito por\" \/>\n\t<meta name=\"twitter:data1\" content=\"Telinha\" \/>\n\t<meta name=\"twitter:label2\" content=\"Tempo estimado de leitura\" \/>\n\t<meta name=\"twitter:data2\" content=\"2 minutos\" \/>\n<script type=\"application\/ld+json\" class=\"yoast-schema-graph\">{\"@context\":\"https:\/\/schema.org\",\"@graph\":[{\"@type\":\"Article\",\"@id\":\"https:\/\/portaltela.pt\/noticias\/2026\/01\/19\/policia-detem-suspeito-de-matar-idoso-em-conluio-com-companheiro\/#article\",\"isPartOf\":{\"@id\":\"https:\/\/portaltela.pt\/noticias\/2026\/01\/19\/policia-detem-suspeito-de-matar-idoso-em-conluio-com-companheiro\/\"},\"author\":{\"name\":\"Telinha\",\"@id\":\"https:\/\/portaltela.pt\/#\/schema\/person\/c4278d4a6028830caff9ee44b42d32ed\"},\"headline\":\"Pol\u00edcia det\u00e9m suspeito de matar idoso em conluio com companheiro\",\"datePublished\":\"2026-01-19T14:55:00+00:00\",\"mainEntityOfPage\":{\"@id\":\"https:\/\/portaltela.pt\/noticias\/2026\/01\/19\/policia-detem-suspeito-de-matar-idoso-em-conluio-com-companheiro\/\"},\"wordCount\":316,\"image\":{\"@id\":\"https:\/\/portaltela.pt\/noticias\/2026\/01\/19\/policia-detem-suspeito-de-matar-idoso-em-conluio-com-companheiro\/#primaryimage\"},\"thumbnailUrl\":\"https:\/\/portaltela.pt\/s.01k8rhncp4jt1\/2026\/01\/unnamed-file-3866.jpg\",\"keywords\":[\"Alentejo\",\"Aljustrel\",\"Beja\",\"Ervidel\",\"homic\u00eddio\",\"investiga\u00e7\u00e3o\"],\"articleSection\":[\"Not\u00edcias\"],\"inLanguage\":\"pt-PT\"},{\"@type\":\"WebPage\",\"@id\":\"https:\/\/portaltela.pt\/noticias\/2026\/01\/19\/policia-detem-suspeito-de-matar-idoso-em-conluio-com-companheiro\/\",\"url\":\"https:\/\/portaltela.pt\/noticias\/2026\/01\/19\/policia-detem-suspeito-de-matar-idoso-em-conluio-com-companheiro\/\",\"name\":\"Pol\u00edcia det\u00e9m suspeito de matar idoso em conluio com companheiro - Portal Tela Portugal\",\"isPartOf\":{\"@id\":\"https:\/\/portaltela.pt\/#website\"},\"primaryImageOfPage\":{\"@id\":\"https:\/\/portaltela.pt\/noticias\/2026\/01\/19\/policia-detem-suspeito-de-matar-idoso-em-conluio-com-companheiro\/#primaryimage\"},\"image\":{\"@id\":\"https:\/\/portaltela.pt\/noticias\/2026\/01\/19\/policia-detem-suspeito-de-matar-idoso-em-conluio-com-companheiro\/#primaryimage\"},\"thumbnailUrl\":\"https:\/\/portaltela.pt\/s.01k8rhncp4jt1\/2026\/01\/unnamed-file-3866.jpg\",\"datePublished\":\"2026-01-19T14:55:00+00:00\",\"author\":{\"@id\":\"https:\/\/portaltela.pt\/#\/schema\/person\/c4278d4a6028830caff9ee44b42d32ed\"},\"breadcrumb\":{\"@id\":\"https:\/\/portaltela.pt\/noticias\/2026\/01\/19\/policia-detem-suspeito-de-matar-idoso-em-conluio-com-companheiro\/#breadcrumb\"},\"inLanguage\":\"pt-PT\",\"potentialAction\":[{\"@type\":\"ReadAction\",\"target\":[\"https:\/\/portaltela.pt\/noticias\/2026\/01\/19\/policia-detem-suspeito-de-matar-idoso-em-conluio-com-companheiro\/\"]}]},{\"@type\":\"ImageObject\",\"inLanguage\":\"pt-PT\",\"@id\":\"https:\/\/portaltela.pt\/noticias\/2026\/01\/19\/policia-detem-suspeito-de-matar-idoso-em-conluio-com-companheiro\/#primaryimage\",\"url\":\"https:\/\/portaltela.pt\/s.01k8rhncp4jt1\/2026\/01\/unnamed-file-3866.jpg\",\"contentUrl\":\"https:\/\/portaltela.pt\/s.01k8rhncp4jt1\/2026\/01\/unnamed-file-3866.jpg\",\"width\":796,\"height\":448,\"caption\":\"Opera\u00e7\u00e3o coordenada pela Interpol, com participa\u00e7\u00e3o da PJ, aconteceu na Am\u00e9rica Latina, Cara\u00edbas e Europa e juntou autoridades de 17 pa\u00edses.\"},{\"@type\":\"BreadcrumbList\",\"@id\":\"https:\/\/portaltela.pt\/noticias\/2026\/01\/19\/policia-detem-suspeito-de-matar-idoso-em-conluio-com-companheiro\/#breadcrumb\",\"itemListElement\":[{\"@type\":\"ListItem\",\"position\":1,\"name\":\"In\u00edcio\",\"item\":\"https:\/\/portaltela.pt\/\"},{\"@type\":\"ListItem\",\"position\":2,\"name\":\"Pol\u00edcia det\u00e9m suspeito de matar idoso em conluio com companheiro\"}]},{\"@type\":\"WebSite\",\"@id\":\"https:\/\/portaltela.pt\/#website\",\"url\":\"https:\/\/portaltela.pt\/\",\"name\":\"Portal Tela Portugal\",\"description\":\"\",\"potentialAction\":[{\"@type\":\"SearchAction\",\"target\":{\"@type\":\"EntryPoint\",\"urlTemplate\":\"https:\/\/portaltela.pt\/?s={search_term_string}\"},\"query-input\":{\"@type\":\"PropertyValueSpecification\",\"valueRequired\":true,\"valueName\":\"search_term_string\"}}],\"inLanguage\":\"pt-PT\"},{\"@type\":\"Person\",\"@id\":\"https:\/\/portaltela.pt\/#\/schema\/person\/c4278d4a6028830caff9ee44b42d32ed\",\"name\":\"Telinha\",\"image\":{\"@type\":\"ImageObject\",\"inLanguage\":\"pt-PT\",\"@id\":\"https:\/\/portaltela.pt\/s.01k8rhncp4jt1\/2025\/11\/talking-bot-125x125.png\",\"url\":\"https:\/\/portaltela.pt\/s.01k8rhncp4jt1\/2025\/11\/talking-bot-125x125.png\",\"contentUrl\":\"https:\/\/portaltela.pt\/s.01k8rhncp4jt1\/2025\/11\/talking-bot-125x125.png\",\"caption\":\"Telinha\"},\"sameAs\":[\"https:\/\/portaltela.pt\/\"],\"url\":\"https:\/\/portaltela.pt\/por\/367410592786\/\"}]}<\/script>\n<!-- \/ Yoast SEO plugin. -->","yoast_head_json":{"title":"Pol\u00edcia det\u00e9m suspeito de matar idoso em conluio com companheiro - Portal Tela Portugal","robots":{"index":"index","follow":"follow","max-snippet":"max-snippet:-1","max-image-preview":"max-image-preview:large","max-video-preview":"max-video-preview:-1"},"og_locale":"pt_PT","og_type":"article","og_title":"Pol\u00edcia det\u00e9m suspeito de matar idoso em conluio com companheiro - Portal Tela Portugal","og_description":"A Pol\u00edcia Judici\u00e1ria deteve uma mulher de 39 anos, suspeita de homic\u00eddio e profana\u00e7\u00e3o de cad\u00e1ver, relacionado com o idoso de 88 anos encontrado num po\u00e7o em Aljustrel. O crime ocorreu na sexta-feira, em conluio com o companheiro j\u00e1 detido, com a alega\u00e7\u00e3o de roubar bens da v\u00edtima. A v\u00edtima ter\u00e1 sido agredida com um objeto contundente e o corpo transportado para um local ermo pr\u00f3ximo de Ervidel, oculto num po\u00e7o. O companheiro, de 40 anos, j\u00e1 estava detido pela GNR por tentativa de roubo no concelho de Ferreira do Alentejo; ter\u00e1 ainda tentado abordar dois homens com uma arma de ar comprimido, e possu\u00eda uma pistola de airsoft. O homem confessou o homic\u00eddio; a mulher detida contactou a GNR sem confessar participa\u00e7\u00e3o. Ambos v\u00e3o ser presentes a primeiro interrogat\u00f3rio judicial; o inqu\u00e9rito do homic\u00eddio est\u00e1 a cargo da Procuradoria de Ourique, e o de roubo no DIAP de Ferreira do Alentejo.","og_url":"https:\/\/portaltela.pt\/noticias\/2026\/01\/19\/policia-detem-suspeito-de-matar-idoso-em-conluio-com-companheiro\/","og_site_name":"Portal Tela Portugal","article_published_time":"2026-01-19T14:55:00+00:00","author":"Telinha","twitter_card":"summary_large_image","twitter_misc":{"Escrito por":"Telinha","Tempo estimado de leitura":"2 minutos"},"schema":{"@context":"https:\/\/schema.org","@graph":[{"@type":"Article","@id":"https:\/\/portaltela.pt\/noticias\/2026\/01\/19\/policia-detem-suspeito-de-matar-idoso-em-conluio-com-companheiro\/#article","isPartOf":{"@id":"https:\/\/portaltela.pt\/noticias\/2026\/01\/19\/policia-detem-suspeito-de-matar-idoso-em-conluio-com-companheiro\/"},"author":{"name":"Telinha","@id":"https:\/\/portaltela.pt\/#\/schema\/person\/c4278d4a6028830caff9ee44b42d32ed"},"headline":"Pol\u00edcia det\u00e9m suspeito de matar idoso em conluio com companheiro","datePublished":"2026-01-19T14:55:00+00:00","mainEntityOfPage":{"@id":"https:\/\/portaltela.pt\/noticias\/2026\/01\/19\/policia-detem-suspeito-de-matar-idoso-em-conluio-com-companheiro\/"},"wordCount":316,"image":{"@id":"https:\/\/portaltela.pt\/noticias\/2026\/01\/19\/policia-detem-suspeito-de-matar-idoso-em-conluio-com-companheiro\/#primaryimage"},"thumbnailUrl":"https:\/\/portaltela.pt\/s.01k8rhncp4jt1\/2026\/01\/unnamed-file-3866.jpg","keywords":["Alentejo","Aljustrel","Beja","Ervidel","homic\u00eddio","investiga\u00e7\u00e3o"],"articleSection":["Not\u00edcias"],"inLanguage":"pt-PT"},{"@type":"WebPage","@id":"https:\/\/portaltela.pt\/noticias\/2026\/01\/19\/policia-detem-suspeito-de-matar-idoso-em-conluio-com-companheiro\/","url":"https:\/\/portaltela.pt\/noticias\/2026\/01\/19\/policia-detem-suspeito-de-matar-idoso-em-conluio-com-companheiro\/","name":"Pol\u00edcia det\u00e9m suspeito de matar idoso em conluio com companheiro - Portal Tela Portugal","isPartOf":{"@id":"https:\/\/portaltela.pt\/#website"},"primaryImageOfPage":{"@id":"https:\/\/portaltela.pt\/noticias\/2026\/01\/19\/policia-detem-suspeito-de-matar-idoso-em-conluio-com-companheiro\/#primaryimage"},"image":{"@id":"https:\/\/portaltela.pt\/noticias\/2026\/01\/19\/policia-detem-suspeito-de-matar-idoso-em-conluio-com-companheiro\/#primaryimage"},"thumbnailUrl":"https:\/\/portaltela.pt\/s.01k8rhncp4jt1\/2026\/01\/unnamed-file-3866.jpg","datePublished":"2026-01-19T14:55:00+00:00","author":{"@id":"https:\/\/portaltela.pt\/#\/schema\/person\/c4278d4a6028830caff9ee44b42d32ed"},"breadcrumb":{"@id":"https:\/\/portaltela.pt\/noticias\/2026\/01\/19\/policia-detem-suspeito-de-matar-idoso-em-conluio-com-companheiro\/#breadcrumb"},"inLanguage":"pt-PT","potentialAction":[{"@type":"ReadAction","target":["https:\/\/portaltela.pt\/noticias\/2026\/01\/19\/policia-detem-suspeito-de-matar-idoso-em-conluio-com-companheiro\/"]}]},{"@type":"ImageObject","inLanguage":"pt-PT","@id":"https:\/\/portaltela.pt\/noticias\/2026\/01\/19\/policia-detem-suspeito-de-matar-idoso-em-conluio-com-companheiro\/#primaryimage","url":"https:\/\/portaltela.pt\/s.01k8rhncp4jt1\/2026\/01\/unnamed-file-3866.jpg","contentUrl":"https:\/\/portaltela.pt\/s.01k8rhncp4jt1\/2026\/01\/unnamed-file-3866.jpg","width":796,"height":448,"caption":"Opera\u00e7\u00e3o coordenada pela Interpol, com participa\u00e7\u00e3o da PJ, aconteceu na Am\u00e9rica Latina, Cara\u00edbas e Europa e juntou autoridades de 17 pa\u00edses."},{"@type":"BreadcrumbList","@id":"https:\/\/portaltela.pt\/noticias\/2026\/01\/19\/policia-detem-suspeito-de-matar-idoso-em-conluio-com-companheiro\/#breadcrumb","itemListElement":[{"@type":"ListItem","position":1,"name":"In\u00edcio","item":"https:\/\/portaltela.pt\/"},{"@type":"ListItem","position":2,"name":"Pol\u00edcia det\u00e9m suspeito de matar idoso em conluio com companheiro"}]},{"@type":"WebSite","@id":"https:\/\/portaltela.pt\/#website","url":"https:\/\/portaltela.pt\/","name":"Portal Tela Portugal","description":"","potentialAction":[{"@type":"SearchAction","target":{"@type":"EntryPoint","urlTemplate":"https:\/\/portaltela.pt\/?s={search_term_string}"},"query-input":{"@type":"PropertyValueSpecification","valueRequired":true,"valueName":"search_term_string"}}],"inLanguage":"pt-PT"},{"@type":"Person","@id":"https:\/\/portaltela.pt\/#\/schema\/person\/c4278d4a6028830caff9ee44b42d32ed","name":"Telinha","image":{"@type":"ImageObject","inLanguage":"pt-PT","@id":"https:\/\/portaltela.pt\/s.01k8rhncp4jt1\/2025\/11\/talking-bot-125x125.png","url":"https:\/\/portaltela.pt\/s.01k8rhncp4jt1\/2025\/11\/talking-bot-125x125.png","contentUrl":"https:\/\/portaltela.pt\/s.01k8rhncp4jt1\/2025\/11\/talking-bot-125x125.png","caption":"Telinha"},"sameAs":["https:\/\/portaltela.pt\/"],"url":"https:\/\/portaltela.pt\/por\/367410592786\/"}]}},"_links":{"self":[{"href":"https:\/\/portaltela.pt\/api\/wp\/v2\/posts\/153175","targetHints":{"allow":["GET"]}}],"collection":[{"href":"https:\/\/portaltela.pt\/api\/wp\/v2\/posts"}],"about":[{"href":"https:\/\/portaltela.pt\/api\/wp\/v2\/types\/post"}],"author":[{"embeddable":true,"href":"https:\/\/portaltela.pt\/api\/wp\/v2\/users\/2"}],"replies":[{"embeddable":true,"href":"https:\/\/portaltela.pt\/api\/wp\/v2\/comments?post=153175"}],"version-history":[{"count":0,"href":"https:\/\/portaltela.pt\/api\/wp\/v2\/posts\/153175\/revisions"}],"wp:featuredmedia":[{"embeddable":true,"href":"https:\/\/portaltela.pt\/api\/wp\/v2\/media\/153189"}],"wp:attachment":[{"href":"https:\/\/portaltela.pt\/api\/wp\/v2\/media?parent=153175"}],"wp:term":[{"taxonomy":"category","embeddable":true,"href":"https:\/\/portaltela.pt\/api\/wp\/v2\/categories?post=153175"},{"taxonomy":"post_tag","embeddable":true,"href":"https:\/\/portaltela.pt\/api\/wp\/v2\/tags?post=153175"}],"curies":[{"name":"wp","href":"https:\/\/api.w.org\/{rel}","templated":true}]}}