{"id":153167,"date":"2026-01-19T11:57:14","date_gmt":"2026-01-19T14:57:14","guid":{"rendered":"https:\/\/portaltela.pt\/noticias\/2026\/01\/19\/homem-em-prisao-preventiva-por-violencia-domestica-em-sousel\/"},"modified":"2026-01-19T11:57:14","modified_gmt":"2026-01-19T14:57:14","slug":"homem-em-prisao-preventiva-por-violencia-domestica-em-sousel","status":"publish","type":"post","link":"https:\/\/portaltela.pt\/noticias\/2026\/01\/19\/homem-em-prisao-preventiva-por-violencia-domestica-em-sousel\/","title":{"rendered":"Homem em pris\u00e3o preventiva por viol\u00eancia dom\u00e9stica em Sousel"},"content":{"rendered":"<p>Um homem de 45 anos foi detido no dia 15 de janeiro, no concelho de Sousel, suspeito de viol\u00eancia dom\u00e9stica. A a\u00e7\u00e3o foi realizada pelo N\u00facleo de Investiga\u00e7\u00e3o e Apoio a V\u00edtimas Espec\u00edficas (NIAVE) do Comando Territorial de Portalegre da GNR.<\/p>\n<p>A investiga\u00e7\u00e3o revelou viol\u00eancia psicol\u00f3gica e f\u00edsica exercida sobre a companheira de 50 anos e sobre a filha da v\u00edtima. Seguiu-se o cumprimento de um mandado de deten\u00e7\u00e3o fora de flagrante delito, resultando na deten\u00e7\u00e3o do suspeito.<\/p>\n<p>No dia 16 de janeiro, o homem foi presente ao Tribunal Judicial de Fronteira. Foram-lhe aplicadas as medidas de coa\u00e7\u00e3o de pris\u00e3o preventiva e de proibi\u00e7\u00e3o de contacto, por qualquer meio, com as v\u00edtimas.<\/p>\n","protected":false},"excerpt":{"rendered":"<ul>\n<li>Um homem de 45 anos foi detido no dia 15 de janeiro, no concelho de Sousel, por suspeitas de viol\u00eancia dom\u00e9stica, pela Guarda Nacional Republicana (GNR).<\/li>\n<li>A deten\u00e7\u00e3o foi efetuada pelo N\u00facleo de Investiga\u00e7\u00e3o e de Apoio a V\u00edtimas Espec\u00edficas (NIAVE) do Comando Territorial de Portalegre.<\/li>\n<li>A investiga\u00e7\u00e3o aponta viol\u00eancia psicol\u00f3gica e f\u00edsica contra a companheira, de 50 anos, bem como contra a filha desta.<\/li>\n<li>Foi cumprido um mandado de deten\u00e7\u00e3o fora de flagrante delito, resultando na deten\u00e7\u00e3o do suspeito.<\/li>\n<li>No dia 16 de janeiro, o homem foi presente ao Tribunal Judicial de Fronteira, tendo-lhe sido aplicadas as medidas de pris\u00e3o preventiva e de proibi\u00e7\u00e3o de contacto com as v\u00edtimas.<\/li>\n<\/ul>\n","protected":false},"author":2,"featured_media":153176,"comment_status":"closed","ping_status":"closed","sticky":false,"template":"","format":"standard","meta":{"footnotes":""},"categories":[1],"tags":[1542,2876,1380,3473,1075,214],"class_list":["post-153167","post","type-post","status-publish","format-standard","has-post-thumbnail","hentry","category-noticias","tag-coacao","tag-detencoes","tag-gnr","tag-niave","tag-portalegre","tag-violencia-domestica"],"yoast_head":"<!-- This site is optimized with the Yoast SEO plugin v27.2 - https:\/\/yoast.com\/product\/yoast-seo-wordpress\/ -->\n<title>Homem em pris\u00e3o preventiva por viol\u00eancia dom\u00e9stica em Sousel - Portal Tela Portugal<\/title>\n<meta name=\"robots\" content=\"index, follow, max-snippet:-1, max-image-preview:large, max-video-preview:-1\" \/>\n<meta property=\"og:locale\" content=\"pt_PT\" \/>\n<meta property=\"og:type\" content=\"article\" \/>\n<meta property=\"og:title\" content=\"Homem em pris\u00e3o preventiva por viol\u00eancia dom\u00e9stica em Sousel - Portal Tela Portugal\" \/>\n<meta property=\"og:description\" content=\"Um homem de 45 anos foi detido no dia 15 de janeiro, no concelho de Sousel, por suspeitas de viol\u00eancia dom\u00e9stica, pela Guarda Nacional Republicana (GNR). A deten\u00e7\u00e3o foi efetuada pelo N\u00facleo de Investiga\u00e7\u00e3o e de Apoio a V\u00edtimas Espec\u00edficas (NIAVE) do Comando Territorial de Portalegre. A investiga\u00e7\u00e3o aponta viol\u00eancia psicol\u00f3gica e f\u00edsica contra a companheira, de 50 anos, bem como contra a filha desta. Foi cumprido um mandado de deten\u00e7\u00e3o fora de flagrante delito, resultando na deten\u00e7\u00e3o do suspeito. No dia 16 de janeiro, o homem foi presente ao Tribunal Judicial de Fronteira, tendo-lhe sido aplicadas as medidas de pris\u00e3o preventiva e de proibi\u00e7\u00e3o de contacto com as v\u00edtimas.\" \/>\n<meta property=\"og:url\" content=\"https:\/\/portaltela.pt\/noticias\/2026\/01\/19\/homem-em-prisao-preventiva-por-violencia-domestica-em-sousel\/\" \/>\n<meta property=\"og:site_name\" content=\"Portal Tela Portugal\" \/>\n<meta property=\"article:published_time\" content=\"2026-01-19T14:57:14+00:00\" \/>\n<meta name=\"author\" content=\"Telinha\" \/>\n<meta name=\"twitter:card\" content=\"summary_large_image\" \/>\n<meta name=\"twitter:label1\" content=\"Escrito por\" \/>\n\t<meta name=\"twitter:data1\" content=\"Telinha\" \/>\n\t<meta name=\"twitter:label2\" content=\"Tempo estimado de leitura\" \/>\n\t<meta name=\"twitter:data2\" content=\"1 minuto\" \/>\n<script type=\"application\/ld+json\" class=\"yoast-schema-graph\">{\"@context\":\"https:\/\/schema.org\",\"@graph\":[{\"@type\":\"Article\",\"@id\":\"https:\/\/portaltela.pt\/noticias\/2026\/01\/19\/homem-em-prisao-preventiva-por-violencia-domestica-em-sousel\/#article\",\"isPartOf\":{\"@id\":\"https:\/\/portaltela.pt\/noticias\/2026\/01\/19\/homem-em-prisao-preventiva-por-violencia-domestica-em-sousel\/\"},\"author\":{\"name\":\"Telinha\",\"@id\":\"https:\/\/portaltela.pt\/#\/schema\/person\/c4278d4a6028830caff9ee44b42d32ed\"},\"headline\":\"Homem em pris\u00e3o preventiva por viol\u00eancia dom\u00e9stica em Sousel\",\"datePublished\":\"2026-01-19T14:57:14+00:00\",\"mainEntityOfPage\":{\"@id\":\"https:\/\/portaltela.pt\/noticias\/2026\/01\/19\/homem-em-prisao-preventiva-por-violencia-domestica-em-sousel\/\"},\"wordCount\":138,\"image\":{\"@id\":\"https:\/\/portaltela.pt\/noticias\/2026\/01\/19\/homem-em-prisao-preventiva-por-violencia-domestica-em-sousel\/#primaryimage\"},\"thumbnailUrl\":\"https:\/\/portaltela.pt\/s.01k8rhncp4jt1\/2026\/01\/naom_61dd39a4468a6.jpg\",\"keywords\":[\"coa\u00e7\u00e3o\",\"deten\u00e7\u00f5es\",\"GNR\",\"NIAVE\",\"Portalegre\",\"viol\u00eancia dom\u00e9stica\"],\"articleSection\":[\"Not\u00edcias\"],\"inLanguage\":\"pt-PT\"},{\"@type\":\"WebPage\",\"@id\":\"https:\/\/portaltela.pt\/noticias\/2026\/01\/19\/homem-em-prisao-preventiva-por-violencia-domestica-em-sousel\/\",\"url\":\"https:\/\/portaltela.pt\/noticias\/2026\/01\/19\/homem-em-prisao-preventiva-por-violencia-domestica-em-sousel\/\",\"name\":\"Homem em pris\u00e3o preventiva por viol\u00eancia dom\u00e9stica em Sousel - Portal Tela Portugal\",\"isPartOf\":{\"@id\":\"https:\/\/portaltela.pt\/#website\"},\"primaryImageOfPage\":{\"@id\":\"https:\/\/portaltela.pt\/noticias\/2026\/01\/19\/homem-em-prisao-preventiva-por-violencia-domestica-em-sousel\/#primaryimage\"},\"image\":{\"@id\":\"https:\/\/portaltela.pt\/noticias\/2026\/01\/19\/homem-em-prisao-preventiva-por-violencia-domestica-em-sousel\/#primaryimage\"},\"thumbnailUrl\":\"https:\/\/portaltela.pt\/s.01k8rhncp4jt1\/2026\/01\/naom_61dd39a4468a6.jpg\",\"datePublished\":\"2026-01-19T14:57:14+00:00\",\"author\":{\"@id\":\"https:\/\/portaltela.pt\/#\/schema\/person\/c4278d4a6028830caff9ee44b42d32ed\"},\"breadcrumb\":{\"@id\":\"https:\/\/portaltela.pt\/noticias\/2026\/01\/19\/homem-em-prisao-preventiva-por-violencia-domestica-em-sousel\/#breadcrumb\"},\"inLanguage\":\"pt-PT\",\"potentialAction\":[{\"@type\":\"ReadAction\",\"target\":[\"https:\/\/portaltela.pt\/noticias\/2026\/01\/19\/homem-em-prisao-preventiva-por-violencia-domestica-em-sousel\/\"]}]},{\"@type\":\"ImageObject\",\"inLanguage\":\"pt-PT\",\"@id\":\"https:\/\/portaltela.pt\/noticias\/2026\/01\/19\/homem-em-prisao-preventiva-por-violencia-domestica-em-sousel\/#primaryimage\",\"url\":\"https:\/\/portaltela.pt\/s.01k8rhncp4jt1\/2026\/01\/naom_61dd39a4468a6.jpg\",\"contentUrl\":\"https:\/\/portaltela.pt\/s.01k8rhncp4jt1\/2026\/01\/naom_61dd39a4468a6.jpg\",\"width\":796,\"height\":448,\"caption\":\"Homem em pris\u00e3o preventiva por viol\u00eancia dom\u00e9stica em Sousel\"},{\"@type\":\"BreadcrumbList\",\"@id\":\"https:\/\/portaltela.pt\/noticias\/2026\/01\/19\/homem-em-prisao-preventiva-por-violencia-domestica-em-sousel\/#breadcrumb\",\"itemListElement\":[{\"@type\":\"ListItem\",\"position\":1,\"name\":\"In\u00edcio\",\"item\":\"https:\/\/portaltela.pt\/\"},{\"@type\":\"ListItem\",\"position\":2,\"name\":\"Homem em pris\u00e3o preventiva por viol\u00eancia dom\u00e9stica em Sousel\"}]},{\"@type\":\"WebSite\",\"@id\":\"https:\/\/portaltela.pt\/#website\",\"url\":\"https:\/\/portaltela.pt\/\",\"name\":\"Portal Tela Portugal\",\"description\":\"\",\"potentialAction\":[{\"@type\":\"SearchAction\",\"target\":{\"@type\":\"EntryPoint\",\"urlTemplate\":\"https:\/\/portaltela.pt\/?s={search_term_string}\"},\"query-input\":{\"@type\":\"PropertyValueSpecification\",\"valueRequired\":true,\"valueName\":\"search_term_string\"}}],\"inLanguage\":\"pt-PT\"},{\"@type\":\"Person\",\"@id\":\"https:\/\/portaltela.pt\/#\/schema\/person\/c4278d4a6028830caff9ee44b42d32ed\",\"name\":\"Telinha\",\"image\":{\"@type\":\"ImageObject\",\"inLanguage\":\"pt-PT\",\"@id\":\"https:\/\/portaltela.pt\/s.01k8rhncp4jt1\/2025\/11\/talking-bot-125x125.png\",\"url\":\"https:\/\/portaltela.pt\/s.01k8rhncp4jt1\/2025\/11\/talking-bot-125x125.png\",\"contentUrl\":\"https:\/\/portaltela.pt\/s.01k8rhncp4jt1\/2025\/11\/talking-bot-125x125.png\",\"caption\":\"Telinha\"},\"sameAs\":[\"https:\/\/portaltela.pt\/\"],\"url\":\"https:\/\/portaltela.pt\/por\/367410592786\/\"}]}<\/script>\n<!-- \/ Yoast SEO plugin. -->","yoast_head_json":{"title":"Homem em pris\u00e3o preventiva por viol\u00eancia dom\u00e9stica em Sousel - Portal Tela Portugal","robots":{"index":"index","follow":"follow","max-snippet":"max-snippet:-1","max-image-preview":"max-image-preview:large","max-video-preview":"max-video-preview:-1"},"og_locale":"pt_PT","og_type":"article","og_title":"Homem em pris\u00e3o preventiva por viol\u00eancia dom\u00e9stica em Sousel - Portal Tela Portugal","og_description":"Um homem de 45 anos foi detido no dia 15 de janeiro, no concelho de Sousel, por suspeitas de viol\u00eancia dom\u00e9stica, pela Guarda Nacional Republicana (GNR). A deten\u00e7\u00e3o foi efetuada pelo N\u00facleo de Investiga\u00e7\u00e3o e de Apoio a V\u00edtimas Espec\u00edficas (NIAVE) do Comando Territorial de Portalegre. A investiga\u00e7\u00e3o aponta viol\u00eancia psicol\u00f3gica e f\u00edsica contra a companheira, de 50 anos, bem como contra a filha desta. Foi cumprido um mandado de deten\u00e7\u00e3o fora de flagrante delito, resultando na deten\u00e7\u00e3o do suspeito. No dia 16 de janeiro, o homem foi presente ao Tribunal Judicial de Fronteira, tendo-lhe sido aplicadas as medidas de pris\u00e3o preventiva e de proibi\u00e7\u00e3o de contacto com as v\u00edtimas.","og_url":"https:\/\/portaltela.pt\/noticias\/2026\/01\/19\/homem-em-prisao-preventiva-por-violencia-domestica-em-sousel\/","og_site_name":"Portal Tela Portugal","article_published_time":"2026-01-19T14:57:14+00:00","author":"Telinha","twitter_card":"summary_large_image","twitter_misc":{"Escrito por":"Telinha","Tempo estimado de leitura":"1 minuto"},"schema":{"@context":"https:\/\/schema.org","@graph":[{"@type":"Article","@id":"https:\/\/portaltela.pt\/noticias\/2026\/01\/19\/homem-em-prisao-preventiva-por-violencia-domestica-em-sousel\/#article","isPartOf":{"@id":"https:\/\/portaltela.pt\/noticias\/2026\/01\/19\/homem-em-prisao-preventiva-por-violencia-domestica-em-sousel\/"},"author":{"name":"Telinha","@id":"https:\/\/portaltela.pt\/#\/schema\/person\/c4278d4a6028830caff9ee44b42d32ed"},"headline":"Homem em pris\u00e3o preventiva por viol\u00eancia dom\u00e9stica em Sousel","datePublished":"2026-01-19T14:57:14+00:00","mainEntityOfPage":{"@id":"https:\/\/portaltela.pt\/noticias\/2026\/01\/19\/homem-em-prisao-preventiva-por-violencia-domestica-em-sousel\/"},"wordCount":138,"image":{"@id":"https:\/\/portaltela.pt\/noticias\/2026\/01\/19\/homem-em-prisao-preventiva-por-violencia-domestica-em-sousel\/#primaryimage"},"thumbnailUrl":"https:\/\/portaltela.pt\/s.01k8rhncp4jt1\/2026\/01\/naom_61dd39a4468a6.jpg","keywords":["coa\u00e7\u00e3o","deten\u00e7\u00f5es","GNR","NIAVE","Portalegre","viol\u00eancia dom\u00e9stica"],"articleSection":["Not\u00edcias"],"inLanguage":"pt-PT"},{"@type":"WebPage","@id":"https:\/\/portaltela.pt\/noticias\/2026\/01\/19\/homem-em-prisao-preventiva-por-violencia-domestica-em-sousel\/","url":"https:\/\/portaltela.pt\/noticias\/2026\/01\/19\/homem-em-prisao-preventiva-por-violencia-domestica-em-sousel\/","name":"Homem em pris\u00e3o preventiva por viol\u00eancia dom\u00e9stica em Sousel - Portal Tela Portugal","isPartOf":{"@id":"https:\/\/portaltela.pt\/#website"},"primaryImageOfPage":{"@id":"https:\/\/portaltela.pt\/noticias\/2026\/01\/19\/homem-em-prisao-preventiva-por-violencia-domestica-em-sousel\/#primaryimage"},"image":{"@id":"https:\/\/portaltela.pt\/noticias\/2026\/01\/19\/homem-em-prisao-preventiva-por-violencia-domestica-em-sousel\/#primaryimage"},"thumbnailUrl":"https:\/\/portaltela.pt\/s.01k8rhncp4jt1\/2026\/01\/naom_61dd39a4468a6.jpg","datePublished":"2026-01-19T14:57:14+00:00","author":{"@id":"https:\/\/portaltela.pt\/#\/schema\/person\/c4278d4a6028830caff9ee44b42d32ed"},"breadcrumb":{"@id":"https:\/\/portaltela.pt\/noticias\/2026\/01\/19\/homem-em-prisao-preventiva-por-violencia-domestica-em-sousel\/#breadcrumb"},"inLanguage":"pt-PT","potentialAction":[{"@type":"ReadAction","target":["https:\/\/portaltela.pt\/noticias\/2026\/01\/19\/homem-em-prisao-preventiva-por-violencia-domestica-em-sousel\/"]}]},{"@type":"ImageObject","inLanguage":"pt-PT","@id":"https:\/\/portaltela.pt\/noticias\/2026\/01\/19\/homem-em-prisao-preventiva-por-violencia-domestica-em-sousel\/#primaryimage","url":"https:\/\/portaltela.pt\/s.01k8rhncp4jt1\/2026\/01\/naom_61dd39a4468a6.jpg","contentUrl":"https:\/\/portaltela.pt\/s.01k8rhncp4jt1\/2026\/01\/naom_61dd39a4468a6.jpg","width":796,"height":448,"caption":"Homem em pris\u00e3o preventiva por viol\u00eancia dom\u00e9stica em Sousel"},{"@type":"BreadcrumbList","@id":"https:\/\/portaltela.pt\/noticias\/2026\/01\/19\/homem-em-prisao-preventiva-por-violencia-domestica-em-sousel\/#breadcrumb","itemListElement":[{"@type":"ListItem","position":1,"name":"In\u00edcio","item":"https:\/\/portaltela.pt\/"},{"@type":"ListItem","position":2,"name":"Homem em pris\u00e3o preventiva por viol\u00eancia dom\u00e9stica em Sousel"}]},{"@type":"WebSite","@id":"https:\/\/portaltela.pt\/#website","url":"https:\/\/portaltela.pt\/","name":"Portal Tela Portugal","description":"","potentialAction":[{"@type":"SearchAction","target":{"@type":"EntryPoint","urlTemplate":"https:\/\/portaltela.pt\/?s={search_term_string}"},"query-input":{"@type":"PropertyValueSpecification","valueRequired":true,"valueName":"search_term_string"}}],"inLanguage":"pt-PT"},{"@type":"Person","@id":"https:\/\/portaltela.pt\/#\/schema\/person\/c4278d4a6028830caff9ee44b42d32ed","name":"Telinha","image":{"@type":"ImageObject","inLanguage":"pt-PT","@id":"https:\/\/portaltela.pt\/s.01k8rhncp4jt1\/2025\/11\/talking-bot-125x125.png","url":"https:\/\/portaltela.pt\/s.01k8rhncp4jt1\/2025\/11\/talking-bot-125x125.png","contentUrl":"https:\/\/portaltela.pt\/s.01k8rhncp4jt1\/2025\/11\/talking-bot-125x125.png","caption":"Telinha"},"sameAs":["https:\/\/portaltela.pt\/"],"url":"https:\/\/portaltela.pt\/por\/367410592786\/"}]}},"_links":{"self":[{"href":"https:\/\/portaltela.pt\/api\/wp\/v2\/posts\/153167","targetHints":{"allow":["GET"]}}],"collection":[{"href":"https:\/\/portaltela.pt\/api\/wp\/v2\/posts"}],"about":[{"href":"https:\/\/portaltela.pt\/api\/wp\/v2\/types\/post"}],"author":[{"embeddable":true,"href":"https:\/\/portaltela.pt\/api\/wp\/v2\/users\/2"}],"replies":[{"embeddable":true,"href":"https:\/\/portaltela.pt\/api\/wp\/v2\/comments?post=153167"}],"version-history":[{"count":0,"href":"https:\/\/portaltela.pt\/api\/wp\/v2\/posts\/153167\/revisions"}],"wp:featuredmedia":[{"embeddable":true,"href":"https:\/\/portaltela.pt\/api\/wp\/v2\/media\/153176"}],"wp:attachment":[{"href":"https:\/\/portaltela.pt\/api\/wp\/v2\/media?parent=153167"}],"wp:term":[{"taxonomy":"category","embeddable":true,"href":"https:\/\/portaltela.pt\/api\/wp\/v2\/categories?post=153167"},{"taxonomy":"post_tag","embeddable":true,"href":"https:\/\/portaltela.pt\/api\/wp\/v2\/tags?post=153167"}],"curies":[{"name":"wp","href":"https:\/\/api.w.org\/{rel}","templated":true}]}}