{"id":153110,"date":"2026-01-19T11:31:00","date_gmt":"2026-01-19T14:31:00","guid":{"rendered":"https:\/\/portaltela.pt\/noticias\/2026\/01\/19\/abimota-mantem-estatuto-de-utilidade-publica-por-mais-10-anos-2\/"},"modified":"2026-01-19T11:31:00","modified_gmt":"2026-01-19T14:31:00","slug":"abimota-mantem-estatuto-de-utilidade-publica-por-mais-10-anos-2","status":"publish","type":"post","link":"https:\/\/portaltela.pt\/noticias\/2026\/01\/19\/abimota-mantem-estatuto-de-utilidade-publica-por-mais-10-anos-2\/","title":{"rendered":"ABIMOTA mant\u00e9m Estatuto de Utilidade P\u00fablica por mais 10 anos"},"content":{"rendered":"<p>A ABIMOTA \u2013 Associa\u00e7\u00e3o Nacional das Ind\u00fastrias das Duas Rodas, Ferragens, Mobili\u00e1rio e Atividades Complementares dos Setores Representados viu confirmada a manuten\u00e7\u00e3o do seu Estatuto de Utilidade P\u00fablica por mais 10 anos. A renova\u00e7\u00e3o baseia-se na Lei-Quadro do Estatuto de Utilidade P\u00fablica, prevista na Lei n.\u00ba 36\/2021.<\/p>\n<p>A decis\u00e3o reconhece o papel da ABIMOTA na prossecu\u00e7\u00e3o de fins de interesse geral, no apoio \u00e0s empresas e no contributo para o desenvolvimento e moderniza\u00e7\u00e3o do tecido industrial nacional. A associa\u00e7\u00e3o representa setores como as duas rodas, ferragens e mobili\u00e1rio met\u00e1lico.<\/p>\n<p>Vital Almeida, presidente da dire\u00e7\u00e3o, afirma que a renova\u00e7\u00e3o valida a miss\u00e3o da ABIMOTA e refor\u00e7a o compromisso com transpar\u00eancia e boa governa\u00e7\u00e3o. O estatuto imp\u00f5e obriga\u00e7\u00f5es de presta\u00e7\u00e3o de contas e articula\u00e7\u00e3o com entidades p\u00fablicas.<\/p>\n<p>Com sede em \u00c1gueda, a ABIMOTA atua na promo\u00e7\u00e3o da qualifica\u00e7\u00e3o, competitividade e sustentabilidade das empresas nacionais. A organiza\u00e7\u00e3o desenvolve projetos, iniciativas de capacita\u00e7\u00e3o e representa\u00e7\u00e3o institucional nos setores que representa.<\/p>\n<h3>Renova\u00e7\u00e3o do Estatuto de Utilidade P\u00fablica<\/h3>\n<p>A renova\u00e7\u00e3o para mais uma d\u00e9cada refor\u00e7a o papel da ABIMOTA na advocacy industrial e no impulso a pol\u00edticas p\u00fablicas que beneficiem as ind\u00fastrias de componentes e mobili\u00e1rio. A entidade continua sujeita a deveres legais de transpar\u00eancia e responsabilidade.<\/p>\n","protected":false},"excerpt":{"rendered":"<ul>\n<li>ABIMOTA manteve o Estatuto de Utilidade P\u00fablica por mais 10 anos, ao abrigo da Lei-Quadro n.\u00ba 36\/2021.<\/li>\n<li>A decis\u00e3o reconhece o papel relevante da associa\u00e7\u00e3o na prossecu\u00e7\u00e3o de fins de interesse geral e no desenvolvimento industrial nacional.<\/li>\n<li>O presidente da dire\u00e7\u00e3o, Vital Almeida, diz que a renova\u00e7\u00e3o valida a miss\u00e3o da ABIMOTA e refor\u00e7a transpar\u00eancia e boa governa\u00e7\u00e3o.<\/li>\n<li>O Estatuto implica deveres legais de presta\u00e7\u00e3o de contas, transpar\u00eancia de gest\u00e3o e articula\u00e7\u00e3o com entidades p\u00fablicas, assegurando responsabilidade institucional.<\/li>\n<li>Com sede em \u00c1gueda, a ABIMOTA representa as ind\u00fastrias das duas rodas, ferragens e mobili\u00e1rio met\u00e1lico, promovendo qualifica\u00e7\u00e3o, competitividade e sustentabilidade.<\/li>\n<\/ul>\n","protected":false},"author":2,"featured_media":153115,"comment_status":"closed","ping_status":"closed","sticky":false,"template":"","format":"standard","meta":{"footnotes":""},"categories":[1],"tags":[1062,556,3468,255,845],"class_list":["post-153110","post","type-post","status-publish","format-standard","has-post-thumbnail","hentry","category-noticias","tag-agueda","tag-duas-rodas-motrizes","tag-ferragens","tag-industria","tag-mobiliario"],"yoast_head":"<!-- This site is optimized with the Yoast SEO plugin v27.2 - https:\/\/yoast.com\/product\/yoast-seo-wordpress\/ -->\n<title>ABIMOTA mant\u00e9m Estatuto de Utilidade P\u00fablica por mais 10 anos - Portal Tela Portugal<\/title>\n<meta name=\"robots\" content=\"index, follow, max-snippet:-1, max-image-preview:large, max-video-preview:-1\" \/>\n<meta property=\"og:locale\" content=\"pt_PT\" \/>\n<meta property=\"og:type\" content=\"article\" \/>\n<meta property=\"og:title\" content=\"ABIMOTA mant\u00e9m Estatuto de Utilidade P\u00fablica por mais 10 anos - Portal Tela Portugal\" \/>\n<meta property=\"og:description\" content=\"ABIMOTA manteve o Estatuto de Utilidade P\u00fablica por mais 10 anos, ao abrigo da Lei-Quadro n.\u00ba 36\/2021. A decis\u00e3o reconhece o papel relevante da associa\u00e7\u00e3o na prossecu\u00e7\u00e3o de fins de interesse geral e no desenvolvimento industrial nacional. O presidente da dire\u00e7\u00e3o, Vital Almeida, diz que a renova\u00e7\u00e3o valida a miss\u00e3o da ABIMOTA e refor\u00e7a transpar\u00eancia e boa governa\u00e7\u00e3o. O Estatuto implica deveres legais de presta\u00e7\u00e3o de contas, transpar\u00eancia de gest\u00e3o e articula\u00e7\u00e3o com entidades p\u00fablicas, assegurando responsabilidade institucional. Com sede em \u00c1gueda, a ABIMOTA representa as ind\u00fastrias das duas rodas, ferragens e mobili\u00e1rio met\u00e1lico, promovendo qualifica\u00e7\u00e3o, competitividade e sustentabilidade.\" \/>\n<meta property=\"og:url\" content=\"https:\/\/portaltela.pt\/noticias\/2026\/01\/19\/abimota-mantem-estatuto-de-utilidade-publica-por-mais-10-anos-2\/\" \/>\n<meta property=\"og:site_name\" content=\"Portal Tela Portugal\" \/>\n<meta property=\"article:published_time\" content=\"2026-01-19T14:31:00+00:00\" \/>\n<meta name=\"author\" content=\"Telinha\" \/>\n<meta name=\"twitter:card\" content=\"summary_large_image\" \/>\n<meta name=\"twitter:label1\" content=\"Escrito por\" \/>\n\t<meta name=\"twitter:data1\" content=\"Telinha\" \/>\n\t<meta name=\"twitter:label2\" content=\"Tempo estimado de leitura\" \/>\n\t<meta name=\"twitter:data2\" content=\"1 minuto\" \/>\n<script type=\"application\/ld+json\" class=\"yoast-schema-graph\">{\"@context\":\"https:\/\/schema.org\",\"@graph\":[{\"@type\":\"Article\",\"@id\":\"https:\/\/portaltela.pt\/noticias\/2026\/01\/19\/abimota-mantem-estatuto-de-utilidade-publica-por-mais-10-anos-2\/#article\",\"isPartOf\":{\"@id\":\"https:\/\/portaltela.pt\/noticias\/2026\/01\/19\/abimota-mantem-estatuto-de-utilidade-publica-por-mais-10-anos-2\/\"},\"author\":{\"name\":\"Telinha\",\"@id\":\"https:\/\/portaltela.pt\/#\/schema\/person\/c4278d4a6028830caff9ee44b42d32ed\"},\"headline\":\"ABIMOTA mant\u00e9m Estatuto de Utilidade P\u00fablica por mais 10 anos\",\"datePublished\":\"2026-01-19T14:31:00+00:00\",\"mainEntityOfPage\":{\"@id\":\"https:\/\/portaltela.pt\/noticias\/2026\/01\/19\/abimota-mantem-estatuto-de-utilidade-publica-por-mais-10-anos-2\/\"},\"wordCount\":248,\"image\":{\"@id\":\"https:\/\/portaltela.pt\/noticias\/2026\/01\/19\/abimota-mantem-estatuto-de-utilidade-publica-por-mais-10-anos-2\/#primaryimage\"},\"thumbnailUrl\":\"https:\/\/portaltela.pt\/s.01k8rhncp4jt1\/2026\/01\/Fachada02-1.jpg\",\"keywords\":[\"\u00c1gueda\",\"Duas Rodas Motrizes\",\"ferragens\",\"ind\u00fastria\",\"mobili\u00e1rio\"],\"articleSection\":[\"Not\u00edcias\"],\"inLanguage\":\"pt-PT\"},{\"@type\":\"WebPage\",\"@id\":\"https:\/\/portaltela.pt\/noticias\/2026\/01\/19\/abimota-mantem-estatuto-de-utilidade-publica-por-mais-10-anos-2\/\",\"url\":\"https:\/\/portaltela.pt\/noticias\/2026\/01\/19\/abimota-mantem-estatuto-de-utilidade-publica-por-mais-10-anos-2\/\",\"name\":\"ABIMOTA mant\u00e9m Estatuto de Utilidade P\u00fablica por mais 10 anos - Portal Tela Portugal\",\"isPartOf\":{\"@id\":\"https:\/\/portaltela.pt\/#website\"},\"primaryImageOfPage\":{\"@id\":\"https:\/\/portaltela.pt\/noticias\/2026\/01\/19\/abimota-mantem-estatuto-de-utilidade-publica-por-mais-10-anos-2\/#primaryimage\"},\"image\":{\"@id\":\"https:\/\/portaltela.pt\/noticias\/2026\/01\/19\/abimota-mantem-estatuto-de-utilidade-publica-por-mais-10-anos-2\/#primaryimage\"},\"thumbnailUrl\":\"https:\/\/portaltela.pt\/s.01k8rhncp4jt1\/2026\/01\/Fachada02-1.jpg\",\"datePublished\":\"2026-01-19T14:31:00+00:00\",\"author\":{\"@id\":\"https:\/\/portaltela.pt\/#\/schema\/person\/c4278d4a6028830caff9ee44b42d32ed\"},\"breadcrumb\":{\"@id\":\"https:\/\/portaltela.pt\/noticias\/2026\/01\/19\/abimota-mantem-estatuto-de-utilidade-publica-por-mais-10-anos-2\/#breadcrumb\"},\"inLanguage\":\"pt-PT\",\"potentialAction\":[{\"@type\":\"ReadAction\",\"target\":[\"https:\/\/portaltela.pt\/noticias\/2026\/01\/19\/abimota-mantem-estatuto-de-utilidade-publica-por-mais-10-anos-2\/\"]}]},{\"@type\":\"ImageObject\",\"inLanguage\":\"pt-PT\",\"@id\":\"https:\/\/portaltela.pt\/noticias\/2026\/01\/19\/abimota-mantem-estatuto-de-utilidade-publica-por-mais-10-anos-2\/#primaryimage\",\"url\":\"https:\/\/portaltela.pt\/s.01k8rhncp4jt1\/2026\/01\/Fachada02-1.jpg\",\"contentUrl\":\"https:\/\/portaltela.pt\/s.01k8rhncp4jt1\/2026\/01\/Fachada02-1.jpg\",\"width\":796,\"height\":448,\"caption\":\"ABIMOTA mant\u00e9m Estatuto de Utilidade P\u00fablica por mais 10 anos\"},{\"@type\":\"BreadcrumbList\",\"@id\":\"https:\/\/portaltela.pt\/noticias\/2026\/01\/19\/abimota-mantem-estatuto-de-utilidade-publica-por-mais-10-anos-2\/#breadcrumb\",\"itemListElement\":[{\"@type\":\"ListItem\",\"position\":1,\"name\":\"In\u00edcio\",\"item\":\"https:\/\/portaltela.pt\/\"},{\"@type\":\"ListItem\",\"position\":2,\"name\":\"ABIMOTA mant\u00e9m Estatuto de Utilidade P\u00fablica por mais 10 anos\"}]},{\"@type\":\"WebSite\",\"@id\":\"https:\/\/portaltela.pt\/#website\",\"url\":\"https:\/\/portaltela.pt\/\",\"name\":\"Portal Tela Portugal\",\"description\":\"\",\"potentialAction\":[{\"@type\":\"SearchAction\",\"target\":{\"@type\":\"EntryPoint\",\"urlTemplate\":\"https:\/\/portaltela.pt\/?s={search_term_string}\"},\"query-input\":{\"@type\":\"PropertyValueSpecification\",\"valueRequired\":true,\"valueName\":\"search_term_string\"}}],\"inLanguage\":\"pt-PT\"},{\"@type\":\"Person\",\"@id\":\"https:\/\/portaltela.pt\/#\/schema\/person\/c4278d4a6028830caff9ee44b42d32ed\",\"name\":\"Telinha\",\"image\":{\"@type\":\"ImageObject\",\"inLanguage\":\"pt-PT\",\"@id\":\"https:\/\/portaltela.pt\/s.01k8rhncp4jt1\/2025\/11\/talking-bot-125x125.png\",\"url\":\"https:\/\/portaltela.pt\/s.01k8rhncp4jt1\/2025\/11\/talking-bot-125x125.png\",\"contentUrl\":\"https:\/\/portaltela.pt\/s.01k8rhncp4jt1\/2025\/11\/talking-bot-125x125.png\",\"caption\":\"Telinha\"},\"sameAs\":[\"https:\/\/portaltela.pt\/\"],\"url\":\"https:\/\/portaltela.pt\/por\/367410592786\/\"}]}<\/script>\n<!-- \/ Yoast SEO plugin. -->","yoast_head_json":{"title":"ABIMOTA mant\u00e9m Estatuto de Utilidade P\u00fablica por mais 10 anos - Portal Tela Portugal","robots":{"index":"index","follow":"follow","max-snippet":"max-snippet:-1","max-image-preview":"max-image-preview:large","max-video-preview":"max-video-preview:-1"},"og_locale":"pt_PT","og_type":"article","og_title":"ABIMOTA mant\u00e9m Estatuto de Utilidade P\u00fablica por mais 10 anos - Portal Tela Portugal","og_description":"ABIMOTA manteve o Estatuto de Utilidade P\u00fablica por mais 10 anos, ao abrigo da Lei-Quadro n.\u00ba 36\/2021. A decis\u00e3o reconhece o papel relevante da associa\u00e7\u00e3o na prossecu\u00e7\u00e3o de fins de interesse geral e no desenvolvimento industrial nacional. O presidente da dire\u00e7\u00e3o, Vital Almeida, diz que a renova\u00e7\u00e3o valida a miss\u00e3o da ABIMOTA e refor\u00e7a transpar\u00eancia e boa governa\u00e7\u00e3o. O Estatuto implica deveres legais de presta\u00e7\u00e3o de contas, transpar\u00eancia de gest\u00e3o e articula\u00e7\u00e3o com entidades p\u00fablicas, assegurando responsabilidade institucional. Com sede em \u00c1gueda, a ABIMOTA representa as ind\u00fastrias das duas rodas, ferragens e mobili\u00e1rio met\u00e1lico, promovendo qualifica\u00e7\u00e3o, competitividade e sustentabilidade.","og_url":"https:\/\/portaltela.pt\/noticias\/2026\/01\/19\/abimota-mantem-estatuto-de-utilidade-publica-por-mais-10-anos-2\/","og_site_name":"Portal Tela Portugal","article_published_time":"2026-01-19T14:31:00+00:00","author":"Telinha","twitter_card":"summary_large_image","twitter_misc":{"Escrito por":"Telinha","Tempo estimado de leitura":"1 minuto"},"schema":{"@context":"https:\/\/schema.org","@graph":[{"@type":"Article","@id":"https:\/\/portaltela.pt\/noticias\/2026\/01\/19\/abimota-mantem-estatuto-de-utilidade-publica-por-mais-10-anos-2\/#article","isPartOf":{"@id":"https:\/\/portaltela.pt\/noticias\/2026\/01\/19\/abimota-mantem-estatuto-de-utilidade-publica-por-mais-10-anos-2\/"},"author":{"name":"Telinha","@id":"https:\/\/portaltela.pt\/#\/schema\/person\/c4278d4a6028830caff9ee44b42d32ed"},"headline":"ABIMOTA mant\u00e9m Estatuto de Utilidade P\u00fablica por mais 10 anos","datePublished":"2026-01-19T14:31:00+00:00","mainEntityOfPage":{"@id":"https:\/\/portaltela.pt\/noticias\/2026\/01\/19\/abimota-mantem-estatuto-de-utilidade-publica-por-mais-10-anos-2\/"},"wordCount":248,"image":{"@id":"https:\/\/portaltela.pt\/noticias\/2026\/01\/19\/abimota-mantem-estatuto-de-utilidade-publica-por-mais-10-anos-2\/#primaryimage"},"thumbnailUrl":"https:\/\/portaltela.pt\/s.01k8rhncp4jt1\/2026\/01\/Fachada02-1.jpg","keywords":["\u00c1gueda","Duas Rodas Motrizes","ferragens","ind\u00fastria","mobili\u00e1rio"],"articleSection":["Not\u00edcias"],"inLanguage":"pt-PT"},{"@type":"WebPage","@id":"https:\/\/portaltela.pt\/noticias\/2026\/01\/19\/abimota-mantem-estatuto-de-utilidade-publica-por-mais-10-anos-2\/","url":"https:\/\/portaltela.pt\/noticias\/2026\/01\/19\/abimota-mantem-estatuto-de-utilidade-publica-por-mais-10-anos-2\/","name":"ABIMOTA mant\u00e9m Estatuto de Utilidade P\u00fablica por mais 10 anos - Portal Tela Portugal","isPartOf":{"@id":"https:\/\/portaltela.pt\/#website"},"primaryImageOfPage":{"@id":"https:\/\/portaltela.pt\/noticias\/2026\/01\/19\/abimota-mantem-estatuto-de-utilidade-publica-por-mais-10-anos-2\/#primaryimage"},"image":{"@id":"https:\/\/portaltela.pt\/noticias\/2026\/01\/19\/abimota-mantem-estatuto-de-utilidade-publica-por-mais-10-anos-2\/#primaryimage"},"thumbnailUrl":"https:\/\/portaltela.pt\/s.01k8rhncp4jt1\/2026\/01\/Fachada02-1.jpg","datePublished":"2026-01-19T14:31:00+00:00","author":{"@id":"https:\/\/portaltela.pt\/#\/schema\/person\/c4278d4a6028830caff9ee44b42d32ed"},"breadcrumb":{"@id":"https:\/\/portaltela.pt\/noticias\/2026\/01\/19\/abimota-mantem-estatuto-de-utilidade-publica-por-mais-10-anos-2\/#breadcrumb"},"inLanguage":"pt-PT","potentialAction":[{"@type":"ReadAction","target":["https:\/\/portaltela.pt\/noticias\/2026\/01\/19\/abimota-mantem-estatuto-de-utilidade-publica-por-mais-10-anos-2\/"]}]},{"@type":"ImageObject","inLanguage":"pt-PT","@id":"https:\/\/portaltela.pt\/noticias\/2026\/01\/19\/abimota-mantem-estatuto-de-utilidade-publica-por-mais-10-anos-2\/#primaryimage","url":"https:\/\/portaltela.pt\/s.01k8rhncp4jt1\/2026\/01\/Fachada02-1.jpg","contentUrl":"https:\/\/portaltela.pt\/s.01k8rhncp4jt1\/2026\/01\/Fachada02-1.jpg","width":796,"height":448,"caption":"ABIMOTA mant\u00e9m Estatuto de Utilidade P\u00fablica por mais 10 anos"},{"@type":"BreadcrumbList","@id":"https:\/\/portaltela.pt\/noticias\/2026\/01\/19\/abimota-mantem-estatuto-de-utilidade-publica-por-mais-10-anos-2\/#breadcrumb","itemListElement":[{"@type":"ListItem","position":1,"name":"In\u00edcio","item":"https:\/\/portaltela.pt\/"},{"@type":"ListItem","position":2,"name":"ABIMOTA mant\u00e9m Estatuto de Utilidade P\u00fablica por mais 10 anos"}]},{"@type":"WebSite","@id":"https:\/\/portaltela.pt\/#website","url":"https:\/\/portaltela.pt\/","name":"Portal Tela Portugal","description":"","potentialAction":[{"@type":"SearchAction","target":{"@type":"EntryPoint","urlTemplate":"https:\/\/portaltela.pt\/?s={search_term_string}"},"query-input":{"@type":"PropertyValueSpecification","valueRequired":true,"valueName":"search_term_string"}}],"inLanguage":"pt-PT"},{"@type":"Person","@id":"https:\/\/portaltela.pt\/#\/schema\/person\/c4278d4a6028830caff9ee44b42d32ed","name":"Telinha","image":{"@type":"ImageObject","inLanguage":"pt-PT","@id":"https:\/\/portaltela.pt\/s.01k8rhncp4jt1\/2025\/11\/talking-bot-125x125.png","url":"https:\/\/portaltela.pt\/s.01k8rhncp4jt1\/2025\/11\/talking-bot-125x125.png","contentUrl":"https:\/\/portaltela.pt\/s.01k8rhncp4jt1\/2025\/11\/talking-bot-125x125.png","caption":"Telinha"},"sameAs":["https:\/\/portaltela.pt\/"],"url":"https:\/\/portaltela.pt\/por\/367410592786\/"}]}},"_links":{"self":[{"href":"https:\/\/portaltela.pt\/api\/wp\/v2\/posts\/153110","targetHints":{"allow":["GET"]}}],"collection":[{"href":"https:\/\/portaltela.pt\/api\/wp\/v2\/posts"}],"about":[{"href":"https:\/\/portaltela.pt\/api\/wp\/v2\/types\/post"}],"author":[{"embeddable":true,"href":"https:\/\/portaltela.pt\/api\/wp\/v2\/users\/2"}],"replies":[{"embeddable":true,"href":"https:\/\/portaltela.pt\/api\/wp\/v2\/comments?post=153110"}],"version-history":[{"count":0,"href":"https:\/\/portaltela.pt\/api\/wp\/v2\/posts\/153110\/revisions"}],"wp:featuredmedia":[{"embeddable":true,"href":"https:\/\/portaltela.pt\/api\/wp\/v2\/media\/153115"}],"wp:attachment":[{"href":"https:\/\/portaltela.pt\/api\/wp\/v2\/media?parent=153110"}],"wp:term":[{"taxonomy":"category","embeddable":true,"href":"https:\/\/portaltela.pt\/api\/wp\/v2\/categories?post=153110"},{"taxonomy":"post_tag","embeddable":true,"href":"https:\/\/portaltela.pt\/api\/wp\/v2\/tags?post=153110"}],"curies":[{"name":"wp","href":"https:\/\/api.w.org\/{rel}","templated":true}]}}