{"id":153037,"date":"2026-01-19T11:15:00","date_gmt":"2026-01-19T14:15:00","guid":{"rendered":"https:\/\/portaltela.pt\/noticias\/2026\/01\/19\/pj-detem-suspeito-de-matar-idoso-em-aljustrel-em-conluio-com-companheiro\/"},"modified":"2026-01-19T11:15:00","modified_gmt":"2026-01-19T14:15:00","slug":"pj-detem-suspeito-de-matar-idoso-em-aljustrel-em-conluio-com-companheiro","status":"publish","type":"post","link":"https:\/\/portaltela.pt\/noticias\/2026\/01\/19\/pj-detem-suspeito-de-matar-idoso-em-aljustrel-em-conluio-com-companheiro\/","title":{"rendered":"PJ det\u00e9m suspeito de matar idoso em Aljustrel em conluio com companheiro"},"content":{"rendered":"<p>A Pol\u00edcia Judici\u00e1ria deteve uma mulher de 39 anos suspeita do homic\u00eddio de um idoso de 88 anos, cujo corpo foi encontrado num po\u00e7o em Aljustrel, no distrito de Beja. A agress\u00e3o ter\u00e1 ocorrido na sexta-feira, com alegado envolvimento do companheiro da suspeita.<\/p>\n<p>Segundo a PJ, a v\u00edtima foi alvo de viol\u00eancia com recurso a um objeto contundente e o casal ter\u00e1 transportado o corpo para um local ermo perto de Ervidel, onde foi ocultado no interior do po\u00e7o. A investiga\u00e7\u00e3o aponta inten\u00e7\u00f5es de roubo de bens do idoso.<\/p>\n<p>A mulher foi identificada com base em elementos de prova recolhidos, levando \u00e0 emiss\u00e3o de mandados de deten\u00e7\u00e3o fora de flagrante delito. O companheiro, de 40 anos, j\u00e1 estava sob cust\u00f3dia por uma deten\u00e7\u00e3o em flagrante por tentativa de roubo.<\/p>\n<h3>Detidos e investiga\u00e7\u00e3o<\/h3>\n<p>Na madrugada de s\u00e1bado, o homem detido pela GNR confessou a autoria do homic\u00eddio, segundo a Pol\u00edcia Judici\u00e1ria. A mulher detida contactou a Guarda, divulgando informa\u00e7\u00f5es sobre o homic\u00eddio, sem confirmar o envolvimento no crime.<\/p>\n<p>Os dois suspeitos v\u00e3o hoje a primeiro interrogat\u00f3rio judicial para aplica\u00e7\u00e3o de medidas de coa\u00e7\u00e3o. O inqu\u00e9rito do homic\u00eddio est\u00e1 na Procuradoria de Ourique, enquanto o de tentativa de roubo est\u00e1 no DIAP de Ferreira do Alentejo.<\/p>\n<p>A PJ n\u00e3o revelou detalhes adicionais sobre as provas, mas confirmou que as dilig\u00eancias continuam para esclarecer as circunst\u00e2ncias do crime e confirmar o papel de cada suspeito.<\/p>\n","protected":false},"excerpt":{"rendered":"<ul>\n<li>A Pol\u00edcia Judici\u00e1ria deteve uma mulher de 39 anos suspeita de homic\u00eddio e profana\u00e7\u00e3o de cad\u00e1ver, relacionado com o idoso de 88 anos encontrado morto num po\u00e7o, em Aljustrel.<\/li>\n<li>A suspeita ter\u00e1 agido em conluio com o companheiro, de 40 anos, que j\u00e1 estava detido, ap\u00f3s agress\u00e3o a v\u00edtima com um objeto contundente para facilitar o roubo de bens em casa.<\/li>\n<li>O corpo foi transportado para um local ermo pr\u00f3ximo de Ervidel e ocultado no interior do po\u00e7o.<\/li>\n<li>A PJ j\u00e1 obteve mandados de deten\u00e7\u00e3o fora de flagrante delito para a mulher e o companheiro, que confessou o homic\u00eddio ao ser ouvido pelas autoridades.<\/li>\n<li>No mesmo dia, o homem detido pela GNR por tentativa de roubo em Ferreira do Alentejo foi confrontado por duas v\u00edtimas de um assalto; a arma alegadamente era de ar comprimido\/apresentava pistola de airsoft. Ambos os detidos est\u00e3o a ser apresentados a primeiro interrogat\u00f3rio judicial.<\/li>\n<\/ul>\n","protected":false},"author":2,"featured_media":153059,"comment_status":"closed","ping_status":"closed","sticky":false,"template":"","format":"standard","meta":{"footnotes":""},"categories":[1],"tags":[883,1325,147,3457,1345,2014],"class_list":["post-153037","post","type-post","status-publish","format-standard","has-post-thumbnail","hentry","category-noticias","tag-alentejo","tag-aljustrel","tag-crime","tag-ervidel","tag-homicidio","tag-ourique"],"yoast_head":"<!-- This site is optimized with the Yoast SEO plugin v27.2 - https:\/\/yoast.com\/product\/yoast-seo-wordpress\/ -->\n<title>PJ det\u00e9m suspeito de matar idoso em Aljustrel em conluio com companheiro - Portal Tela Portugal<\/title>\n<meta name=\"robots\" content=\"index, follow, max-snippet:-1, max-image-preview:large, max-video-preview:-1\" \/>\n<meta property=\"og:locale\" content=\"pt_PT\" \/>\n<meta property=\"og:type\" content=\"article\" \/>\n<meta property=\"og:title\" content=\"PJ det\u00e9m suspeito de matar idoso em Aljustrel em conluio com companheiro - Portal Tela Portugal\" \/>\n<meta property=\"og:description\" content=\"A Pol\u00edcia Judici\u00e1ria deteve uma mulher de 39 anos suspeita de homic\u00eddio e profana\u00e7\u00e3o de cad\u00e1ver, relacionado com o idoso de 88 anos encontrado morto num po\u00e7o, em Aljustrel. A suspeita ter\u00e1 agido em conluio com o companheiro, de 40 anos, que j\u00e1 estava detido, ap\u00f3s agress\u00e3o a v\u00edtima com um objeto contundente para facilitar o roubo de bens em casa. O corpo foi transportado para um local ermo pr\u00f3ximo de Ervidel e ocultado no interior do po\u00e7o. A PJ j\u00e1 obteve mandados de deten\u00e7\u00e3o fora de flagrante delito para a mulher e o companheiro, que confessou o homic\u00eddio ao ser ouvido pelas autoridades. No mesmo dia, o homem detido pela GNR por tentativa de roubo em Ferreira do Alentejo foi confrontado por duas v\u00edtimas de um assalto; a arma alegadamente era de ar comprimido\/apresentava pistola de airsoft. Ambos os detidos est\u00e3o a ser apresentados a primeiro interrogat\u00f3rio judicial.\" \/>\n<meta property=\"og:url\" content=\"https:\/\/portaltela.pt\/noticias\/2026\/01\/19\/pj-detem-suspeito-de-matar-idoso-em-aljustrel-em-conluio-com-companheiro\/\" \/>\n<meta property=\"og:site_name\" content=\"Portal Tela Portugal\" \/>\n<meta property=\"article:published_time\" content=\"2026-01-19T14:15:00+00:00\" \/>\n<meta name=\"author\" content=\"Telinha\" \/>\n<meta name=\"twitter:card\" content=\"summary_large_image\" \/>\n<meta name=\"twitter:label1\" content=\"Escrito por\" \/>\n\t<meta name=\"twitter:data1\" content=\"Telinha\" \/>\n\t<meta name=\"twitter:label2\" content=\"Tempo estimado de leitura\" \/>\n\t<meta name=\"twitter:data2\" content=\"1 minuto\" \/>\n<script type=\"application\/ld+json\" class=\"yoast-schema-graph\">{\"@context\":\"https:\/\/schema.org\",\"@graph\":[{\"@type\":\"Article\",\"@id\":\"https:\/\/portaltela.pt\/noticias\/2026\/01\/19\/pj-detem-suspeito-de-matar-idoso-em-aljustrel-em-conluio-com-companheiro\/#article\",\"isPartOf\":{\"@id\":\"https:\/\/portaltela.pt\/noticias\/2026\/01\/19\/pj-detem-suspeito-de-matar-idoso-em-aljustrel-em-conluio-com-companheiro\/\"},\"author\":{\"name\":\"Telinha\",\"@id\":\"https:\/\/portaltela.pt\/#\/schema\/person\/c4278d4a6028830caff9ee44b42d32ed\"},\"headline\":\"PJ det\u00e9m suspeito de matar idoso em Aljustrel em conluio com companheiro\",\"datePublished\":\"2026-01-19T14:15:00+00:00\",\"mainEntityOfPage\":{\"@id\":\"https:\/\/portaltela.pt\/noticias\/2026\/01\/19\/pj-detem-suspeito-de-matar-idoso-em-aljustrel-em-conluio-com-companheiro\/\"},\"wordCount\":271,\"image\":{\"@id\":\"https:\/\/portaltela.pt\/noticias\/2026\/01\/19\/pj-detem-suspeito-de-matar-idoso-em-aljustrel-em-conluio-com-companheiro\/#primaryimage\"},\"thumbnailUrl\":\"https:\/\/portaltela.pt\/s.01k8rhncp4jt1\/2026\/01\/imagem_odigital-1200-x-675-px-2-4.jpg\",\"keywords\":[\"Alentejo\",\"Aljustrel\",\"crime\",\"Ervidel\",\"homic\u00eddio\",\"Ourique\"],\"articleSection\":[\"Not\u00edcias\"],\"inLanguage\":\"pt-PT\"},{\"@type\":\"WebPage\",\"@id\":\"https:\/\/portaltela.pt\/noticias\/2026\/01\/19\/pj-detem-suspeito-de-matar-idoso-em-aljustrel-em-conluio-com-companheiro\/\",\"url\":\"https:\/\/portaltela.pt\/noticias\/2026\/01\/19\/pj-detem-suspeito-de-matar-idoso-em-aljustrel-em-conluio-com-companheiro\/\",\"name\":\"PJ det\u00e9m suspeito de matar idoso em Aljustrel em conluio com companheiro - Portal Tela Portugal\",\"isPartOf\":{\"@id\":\"https:\/\/portaltela.pt\/#website\"},\"primaryImageOfPage\":{\"@id\":\"https:\/\/portaltela.pt\/noticias\/2026\/01\/19\/pj-detem-suspeito-de-matar-idoso-em-aljustrel-em-conluio-com-companheiro\/#primaryimage\"},\"image\":{\"@id\":\"https:\/\/portaltela.pt\/noticias\/2026\/01\/19\/pj-detem-suspeito-de-matar-idoso-em-aljustrel-em-conluio-com-companheiro\/#primaryimage\"},\"thumbnailUrl\":\"https:\/\/portaltela.pt\/s.01k8rhncp4jt1\/2026\/01\/imagem_odigital-1200-x-675-px-2-4.jpg\",\"datePublished\":\"2026-01-19T14:15:00+00:00\",\"author\":{\"@id\":\"https:\/\/portaltela.pt\/#\/schema\/person\/c4278d4a6028830caff9ee44b42d32ed\"},\"breadcrumb\":{\"@id\":\"https:\/\/portaltela.pt\/noticias\/2026\/01\/19\/pj-detem-suspeito-de-matar-idoso-em-aljustrel-em-conluio-com-companheiro\/#breadcrumb\"},\"inLanguage\":\"pt-PT\",\"potentialAction\":[{\"@type\":\"ReadAction\",\"target\":[\"https:\/\/portaltela.pt\/noticias\/2026\/01\/19\/pj-detem-suspeito-de-matar-idoso-em-aljustrel-em-conluio-com-companheiro\/\"]}]},{\"@type\":\"ImageObject\",\"inLanguage\":\"pt-PT\",\"@id\":\"https:\/\/portaltela.pt\/noticias\/2026\/01\/19\/pj-detem-suspeito-de-matar-idoso-em-aljustrel-em-conluio-com-companheiro\/#primaryimage\",\"url\":\"https:\/\/portaltela.pt\/s.01k8rhncp4jt1\/2026\/01\/imagem_odigital-1200-x-675-px-2-4.jpg\",\"contentUrl\":\"https:\/\/portaltela.pt\/s.01k8rhncp4jt1\/2026\/01\/imagem_odigital-1200-x-675-px-2-4.jpg\",\"width\":796,\"height\":448,\"caption\":\"Detido suspeito de \u201ccomportamentos agressivos\u201d contra ex-mulher e filha em Estremoz\"},{\"@type\":\"BreadcrumbList\",\"@id\":\"https:\/\/portaltela.pt\/noticias\/2026\/01\/19\/pj-detem-suspeito-de-matar-idoso-em-aljustrel-em-conluio-com-companheiro\/#breadcrumb\",\"itemListElement\":[{\"@type\":\"ListItem\",\"position\":1,\"name\":\"In\u00edcio\",\"item\":\"https:\/\/portaltela.pt\/\"},{\"@type\":\"ListItem\",\"position\":2,\"name\":\"PJ det\u00e9m suspeito de matar idoso em Aljustrel em conluio com companheiro\"}]},{\"@type\":\"WebSite\",\"@id\":\"https:\/\/portaltela.pt\/#website\",\"url\":\"https:\/\/portaltela.pt\/\",\"name\":\"Portal Tela Portugal\",\"description\":\"\",\"potentialAction\":[{\"@type\":\"SearchAction\",\"target\":{\"@type\":\"EntryPoint\",\"urlTemplate\":\"https:\/\/portaltela.pt\/?s={search_term_string}\"},\"query-input\":{\"@type\":\"PropertyValueSpecification\",\"valueRequired\":true,\"valueName\":\"search_term_string\"}}],\"inLanguage\":\"pt-PT\"},{\"@type\":\"Person\",\"@id\":\"https:\/\/portaltela.pt\/#\/schema\/person\/c4278d4a6028830caff9ee44b42d32ed\",\"name\":\"Telinha\",\"image\":{\"@type\":\"ImageObject\",\"inLanguage\":\"pt-PT\",\"@id\":\"https:\/\/portaltela.pt\/s.01k8rhncp4jt1\/2025\/11\/talking-bot-125x125.png\",\"url\":\"https:\/\/portaltela.pt\/s.01k8rhncp4jt1\/2025\/11\/talking-bot-125x125.png\",\"contentUrl\":\"https:\/\/portaltela.pt\/s.01k8rhncp4jt1\/2025\/11\/talking-bot-125x125.png\",\"caption\":\"Telinha\"},\"sameAs\":[\"https:\/\/portaltela.pt\/\"],\"url\":\"https:\/\/portaltela.pt\/por\/367410592786\/\"}]}<\/script>\n<!-- \/ Yoast SEO plugin. -->","yoast_head_json":{"title":"PJ det\u00e9m suspeito de matar idoso em Aljustrel em conluio com companheiro - Portal Tela Portugal","robots":{"index":"index","follow":"follow","max-snippet":"max-snippet:-1","max-image-preview":"max-image-preview:large","max-video-preview":"max-video-preview:-1"},"og_locale":"pt_PT","og_type":"article","og_title":"PJ det\u00e9m suspeito de matar idoso em Aljustrel em conluio com companheiro - Portal Tela Portugal","og_description":"A Pol\u00edcia Judici\u00e1ria deteve uma mulher de 39 anos suspeita de homic\u00eddio e profana\u00e7\u00e3o de cad\u00e1ver, relacionado com o idoso de 88 anos encontrado morto num po\u00e7o, em Aljustrel. A suspeita ter\u00e1 agido em conluio com o companheiro, de 40 anos, que j\u00e1 estava detido, ap\u00f3s agress\u00e3o a v\u00edtima com um objeto contundente para facilitar o roubo de bens em casa. O corpo foi transportado para um local ermo pr\u00f3ximo de Ervidel e ocultado no interior do po\u00e7o. A PJ j\u00e1 obteve mandados de deten\u00e7\u00e3o fora de flagrante delito para a mulher e o companheiro, que confessou o homic\u00eddio ao ser ouvido pelas autoridades. No mesmo dia, o homem detido pela GNR por tentativa de roubo em Ferreira do Alentejo foi confrontado por duas v\u00edtimas de um assalto; a arma alegadamente era de ar comprimido\/apresentava pistola de airsoft. Ambos os detidos est\u00e3o a ser apresentados a primeiro interrogat\u00f3rio judicial.","og_url":"https:\/\/portaltela.pt\/noticias\/2026\/01\/19\/pj-detem-suspeito-de-matar-idoso-em-aljustrel-em-conluio-com-companheiro\/","og_site_name":"Portal Tela Portugal","article_published_time":"2026-01-19T14:15:00+00:00","author":"Telinha","twitter_card":"summary_large_image","twitter_misc":{"Escrito por":"Telinha","Tempo estimado de leitura":"1 minuto"},"schema":{"@context":"https:\/\/schema.org","@graph":[{"@type":"Article","@id":"https:\/\/portaltela.pt\/noticias\/2026\/01\/19\/pj-detem-suspeito-de-matar-idoso-em-aljustrel-em-conluio-com-companheiro\/#article","isPartOf":{"@id":"https:\/\/portaltela.pt\/noticias\/2026\/01\/19\/pj-detem-suspeito-de-matar-idoso-em-aljustrel-em-conluio-com-companheiro\/"},"author":{"name":"Telinha","@id":"https:\/\/portaltela.pt\/#\/schema\/person\/c4278d4a6028830caff9ee44b42d32ed"},"headline":"PJ det\u00e9m suspeito de matar idoso em Aljustrel em conluio com companheiro","datePublished":"2026-01-19T14:15:00+00:00","mainEntityOfPage":{"@id":"https:\/\/portaltela.pt\/noticias\/2026\/01\/19\/pj-detem-suspeito-de-matar-idoso-em-aljustrel-em-conluio-com-companheiro\/"},"wordCount":271,"image":{"@id":"https:\/\/portaltela.pt\/noticias\/2026\/01\/19\/pj-detem-suspeito-de-matar-idoso-em-aljustrel-em-conluio-com-companheiro\/#primaryimage"},"thumbnailUrl":"https:\/\/portaltela.pt\/s.01k8rhncp4jt1\/2026\/01\/imagem_odigital-1200-x-675-px-2-4.jpg","keywords":["Alentejo","Aljustrel","crime","Ervidel","homic\u00eddio","Ourique"],"articleSection":["Not\u00edcias"],"inLanguage":"pt-PT"},{"@type":"WebPage","@id":"https:\/\/portaltela.pt\/noticias\/2026\/01\/19\/pj-detem-suspeito-de-matar-idoso-em-aljustrel-em-conluio-com-companheiro\/","url":"https:\/\/portaltela.pt\/noticias\/2026\/01\/19\/pj-detem-suspeito-de-matar-idoso-em-aljustrel-em-conluio-com-companheiro\/","name":"PJ det\u00e9m suspeito de matar idoso em Aljustrel em conluio com companheiro - Portal Tela Portugal","isPartOf":{"@id":"https:\/\/portaltela.pt\/#website"},"primaryImageOfPage":{"@id":"https:\/\/portaltela.pt\/noticias\/2026\/01\/19\/pj-detem-suspeito-de-matar-idoso-em-aljustrel-em-conluio-com-companheiro\/#primaryimage"},"image":{"@id":"https:\/\/portaltela.pt\/noticias\/2026\/01\/19\/pj-detem-suspeito-de-matar-idoso-em-aljustrel-em-conluio-com-companheiro\/#primaryimage"},"thumbnailUrl":"https:\/\/portaltela.pt\/s.01k8rhncp4jt1\/2026\/01\/imagem_odigital-1200-x-675-px-2-4.jpg","datePublished":"2026-01-19T14:15:00+00:00","author":{"@id":"https:\/\/portaltela.pt\/#\/schema\/person\/c4278d4a6028830caff9ee44b42d32ed"},"breadcrumb":{"@id":"https:\/\/portaltela.pt\/noticias\/2026\/01\/19\/pj-detem-suspeito-de-matar-idoso-em-aljustrel-em-conluio-com-companheiro\/#breadcrumb"},"inLanguage":"pt-PT","potentialAction":[{"@type":"ReadAction","target":["https:\/\/portaltela.pt\/noticias\/2026\/01\/19\/pj-detem-suspeito-de-matar-idoso-em-aljustrel-em-conluio-com-companheiro\/"]}]},{"@type":"ImageObject","inLanguage":"pt-PT","@id":"https:\/\/portaltela.pt\/noticias\/2026\/01\/19\/pj-detem-suspeito-de-matar-idoso-em-aljustrel-em-conluio-com-companheiro\/#primaryimage","url":"https:\/\/portaltela.pt\/s.01k8rhncp4jt1\/2026\/01\/imagem_odigital-1200-x-675-px-2-4.jpg","contentUrl":"https:\/\/portaltela.pt\/s.01k8rhncp4jt1\/2026\/01\/imagem_odigital-1200-x-675-px-2-4.jpg","width":796,"height":448,"caption":"Detido suspeito de \u201ccomportamentos agressivos\u201d contra ex-mulher e filha em Estremoz"},{"@type":"BreadcrumbList","@id":"https:\/\/portaltela.pt\/noticias\/2026\/01\/19\/pj-detem-suspeito-de-matar-idoso-em-aljustrel-em-conluio-com-companheiro\/#breadcrumb","itemListElement":[{"@type":"ListItem","position":1,"name":"In\u00edcio","item":"https:\/\/portaltela.pt\/"},{"@type":"ListItem","position":2,"name":"PJ det\u00e9m suspeito de matar idoso em Aljustrel em conluio com companheiro"}]},{"@type":"WebSite","@id":"https:\/\/portaltela.pt\/#website","url":"https:\/\/portaltela.pt\/","name":"Portal Tela Portugal","description":"","potentialAction":[{"@type":"SearchAction","target":{"@type":"EntryPoint","urlTemplate":"https:\/\/portaltela.pt\/?s={search_term_string}"},"query-input":{"@type":"PropertyValueSpecification","valueRequired":true,"valueName":"search_term_string"}}],"inLanguage":"pt-PT"},{"@type":"Person","@id":"https:\/\/portaltela.pt\/#\/schema\/person\/c4278d4a6028830caff9ee44b42d32ed","name":"Telinha","image":{"@type":"ImageObject","inLanguage":"pt-PT","@id":"https:\/\/portaltela.pt\/s.01k8rhncp4jt1\/2025\/11\/talking-bot-125x125.png","url":"https:\/\/portaltela.pt\/s.01k8rhncp4jt1\/2025\/11\/talking-bot-125x125.png","contentUrl":"https:\/\/portaltela.pt\/s.01k8rhncp4jt1\/2025\/11\/talking-bot-125x125.png","caption":"Telinha"},"sameAs":["https:\/\/portaltela.pt\/"],"url":"https:\/\/portaltela.pt\/por\/367410592786\/"}]}},"_links":{"self":[{"href":"https:\/\/portaltela.pt\/api\/wp\/v2\/posts\/153037","targetHints":{"allow":["GET"]}}],"collection":[{"href":"https:\/\/portaltela.pt\/api\/wp\/v2\/posts"}],"about":[{"href":"https:\/\/portaltela.pt\/api\/wp\/v2\/types\/post"}],"author":[{"embeddable":true,"href":"https:\/\/portaltela.pt\/api\/wp\/v2\/users\/2"}],"replies":[{"embeddable":true,"href":"https:\/\/portaltela.pt\/api\/wp\/v2\/comments?post=153037"}],"version-history":[{"count":0,"href":"https:\/\/portaltela.pt\/api\/wp\/v2\/posts\/153037\/revisions"}],"wp:featuredmedia":[{"embeddable":true,"href":"https:\/\/portaltela.pt\/api\/wp\/v2\/media\/153059"}],"wp:attachment":[{"href":"https:\/\/portaltela.pt\/api\/wp\/v2\/media?parent=153037"}],"wp:term":[{"taxonomy":"category","embeddable":true,"href":"https:\/\/portaltela.pt\/api\/wp\/v2\/categories?post=153037"},{"taxonomy":"post_tag","embeddable":true,"href":"https:\/\/portaltela.pt\/api\/wp\/v2\/tags?post=153037"}],"curies":[{"name":"wp","href":"https:\/\/api.w.org\/{rel}","templated":true}]}}