{"id":153034,"date":"2026-01-19T11:17:00","date_gmt":"2026-01-19T14:17:00","guid":{"rendered":"https:\/\/portaltela.pt\/noticias\/2026\/01\/19\/ministra-da-saude-assegura-nao-desistir-do-sns-diante-de-criticas\/"},"modified":"2026-01-19T11:17:00","modified_gmt":"2026-01-19T14:17:00","slug":"ministra-da-saude-assegura-nao-desistir-do-sns-diante-de-criticas","status":"publish","type":"post","link":"https:\/\/portaltela.pt\/noticias\/2026\/01\/19\/ministra-da-saude-assegura-nao-desistir-do-sns-diante-de-criticas\/","title":{"rendered":"Ministra da Sa\u00fade assegura n\u00e3o desistir do SNS diante de cr\u00edticas"},"content":{"rendered":"<p>A ministra da Sa\u00fade, Ana Paula Martins, afirmou nesta segunda-feira que n\u00e3o existe caos no Servi\u00e7o Nacional de Sa\u00fade (SNS) e que n\u00e3o se desfaz de quem dele depende. A interven\u00e7\u00e3o ocorreu no Hospital de Santa Luzia, em Viana do Castelo.<\/p>\n<p>Durante a disserta\u00e7\u00e3o, assegurou que n\u00e3o desistir\u00e1 do cargo nem de servir a popula\u00e7\u00e3o, mesmo diante de cr\u00edticas. Refor\u00e7ou que n\u00e3o h\u00e1 compromisso com o povo se n\u00e3o for para enfrentar as dificuldades.<\/p>\n<p>A governante reconheceu que existem \u00e1reas onde o SNS n\u00e3o funciona bem, mas sustentou que isso n\u00e3o implica desvalorizar esses problemas. Afirmou estar ciente do que corre mal.<\/p>\n<p>Martins defendeu a persist\u00eancia como caminho para melhoria, destacando que n\u00e3o \u00e9 suficiente apontar falhas, \u00e9 necess\u00e1rio manter o rumo. Disse que j\u00e1 h\u00e1 resultados vis\u00edveis com o trabalho em curso.<\/p>\n<p>A ministra ressaltou o objetivo de melhorar o SNS e prosseguir com as medidas em implementa\u00e7\u00e3o, mantendo o foco na qualidade dos servi\u00e7os prestados \u00e0 popula\u00e7\u00e3o.<\/p>\n","protected":false},"excerpt":{"rendered":"<ul>\n<li>A ministra da Sa\u00fade, Ana Paula Martins, negou que exista caos no Servi\u00e7o Nacional de Sa\u00fade durante uma interven\u00e7\u00e3o no Hospital de Santa Luzia, em Viana do Castelo.<\/li>\n<li>Garantiu que n\u00e3o vai desistir do cargo, afirmando que n\u00e3o se compromete com o povo para desistir nas dificuldades.<\/li>\n<li>Reconheceu que h\u00e1 aspetos que n\u00e3o correm bem e que a solu\u00e7\u00e3o passa por persistir e manter o rumo.<\/li>\n<li>Considerou cr\u00edticas injustificadas e disse que sabem o que n\u00e3o corre bem, prometendo trabalhar para melhorar.<\/li>\n<li>Afirmou que j\u00e1 existem alguns resultados e que continuar\u00e3o a desenvolver esfor\u00e7os para melhorar o SNS.<\/li>\n<\/ul>\n","protected":false},"author":2,"featured_media":153041,"comment_status":"closed","ping_status":"closed","sticky":false,"template":"","format":"standard","meta":{"footnotes":""},"categories":[1],"tags":[2209,34,2832,172,271,1775],"class_list":["post-153034","post","type-post","status-publish","format-standard","has-post-thumbnail","hentry","category-noticias","tag-ana-paula-martins","tag-governo","tag-politica","tag-saude","tag-saude-publica","tag-sns"],"yoast_head":"<!-- This site is optimized with the Yoast SEO plugin v27.2 - https:\/\/yoast.com\/product\/yoast-seo-wordpress\/ -->\n<title>Ministra da Sa\u00fade assegura n\u00e3o desistir do SNS diante de cr\u00edticas - Portal Tela Portugal<\/title>\n<meta name=\"robots\" content=\"index, follow, max-snippet:-1, max-image-preview:large, max-video-preview:-1\" \/>\n<meta property=\"og:locale\" content=\"pt_PT\" \/>\n<meta property=\"og:type\" content=\"article\" \/>\n<meta property=\"og:title\" content=\"Ministra da Sa\u00fade assegura n\u00e3o desistir do SNS diante de cr\u00edticas - Portal Tela Portugal\" \/>\n<meta property=\"og:description\" content=\"A ministra da Sa\u00fade, Ana Paula Martins, negou que exista caos no Servi\u00e7o Nacional de Sa\u00fade durante uma interven\u00e7\u00e3o no Hospital de Santa Luzia, em Viana do Castelo. Garantiu que n\u00e3o vai desistir do cargo, afirmando que n\u00e3o se compromete com o povo para desistir nas dificuldades. Reconheceu que h\u00e1 aspetos que n\u00e3o correm bem e que a solu\u00e7\u00e3o passa por persistir e manter o rumo. Considerou cr\u00edticas injustificadas e disse que sabem o que n\u00e3o corre bem, prometendo trabalhar para melhorar. Afirmou que j\u00e1 existem alguns resultados e que continuar\u00e3o a desenvolver esfor\u00e7os para melhorar o SNS.\" \/>\n<meta property=\"og:url\" content=\"https:\/\/portaltela.pt\/noticias\/2026\/01\/19\/ministra-da-saude-assegura-nao-desistir-do-sns-diante-de-criticas\/\" \/>\n<meta property=\"og:site_name\" content=\"Portal Tela Portugal\" \/>\n<meta property=\"article:published_time\" content=\"2026-01-19T14:17:00+00:00\" \/>\n<meta name=\"author\" content=\"Telinha\" \/>\n<meta name=\"twitter:card\" content=\"summary_large_image\" \/>\n<meta name=\"twitter:label1\" content=\"Escrito por\" \/>\n\t<meta name=\"twitter:data1\" content=\"Telinha\" \/>\n\t<meta name=\"twitter:label2\" content=\"Tempo estimado de leitura\" \/>\n\t<meta name=\"twitter:data2\" content=\"1 minuto\" \/>\n<script type=\"application\/ld+json\" class=\"yoast-schema-graph\">{\"@context\":\"https:\/\/schema.org\",\"@graph\":[{\"@type\":\"Article\",\"@id\":\"https:\/\/portaltela.pt\/noticias\/2026\/01\/19\/ministra-da-saude-assegura-nao-desistir-do-sns-diante-de-criticas\/#article\",\"isPartOf\":{\"@id\":\"https:\/\/portaltela.pt\/noticias\/2026\/01\/19\/ministra-da-saude-assegura-nao-desistir-do-sns-diante-de-criticas\/\"},\"author\":{\"name\":\"Telinha\",\"@id\":\"https:\/\/portaltela.pt\/#\/schema\/person\/c4278d4a6028830caff9ee44b42d32ed\"},\"headline\":\"Ministra da Sa\u00fade assegura n\u00e3o desistir do SNS diante de cr\u00edticas\",\"datePublished\":\"2026-01-19T14:17:00+00:00\",\"mainEntityOfPage\":{\"@id\":\"https:\/\/portaltela.pt\/noticias\/2026\/01\/19\/ministra-da-saude-assegura-nao-desistir-do-sns-diante-de-criticas\/\"},\"wordCount\":192,\"image\":{\"@id\":\"https:\/\/portaltela.pt\/noticias\/2026\/01\/19\/ministra-da-saude-assegura-nao-desistir-do-sns-diante-de-criticas\/#primaryimage\"},\"thumbnailUrl\":\"https:\/\/portaltela.pt\/s.01k8rhncp4jt1\/2026\/01\/2060478.jpg\",\"keywords\":[\"Ana Paula Martins\",\"governo\",\"pol\u00edtica\",\"sa\u00fade\",\"sa\u00fade p\u00fablica\",\"SNS\"],\"articleSection\":[\"Not\u00edcias\"],\"inLanguage\":\"pt-PT\"},{\"@type\":\"WebPage\",\"@id\":\"https:\/\/portaltela.pt\/noticias\/2026\/01\/19\/ministra-da-saude-assegura-nao-desistir-do-sns-diante-de-criticas\/\",\"url\":\"https:\/\/portaltela.pt\/noticias\/2026\/01\/19\/ministra-da-saude-assegura-nao-desistir-do-sns-diante-de-criticas\/\",\"name\":\"Ministra da Sa\u00fade assegura n\u00e3o desistir do SNS diante de cr\u00edticas - Portal Tela Portugal\",\"isPartOf\":{\"@id\":\"https:\/\/portaltela.pt\/#website\"},\"primaryImageOfPage\":{\"@id\":\"https:\/\/portaltela.pt\/noticias\/2026\/01\/19\/ministra-da-saude-assegura-nao-desistir-do-sns-diante-de-criticas\/#primaryimage\"},\"image\":{\"@id\":\"https:\/\/portaltela.pt\/noticias\/2026\/01\/19\/ministra-da-saude-assegura-nao-desistir-do-sns-diante-de-criticas\/#primaryimage\"},\"thumbnailUrl\":\"https:\/\/portaltela.pt\/s.01k8rhncp4jt1\/2026\/01\/2060478.jpg\",\"datePublished\":\"2026-01-19T14:17:00+00:00\",\"author\":{\"@id\":\"https:\/\/portaltela.pt\/#\/schema\/person\/c4278d4a6028830caff9ee44b42d32ed\"},\"breadcrumb\":{\"@id\":\"https:\/\/portaltela.pt\/noticias\/2026\/01\/19\/ministra-da-saude-assegura-nao-desistir-do-sns-diante-de-criticas\/#breadcrumb\"},\"inLanguage\":\"pt-PT\",\"potentialAction\":[{\"@type\":\"ReadAction\",\"target\":[\"https:\/\/portaltela.pt\/noticias\/2026\/01\/19\/ministra-da-saude-assegura-nao-desistir-do-sns-diante-de-criticas\/\"]}]},{\"@type\":\"ImageObject\",\"inLanguage\":\"pt-PT\",\"@id\":\"https:\/\/portaltela.pt\/noticias\/2026\/01\/19\/ministra-da-saude-assegura-nao-desistir-do-sns-diante-de-criticas\/#primaryimage\",\"url\":\"https:\/\/portaltela.pt\/s.01k8rhncp4jt1\/2026\/01\/2060478.jpg\",\"contentUrl\":\"https:\/\/portaltela.pt\/s.01k8rhncp4jt1\/2026\/01\/2060478.jpg\",\"width\":796,\"height\":448,\"caption\":\"A ministra da Sa\u00fade, Ana Paula Martins, est\u00e1 hoje de visita ao Hospital de Santa Luzia, em Viana do Castelo\"},{\"@type\":\"BreadcrumbList\",\"@id\":\"https:\/\/portaltela.pt\/noticias\/2026\/01\/19\/ministra-da-saude-assegura-nao-desistir-do-sns-diante-de-criticas\/#breadcrumb\",\"itemListElement\":[{\"@type\":\"ListItem\",\"position\":1,\"name\":\"In\u00edcio\",\"item\":\"https:\/\/portaltela.pt\/\"},{\"@type\":\"ListItem\",\"position\":2,\"name\":\"Ministra da Sa\u00fade assegura n\u00e3o desistir do SNS diante de cr\u00edticas\"}]},{\"@type\":\"WebSite\",\"@id\":\"https:\/\/portaltela.pt\/#website\",\"url\":\"https:\/\/portaltela.pt\/\",\"name\":\"Portal Tela Portugal\",\"description\":\"\",\"potentialAction\":[{\"@type\":\"SearchAction\",\"target\":{\"@type\":\"EntryPoint\",\"urlTemplate\":\"https:\/\/portaltela.pt\/?s={search_term_string}\"},\"query-input\":{\"@type\":\"PropertyValueSpecification\",\"valueRequired\":true,\"valueName\":\"search_term_string\"}}],\"inLanguage\":\"pt-PT\"},{\"@type\":\"Person\",\"@id\":\"https:\/\/portaltela.pt\/#\/schema\/person\/c4278d4a6028830caff9ee44b42d32ed\",\"name\":\"Telinha\",\"image\":{\"@type\":\"ImageObject\",\"inLanguage\":\"pt-PT\",\"@id\":\"https:\/\/portaltela.pt\/s.01k8rhncp4jt1\/2025\/11\/talking-bot-125x125.png\",\"url\":\"https:\/\/portaltela.pt\/s.01k8rhncp4jt1\/2025\/11\/talking-bot-125x125.png\",\"contentUrl\":\"https:\/\/portaltela.pt\/s.01k8rhncp4jt1\/2025\/11\/talking-bot-125x125.png\",\"caption\":\"Telinha\"},\"sameAs\":[\"https:\/\/portaltela.pt\/\"],\"url\":\"https:\/\/portaltela.pt\/por\/367410592786\/\"}]}<\/script>\n<!-- \/ Yoast SEO plugin. -->","yoast_head_json":{"title":"Ministra da Sa\u00fade assegura n\u00e3o desistir do SNS diante de cr\u00edticas - Portal Tela Portugal","robots":{"index":"index","follow":"follow","max-snippet":"max-snippet:-1","max-image-preview":"max-image-preview:large","max-video-preview":"max-video-preview:-1"},"og_locale":"pt_PT","og_type":"article","og_title":"Ministra da Sa\u00fade assegura n\u00e3o desistir do SNS diante de cr\u00edticas - Portal Tela Portugal","og_description":"A ministra da Sa\u00fade, Ana Paula Martins, negou que exista caos no Servi\u00e7o Nacional de Sa\u00fade durante uma interven\u00e7\u00e3o no Hospital de Santa Luzia, em Viana do Castelo. Garantiu que n\u00e3o vai desistir do cargo, afirmando que n\u00e3o se compromete com o povo para desistir nas dificuldades. Reconheceu que h\u00e1 aspetos que n\u00e3o correm bem e que a solu\u00e7\u00e3o passa por persistir e manter o rumo. Considerou cr\u00edticas injustificadas e disse que sabem o que n\u00e3o corre bem, prometendo trabalhar para melhorar. Afirmou que j\u00e1 existem alguns resultados e que continuar\u00e3o a desenvolver esfor\u00e7os para melhorar o SNS.","og_url":"https:\/\/portaltela.pt\/noticias\/2026\/01\/19\/ministra-da-saude-assegura-nao-desistir-do-sns-diante-de-criticas\/","og_site_name":"Portal Tela Portugal","article_published_time":"2026-01-19T14:17:00+00:00","author":"Telinha","twitter_card":"summary_large_image","twitter_misc":{"Escrito por":"Telinha","Tempo estimado de leitura":"1 minuto"},"schema":{"@context":"https:\/\/schema.org","@graph":[{"@type":"Article","@id":"https:\/\/portaltela.pt\/noticias\/2026\/01\/19\/ministra-da-saude-assegura-nao-desistir-do-sns-diante-de-criticas\/#article","isPartOf":{"@id":"https:\/\/portaltela.pt\/noticias\/2026\/01\/19\/ministra-da-saude-assegura-nao-desistir-do-sns-diante-de-criticas\/"},"author":{"name":"Telinha","@id":"https:\/\/portaltela.pt\/#\/schema\/person\/c4278d4a6028830caff9ee44b42d32ed"},"headline":"Ministra da Sa\u00fade assegura n\u00e3o desistir do SNS diante de cr\u00edticas","datePublished":"2026-01-19T14:17:00+00:00","mainEntityOfPage":{"@id":"https:\/\/portaltela.pt\/noticias\/2026\/01\/19\/ministra-da-saude-assegura-nao-desistir-do-sns-diante-de-criticas\/"},"wordCount":192,"image":{"@id":"https:\/\/portaltela.pt\/noticias\/2026\/01\/19\/ministra-da-saude-assegura-nao-desistir-do-sns-diante-de-criticas\/#primaryimage"},"thumbnailUrl":"https:\/\/portaltela.pt\/s.01k8rhncp4jt1\/2026\/01\/2060478.jpg","keywords":["Ana Paula Martins","governo","pol\u00edtica","sa\u00fade","sa\u00fade p\u00fablica","SNS"],"articleSection":["Not\u00edcias"],"inLanguage":"pt-PT"},{"@type":"WebPage","@id":"https:\/\/portaltela.pt\/noticias\/2026\/01\/19\/ministra-da-saude-assegura-nao-desistir-do-sns-diante-de-criticas\/","url":"https:\/\/portaltela.pt\/noticias\/2026\/01\/19\/ministra-da-saude-assegura-nao-desistir-do-sns-diante-de-criticas\/","name":"Ministra da Sa\u00fade assegura n\u00e3o desistir do SNS diante de cr\u00edticas - Portal Tela Portugal","isPartOf":{"@id":"https:\/\/portaltela.pt\/#website"},"primaryImageOfPage":{"@id":"https:\/\/portaltela.pt\/noticias\/2026\/01\/19\/ministra-da-saude-assegura-nao-desistir-do-sns-diante-de-criticas\/#primaryimage"},"image":{"@id":"https:\/\/portaltela.pt\/noticias\/2026\/01\/19\/ministra-da-saude-assegura-nao-desistir-do-sns-diante-de-criticas\/#primaryimage"},"thumbnailUrl":"https:\/\/portaltela.pt\/s.01k8rhncp4jt1\/2026\/01\/2060478.jpg","datePublished":"2026-01-19T14:17:00+00:00","author":{"@id":"https:\/\/portaltela.pt\/#\/schema\/person\/c4278d4a6028830caff9ee44b42d32ed"},"breadcrumb":{"@id":"https:\/\/portaltela.pt\/noticias\/2026\/01\/19\/ministra-da-saude-assegura-nao-desistir-do-sns-diante-de-criticas\/#breadcrumb"},"inLanguage":"pt-PT","potentialAction":[{"@type":"ReadAction","target":["https:\/\/portaltela.pt\/noticias\/2026\/01\/19\/ministra-da-saude-assegura-nao-desistir-do-sns-diante-de-criticas\/"]}]},{"@type":"ImageObject","inLanguage":"pt-PT","@id":"https:\/\/portaltela.pt\/noticias\/2026\/01\/19\/ministra-da-saude-assegura-nao-desistir-do-sns-diante-de-criticas\/#primaryimage","url":"https:\/\/portaltela.pt\/s.01k8rhncp4jt1\/2026\/01\/2060478.jpg","contentUrl":"https:\/\/portaltela.pt\/s.01k8rhncp4jt1\/2026\/01\/2060478.jpg","width":796,"height":448,"caption":"A ministra da Sa\u00fade, Ana Paula Martins, est\u00e1 hoje de visita ao Hospital de Santa Luzia, em Viana do Castelo"},{"@type":"BreadcrumbList","@id":"https:\/\/portaltela.pt\/noticias\/2026\/01\/19\/ministra-da-saude-assegura-nao-desistir-do-sns-diante-de-criticas\/#breadcrumb","itemListElement":[{"@type":"ListItem","position":1,"name":"In\u00edcio","item":"https:\/\/portaltela.pt\/"},{"@type":"ListItem","position":2,"name":"Ministra da Sa\u00fade assegura n\u00e3o desistir do SNS diante de cr\u00edticas"}]},{"@type":"WebSite","@id":"https:\/\/portaltela.pt\/#website","url":"https:\/\/portaltela.pt\/","name":"Portal Tela Portugal","description":"","potentialAction":[{"@type":"SearchAction","target":{"@type":"EntryPoint","urlTemplate":"https:\/\/portaltela.pt\/?s={search_term_string}"},"query-input":{"@type":"PropertyValueSpecification","valueRequired":true,"valueName":"search_term_string"}}],"inLanguage":"pt-PT"},{"@type":"Person","@id":"https:\/\/portaltela.pt\/#\/schema\/person\/c4278d4a6028830caff9ee44b42d32ed","name":"Telinha","image":{"@type":"ImageObject","inLanguage":"pt-PT","@id":"https:\/\/portaltela.pt\/s.01k8rhncp4jt1\/2025\/11\/talking-bot-125x125.png","url":"https:\/\/portaltela.pt\/s.01k8rhncp4jt1\/2025\/11\/talking-bot-125x125.png","contentUrl":"https:\/\/portaltela.pt\/s.01k8rhncp4jt1\/2025\/11\/talking-bot-125x125.png","caption":"Telinha"},"sameAs":["https:\/\/portaltela.pt\/"],"url":"https:\/\/portaltela.pt\/por\/367410592786\/"}]}},"_links":{"self":[{"href":"https:\/\/portaltela.pt\/api\/wp\/v2\/posts\/153034","targetHints":{"allow":["GET"]}}],"collection":[{"href":"https:\/\/portaltela.pt\/api\/wp\/v2\/posts"}],"about":[{"href":"https:\/\/portaltela.pt\/api\/wp\/v2\/types\/post"}],"author":[{"embeddable":true,"href":"https:\/\/portaltela.pt\/api\/wp\/v2\/users\/2"}],"replies":[{"embeddable":true,"href":"https:\/\/portaltela.pt\/api\/wp\/v2\/comments?post=153034"}],"version-history":[{"count":0,"href":"https:\/\/portaltela.pt\/api\/wp\/v2\/posts\/153034\/revisions"}],"wp:featuredmedia":[{"embeddable":true,"href":"https:\/\/portaltela.pt\/api\/wp\/v2\/media\/153041"}],"wp:attachment":[{"href":"https:\/\/portaltela.pt\/api\/wp\/v2\/media?parent=153034"}],"wp:term":[{"taxonomy":"category","embeddable":true,"href":"https:\/\/portaltela.pt\/api\/wp\/v2\/categories?post=153034"},{"taxonomy":"post_tag","embeddable":true,"href":"https:\/\/portaltela.pt\/api\/wp\/v2\/tags?post=153034"}],"curies":[{"name":"wp","href":"https:\/\/api.w.org\/{rel}","templated":true}]}}